{"id":21081,"date":"2025-04-01T12:00:43","date_gmt":"2025-04-01T12:00:43","guid":{"rendered":"https:\/\/macite.tg\/?p=21081"},"modified":"2025-04-01T12:01:01","modified_gmt":"2025-04-01T12:01:01","slug":"malnutrition-alerte-lobesite-prend-de-lampleur","status":"publish","type":"post","link":"https:\/\/macite.tg\/?p=21081","title":{"rendered":"MALNUTRITION\u00a0: Alerte\u00a0! L\u2019ob\u00e9sit\u00e9 prend de l\u2019ampleur\u2026"},"content":{"rendered":"\n<p class=\"wp-block-paragraph\"><strong><em>\u00ab Le surpoids et l\u2019ob\u00e9sit\u00e9 commencent \u00e0 progresser dans le pays, malgr\u00e9 un taux de pr\u00e9valence encore tr\u00e8s limit\u00e9 \u00bb, a d\u00e9clar\u00e9 le docteur Tsinjo Lalaina, m\u00e9decin, lors de la Journ\u00e9e mondiale de lutte contre l\u2019ob\u00e9sit\u00e9, c\u00e9l\u00e9br\u00e9e chaque 04 mars.<\/em><\/strong><\/p>\n\n\n\n<p class=\"wp-block-paragraph\">D\u2019abord, il faut souligner que l\u2019ob\u00e9sit\u00e9 se mesure \u00e0 travers l\u2019Indice de masse corporelle (IMC). Il correspond au rapport entre le poids (kg) et la taille au carr\u00e9 (m\u00b2).<\/p>\n\n\n\n<p class=\"wp-block-paragraph\">Les derni\u00e8res statistiques relatives au surpoids, chez les enfants de moins de cinq ans, indiquent que 1,8 % d\u2019entre eux sont en situation de surpoids, avec une pr\u00e9valence de 2,1 % chez les gar\u00e7ons et 1,6 % chez les filles, selon les donn\u00e9es du Plan national d\u2019action multisectorielle pour la nutrition (PNAMN 2023-2026).<\/p>\n\n\n<div class=\"wp-block-image\">\n<figure class=\"aligncenter size-full\"><img loading=\"lazy\" decoding=\"async\" width=\"526\" height=\"526\" src=\"https:\/\/macite.tg\/wp-content\/uploads\/2025\/04\/OTR-_Aid-Ramadan.jpg\" alt=\"\" class=\"wp-image-21082\" srcset=\"https:\/\/macite.tg\/wp-content\/uploads\/2025\/04\/OTR-_Aid-Ramadan.jpg 526w, https:\/\/macite.tg\/wp-content\/uploads\/2025\/04\/OTR-_Aid-Ramadan-300x300.jpg 300w, https:\/\/macite.tg\/wp-content\/uploads\/2025\/04\/OTR-_Aid-Ramadan-150x150.jpg 150w, https:\/\/macite.tg\/wp-content\/uploads\/2025\/04\/OTR-_Aid-Ramadan-122x122.jpg 122w\" sizes=\"auto, (max-width: 526px) 100vw, 526px\" \/><\/figure>\n<\/div>\n\n\n<p class=\"wp-block-paragraph\">&nbsp;<strong>Un enjeu de sant\u00e9 publique<\/strong><\/p>\n\n\n\n<p class=\"wp-block-paragraph\">Chez les adultes, le taux de pr\u00e9valence de cette malnutrition atteint 5,3 %, tandis que 26,3 % des femmes \u00e2g\u00e9es de 16 \u00e0 50 ans, sont en surpoids.<\/p>\n\n\n\n<p class=\"wp-block-paragraph\">L\u2019indice de masse corporelle (IMC) permet d\u2019\u00e9valuer l\u2019\u00e9tat nutritionnel d\u2019un individu. Un IMC inf\u00e9rieur \u00e0 18,5 caract\u00e9rise une \u00e9maciation. Un IMC entre 18,5 et 25 indique un poids normal. Un IMC entre 25 et 30 signale une situation de surpoids. Un IMC sup\u00e9rieur \u00e0 30 d\u00e9finit l\u2019ob\u00e9sit\u00e9.<\/p>\n\n\n<div class=\"wp-block-image\">\n<figure class=\"aligncenter size-large is-resized\"><img loading=\"lazy\" decoding=\"async\" width=\"1024\" height=\"1024\" src=\"https:\/\/macite.tg\/wp-content\/uploads\/2025\/03\/OTR_TVM2-1024x1024.jpg\" alt=\"\" class=\"wp-image-20895\" style=\"width:420px;height:auto\" srcset=\"https:\/\/macite.tg\/wp-content\/uploads\/2025\/03\/OTR_TVM2-1024x1024.jpg 1024w, https:\/\/macite.tg\/wp-content\/uploads\/2025\/03\/OTR_TVM2-300x300.jpg 300w, https:\/\/macite.tg\/wp-content\/uploads\/2025\/03\/OTR_TVM2-150x150.jpg 150w, https:\/\/macite.tg\/wp-content\/uploads\/2025\/03\/OTR_TVM2-768x768.jpg 768w, https:\/\/macite.tg\/wp-content\/uploads\/2025\/03\/OTR_TVM2-1536x1536.jpg 1536w, https:\/\/macite.tg\/wp-content\/uploads\/2025\/03\/OTR_TVM2-122x122.jpg 122w, https:\/\/macite.tg\/wp-content\/uploads\/2025\/03\/OTR_TVM2.jpg 1600w\" sizes=\"auto, (max-width: 1024px) 100vw, 1024px\" \/><\/figure>\n<\/div>\n\n\n<p class=\"wp-block-paragraph\">Rappelons que le surpoids et l\u2019ob\u00e9sit\u00e9 correspondent \u00e0 une accumulation anormale ou excessive de graisse dans le corps. Ils sont principalement dus \u00e0 une alimentation trop riche et une faible activit\u00e9 physique.<\/p>\n\n\n\n<p class=\"wp-block-paragraph\"><strong>Avec MSN<\/strong><\/p>\n\n\n\n<p class=\"wp-block-paragraph\"><a><strong><em>@macite.tg&nbsp;&nbsp;&nbsp;&nbsp;&nbsp;&nbsp;&nbsp;&nbsp;<\/em><\/strong><\/a><\/p>\n\n\n\n<p class=\"wp-block-paragraph\"><strong><em>E-mail&nbsp;: <\/em><\/strong><a href=\"mailto:maciteinfo@gmail.com\"><strong><em>maciteinfo@gmail.com<\/em><\/strong><\/a><strong><em>; <\/em><\/strong><a href=\"mailto:bawela1@gmail.com\"><strong><em>bawela1@gmail.com<\/em><\/strong><\/a><strong><em><\/em><\/strong><\/p>\n\n\n\n<p class=\"wp-block-paragraph\"><strong><em>Pour vos annonces, (publi)reportages, etc., joignez-nous au (00228)91515309\/<strong>79872224 <\/strong>www.macite.tg, L\u2019information, la bonne&nbsp;!<\/em><\/strong><\/p>\n\n\n\n<p class=\"wp-block-paragraph\"><\/p>\n","protected":false},"excerpt":{"rendered":"<p class=\"text-justify mb-2\" >\u00ab Le surpoids et l\u2019ob\u00e9sit\u00e9 commencent \u00e0 progresser dans le pays, malgr\u00e9 un taux de pr\u00e9valence encore tr\u00e8s limit\u00e9 \u00bb, a d\u00e9clar\u00e9 le docteur Tsinjo Lalaina, m\u00e9decin, lors de la Journ\u00e9e mondiale de lutte contre l\u2019ob\u00e9sit\u00e9, c\u00e9l\u00e9br\u00e9e chaque 04 mars. D\u2019abord, il faut souligner que [&hellip;]<\/p>\n","protected":false},"author":2,"featured_media":21083,"comment_status":"open","ping_status":"open","sticky":false,"template":"","format":"standard","meta":{"footnotes":""},"categories":[20,5],"tags":[],"class_list":["post-21081","post","type-post","status-publish","format-standard","has-post-thumbnail","hentry","category-actualite","category-sante"],"yoast_head":"<!-- This site is optimized with the Yoast SEO plugin v28.4 - https:\/\/yoast.com\/product\/yoast-seo-wordpress\/ -->\n<title>MALNUTRITION\u00a0: Alerte\u00a0! L\u2019ob\u00e9sit\u00e9 prend de l\u2019ampleur\u2026 -<\/title>\n<meta name=\"robots\" content=\"index, follow, max-snippet:-1, max-image-preview:large, max-video-preview:-1\" \/>\n<link rel=\"canonical\" href=\"https:\/\/macite.tg\/?p=21081\" \/>\n<meta property=\"og:locale\" content=\"fr_FR\" \/>\n<meta property=\"og:type\" content=\"article\" \/>\n<meta property=\"og:title\" content=\"MALNUTRITION\u00a0: Alerte\u00a0! L\u2019ob\u00e9sit\u00e9 prend de l\u2019ampleur\u2026 -\" \/>\n<meta property=\"og:description\" content=\"\u00ab Le surpoids et l\u2019ob\u00e9sit\u00e9 commencent \u00e0 progresser dans le pays, malgr\u00e9 un taux de pr\u00e9valence encore tr\u00e8s limit\u00e9 \u00bb, a d\u00e9clar\u00e9 le docteur Tsinjo Lalaina, m\u00e9decin, lors de la Journ\u00e9e mondiale de lutte contre l\u2019ob\u00e9sit\u00e9, c\u00e9l\u00e9br\u00e9e chaque 04 mars. D\u2019abord, il faut souligner que [&hellip;]\" \/>\n<meta property=\"og:url\" content=\"https:\/\/macite.tg\/?p=21081\" \/>\n<meta property=\"article:published_time\" content=\"2025-04-01T12:00:43+00:00\" \/>\n<meta property=\"article:modified_time\" content=\"2025-04-01T12:01:01+00:00\" \/>\n<meta property=\"og:image\" content=\"https:\/\/macite.tg\/wp-content\/uploads\/2025\/04\/image.png\" \/>\n\t<meta property=\"og:image:width\" content=\"463\" \/>\n\t<meta property=\"og:image:height\" content=\"246\" \/>\n\t<meta property=\"og:image:type\" content=\"image\/png\" \/>\n<meta name=\"author\" content=\"Jean Pierre BAWELA\" \/>\n<meta name=\"twitter:card\" content=\"summary_large_image\" \/>\n<meta name=\"twitter:label1\" content=\"\u00c9crit par\" \/>\n\t<meta name=\"twitter:data1\" content=\"Jean Pierre BAWELA\" \/>\n\t<meta name=\"twitter:label2\" content=\"Dur\u00e9e de lecture estim\u00e9e\" \/>\n\t<meta name=\"twitter:data2\" content=\"2 minutes\" \/>\n<script type=\"application\/ld+json\" class=\"yoast-schema-graph\">{\"@context\":\"https:\\\/\\\/schema.org\",\"@graph\":[{\"@type\":\"Article\",\"@id\":\"https:\\\/\\\/macite.tg\\\/?p=21081#article\",\"isPartOf\":{\"@id\":\"https:\\\/\\\/macite.tg\\\/?p=21081\"},\"author\":{\"name\":\"Jean Pierre BAWELA\",\"@id\":\"https:\\\/\\\/macite.tg\\\/#\\\/schema\\\/person\\\/e9f2de7e5dbbe7770a9402c7ce82f5c2\"},\"headline\":\"MALNUTRITION\u00a0: Alerte\u00a0! L\u2019ob\u00e9sit\u00e9 prend de l\u2019ampleur\u2026\",\"datePublished\":\"2025-04-01T12:00:43+00:00\",\"dateModified\":\"2025-04-01T12:01:01+00:00\",\"mainEntityOfPage\":{\"@id\":\"https:\\\/\\\/macite.tg\\\/?p=21081\"},\"wordCount\":288,\"commentCount\":0,\"image\":{\"@id\":\"https:\\\/\\\/macite.tg\\\/?p=21081#primaryimage\"},\"thumbnailUrl\":\"https:\\\/\\\/macite.tg\\\/wp-content\\\/uploads\\\/2025\\\/04\\\/image.png\",\"articleSection\":[\"ACTUALITE\",\"SANTE\"],\"inLanguage\":\"fr-FR\",\"potentialAction\":[{\"@type\":\"CommentAction\",\"name\":\"Comment\",\"target\":[\"https:\\\/\\\/macite.tg\\\/?p=21081#respond\"]}]},{\"@type\":\"WebPage\",\"@id\":\"https:\\\/\\\/macite.tg\\\/?p=21081\",\"url\":\"https:\\\/\\\/macite.tg\\\/?p=21081\",\"name\":\"MALNUTRITION\u00a0: Alerte\u00a0! L\u2019ob\u00e9sit\u00e9 prend de l\u2019ampleur\u2026 -\",\"isPartOf\":{\"@id\":\"https:\\\/\\\/macite.tg\\\/#website\"},\"primaryImageOfPage\":{\"@id\":\"https:\\\/\\\/macite.tg\\\/?p=21081#primaryimage\"},\"image\":{\"@id\":\"https:\\\/\\\/macite.tg\\\/?p=21081#primaryimage\"},\"thumbnailUrl\":\"https:\\\/\\\/macite.tg\\\/wp-content\\\/uploads\\\/2025\\\/04\\\/image.png\",\"datePublished\":\"2025-04-01T12:00:43+00:00\",\"dateModified\":\"2025-04-01T12:01:01+00:00\",\"author\":{\"@id\":\"https:\\\/\\\/macite.tg\\\/#\\\/schema\\\/person\\\/e9f2de7e5dbbe7770a9402c7ce82f5c2\"},\"breadcrumb\":{\"@id\":\"https:\\\/\\\/macite.tg\\\/?p=21081#breadcrumb\"},\"inLanguage\":\"fr-FR\",\"potentialAction\":[{\"@type\":\"ReadAction\",\"target\":[\"https:\\\/\\\/macite.tg\\\/?p=21081\"]}]},{\"@type\":\"ImageObject\",\"inLanguage\":\"fr-FR\",\"@id\":\"https:\\\/\\\/macite.tg\\\/?p=21081#primaryimage\",\"url\":\"https:\\\/\\\/macite.tg\\\/wp-content\\\/uploads\\\/2025\\\/04\\\/image.png\",\"contentUrl\":\"https:\\\/\\\/macite.tg\\\/wp-content\\\/uploads\\\/2025\\\/04\\\/image.png\",\"width\":463,\"height\":246,\"caption\":\"Une personne ob\u00e8se\"},{\"@type\":\"BreadcrumbList\",\"@id\":\"https:\\\/\\\/macite.tg\\\/?p=21081#breadcrumb\",\"itemListElement\":[{\"@type\":\"ListItem\",\"position\":1,\"name\":\"Accueil\",\"item\":\"https:\\\/\\\/macite.tg\\\/\"},{\"@type\":\"ListItem\",\"position\":2,\"name\":\"MALNUTRITION\u00a0: Alerte\u00a0! L\u2019ob\u00e9sit\u00e9 prend de l\u2019ampleur\u2026\"}]},{\"@type\":\"WebSite\",\"@id\":\"https:\\\/\\\/macite.tg\\\/#website\",\"url\":\"https:\\\/\\\/macite.tg\\\/\",\"name\":\"\",\"description\":\"L&#039;information, la bonne!!!\",\"potentialAction\":[{\"@type\":\"SearchAction\",\"target\":{\"@type\":\"EntryPoint\",\"urlTemplate\":\"https:\\\/\\\/macite.tg\\\/?s={search_term_string}\"},\"query-input\":{\"@type\":\"PropertyValueSpecification\",\"valueRequired\":true,\"valueName\":\"search_term_string\"}}],\"inLanguage\":\"fr-FR\"},{\"@type\":\"Person\",\"@id\":\"https:\\\/\\\/macite.tg\\\/#\\\/schema\\\/person\\\/e9f2de7e5dbbe7770a9402c7ce82f5c2\",\"name\":\"Jean Pierre BAWELA\",\"image\":{\"@type\":\"ImageObject\",\"inLanguage\":\"fr-FR\",\"@id\":\"https:\\\/\\\/macite.tg\\\/wp-content\\\/uploads\\\/2023\\\/09\\\/WhatsApp-Image-2023-09-19-at-14.44.41-122x122.jpeg\",\"url\":\"https:\\\/\\\/macite.tg\\\/wp-content\\\/uploads\\\/2023\\\/09\\\/WhatsApp-Image-2023-09-19-at-14.44.41-122x122.jpeg\",\"contentUrl\":\"https:\\\/\\\/macite.tg\\\/wp-content\\\/uploads\\\/2023\\\/09\\\/WhatsApp-Image-2023-09-19-at-14.44.41-122x122.jpeg\",\"caption\":\"Jean Pierre BAWELA\"},\"url\":\"https:\\\/\\\/macite.tg\\\/?author=2\"}]}<\/script>\n<!-- \/ Yoast SEO plugin. -->","yoast_head_json":{"title":"MALNUTRITION\u00a0: Alerte\u00a0! L\u2019ob\u00e9sit\u00e9 prend de l\u2019ampleur\u2026 -","robots":{"index":"index","follow":"follow","max-snippet":"max-snippet:-1","max-image-preview":"max-image-preview:large","max-video-preview":"max-video-preview:-1"},"canonical":"https:\/\/macite.tg\/?p=21081","og_locale":"fr_FR","og_type":"article","og_title":"MALNUTRITION\u00a0: Alerte\u00a0! L\u2019ob\u00e9sit\u00e9 prend de l\u2019ampleur\u2026 -","og_description":"\u00ab Le surpoids et l\u2019ob\u00e9sit\u00e9 commencent \u00e0 progresser dans le pays, malgr\u00e9 un taux de pr\u00e9valence encore tr\u00e8s limit\u00e9 \u00bb, a d\u00e9clar\u00e9 le docteur Tsinjo Lalaina, m\u00e9decin, lors de la Journ\u00e9e mondiale de lutte contre l\u2019ob\u00e9sit\u00e9, c\u00e9l\u00e9br\u00e9e chaque 04 mars. D\u2019abord, il faut souligner que [&hellip;]","og_url":"https:\/\/macite.tg\/?p=21081","article_published_time":"2025-04-01T12:00:43+00:00","article_modified_time":"2025-04-01T12:01:01+00:00","og_image":[{"width":463,"height":246,"url":"https:\/\/macite.tg\/wp-content\/uploads\/2025\/04\/image.png","type":"image\/png"}],"author":"Jean Pierre BAWELA","twitter_card":"summary_large_image","twitter_misc":{"\u00c9crit par":"Jean Pierre BAWELA","Dur\u00e9e de lecture estim\u00e9e":"2 minutes"},"schema":{"@context":"https:\/\/schema.org","@graph":[{"@type":"Article","@id":"https:\/\/macite.tg\/?p=21081#article","isPartOf":{"@id":"https:\/\/macite.tg\/?p=21081"},"author":{"name":"Jean Pierre BAWELA","@id":"https:\/\/macite.tg\/#\/schema\/person\/e9f2de7e5dbbe7770a9402c7ce82f5c2"},"headline":"MALNUTRITION\u00a0: Alerte\u00a0! L\u2019ob\u00e9sit\u00e9 prend de l\u2019ampleur\u2026","datePublished":"2025-04-01T12:00:43+00:00","dateModified":"2025-04-01T12:01:01+00:00","mainEntityOfPage":{"@id":"https:\/\/macite.tg\/?p=21081"},"wordCount":288,"commentCount":0,"image":{"@id":"https:\/\/macite.tg\/?p=21081#primaryimage"},"thumbnailUrl":"https:\/\/macite.tg\/wp-content\/uploads\/2025\/04\/image.png","articleSection":["ACTUALITE","SANTE"],"inLanguage":"fr-FR","potentialAction":[{"@type":"CommentAction","name":"Comment","target":["https:\/\/macite.tg\/?p=21081#respond"]}]},{"@type":"WebPage","@id":"https:\/\/macite.tg\/?p=21081","url":"https:\/\/macite.tg\/?p=21081","name":"MALNUTRITION\u00a0: Alerte\u00a0! L\u2019ob\u00e9sit\u00e9 prend de l\u2019ampleur\u2026 -","isPartOf":{"@id":"https:\/\/macite.tg\/#website"},"primaryImageOfPage":{"@id":"https:\/\/macite.tg\/?p=21081#primaryimage"},"image":{"@id":"https:\/\/macite.tg\/?p=21081#primaryimage"},"thumbnailUrl":"https:\/\/macite.tg\/wp-content\/uploads\/2025\/04\/image.png","datePublished":"2025-04-01T12:00:43+00:00","dateModified":"2025-04-01T12:01:01+00:00","author":{"@id":"https:\/\/macite.tg\/#\/schema\/person\/e9f2de7e5dbbe7770a9402c7ce82f5c2"},"breadcrumb":{"@id":"https:\/\/macite.tg\/?p=21081#breadcrumb"},"inLanguage":"fr-FR","potentialAction":[{"@type":"ReadAction","target":["https:\/\/macite.tg\/?p=21081"]}]},{"@type":"ImageObject","inLanguage":"fr-FR","@id":"https:\/\/macite.tg\/?p=21081#primaryimage","url":"https:\/\/macite.tg\/wp-content\/uploads\/2025\/04\/image.png","contentUrl":"https:\/\/macite.tg\/wp-content\/uploads\/2025\/04\/image.png","width":463,"height":246,"caption":"Une personne ob\u00e8se"},{"@type":"BreadcrumbList","@id":"https:\/\/macite.tg\/?p=21081#breadcrumb","itemListElement":[{"@type":"ListItem","position":1,"name":"Accueil","item":"https:\/\/macite.tg\/"},{"@type":"ListItem","position":2,"name":"MALNUTRITION\u00a0: Alerte\u00a0! L\u2019ob\u00e9sit\u00e9 prend de l\u2019ampleur\u2026"}]},{"@type":"WebSite","@id":"https:\/\/macite.tg\/#website","url":"https:\/\/macite.tg\/","name":"","description":"L&#039;information, la bonne!!!","potentialAction":[{"@type":"SearchAction","target":{"@type":"EntryPoint","urlTemplate":"https:\/\/macite.tg\/?s={search_term_string}"},"query-input":{"@type":"PropertyValueSpecification","valueRequired":true,"valueName":"search_term_string"}}],"inLanguage":"fr-FR"},{"@type":"Person","@id":"https:\/\/macite.tg\/#\/schema\/person\/e9f2de7e5dbbe7770a9402c7ce82f5c2","name":"Jean Pierre BAWELA","image":{"@type":"ImageObject","inLanguage":"fr-FR","@id":"https:\/\/macite.tg\/wp-content\/uploads\/2023\/09\/WhatsApp-Image-2023-09-19-at-14.44.41-122x122.jpeg","url":"https:\/\/macite.tg\/wp-content\/uploads\/2023\/09\/WhatsApp-Image-2023-09-19-at-14.44.41-122x122.jpeg","contentUrl":"https:\/\/macite.tg\/wp-content\/uploads\/2023\/09\/WhatsApp-Image-2023-09-19-at-14.44.41-122x122.jpeg","caption":"Jean Pierre BAWELA"},"url":"https:\/\/macite.tg\/?author=2"}]}},"_links":{"self":[{"href":"https:\/\/macite.tg\/index.php?rest_route=\/wp\/v2\/posts\/21081","targetHints":{"allow":["GET"]}}],"collection":[{"href":"https:\/\/macite.tg\/index.php?rest_route=\/wp\/v2\/posts"}],"about":[{"href":"https:\/\/macite.tg\/index.php?rest_route=\/wp\/v2\/types\/post"}],"author":[{"embeddable":true,"href":"https:\/\/macite.tg\/index.php?rest_route=\/wp\/v2\/users\/2"}],"replies":[{"embeddable":true,"href":"https:\/\/macite.tg\/index.php?rest_route=%2Fwp%2Fv2%2Fcomments&post=21081"}],"version-history":[{"count":0,"href":"https:\/\/macite.tg\/index.php?rest_route=\/wp\/v2\/posts\/21081\/revisions"}],"wp:featuredmedia":[{"embeddable":true,"href":"https:\/\/macite.tg\/index.php?rest_route=\/wp\/v2\/media\/21083"}],"wp:attachment":[{"href":"https:\/\/macite.tg\/index.php?rest_route=%2Fwp%2Fv2%2Fmedia&parent=21081"}],"wp:term":[{"taxonomy":"category","embeddable":true,"href":"https:\/\/macite.tg\/index.php?rest_route=%2Fwp%2Fv2%2Fcategories&post=21081"},{"taxonomy":"post_tag","embeddable":true,"href":"https:\/\/macite.tg\/index.php?rest_route=%2Fwp%2Fv2%2Ftags&post=21081"}],"curies":[{"name":"wp","href":"https:\/\/api.w.org\/{rel}","templated":true}]}}