{"id":21074,"date":"2025-04-01T10:03:45","date_gmt":"2025-04-01T10:03:45","guid":{"rendered":"https:\/\/macite.tg\/?p=21074"},"modified":"2025-04-01T10:03:59","modified_gmt":"2025-04-01T10:03:59","slug":"iffd-otr-le-plan-de-developpement-2025-2028-valide","status":"publish","type":"post","link":"https:\/\/macite.tg\/?p=21074","title":{"rendered":"IFFD-OTR\u00a0: Le Plan de D\u00e9veloppement 2025-2028, valid\u00e9&#8230;"},"content":{"rendered":"\n<p class=\"wp-block-paragraph\"><strong><em>L\u2019Institut de formation fiscale et douani\u00e8re de l\u2019Office togolais des recettes (IFFD-OTR) poursuit sa mue pour devenir un acteur cl\u00e9 de la formation sp\u00e9cialis\u00e9e en mati\u00e8re de finances publiques, dans la sous-r\u00e9gion. Le jeudi 27 mars dernier, les acteurs de premier plan de cet Institut \u00e9taient en atelier de validation du Plan de d\u00e9veloppement 2025\u00e82028 dudit Institut.<\/em><\/strong><\/p>\n\n\n\n<p class=\"wp-block-paragraph\">R\u00e9unis \u00e0 la salle Ahadzi-Nonou de la Pr\u00e9sidence de l\u2019Universit\u00e9 de Lom\u00e9, les participants \u00e0 cet atelier ont valid\u00e9 le Plan de D\u00e9veloppement 2025-2028 de l\u2019IFFD-OTR. Ce document strat\u00e9gique s\u2019inscrit dans une dynamique de transformation durable de l\u2019Institut avec pour ambition en faire une r\u00e9f\u00e9rence tant au point national mais aussi continentale en mati\u00e8re de formation en finances publiques.<\/p>\n\n\n<div class=\"wp-block-image\">\n<figure class=\"aligncenter size-full is-resized\"><img loading=\"lazy\" decoding=\"async\" width=\"1600\" height=\"1600\" src=\"https:\/\/macite.tg\/wp-content\/uploads\/2025\/03\/OTR_TVM2.jpg\" alt=\"\" class=\"wp-image-20895\" style=\"width:508px;height:auto\" srcset=\"https:\/\/macite.tg\/wp-content\/uploads\/2025\/03\/OTR_TVM2.jpg 1600w, https:\/\/macite.tg\/wp-content\/uploads\/2025\/03\/OTR_TVM2-300x300.jpg 300w, https:\/\/macite.tg\/wp-content\/uploads\/2025\/03\/OTR_TVM2-1024x1024.jpg 1024w, https:\/\/macite.tg\/wp-content\/uploads\/2025\/03\/OTR_TVM2-150x150.jpg 150w, https:\/\/macite.tg\/wp-content\/uploads\/2025\/03\/OTR_TVM2-768x768.jpg 768w, https:\/\/macite.tg\/wp-content\/uploads\/2025\/03\/OTR_TVM2-1536x1536.jpg 1536w, https:\/\/macite.tg\/wp-content\/uploads\/2025\/03\/OTR_TVM2-122x122.jpg 122w\" sizes=\"auto, (max-width: 1600px) 100vw, 1600px\" \/><\/figure>\n<\/div>\n\n\n<p class=\"wp-block-paragraph\">Ainsi, \u00e0 termes, l\u2019IFFD-OTR vise \u00e0 r\u00e9pondre \u00e0 plusieurs imp\u00e9ratifs majeurs, \u00e0 savoir&nbsp;:<\/p>\n\n\n\n<p class=\"wp-block-paragraph\">&#8211; moderniser les m\u00e9thodes p\u00e9dagogiques \u00e0 travers l\u2019int\u00e9gration accrue des outils num\u00e9riques et des nouvelles approches de formation continue ;<\/p>\n\n\n\n<p class=\"wp-block-paragraph\">&#8211; d\u00e9velopper des collaborations strat\u00e9giques avec des institutions nationales et internationales de r\u00e9f\u00e9rence dans l\u2019optique de favoriser le partage d\u2019expertises et l\u2019ouverture de nouvelles opportunit\u00e9s aux apprenants ;<\/p>\n\n\n\n<p class=\"wp-block-paragraph\">&#8211; garantir la soutenabilit\u00e9 financi\u00e8re et institutionnelle de l\u2019IFFD-OTR, en veillant \u00e0 la diversification des sources de financement et \u00e0 une gouvernance efficace de l\u2019Institut.<\/p>\n\n\n<div class=\"wp-block-image\">\n<figure class=\"aligncenter size-large\"><img loading=\"lazy\" decoding=\"async\" width=\"741\" height=\"1024\" src=\"https:\/\/macite.tg\/wp-content\/uploads\/2025\/04\/FORMATIONS-CONTINUES-2025-741x1024.png\" alt=\"\" class=\"wp-image-21076\" srcset=\"https:\/\/macite.tg\/wp-content\/uploads\/2025\/04\/FORMATIONS-CONTINUES-2025-741x1024.png 741w, https:\/\/macite.tg\/wp-content\/uploads\/2025\/04\/FORMATIONS-CONTINUES-2025-217x300.png 217w, https:\/\/macite.tg\/wp-content\/uploads\/2025\/04\/FORMATIONS-CONTINUES-2025-768x1061.png 768w, https:\/\/macite.tg\/wp-content\/uploads\/2025\/04\/FORMATIONS-CONTINUES-2025-1112x1536.png 1112w, https:\/\/macite.tg\/wp-content\/uploads\/2025\/04\/FORMATIONS-CONTINUES-2025-1483x2048.png 1483w\" sizes=\"auto, (max-width: 741px) 100vw, 741px\" \/><\/figure>\n<\/div>\n\n\n<p class=\"wp-block-paragraph\">Cr\u00e9\u00e9 par d\u00e9cret N\u00b0 2016-017\/PR du 18 f\u00e9vrier 2016, l\u2019IFFD-OTR n\u2019a d\u00e9marr\u00e9 ses activit\u00e9s qu\u2019en septembre 2019. L\u2019Institut est un \u00e9tablissement d\u2019enseignement sup\u00e9rieur \u00e0 vocation professionnelle de port\u00e9e internationale. Il forme, non seulement les cadres des r\u00e9gies financi\u00e8res, mais aussi des postulants externes, nationaux et \u00e9trangers, d\u00e9sireux de se qualifier dans le domaine des finances publiques.<\/p>\n\n\n\n<p class=\"wp-block-paragraph\"><strong>JPB<\/strong><\/p>\n\n\n\n<p class=\"wp-block-paragraph\"><a><strong><em>@macite.tg&nbsp;&nbsp;&nbsp;&nbsp;&nbsp;&nbsp;&nbsp;&nbsp;<\/em><\/strong><\/a><\/p>\n\n\n\n<p class=\"wp-block-paragraph\"><strong><em>E-mail&nbsp;: <\/em><\/strong><a href=\"mailto:maciteinfo@gmail.com\"><strong><em>maciteinfo@gmail.com<\/em><\/strong><\/a><strong><em>; <\/em><\/strong><a href=\"mailto:bawela1@gmail.com\"><strong><em>bawela1@gmail.com<\/em><\/strong><\/a><strong><em><\/em><\/strong><\/p>\n\n\n\n<p class=\"wp-block-paragraph\"><strong><em>Pour vos annonces, (publi)reportages, etc., joignez-nous au (00228)91515309\/<strong>79872224 <\/strong>www.macite.tg, L\u2019information, la bonne&nbsp;!<\/em><\/strong><\/p>\n\n\n\n<p class=\"wp-block-paragraph\"><\/p>\n","protected":false},"excerpt":{"rendered":"<p class=\"text-justify mb-2\" >L\u2019Institut de formation fiscale et douani\u00e8re de l\u2019Office togolais des recettes (IFFD-OTR) poursuit sa mue pour devenir un acteur cl\u00e9 de la formation sp\u00e9cialis\u00e9e en mati\u00e8re de finances publiques, dans la sous-r\u00e9gion. Le jeudi 27 mars dernier, les acteurs de premier plan de cet Institut [&hellip;]<\/p>\n","protected":false},"author":2,"featured_media":21077,"comment_status":"open","ping_status":"open","sticky":false,"template":"","format":"standard","meta":{"footnotes":""},"categories":[20,48],"tags":[],"class_list":["post-21074","post","type-post","status-publish","format-standard","has-post-thumbnail","hentry","category-actualite","category-formation"],"yoast_head":"<!-- This site is optimized with the Yoast SEO plugin v28.4 - https:\/\/yoast.com\/product\/yoast-seo-wordpress\/ -->\n<title>IFFD-OTR\u00a0: Le Plan de D\u00e9veloppement 2025-2028, valid\u00e9... -<\/title>\n<meta name=\"robots\" content=\"index, follow, max-snippet:-1, max-image-preview:large, max-video-preview:-1\" \/>\n<link rel=\"canonical\" href=\"https:\/\/macite.tg\/?p=21074\" \/>\n<meta property=\"og:locale\" content=\"fr_FR\" \/>\n<meta property=\"og:type\" content=\"article\" \/>\n<meta property=\"og:title\" content=\"IFFD-OTR\u00a0: Le Plan de D\u00e9veloppement 2025-2028, valid\u00e9... -\" \/>\n<meta property=\"og:description\" content=\"L\u2019Institut de formation fiscale et douani\u00e8re de l\u2019Office togolais des recettes (IFFD-OTR) poursuit sa mue pour devenir un acteur cl\u00e9 de la formation sp\u00e9cialis\u00e9e en mati\u00e8re de finances publiques, dans la sous-r\u00e9gion. Le jeudi 27 mars dernier, les acteurs de premier plan de cet Institut [&hellip;]\" \/>\n<meta property=\"og:url\" content=\"https:\/\/macite.tg\/?p=21074\" \/>\n<meta property=\"article:published_time\" content=\"2025-04-01T10:03:45+00:00\" \/>\n<meta property=\"article:modified_time\" content=\"2025-04-01T10:03:59+00:00\" \/>\n<meta property=\"og:image\" content=\"https:\/\/macite.tg\/wp-content\/uploads\/2025\/04\/IFFD-OTR_Validation-du-plan.jpg\" \/>\n\t<meta property=\"og:image:width\" content=\"500\" \/>\n\t<meta property=\"og:image:height\" content=\"281\" \/>\n\t<meta property=\"og:image:type\" content=\"image\/jpeg\" \/>\n<meta name=\"author\" content=\"Jean Pierre BAWELA\" \/>\n<meta name=\"twitter:card\" content=\"summary_large_image\" \/>\n<meta name=\"twitter:label1\" content=\"\u00c9crit par\" \/>\n\t<meta name=\"twitter:data1\" content=\"Jean Pierre BAWELA\" \/>\n\t<meta name=\"twitter:label2\" content=\"Dur\u00e9e de lecture estim\u00e9e\" \/>\n\t<meta name=\"twitter:data2\" content=\"2 minutes\" \/>\n<script type=\"application\/ld+json\" class=\"yoast-schema-graph\">{\"@context\":\"https:\\\/\\\/schema.org\",\"@graph\":[{\"@type\":\"Article\",\"@id\":\"https:\\\/\\\/macite.tg\\\/?p=21074#article\",\"isPartOf\":{\"@id\":\"https:\\\/\\\/macite.tg\\\/?p=21074\"},\"author\":{\"name\":\"Jean Pierre BAWELA\",\"@id\":\"https:\\\/\\\/macite.tg\\\/#\\\/schema\\\/person\\\/e9f2de7e5dbbe7770a9402c7ce82f5c2\"},\"headline\":\"IFFD-OTR\u00a0: Le Plan de D\u00e9veloppement 2025-2028, valid\u00e9&#8230;\",\"datePublished\":\"2025-04-01T10:03:45+00:00\",\"dateModified\":\"2025-04-01T10:03:59+00:00\",\"mainEntityOfPage\":{\"@id\":\"https:\\\/\\\/macite.tg\\\/?p=21074\"},\"wordCount\":338,\"commentCount\":0,\"image\":{\"@id\":\"https:\\\/\\\/macite.tg\\\/?p=21074#primaryimage\"},\"thumbnailUrl\":\"https:\\\/\\\/macite.tg\\\/wp-content\\\/uploads\\\/2025\\\/04\\\/IFFD-OTR_Validation-du-plan.jpg\",\"articleSection\":[\"ACTUALITE\",\"FORMATION\"],\"inLanguage\":\"fr-FR\",\"potentialAction\":[{\"@type\":\"CommentAction\",\"name\":\"Comment\",\"target\":[\"https:\\\/\\\/macite.tg\\\/?p=21074#respond\"]}]},{\"@type\":\"WebPage\",\"@id\":\"https:\\\/\\\/macite.tg\\\/?p=21074\",\"url\":\"https:\\\/\\\/macite.tg\\\/?p=21074\",\"name\":\"IFFD-OTR\u00a0: Le Plan de D\u00e9veloppement 2025-2028, valid\u00e9... -\",\"isPartOf\":{\"@id\":\"https:\\\/\\\/macite.tg\\\/#website\"},\"primaryImageOfPage\":{\"@id\":\"https:\\\/\\\/macite.tg\\\/?p=21074#primaryimage\"},\"image\":{\"@id\":\"https:\\\/\\\/macite.tg\\\/?p=21074#primaryimage\"},\"thumbnailUrl\":\"https:\\\/\\\/macite.tg\\\/wp-content\\\/uploads\\\/2025\\\/04\\\/IFFD-OTR_Validation-du-plan.jpg\",\"datePublished\":\"2025-04-01T10:03:45+00:00\",\"dateModified\":\"2025-04-01T10:03:59+00:00\",\"author\":{\"@id\":\"https:\\\/\\\/macite.tg\\\/#\\\/schema\\\/person\\\/e9f2de7e5dbbe7770a9402c7ce82f5c2\"},\"breadcrumb\":{\"@id\":\"https:\\\/\\\/macite.tg\\\/?p=21074#breadcrumb\"},\"inLanguage\":\"fr-FR\",\"potentialAction\":[{\"@type\":\"ReadAction\",\"target\":[\"https:\\\/\\\/macite.tg\\\/?p=21074\"]}]},{\"@type\":\"ImageObject\",\"inLanguage\":\"fr-FR\",\"@id\":\"https:\\\/\\\/macite.tg\\\/?p=21074#primaryimage\",\"url\":\"https:\\\/\\\/macite.tg\\\/wp-content\\\/uploads\\\/2025\\\/04\\\/IFFD-OTR_Validation-du-plan.jpg\",\"contentUrl\":\"https:\\\/\\\/macite.tg\\\/wp-content\\\/uploads\\\/2025\\\/04\\\/IFFD-OTR_Validation-du-plan.jpg\",\"width\":500,\"height\":281,\"caption\":\"Photo de famille \u00e0 l'issue d el'atelier de validation du Plan de d\u00e9veloppement 25-28 de l'IFFD-OTR.\"},{\"@type\":\"BreadcrumbList\",\"@id\":\"https:\\\/\\\/macite.tg\\\/?p=21074#breadcrumb\",\"itemListElement\":[{\"@type\":\"ListItem\",\"position\":1,\"name\":\"Accueil\",\"item\":\"https:\\\/\\\/macite.tg\\\/\"},{\"@type\":\"ListItem\",\"position\":2,\"name\":\"IFFD-OTR\u00a0: Le Plan de D\u00e9veloppement 2025-2028, valid\u00e9&#8230;\"}]},{\"@type\":\"WebSite\",\"@id\":\"https:\\\/\\\/macite.tg\\\/#website\",\"url\":\"https:\\\/\\\/macite.tg\\\/\",\"name\":\"\",\"description\":\"L&#039;information, la bonne!!!\",\"potentialAction\":[{\"@type\":\"SearchAction\",\"target\":{\"@type\":\"EntryPoint\",\"urlTemplate\":\"https:\\\/\\\/macite.tg\\\/?s={search_term_string}\"},\"query-input\":{\"@type\":\"PropertyValueSpecification\",\"valueRequired\":true,\"valueName\":\"search_term_string\"}}],\"inLanguage\":\"fr-FR\"},{\"@type\":\"Person\",\"@id\":\"https:\\\/\\\/macite.tg\\\/#\\\/schema\\\/person\\\/e9f2de7e5dbbe7770a9402c7ce82f5c2\",\"name\":\"Jean Pierre BAWELA\",\"image\":{\"@type\":\"ImageObject\",\"inLanguage\":\"fr-FR\",\"@id\":\"https:\\\/\\\/macite.tg\\\/wp-content\\\/uploads\\\/2023\\\/09\\\/WhatsApp-Image-2023-09-19-at-14.44.41-122x122.jpeg\",\"url\":\"https:\\\/\\\/macite.tg\\\/wp-content\\\/uploads\\\/2023\\\/09\\\/WhatsApp-Image-2023-09-19-at-14.44.41-122x122.jpeg\",\"contentUrl\":\"https:\\\/\\\/macite.tg\\\/wp-content\\\/uploads\\\/2023\\\/09\\\/WhatsApp-Image-2023-09-19-at-14.44.41-122x122.jpeg\",\"caption\":\"Jean Pierre BAWELA\"},\"url\":\"https:\\\/\\\/macite.tg\\\/?author=2\"}]}<\/script>\n<!-- \/ Yoast SEO plugin. -->","yoast_head_json":{"title":"IFFD-OTR\u00a0: Le Plan de D\u00e9veloppement 2025-2028, valid\u00e9... -","robots":{"index":"index","follow":"follow","max-snippet":"max-snippet:-1","max-image-preview":"max-image-preview:large","max-video-preview":"max-video-preview:-1"},"canonical":"https:\/\/macite.tg\/?p=21074","og_locale":"fr_FR","og_type":"article","og_title":"IFFD-OTR\u00a0: Le Plan de D\u00e9veloppement 2025-2028, valid\u00e9... -","og_description":"L\u2019Institut de formation fiscale et douani\u00e8re de l\u2019Office togolais des recettes (IFFD-OTR) poursuit sa mue pour devenir un acteur cl\u00e9 de la formation sp\u00e9cialis\u00e9e en mati\u00e8re de finances publiques, dans la sous-r\u00e9gion. Le jeudi 27 mars dernier, les acteurs de premier plan de cet Institut [&hellip;]","og_url":"https:\/\/macite.tg\/?p=21074","article_published_time":"2025-04-01T10:03:45+00:00","article_modified_time":"2025-04-01T10:03:59+00:00","og_image":[{"width":500,"height":281,"url":"https:\/\/macite.tg\/wp-content\/uploads\/2025\/04\/IFFD-OTR_Validation-du-plan.jpg","type":"image\/jpeg"}],"author":"Jean Pierre BAWELA","twitter_card":"summary_large_image","twitter_misc":{"\u00c9crit par":"Jean Pierre BAWELA","Dur\u00e9e de lecture estim\u00e9e":"2 minutes"},"schema":{"@context":"https:\/\/schema.org","@graph":[{"@type":"Article","@id":"https:\/\/macite.tg\/?p=21074#article","isPartOf":{"@id":"https:\/\/macite.tg\/?p=21074"},"author":{"name":"Jean Pierre BAWELA","@id":"https:\/\/macite.tg\/#\/schema\/person\/e9f2de7e5dbbe7770a9402c7ce82f5c2"},"headline":"IFFD-OTR\u00a0: Le Plan de D\u00e9veloppement 2025-2028, valid\u00e9&#8230;","datePublished":"2025-04-01T10:03:45+00:00","dateModified":"2025-04-01T10:03:59+00:00","mainEntityOfPage":{"@id":"https:\/\/macite.tg\/?p=21074"},"wordCount":338,"commentCount":0,"image":{"@id":"https:\/\/macite.tg\/?p=21074#primaryimage"},"thumbnailUrl":"https:\/\/macite.tg\/wp-content\/uploads\/2025\/04\/IFFD-OTR_Validation-du-plan.jpg","articleSection":["ACTUALITE","FORMATION"],"inLanguage":"fr-FR","potentialAction":[{"@type":"CommentAction","name":"Comment","target":["https:\/\/macite.tg\/?p=21074#respond"]}]},{"@type":"WebPage","@id":"https:\/\/macite.tg\/?p=21074","url":"https:\/\/macite.tg\/?p=21074","name":"IFFD-OTR\u00a0: Le Plan de D\u00e9veloppement 2025-2028, valid\u00e9... -","isPartOf":{"@id":"https:\/\/macite.tg\/#website"},"primaryImageOfPage":{"@id":"https:\/\/macite.tg\/?p=21074#primaryimage"},"image":{"@id":"https:\/\/macite.tg\/?p=21074#primaryimage"},"thumbnailUrl":"https:\/\/macite.tg\/wp-content\/uploads\/2025\/04\/IFFD-OTR_Validation-du-plan.jpg","datePublished":"2025-04-01T10:03:45+00:00","dateModified":"2025-04-01T10:03:59+00:00","author":{"@id":"https:\/\/macite.tg\/#\/schema\/person\/e9f2de7e5dbbe7770a9402c7ce82f5c2"},"breadcrumb":{"@id":"https:\/\/macite.tg\/?p=21074#breadcrumb"},"inLanguage":"fr-FR","potentialAction":[{"@type":"ReadAction","target":["https:\/\/macite.tg\/?p=21074"]}]},{"@type":"ImageObject","inLanguage":"fr-FR","@id":"https:\/\/macite.tg\/?p=21074#primaryimage","url":"https:\/\/macite.tg\/wp-content\/uploads\/2025\/04\/IFFD-OTR_Validation-du-plan.jpg","contentUrl":"https:\/\/macite.tg\/wp-content\/uploads\/2025\/04\/IFFD-OTR_Validation-du-plan.jpg","width":500,"height":281,"caption":"Photo de famille \u00e0 l'issue d el'atelier de validation du Plan de d\u00e9veloppement 25-28 de l'IFFD-OTR."},{"@type":"BreadcrumbList","@id":"https:\/\/macite.tg\/?p=21074#breadcrumb","itemListElement":[{"@type":"ListItem","position":1,"name":"Accueil","item":"https:\/\/macite.tg\/"},{"@type":"ListItem","position":2,"name":"IFFD-OTR\u00a0: Le Plan de D\u00e9veloppement 2025-2028, valid\u00e9&#8230;"}]},{"@type":"WebSite","@id":"https:\/\/macite.tg\/#website","url":"https:\/\/macite.tg\/","name":"","description":"L&#039;information, la bonne!!!","potentialAction":[{"@type":"SearchAction","target":{"@type":"EntryPoint","urlTemplate":"https:\/\/macite.tg\/?s={search_term_string}"},"query-input":{"@type":"PropertyValueSpecification","valueRequired":true,"valueName":"search_term_string"}}],"inLanguage":"fr-FR"},{"@type":"Person","@id":"https:\/\/macite.tg\/#\/schema\/person\/e9f2de7e5dbbe7770a9402c7ce82f5c2","name":"Jean Pierre BAWELA","image":{"@type":"ImageObject","inLanguage":"fr-FR","@id":"https:\/\/macite.tg\/wp-content\/uploads\/2023\/09\/WhatsApp-Image-2023-09-19-at-14.44.41-122x122.jpeg","url":"https:\/\/macite.tg\/wp-content\/uploads\/2023\/09\/WhatsApp-Image-2023-09-19-at-14.44.41-122x122.jpeg","contentUrl":"https:\/\/macite.tg\/wp-content\/uploads\/2023\/09\/WhatsApp-Image-2023-09-19-at-14.44.41-122x122.jpeg","caption":"Jean Pierre BAWELA"},"url":"https:\/\/macite.tg\/?author=2"}]}},"_links":{"self":[{"href":"https:\/\/macite.tg\/index.php?rest_route=\/wp\/v2\/posts\/21074","targetHints":{"allow":["GET"]}}],"collection":[{"href":"https:\/\/macite.tg\/index.php?rest_route=\/wp\/v2\/posts"}],"about":[{"href":"https:\/\/macite.tg\/index.php?rest_route=\/wp\/v2\/types\/post"}],"author":[{"embeddable":true,"href":"https:\/\/macite.tg\/index.php?rest_route=\/wp\/v2\/users\/2"}],"replies":[{"embeddable":true,"href":"https:\/\/macite.tg\/index.php?rest_route=%2Fwp%2Fv2%2Fcomments&post=21074"}],"version-history":[{"count":0,"href":"https:\/\/macite.tg\/index.php?rest_route=\/wp\/v2\/posts\/21074\/revisions"}],"wp:featuredmedia":[{"embeddable":true,"href":"https:\/\/macite.tg\/index.php?rest_route=\/wp\/v2\/media\/21077"}],"wp:attachment":[{"href":"https:\/\/macite.tg\/index.php?rest_route=%2Fwp%2Fv2%2Fmedia&parent=21074"}],"wp:term":[{"taxonomy":"category","embeddable":true,"href":"https:\/\/macite.tg\/index.php?rest_route=%2Fwp%2Fv2%2Fcategories&post=21074"},{"taxonomy":"post_tag","embeddable":true,"href":"https:\/\/macite.tg\/index.php?rest_route=%2Fwp%2Fv2%2Ftags&post=21074"}],"curies":[{"name":"wp","href":"https:\/\/api.w.org\/{rel}","templated":true}]}}