{"id":21056,"date":"2025-03-31T14:44:20","date_gmt":"2025-03-31T14:44:20","guid":{"rendered":"https:\/\/macite.tg\/?p=21056"},"modified":"2025-03-31T14:44:35","modified_gmt":"2025-03-31T14:44:35","slug":"sport-et-citoyennete-lassemblee-nationale-mobilisee-pour-lacces-des-femmes-aux-documents-didentite","status":"publish","type":"post","link":"https:\/\/macite.tg\/?p=21056","title":{"rendered":"SPORT ET CITOYENNETE : L\u2019Assembl\u00e9e nationale mobilis\u00e9e pour l\u2019acc\u00e8s des femmes aux documents d\u2019identit\u00e9"},"content":{"rendered":"\n<p class=\"wp-block-paragraph\"><strong><em>Le bureau de l\u2019Assembl\u00e9e nationale a organis\u00e9, ce samedi 29 mars 2025, une activit\u00e9 sportive symbolique plac\u00e9e sous le slogan \u00e9vocateur : \u00ab Une femme, un document d\u2019identit\u00e9 \u00bb. Ce slogan est inspir\u00e9 du th\u00e8me national retenu pour l\u2019\u00e9dition 2025 de la c\u00e9l\u00e9bration de la Journ\u00e9e internationale des droits de la femme, ax\u00e9 sur l\u2019acc\u00e8s des femmes aux documents d\u2019\u00e9tat civil comme levier de d\u00e9veloppement.<\/em><\/strong><\/p>\n\n\n\n<p class=\"wp-block-paragraph\"><strong>Une forte mobilisation autour du Pr\u00e9sident de l\u2019Assembl\u00e9e nationale<\/strong><\/p>\n\n\n\n<p class=\"wp-block-paragraph\">L\u2019\u00e9v\u00e9nement a \u00e9t\u00e9 marqu\u00e9 par la pr\u00e9sence effective du Pr\u00e9sident de l\u2019Assembl\u00e9e nationale, Son Excellence Monsieur Sevon-T\u00e9p\u00e9 Kodjo Ad\u00e9dz\u00e9, entour\u00e9 de plusieurs membres du bureau et de nombreux participants issus du personnel de l\u2019administration parlementaire.<\/p>\n\n\n\n<p class=\"wp-block-paragraph\">Le footing, d\u2019une distance de 8 kilom\u00e8tres, a pris son d\u00e9part au si\u00e8ge de l\u2019Assembl\u00e9e nationale pour sillonner des art\u00e8res de la capitale telles que l\u2019avenue Jean Paul II, l\u2019avenue du Grand S\u00e9minaire, le boulevard du Haho, la route du petit contournement, avant de revenir \u00e0 la cour d\u2019honneur de la Repr\u00e9sentation nationale. Une v\u00e9ritable d\u00e9monstration d\u2019engagement pour la sant\u00e9 et la citoyennet\u00e9 active.<\/p>\n\n\n<div class=\"wp-block-image\">\n<figure class=\"aligncenter size-large is-resized\"><img loading=\"lazy\" decoding=\"async\" width=\"1024\" height=\"1024\" src=\"https:\/\/macite.tg\/wp-content\/uploads\/2025\/03\/OTR_TVM2-1024x1024.jpg\" alt=\"\" class=\"wp-image-20895\" style=\"width:520px;height:auto\" srcset=\"https:\/\/macite.tg\/wp-content\/uploads\/2025\/03\/OTR_TVM2-1024x1024.jpg 1024w, https:\/\/macite.tg\/wp-content\/uploads\/2025\/03\/OTR_TVM2-300x300.jpg 300w, https:\/\/macite.tg\/wp-content\/uploads\/2025\/03\/OTR_TVM2-150x150.jpg 150w, https:\/\/macite.tg\/wp-content\/uploads\/2025\/03\/OTR_TVM2-768x768.jpg 768w, https:\/\/macite.tg\/wp-content\/uploads\/2025\/03\/OTR_TVM2-1536x1536.jpg 1536w, https:\/\/macite.tg\/wp-content\/uploads\/2025\/03\/OTR_TVM2-122x122.jpg 122w, https:\/\/macite.tg\/wp-content\/uploads\/2025\/03\/OTR_TVM2.jpg 1600w\" sizes=\"auto, (max-width: 1024px) 100vw, 1024px\" \/><\/figure>\n<\/div>\n\n\n<p class=\"wp-block-paragraph\"><strong>Sensibilisation \u00e0 la sant\u00e9 et engagement pour l\u2019inclusion<\/strong><\/p>\n\n\n\n<p class=\"wp-block-paragraph\">\u00c0 l\u2019arriv\u00e9e, les participants ont assist\u00e9 \u00e0 une s\u00e9ance de sensibilisation sur les bienfaits du sport pour la sant\u00e9 et l\u2019\u00e9quilibre psychologique, anim\u00e9e par le M\u00e9decin-Colonel Kotosso, qui a insist\u00e9 sur la pratique r\u00e9guli\u00e8re de l\u2019activit\u00e9 physique comme outil de pr\u00e9vention.<\/p>\n\n\n\n<p class=\"wp-block-paragraph\">L\u2019honorable Dianti Ameyo M\u2019boma, deuxi\u00e8me secr\u00e9taire parlementaire, a rappel\u00e9 la port\u00e9e symbolique et politique de cette activit\u00e9 :<\/p>\n\n\n\n<p class=\"wp-block-paragraph\"><em>\u00ab Le sport fait du bien au corps et \u00e0 l\u2019esprit. En faisant ce footing pour notre sant\u00e9, nous profitons aussi pour marquer notre adh\u00e9sion \u00e0 l\u2019initiative \u00ab Une femme, un document d\u2019identit\u00e9 \u00bb, issue du th\u00e8me national. Cet engagement nous appelle \u00e0 \u0153uvrer davantage pour le renforcement de la l\u00e9gislation en faveur de l\u2019acc\u00e8s \u00e0 ces documents. \u00bb<\/em><\/p>\n\n\n\n<p class=\"wp-block-paragraph\">Elle a soulign\u00e9 qu\u2019un document d\u2019identit\u00e9 constitue une cl\u00e9 d\u2019acc\u00e8s aux services financiers, \u00e0 l\u2019\u00e9ducation, \u00e0 la protection sociale et \u00e0 la participation citoyenne, autant d\u2019\u00e9l\u00e9ments essentiels \u00e0 l\u2019autonomisation des femmes et \u00e0 leur pleine contribution au d\u00e9veloppement national.<\/p>\n\n\n<div class=\"wp-block-image\">\n<figure class=\"aligncenter size-large is-resized\"><img loading=\"lazy\" decoding=\"async\" width=\"1024\" height=\"1024\" src=\"https:\/\/macite.tg\/wp-content\/uploads\/2025\/03\/OTR_TVM-1024x1024.jpg\" alt=\"\" class=\"wp-image-20894\" style=\"width:474px;height:auto\" srcset=\"https:\/\/macite.tg\/wp-content\/uploads\/2025\/03\/OTR_TVM-1024x1024.jpg 1024w, https:\/\/macite.tg\/wp-content\/uploads\/2025\/03\/OTR_TVM-300x300.jpg 300w, https:\/\/macite.tg\/wp-content\/uploads\/2025\/03\/OTR_TVM-150x150.jpg 150w, https:\/\/macite.tg\/wp-content\/uploads\/2025\/03\/OTR_TVM-768x768.jpg 768w, https:\/\/macite.tg\/wp-content\/uploads\/2025\/03\/OTR_TVM-1536x1536.jpg 1536w, https:\/\/macite.tg\/wp-content\/uploads\/2025\/03\/OTR_TVM-122x122.jpg 122w, https:\/\/macite.tg\/wp-content\/uploads\/2025\/03\/OTR_TVM.jpg 1600w\" sizes=\"auto, (max-width: 1024px) 100vw, 1024px\" \/><\/figure>\n<\/div>\n\n\n<p class=\"wp-block-paragraph\"><strong>L\u2019Assembl\u00e9e nationale engag\u00e9e pour l\u2019\u00e9galit\u00e9 et l\u2019autonomisation<\/strong><\/p>\n\n\n\n<p class=\"wp-block-paragraph\">Cette activit\u00e9 sportive marque l\u2019apoth\u00e9ose d\u2019une s\u00e9rie d\u2019initiatives men\u00e9es par l\u2019Assembl\u00e9e nationale dans le cadre de la c\u00e9l\u00e9bration du 8 mars 2025. Elle t\u00e9moigne de l\u2019engagement constant de la Repr\u00e9sentation nationale \u00e0 promouvoir les droits des femmes, \u00e0 soutenir leur acc\u00e8s aux services fondamentaux \u00e0 travers l\u2019action l\u00e9gislative.<\/p>\n\n\n\n<p class=\"wp-block-paragraph\"><strong>Cellule Comm AN<\/strong><\/p>\n\n\n\n<p class=\"wp-block-paragraph\"><a><strong><em>@macite.tg&nbsp;&nbsp;&nbsp;&nbsp;&nbsp;&nbsp;&nbsp;&nbsp;<\/em><\/strong><\/a><\/p>\n\n\n\n<p class=\"wp-block-paragraph\"><strong><em>E-mail&nbsp;: <\/em><\/strong><a href=\"mailto:maciteinfo@gmail.com\"><strong><em>maciteinfo@gmail.com<\/em><\/strong><\/a><strong><em>; <\/em><\/strong><a href=\"mailto:bawela1@gmail.com\"><strong><em>bawela1@gmail.com<\/em><\/strong><\/a><strong><em><\/em><\/strong><\/p>\n\n\n\n<p class=\"wp-block-paragraph\"><strong><em>Pour vos annonces, (publi)reportages, etc., joignez-nous au (00228)91515309\/<strong>79872224 <\/strong>www.macite.tg, L\u2019information, la bonne&nbsp;!<\/em><\/strong><\/p>\n\n\n\n<p class=\"wp-block-paragraph\"><\/p>\n","protected":false},"excerpt":{"rendered":"<p class=\"text-justify mb-2\" >Le bureau de l\u2019Assembl\u00e9e nationale a organis\u00e9, ce samedi 29 mars 2025, une activit\u00e9 sportive symbolique plac\u00e9e sous le slogan \u00e9vocateur : \u00ab Une femme, un document d\u2019identit\u00e9 \u00bb. Ce slogan est inspir\u00e9 du th\u00e8me national retenu pour l\u2019\u00e9dition 2025 de la c\u00e9l\u00e9bration de la [&hellip;]<\/p>\n","protected":false},"author":2,"featured_media":21057,"comment_status":"open","ping_status":"open","sticky":false,"template":"","format":"standard","meta":{"footnotes":""},"categories":[20,7],"tags":[],"class_list":["post-21056","post","type-post","status-publish","format-standard","has-post-thumbnail","hentry","category-actualite","category-sports"],"yoast_head":"<!-- This site is optimized with the Yoast SEO plugin v28.4 - https:\/\/yoast.com\/product\/yoast-seo-wordpress\/ -->\n<title>SPORT ET CITOYENNETE : L\u2019Assembl\u00e9e nationale mobilis\u00e9e pour l\u2019acc\u00e8s des femmes aux documents d\u2019identit\u00e9 -<\/title>\n<meta name=\"robots\" content=\"index, follow, max-snippet:-1, max-image-preview:large, max-video-preview:-1\" \/>\n<link rel=\"canonical\" href=\"https:\/\/macite.tg\/?p=21056\" \/>\n<meta property=\"og:locale\" content=\"fr_FR\" \/>\n<meta property=\"og:type\" content=\"article\" \/>\n<meta property=\"og:title\" content=\"SPORT ET CITOYENNETE : L\u2019Assembl\u00e9e nationale mobilis\u00e9e pour l\u2019acc\u00e8s des femmes aux documents d\u2019identit\u00e9 -\" \/>\n<meta property=\"og:description\" content=\"Le bureau de l\u2019Assembl\u00e9e nationale a organis\u00e9, ce samedi 29 mars 2025, une activit\u00e9 sportive symbolique plac\u00e9e sous le slogan \u00e9vocateur : \u00ab Une femme, un document d\u2019identit\u00e9 \u00bb. Ce slogan est inspir\u00e9 du th\u00e8me national retenu pour l\u2019\u00e9dition 2025 de la c\u00e9l\u00e9bration de la [&hellip;]\" \/>\n<meta property=\"og:url\" content=\"https:\/\/macite.tg\/?p=21056\" \/>\n<meta property=\"article:published_time\" content=\"2025-03-31T14:44:20+00:00\" \/>\n<meta property=\"article:modified_time\" content=\"2025-03-31T14:44:35+00:00\" \/>\n<meta property=\"og:image\" content=\"https:\/\/macite.tg\/wp-content\/uploads\/2025\/03\/AN-SPORT.jpg\" \/>\n\t<meta property=\"og:image:width\" content=\"500\" \/>\n\t<meta property=\"og:image:height\" content=\"155\" \/>\n\t<meta property=\"og:image:type\" content=\"image\/jpeg\" \/>\n<meta name=\"author\" content=\"Jean Pierre BAWELA\" \/>\n<meta name=\"twitter:card\" content=\"summary_large_image\" \/>\n<meta name=\"twitter:label1\" content=\"\u00c9crit par\" \/>\n\t<meta name=\"twitter:data1\" content=\"Jean Pierre BAWELA\" \/>\n\t<meta name=\"twitter:label2\" content=\"Dur\u00e9e de lecture estim\u00e9e\" \/>\n\t<meta name=\"twitter:data2\" content=\"3 minutes\" \/>\n<script type=\"application\/ld+json\" class=\"yoast-schema-graph\">{\"@context\":\"https:\\\/\\\/schema.org\",\"@graph\":[{\"@type\":\"Article\",\"@id\":\"https:\\\/\\\/macite.tg\\\/?p=21056#article\",\"isPartOf\":{\"@id\":\"https:\\\/\\\/macite.tg\\\/?p=21056\"},\"author\":{\"name\":\"Jean Pierre BAWELA\",\"@id\":\"https:\\\/\\\/macite.tg\\\/#\\\/schema\\\/person\\\/e9f2de7e5dbbe7770a9402c7ce82f5c2\"},\"headline\":\"SPORT ET CITOYENNETE : L\u2019Assembl\u00e9e nationale mobilis\u00e9e pour l\u2019acc\u00e8s des femmes aux documents d\u2019identit\u00e9\",\"datePublished\":\"2025-03-31T14:44:20+00:00\",\"dateModified\":\"2025-03-31T14:44:35+00:00\",\"mainEntityOfPage\":{\"@id\":\"https:\\\/\\\/macite.tg\\\/?p=21056\"},\"wordCount\":513,\"commentCount\":0,\"image\":{\"@id\":\"https:\\\/\\\/macite.tg\\\/?p=21056#primaryimage\"},\"thumbnailUrl\":\"https:\\\/\\\/macite.tg\\\/wp-content\\\/uploads\\\/2025\\\/03\\\/AN-SPORT.jpg\",\"articleSection\":[\"ACTUALITE\",\"SPORTS\"],\"inLanguage\":\"fr-FR\",\"potentialAction\":[{\"@type\":\"CommentAction\",\"name\":\"Comment\",\"target\":[\"https:\\\/\\\/macite.tg\\\/?p=21056#respond\"]}]},{\"@type\":\"WebPage\",\"@id\":\"https:\\\/\\\/macite.tg\\\/?p=21056\",\"url\":\"https:\\\/\\\/macite.tg\\\/?p=21056\",\"name\":\"SPORT ET CITOYENNETE : L\u2019Assembl\u00e9e nationale mobilis\u00e9e pour l\u2019acc\u00e8s des femmes aux documents d\u2019identit\u00e9 -\",\"isPartOf\":{\"@id\":\"https:\\\/\\\/macite.tg\\\/#website\"},\"primaryImageOfPage\":{\"@id\":\"https:\\\/\\\/macite.tg\\\/?p=21056#primaryimage\"},\"image\":{\"@id\":\"https:\\\/\\\/macite.tg\\\/?p=21056#primaryimage\"},\"thumbnailUrl\":\"https:\\\/\\\/macite.tg\\\/wp-content\\\/uploads\\\/2025\\\/03\\\/AN-SPORT.jpg\",\"datePublished\":\"2025-03-31T14:44:20+00:00\",\"dateModified\":\"2025-03-31T14:44:35+00:00\",\"author\":{\"@id\":\"https:\\\/\\\/macite.tg\\\/#\\\/schema\\\/person\\\/e9f2de7e5dbbe7770a9402c7ce82f5c2\"},\"breadcrumb\":{\"@id\":\"https:\\\/\\\/macite.tg\\\/?p=21056#breadcrumb\"},\"inLanguage\":\"fr-FR\",\"potentialAction\":[{\"@type\":\"ReadAction\",\"target\":[\"https:\\\/\\\/macite.tg\\\/?p=21056\"]}]},{\"@type\":\"ImageObject\",\"inLanguage\":\"fr-FR\",\"@id\":\"https:\\\/\\\/macite.tg\\\/?p=21056#primaryimage\",\"url\":\"https:\\\/\\\/macite.tg\\\/wp-content\\\/uploads\\\/2025\\\/03\\\/AN-SPORT.jpg\",\"contentUrl\":\"https:\\\/\\\/macite.tg\\\/wp-content\\\/uploads\\\/2025\\\/03\\\/AN-SPORT.jpg\",\"width\":500,\"height\":155},{\"@type\":\"BreadcrumbList\",\"@id\":\"https:\\\/\\\/macite.tg\\\/?p=21056#breadcrumb\",\"itemListElement\":[{\"@type\":\"ListItem\",\"position\":1,\"name\":\"Accueil\",\"item\":\"https:\\\/\\\/macite.tg\\\/\"},{\"@type\":\"ListItem\",\"position\":2,\"name\":\"SPORT ET CITOYENNETE : L\u2019Assembl\u00e9e nationale mobilis\u00e9e pour l\u2019acc\u00e8s des femmes aux documents d\u2019identit\u00e9\"}]},{\"@type\":\"WebSite\",\"@id\":\"https:\\\/\\\/macite.tg\\\/#website\",\"url\":\"https:\\\/\\\/macite.tg\\\/\",\"name\":\"\",\"description\":\"L&#039;information, la bonne!!!\",\"potentialAction\":[{\"@type\":\"SearchAction\",\"target\":{\"@type\":\"EntryPoint\",\"urlTemplate\":\"https:\\\/\\\/macite.tg\\\/?s={search_term_string}\"},\"query-input\":{\"@type\":\"PropertyValueSpecification\",\"valueRequired\":true,\"valueName\":\"search_term_string\"}}],\"inLanguage\":\"fr-FR\"},{\"@type\":\"Person\",\"@id\":\"https:\\\/\\\/macite.tg\\\/#\\\/schema\\\/person\\\/e9f2de7e5dbbe7770a9402c7ce82f5c2\",\"name\":\"Jean Pierre BAWELA\",\"image\":{\"@type\":\"ImageObject\",\"inLanguage\":\"fr-FR\",\"@id\":\"https:\\\/\\\/macite.tg\\\/wp-content\\\/uploads\\\/2023\\\/09\\\/WhatsApp-Image-2023-09-19-at-14.44.41-122x122.jpeg\",\"url\":\"https:\\\/\\\/macite.tg\\\/wp-content\\\/uploads\\\/2023\\\/09\\\/WhatsApp-Image-2023-09-19-at-14.44.41-122x122.jpeg\",\"contentUrl\":\"https:\\\/\\\/macite.tg\\\/wp-content\\\/uploads\\\/2023\\\/09\\\/WhatsApp-Image-2023-09-19-at-14.44.41-122x122.jpeg\",\"caption\":\"Jean Pierre BAWELA\"},\"url\":\"https:\\\/\\\/macite.tg\\\/?author=2\"}]}<\/script>\n<!-- \/ Yoast SEO plugin. -->","yoast_head_json":{"title":"SPORT ET CITOYENNETE : L\u2019Assembl\u00e9e nationale mobilis\u00e9e pour l\u2019acc\u00e8s des femmes aux documents d\u2019identit\u00e9 -","robots":{"index":"index","follow":"follow","max-snippet":"max-snippet:-1","max-image-preview":"max-image-preview:large","max-video-preview":"max-video-preview:-1"},"canonical":"https:\/\/macite.tg\/?p=21056","og_locale":"fr_FR","og_type":"article","og_title":"SPORT ET CITOYENNETE : L\u2019Assembl\u00e9e nationale mobilis\u00e9e pour l\u2019acc\u00e8s des femmes aux documents d\u2019identit\u00e9 -","og_description":"Le bureau de l\u2019Assembl\u00e9e nationale a organis\u00e9, ce samedi 29 mars 2025, une activit\u00e9 sportive symbolique plac\u00e9e sous le slogan \u00e9vocateur : \u00ab Une femme, un document d\u2019identit\u00e9 \u00bb. Ce slogan est inspir\u00e9 du th\u00e8me national retenu pour l\u2019\u00e9dition 2025 de la c\u00e9l\u00e9bration de la [&hellip;]","og_url":"https:\/\/macite.tg\/?p=21056","article_published_time":"2025-03-31T14:44:20+00:00","article_modified_time":"2025-03-31T14:44:35+00:00","og_image":[{"width":500,"height":155,"url":"https:\/\/macite.tg\/wp-content\/uploads\/2025\/03\/AN-SPORT.jpg","type":"image\/jpeg"}],"author":"Jean Pierre BAWELA","twitter_card":"summary_large_image","twitter_misc":{"\u00c9crit par":"Jean Pierre BAWELA","Dur\u00e9e de lecture estim\u00e9e":"3 minutes"},"schema":{"@context":"https:\/\/schema.org","@graph":[{"@type":"Article","@id":"https:\/\/macite.tg\/?p=21056#article","isPartOf":{"@id":"https:\/\/macite.tg\/?p=21056"},"author":{"name":"Jean Pierre BAWELA","@id":"https:\/\/macite.tg\/#\/schema\/person\/e9f2de7e5dbbe7770a9402c7ce82f5c2"},"headline":"SPORT ET CITOYENNETE : L\u2019Assembl\u00e9e nationale mobilis\u00e9e pour l\u2019acc\u00e8s des femmes aux documents d\u2019identit\u00e9","datePublished":"2025-03-31T14:44:20+00:00","dateModified":"2025-03-31T14:44:35+00:00","mainEntityOfPage":{"@id":"https:\/\/macite.tg\/?p=21056"},"wordCount":513,"commentCount":0,"image":{"@id":"https:\/\/macite.tg\/?p=21056#primaryimage"},"thumbnailUrl":"https:\/\/macite.tg\/wp-content\/uploads\/2025\/03\/AN-SPORT.jpg","articleSection":["ACTUALITE","SPORTS"],"inLanguage":"fr-FR","potentialAction":[{"@type":"CommentAction","name":"Comment","target":["https:\/\/macite.tg\/?p=21056#respond"]}]},{"@type":"WebPage","@id":"https:\/\/macite.tg\/?p=21056","url":"https:\/\/macite.tg\/?p=21056","name":"SPORT ET CITOYENNETE : L\u2019Assembl\u00e9e nationale mobilis\u00e9e pour l\u2019acc\u00e8s des femmes aux documents d\u2019identit\u00e9 -","isPartOf":{"@id":"https:\/\/macite.tg\/#website"},"primaryImageOfPage":{"@id":"https:\/\/macite.tg\/?p=21056#primaryimage"},"image":{"@id":"https:\/\/macite.tg\/?p=21056#primaryimage"},"thumbnailUrl":"https:\/\/macite.tg\/wp-content\/uploads\/2025\/03\/AN-SPORT.jpg","datePublished":"2025-03-31T14:44:20+00:00","dateModified":"2025-03-31T14:44:35+00:00","author":{"@id":"https:\/\/macite.tg\/#\/schema\/person\/e9f2de7e5dbbe7770a9402c7ce82f5c2"},"breadcrumb":{"@id":"https:\/\/macite.tg\/?p=21056#breadcrumb"},"inLanguage":"fr-FR","potentialAction":[{"@type":"ReadAction","target":["https:\/\/macite.tg\/?p=21056"]}]},{"@type":"ImageObject","inLanguage":"fr-FR","@id":"https:\/\/macite.tg\/?p=21056#primaryimage","url":"https:\/\/macite.tg\/wp-content\/uploads\/2025\/03\/AN-SPORT.jpg","contentUrl":"https:\/\/macite.tg\/wp-content\/uploads\/2025\/03\/AN-SPORT.jpg","width":500,"height":155},{"@type":"BreadcrumbList","@id":"https:\/\/macite.tg\/?p=21056#breadcrumb","itemListElement":[{"@type":"ListItem","position":1,"name":"Accueil","item":"https:\/\/macite.tg\/"},{"@type":"ListItem","position":2,"name":"SPORT ET CITOYENNETE : L\u2019Assembl\u00e9e nationale mobilis\u00e9e pour l\u2019acc\u00e8s des femmes aux documents d\u2019identit\u00e9"}]},{"@type":"WebSite","@id":"https:\/\/macite.tg\/#website","url":"https:\/\/macite.tg\/","name":"","description":"L&#039;information, la bonne!!!","potentialAction":[{"@type":"SearchAction","target":{"@type":"EntryPoint","urlTemplate":"https:\/\/macite.tg\/?s={search_term_string}"},"query-input":{"@type":"PropertyValueSpecification","valueRequired":true,"valueName":"search_term_string"}}],"inLanguage":"fr-FR"},{"@type":"Person","@id":"https:\/\/macite.tg\/#\/schema\/person\/e9f2de7e5dbbe7770a9402c7ce82f5c2","name":"Jean Pierre BAWELA","image":{"@type":"ImageObject","inLanguage":"fr-FR","@id":"https:\/\/macite.tg\/wp-content\/uploads\/2023\/09\/WhatsApp-Image-2023-09-19-at-14.44.41-122x122.jpeg","url":"https:\/\/macite.tg\/wp-content\/uploads\/2023\/09\/WhatsApp-Image-2023-09-19-at-14.44.41-122x122.jpeg","contentUrl":"https:\/\/macite.tg\/wp-content\/uploads\/2023\/09\/WhatsApp-Image-2023-09-19-at-14.44.41-122x122.jpeg","caption":"Jean Pierre BAWELA"},"url":"https:\/\/macite.tg\/?author=2"}]}},"_links":{"self":[{"href":"https:\/\/macite.tg\/index.php?rest_route=\/wp\/v2\/posts\/21056","targetHints":{"allow":["GET"]}}],"collection":[{"href":"https:\/\/macite.tg\/index.php?rest_route=\/wp\/v2\/posts"}],"about":[{"href":"https:\/\/macite.tg\/index.php?rest_route=\/wp\/v2\/types\/post"}],"author":[{"embeddable":true,"href":"https:\/\/macite.tg\/index.php?rest_route=\/wp\/v2\/users\/2"}],"replies":[{"embeddable":true,"href":"https:\/\/macite.tg\/index.php?rest_route=%2Fwp%2Fv2%2Fcomments&post=21056"}],"version-history":[{"count":0,"href":"https:\/\/macite.tg\/index.php?rest_route=\/wp\/v2\/posts\/21056\/revisions"}],"wp:featuredmedia":[{"embeddable":true,"href":"https:\/\/macite.tg\/index.php?rest_route=\/wp\/v2\/media\/21057"}],"wp:attachment":[{"href":"https:\/\/macite.tg\/index.php?rest_route=%2Fwp%2Fv2%2Fmedia&parent=21056"}],"wp:term":[{"taxonomy":"category","embeddable":true,"href":"https:\/\/macite.tg\/index.php?rest_route=%2Fwp%2Fv2%2Fcategories&post=21056"},{"taxonomy":"post_tag","embeddable":true,"href":"https:\/\/macite.tg\/index.php?rest_route=%2Fwp%2Fv2%2Ftags&post=21056"}],"curies":[{"name":"wp","href":"https:\/\/api.w.org\/{rel}","templated":true}]}}