{"id":21049,"date":"2025-03-31T14:10:24","date_gmt":"2025-03-31T14:10:24","guid":{"rendered":"https:\/\/macite.tg\/?p=21049"},"modified":"2025-03-31T14:32:30","modified_gmt":"2025-03-31T14:32:30","slug":"diplomatie-six-06-nouveaux-ambassadeurs-recus-par-faure-gnassingbe","status":"publish","type":"post","link":"https:\/\/macite.tg\/?p=21049","title":{"rendered":"DIPLOMATIE\u00a0: Six (06) nouveaux ambassadeurs re\u00e7us par Faure Gnassingb\u00e9 le vendredi 29 mars"},"content":{"rendered":"\n<p class=\"wp-block-paragraph\"><strong><em>Un ballet diplomatique s\u2019est d\u00e9roul\u00e9, le vendredi 28 mars dernier, \u00e0 Lom\u00e9. Six nouveaux ambassadeurs ont pr\u00e9sent\u00e9 leurs lettres de cr\u00e9ances au Chef de l\u2019Etat, Faure Essozimna Gnassingb\u00e9. L\u2019Alg\u00e9rie, la Cor\u00e9e, la C\u00f4te d\u2019Ivoire, la Libye, le Vatican, et le Japon ont de nouveaux ambassadeurs pr\u00e8s de la R\u00e9publique Togolaise.<\/em><\/strong><\/p>\n\n\n\n<p class=\"wp-block-paragraph\">C\u2019est le diplomate cor\u00e9en Park Kyongsig, qui a d\u00e9marr\u00e9 ce ballet diplomatique. Park Kyongsig dit s\u2019inscrire dans la continuit\u00e9 des efforts d\u00e9ploy\u00e9s les plus hautes autorit\u00e9s des deux pays. Ainsi, il entend d\u00e9velopper de nouveaux axes de la coop\u00e9ration entre Lom\u00e9 et S\u00e9oul, notamment dans les domaines \u00e9conomique, du commerce, des investissements, de la technologie, de l\u2019\u00e9ducation et du d\u00e9veloppement durable.<\/p>\n\n\n\n<p class=\"wp-block-paragraph\">Re\u00e7u par le Pr\u00e9sident Faure Gnassingb\u00e9, Tanon Assielou F\u00e9lix, nouvel ambassadeur de la R\u00e9publique de C\u00f4te d\u2019Ivoire au Togo, a d\u00e9clin\u00e9 les m\u00e9canismes de renforcement et de diversification des relations d\u2019amiti\u00e9 et de coop\u00e9ration entre Lom\u00e9 et Abidjan. Ceci pour r\u00e9pondre aux nouveaux d\u00e9fis notamment le d\u00e9veloppement \u00e9conomique et la consolidation de l\u2019int\u00e9gration sous-r\u00e9gionale.<\/p>\n\n\n<div class=\"wp-block-image\">\n<figure class=\"aligncenter size-large is-resized\"><img loading=\"lazy\" decoding=\"async\" width=\"1024\" height=\"1024\" src=\"https:\/\/macite.tg\/wp-content\/uploads\/2025\/03\/OTR_TVM2-1024x1024.jpg\" alt=\"\" class=\"wp-image-20895\" style=\"width:486px;height:auto\" srcset=\"https:\/\/macite.tg\/wp-content\/uploads\/2025\/03\/OTR_TVM2-1024x1024.jpg 1024w, https:\/\/macite.tg\/wp-content\/uploads\/2025\/03\/OTR_TVM2-300x300.jpg 300w, https:\/\/macite.tg\/wp-content\/uploads\/2025\/03\/OTR_TVM2-150x150.jpg 150w, https:\/\/macite.tg\/wp-content\/uploads\/2025\/03\/OTR_TVM2-768x768.jpg 768w, https:\/\/macite.tg\/wp-content\/uploads\/2025\/03\/OTR_TVM2-1536x1536.jpg 1536w, https:\/\/macite.tg\/wp-content\/uploads\/2025\/03\/OTR_TVM2-122x122.jpg 122w, https:\/\/macite.tg\/wp-content\/uploads\/2025\/03\/OTR_TVM2.jpg 1600w\" sizes=\"auto, (max-width: 1024px) 100vw, 1024px\" \/><\/figure>\n<\/div>\n\n\n<p class=\"wp-block-paragraph\">Monsieur Salih Alkouni Kanduweesh Mohammed est le nouveau visage de la diplomatie libyenne au Togo. Le diplomate libyen a t\u00e9moign\u00e9 la volont\u00e9 commune des deux \u00c9tats \u00e0 raffermir leurs liens de coop\u00e9ration et explorer de nouvelles opportunit\u00e9s de partenariat.<\/p>\n\n\n\n<p class=\"wp-block-paragraph\">Profitant de ce premier entretien avec le leader togolais, le diplomate de la Libye a saisi l\u2019occasion pour discuter des questions de paix et de de s\u00e9curit\u00e9 sur le continent.<\/p>\n\n\n\n<p class=\"wp-block-paragraph\">Le Nonce Apostolique Ruben Ruiz a pr\u00e9sent\u00e9 \u00e9galement ses lettres de cr\u00e9ance au chef de l\u2019Etat, vendredi 28 mars dernier. Il a transmis au Pr\u00e9sident Faure les salutations du Souverain Pontife, et abord\u00e9, avec le leader togolais, des sujets relatifs au partenariat entre Rome et Lom\u00e9. Plusieurs domaines sont en ligne de mire de cette coop\u00e9ration, notamment l\u2019\u00e9ducation, la sant\u00e9, la coh\u00e9sion sociale, la consolidation de la paix et le d\u00e9veloppement spirituel.<\/p>\n\n\n<div class=\"wp-block-image\">\n<figure class=\"aligncenter size-full\"><img loading=\"lazy\" decoding=\"async\" width=\"851\" height=\"315\" src=\"https:\/\/macite.tg\/wp-content\/uploads\/2025\/03\/OTR_Ferer-pour-batir-1-2.jpg\" alt=\"\" class=\"wp-image-21010\" srcset=\"https:\/\/macite.tg\/wp-content\/uploads\/2025\/03\/OTR_Ferer-pour-batir-1-2.jpg 851w, https:\/\/macite.tg\/wp-content\/uploads\/2025\/03\/OTR_Ferer-pour-batir-1-2-300x111.jpg 300w, https:\/\/macite.tg\/wp-content\/uploads\/2025\/03\/OTR_Ferer-pour-batir-1-2-768x284.jpg 768w\" sizes=\"auto, (max-width: 851px) 100vw, 851px\" \/><\/figure>\n<\/div>\n\n\n<p class=\"wp-block-paragraph\">La coop\u00e9ration entre Lom\u00e9 et Alger est d\u00e9sormais assur\u00e9e, c\u00f4t\u00e9 alg\u00e9rien, par l\u2019ambassadeur Mezoued Hocine. Le nouveau diplomate s\u2019est engag\u00e9 \u00e0 \u0153uvrer pour l\u2019am\u00e9lioration constante des relations diplomatiques entre Lom\u00e9 et Alger, et \u00e0 assurer un renouveau du partenariat entre les deux pays, ceci dans les domaines divers tels que l\u2019\u00e9conomie, l\u2019\u00e9ducation et la formation professionnelle.<\/p>\n\n\n\n<p class=\"wp-block-paragraph\">Le Japon a un nouvel ambassadeur pr\u00e8s de la R\u00e9publique togolaise. Il s\u2019agit de Gomakubo Junji&nbsp;; qui a clos le ballet diplomatique vendredi dernier. Le diplomate nippon s\u2019est engag\u00e9 \u00e0 approfondir davantage les liens de coop\u00e9ration bilat\u00e9rale bas\u00e9e sur le partenariat public-priv\u00e9 dans les secteurs de la s\u00e9curit\u00e9, des infrastructures, de l\u2019innovation technologique, de l\u2019industrie, des investissements, de la formation professionnelle et de la s\u00e9curit\u00e9 alimentaire.<\/p>\n\n\n<div class=\"wp-block-image\">\n<figure class=\"aligncenter size-large is-resized\"><img loading=\"lazy\" decoding=\"async\" width=\"1024\" height=\"1024\" src=\"https:\/\/macite.tg\/wp-content\/uploads\/2025\/03\/OTR_TVM-1024x1024.jpg\" alt=\"\" class=\"wp-image-20894\" style=\"width:474px;height:auto\" srcset=\"https:\/\/macite.tg\/wp-content\/uploads\/2025\/03\/OTR_TVM-1024x1024.jpg 1024w, https:\/\/macite.tg\/wp-content\/uploads\/2025\/03\/OTR_TVM-300x300.jpg 300w, https:\/\/macite.tg\/wp-content\/uploads\/2025\/03\/OTR_TVM-150x150.jpg 150w, https:\/\/macite.tg\/wp-content\/uploads\/2025\/03\/OTR_TVM-768x768.jpg 768w, https:\/\/macite.tg\/wp-content\/uploads\/2025\/03\/OTR_TVM-1536x1536.jpg 1536w, https:\/\/macite.tg\/wp-content\/uploads\/2025\/03\/OTR_TVM-122x122.jpg 122w, https:\/\/macite.tg\/wp-content\/uploads\/2025\/03\/OTR_TVM.jpg 1600w\" sizes=\"auto, (max-width: 1024px) 100vw, 1024px\" \/><\/figure>\n<\/div>\n\n\n<p class=\"wp-block-paragraph\">Notons que le Pr\u00e9sident Faure Gnassingb\u00e9 en recevant toutes ces lettres de cr\u00e9ances a fait montre de sa volont\u00e9 d\u2019ouverture et de diversification des relations de partenariat avec tous les pays, orient\u00e9es ces derni\u00e8res ann\u00e9es vers la coop\u00e9ration \u00e9conomique gagnant-gagnant, la promotion de la paix, la stabilit\u00e9, la bonne gouvernance, la d\u00e9mocratie et le d\u00e9veloppement durable.<\/p>\n\n\n\n<p class=\"wp-block-paragraph\">Rappelons que la veille, le jeudi 28 mars, une c\u00e9r\u00e9monie de pr\u00e9sentation des lettres de cr\u00e9ances a eu lieu \u00e0 la Pr\u00e9sidece de la R\u00e9pulique. Elle a concern\u00e9 les repr\u00e9sentants des missions diplomatiques de la Guin\u00e9e, du Mali, du Gabon et du Rwanda.<br><strong>Mab\u00e9 B.<\/strong><\/p>\n\n\n\n<p class=\"wp-block-paragraph\"><strong><em>@macite.tg&nbsp;&nbsp;&nbsp;&nbsp;&nbsp;&nbsp;&nbsp;&nbsp;<\/em><\/strong><\/p>\n\n\n\n<p class=\"wp-block-paragraph\"><strong><em>E-mail&nbsp;: <\/em><\/strong><a href=\"mailto:maciteinfo@gmail.com\"><strong><em>maciteinfo@gmail.com<\/em><\/strong><\/a><strong><em>; <\/em><\/strong><a href=\"mailto:bawela1@gmail.com\"><strong><em>bawela1@gmail.com<\/em><\/strong><\/a><strong><em><\/em><\/strong><\/p>\n\n\n\n<p class=\"wp-block-paragraph\"><strong><em>Pour vos annonces, (publi)reportages, etc., joignez-nous au (00228)91515309\/<strong>79872224 <\/strong>www.macite.tg, L\u2019information, la bonne&nbsp;!<\/em><\/strong><\/p>\n\n\n\n<p class=\"wp-block-paragraph\"><\/p>\n","protected":false},"excerpt":{"rendered":"<p class=\"text-justify mb-2\" >Un ballet diplomatique s\u2019est d\u00e9roul\u00e9, le vendredi 28 mars dernier, \u00e0 Lom\u00e9. Six nouveaux ambassadeurs ont pr\u00e9sent\u00e9 leurs lettres de cr\u00e9ances au Chef de l\u2019Etat, Faure Essozimna Gnassingb\u00e9. L\u2019Alg\u00e9rie, la Cor\u00e9e, la C\u00f4te d\u2019Ivoire, la Libye, le Vatican, et le Japon ont de nouveaux ambassadeurs [&hellip;]<\/p>\n","protected":false},"author":2,"featured_media":21050,"comment_status":"open","ping_status":"open","sticky":false,"template":"","format":"standard","meta":{"footnotes":""},"categories":[20,8],"tags":[],"class_list":["post-21049","post","type-post","status-publish","format-standard","has-post-thumbnail","hentry","category-actualite","category-diplomatie"],"yoast_head":"<!-- This site is optimized with the Yoast SEO plugin v28.4 - https:\/\/yoast.com\/product\/yoast-seo-wordpress\/ -->\n<title>DIPLOMATIE\u00a0: Six (06) nouveaux ambassadeurs re\u00e7us par Faure Gnassingb\u00e9 le vendredi 29 mars -<\/title>\n<meta name=\"robots\" content=\"index, follow, max-snippet:-1, max-image-preview:large, max-video-preview:-1\" \/>\n<link rel=\"canonical\" href=\"https:\/\/macite.tg\/?p=21049\" \/>\n<meta property=\"og:locale\" content=\"fr_FR\" \/>\n<meta property=\"og:type\" content=\"article\" \/>\n<meta property=\"og:title\" content=\"DIPLOMATIE\u00a0: Six (06) nouveaux ambassadeurs re\u00e7us par Faure Gnassingb\u00e9 le vendredi 29 mars -\" \/>\n<meta property=\"og:description\" content=\"Un ballet diplomatique s\u2019est d\u00e9roul\u00e9, le vendredi 28 mars dernier, \u00e0 Lom\u00e9. Six nouveaux ambassadeurs ont pr\u00e9sent\u00e9 leurs lettres de cr\u00e9ances au Chef de l\u2019Etat, Faure Essozimna Gnassingb\u00e9. L\u2019Alg\u00e9rie, la Cor\u00e9e, la C\u00f4te d\u2019Ivoire, la Libye, le Vatican, et le Japon ont de nouveaux ambassadeurs [&hellip;]\" \/>\n<meta property=\"og:url\" content=\"https:\/\/macite.tg\/?p=21049\" \/>\n<meta property=\"article:published_time\" content=\"2025-03-31T14:10:24+00:00\" \/>\n<meta property=\"article:modified_time\" content=\"2025-03-31T14:32:30+00:00\" \/>\n<meta property=\"og:image\" content=\"https:\/\/macite.tg\/wp-content\/uploads\/2025\/03\/6-nouveaux-ambassadeurs.jpg\" \/>\n\t<meta property=\"og:image:width\" content=\"500\" \/>\n\t<meta property=\"og:image:height\" content=\"209\" \/>\n\t<meta property=\"og:image:type\" content=\"image\/jpeg\" \/>\n<meta name=\"author\" content=\"Jean Pierre BAWELA\" \/>\n<meta name=\"twitter:card\" content=\"summary_large_image\" \/>\n<meta name=\"twitter:label1\" content=\"\u00c9crit par\" \/>\n\t<meta name=\"twitter:data1\" content=\"Jean Pierre BAWELA\" \/>\n\t<meta name=\"twitter:label2\" content=\"Dur\u00e9e de lecture estim\u00e9e\" \/>\n\t<meta name=\"twitter:data2\" content=\"4 minutes\" \/>\n<script type=\"application\/ld+json\" class=\"yoast-schema-graph\">{\"@context\":\"https:\\\/\\\/schema.org\",\"@graph\":[{\"@type\":\"Article\",\"@id\":\"https:\\\/\\\/macite.tg\\\/?p=21049#article\",\"isPartOf\":{\"@id\":\"https:\\\/\\\/macite.tg\\\/?p=21049\"},\"author\":{\"name\":\"Jean Pierre BAWELA\",\"@id\":\"https:\\\/\\\/macite.tg\\\/#\\\/schema\\\/person\\\/e9f2de7e5dbbe7770a9402c7ce82f5c2\"},\"headline\":\"DIPLOMATIE\u00a0: Six (06) nouveaux ambassadeurs re\u00e7us par Faure Gnassingb\u00e9 le vendredi 29 mars\",\"datePublished\":\"2025-03-31T14:10:24+00:00\",\"dateModified\":\"2025-03-31T14:32:30+00:00\",\"mainEntityOfPage\":{\"@id\":\"https:\\\/\\\/macite.tg\\\/?p=21049\"},\"wordCount\":659,\"commentCount\":0,\"image\":{\"@id\":\"https:\\\/\\\/macite.tg\\\/?p=21049#primaryimage\"},\"thumbnailUrl\":\"https:\\\/\\\/macite.tg\\\/wp-content\\\/uploads\\\/2025\\\/03\\\/6-nouveaux-ambassadeurs.jpg\",\"articleSection\":[\"ACTUALITE\",\"DIPLOMATIE\"],\"inLanguage\":\"fr-FR\",\"potentialAction\":[{\"@type\":\"CommentAction\",\"name\":\"Comment\",\"target\":[\"https:\\\/\\\/macite.tg\\\/?p=21049#respond\"]}]},{\"@type\":\"WebPage\",\"@id\":\"https:\\\/\\\/macite.tg\\\/?p=21049\",\"url\":\"https:\\\/\\\/macite.tg\\\/?p=21049\",\"name\":\"DIPLOMATIE\u00a0: Six (06) nouveaux ambassadeurs re\u00e7us par Faure Gnassingb\u00e9 le vendredi 29 mars -\",\"isPartOf\":{\"@id\":\"https:\\\/\\\/macite.tg\\\/#website\"},\"primaryImageOfPage\":{\"@id\":\"https:\\\/\\\/macite.tg\\\/?p=21049#primaryimage\"},\"image\":{\"@id\":\"https:\\\/\\\/macite.tg\\\/?p=21049#primaryimage\"},\"thumbnailUrl\":\"https:\\\/\\\/macite.tg\\\/wp-content\\\/uploads\\\/2025\\\/03\\\/6-nouveaux-ambassadeurs.jpg\",\"datePublished\":\"2025-03-31T14:10:24+00:00\",\"dateModified\":\"2025-03-31T14:32:30+00:00\",\"author\":{\"@id\":\"https:\\\/\\\/macite.tg\\\/#\\\/schema\\\/person\\\/e9f2de7e5dbbe7770a9402c7ce82f5c2\"},\"breadcrumb\":{\"@id\":\"https:\\\/\\\/macite.tg\\\/?p=21049#breadcrumb\"},\"inLanguage\":\"fr-FR\",\"potentialAction\":[{\"@type\":\"ReadAction\",\"target\":[\"https:\\\/\\\/macite.tg\\\/?p=21049\"]}]},{\"@type\":\"ImageObject\",\"inLanguage\":\"fr-FR\",\"@id\":\"https:\\\/\\\/macite.tg\\\/?p=21049#primaryimage\",\"url\":\"https:\\\/\\\/macite.tg\\\/wp-content\\\/uploads\\\/2025\\\/03\\\/6-nouveaux-ambassadeurs.jpg\",\"contentUrl\":\"https:\\\/\\\/macite.tg\\\/wp-content\\\/uploads\\\/2025\\\/03\\\/6-nouveaux-ambassadeurs.jpg\",\"width\":500,\"height\":209},{\"@type\":\"BreadcrumbList\",\"@id\":\"https:\\\/\\\/macite.tg\\\/?p=21049#breadcrumb\",\"itemListElement\":[{\"@type\":\"ListItem\",\"position\":1,\"name\":\"Accueil\",\"item\":\"https:\\\/\\\/macite.tg\\\/\"},{\"@type\":\"ListItem\",\"position\":2,\"name\":\"DIPLOMATIE\u00a0: Six (06) nouveaux ambassadeurs re\u00e7us par Faure Gnassingb\u00e9 le vendredi 29 mars\"}]},{\"@type\":\"WebSite\",\"@id\":\"https:\\\/\\\/macite.tg\\\/#website\",\"url\":\"https:\\\/\\\/macite.tg\\\/\",\"name\":\"\",\"description\":\"L&#039;information, la bonne!!!\",\"potentialAction\":[{\"@type\":\"SearchAction\",\"target\":{\"@type\":\"EntryPoint\",\"urlTemplate\":\"https:\\\/\\\/macite.tg\\\/?s={search_term_string}\"},\"query-input\":{\"@type\":\"PropertyValueSpecification\",\"valueRequired\":true,\"valueName\":\"search_term_string\"}}],\"inLanguage\":\"fr-FR\"},{\"@type\":\"Person\",\"@id\":\"https:\\\/\\\/macite.tg\\\/#\\\/schema\\\/person\\\/e9f2de7e5dbbe7770a9402c7ce82f5c2\",\"name\":\"Jean Pierre BAWELA\",\"image\":{\"@type\":\"ImageObject\",\"inLanguage\":\"fr-FR\",\"@id\":\"https:\\\/\\\/macite.tg\\\/wp-content\\\/uploads\\\/2023\\\/09\\\/WhatsApp-Image-2023-09-19-at-14.44.41-122x122.jpeg\",\"url\":\"https:\\\/\\\/macite.tg\\\/wp-content\\\/uploads\\\/2023\\\/09\\\/WhatsApp-Image-2023-09-19-at-14.44.41-122x122.jpeg\",\"contentUrl\":\"https:\\\/\\\/macite.tg\\\/wp-content\\\/uploads\\\/2023\\\/09\\\/WhatsApp-Image-2023-09-19-at-14.44.41-122x122.jpeg\",\"caption\":\"Jean Pierre BAWELA\"},\"url\":\"https:\\\/\\\/macite.tg\\\/?author=2\"}]}<\/script>\n<!-- \/ Yoast SEO plugin. -->","yoast_head_json":{"title":"DIPLOMATIE\u00a0: Six (06) nouveaux ambassadeurs re\u00e7us par Faure Gnassingb\u00e9 le vendredi 29 mars -","robots":{"index":"index","follow":"follow","max-snippet":"max-snippet:-1","max-image-preview":"max-image-preview:large","max-video-preview":"max-video-preview:-1"},"canonical":"https:\/\/macite.tg\/?p=21049","og_locale":"fr_FR","og_type":"article","og_title":"DIPLOMATIE\u00a0: Six (06) nouveaux ambassadeurs re\u00e7us par Faure Gnassingb\u00e9 le vendredi 29 mars -","og_description":"Un ballet diplomatique s\u2019est d\u00e9roul\u00e9, le vendredi 28 mars dernier, \u00e0 Lom\u00e9. Six nouveaux ambassadeurs ont pr\u00e9sent\u00e9 leurs lettres de cr\u00e9ances au Chef de l\u2019Etat, Faure Essozimna Gnassingb\u00e9. L\u2019Alg\u00e9rie, la Cor\u00e9e, la C\u00f4te d\u2019Ivoire, la Libye, le Vatican, et le Japon ont de nouveaux ambassadeurs [&hellip;]","og_url":"https:\/\/macite.tg\/?p=21049","article_published_time":"2025-03-31T14:10:24+00:00","article_modified_time":"2025-03-31T14:32:30+00:00","og_image":[{"width":500,"height":209,"url":"https:\/\/macite.tg\/wp-content\/uploads\/2025\/03\/6-nouveaux-ambassadeurs.jpg","type":"image\/jpeg"}],"author":"Jean Pierre BAWELA","twitter_card":"summary_large_image","twitter_misc":{"\u00c9crit par":"Jean Pierre BAWELA","Dur\u00e9e de lecture estim\u00e9e":"4 minutes"},"schema":{"@context":"https:\/\/schema.org","@graph":[{"@type":"Article","@id":"https:\/\/macite.tg\/?p=21049#article","isPartOf":{"@id":"https:\/\/macite.tg\/?p=21049"},"author":{"name":"Jean Pierre BAWELA","@id":"https:\/\/macite.tg\/#\/schema\/person\/e9f2de7e5dbbe7770a9402c7ce82f5c2"},"headline":"DIPLOMATIE\u00a0: Six (06) nouveaux ambassadeurs re\u00e7us par Faure Gnassingb\u00e9 le vendredi 29 mars","datePublished":"2025-03-31T14:10:24+00:00","dateModified":"2025-03-31T14:32:30+00:00","mainEntityOfPage":{"@id":"https:\/\/macite.tg\/?p=21049"},"wordCount":659,"commentCount":0,"image":{"@id":"https:\/\/macite.tg\/?p=21049#primaryimage"},"thumbnailUrl":"https:\/\/macite.tg\/wp-content\/uploads\/2025\/03\/6-nouveaux-ambassadeurs.jpg","articleSection":["ACTUALITE","DIPLOMATIE"],"inLanguage":"fr-FR","potentialAction":[{"@type":"CommentAction","name":"Comment","target":["https:\/\/macite.tg\/?p=21049#respond"]}]},{"@type":"WebPage","@id":"https:\/\/macite.tg\/?p=21049","url":"https:\/\/macite.tg\/?p=21049","name":"DIPLOMATIE\u00a0: Six (06) nouveaux ambassadeurs re\u00e7us par Faure Gnassingb\u00e9 le vendredi 29 mars -","isPartOf":{"@id":"https:\/\/macite.tg\/#website"},"primaryImageOfPage":{"@id":"https:\/\/macite.tg\/?p=21049#primaryimage"},"image":{"@id":"https:\/\/macite.tg\/?p=21049#primaryimage"},"thumbnailUrl":"https:\/\/macite.tg\/wp-content\/uploads\/2025\/03\/6-nouveaux-ambassadeurs.jpg","datePublished":"2025-03-31T14:10:24+00:00","dateModified":"2025-03-31T14:32:30+00:00","author":{"@id":"https:\/\/macite.tg\/#\/schema\/person\/e9f2de7e5dbbe7770a9402c7ce82f5c2"},"breadcrumb":{"@id":"https:\/\/macite.tg\/?p=21049#breadcrumb"},"inLanguage":"fr-FR","potentialAction":[{"@type":"ReadAction","target":["https:\/\/macite.tg\/?p=21049"]}]},{"@type":"ImageObject","inLanguage":"fr-FR","@id":"https:\/\/macite.tg\/?p=21049#primaryimage","url":"https:\/\/macite.tg\/wp-content\/uploads\/2025\/03\/6-nouveaux-ambassadeurs.jpg","contentUrl":"https:\/\/macite.tg\/wp-content\/uploads\/2025\/03\/6-nouveaux-ambassadeurs.jpg","width":500,"height":209},{"@type":"BreadcrumbList","@id":"https:\/\/macite.tg\/?p=21049#breadcrumb","itemListElement":[{"@type":"ListItem","position":1,"name":"Accueil","item":"https:\/\/macite.tg\/"},{"@type":"ListItem","position":2,"name":"DIPLOMATIE\u00a0: Six (06) nouveaux ambassadeurs re\u00e7us par Faure Gnassingb\u00e9 le vendredi 29 mars"}]},{"@type":"WebSite","@id":"https:\/\/macite.tg\/#website","url":"https:\/\/macite.tg\/","name":"","description":"L&#039;information, la bonne!!!","potentialAction":[{"@type":"SearchAction","target":{"@type":"EntryPoint","urlTemplate":"https:\/\/macite.tg\/?s={search_term_string}"},"query-input":{"@type":"PropertyValueSpecification","valueRequired":true,"valueName":"search_term_string"}}],"inLanguage":"fr-FR"},{"@type":"Person","@id":"https:\/\/macite.tg\/#\/schema\/person\/e9f2de7e5dbbe7770a9402c7ce82f5c2","name":"Jean Pierre BAWELA","image":{"@type":"ImageObject","inLanguage":"fr-FR","@id":"https:\/\/macite.tg\/wp-content\/uploads\/2023\/09\/WhatsApp-Image-2023-09-19-at-14.44.41-122x122.jpeg","url":"https:\/\/macite.tg\/wp-content\/uploads\/2023\/09\/WhatsApp-Image-2023-09-19-at-14.44.41-122x122.jpeg","contentUrl":"https:\/\/macite.tg\/wp-content\/uploads\/2023\/09\/WhatsApp-Image-2023-09-19-at-14.44.41-122x122.jpeg","caption":"Jean Pierre BAWELA"},"url":"https:\/\/macite.tg\/?author=2"}]}},"_links":{"self":[{"href":"https:\/\/macite.tg\/index.php?rest_route=\/wp\/v2\/posts\/21049","targetHints":{"allow":["GET"]}}],"collection":[{"href":"https:\/\/macite.tg\/index.php?rest_route=\/wp\/v2\/posts"}],"about":[{"href":"https:\/\/macite.tg\/index.php?rest_route=\/wp\/v2\/types\/post"}],"author":[{"embeddable":true,"href":"https:\/\/macite.tg\/index.php?rest_route=\/wp\/v2\/users\/2"}],"replies":[{"embeddable":true,"href":"https:\/\/macite.tg\/index.php?rest_route=%2Fwp%2Fv2%2Fcomments&post=21049"}],"version-history":[{"count":0,"href":"https:\/\/macite.tg\/index.php?rest_route=\/wp\/v2\/posts\/21049\/revisions"}],"wp:featuredmedia":[{"embeddable":true,"href":"https:\/\/macite.tg\/index.php?rest_route=\/wp\/v2\/media\/21050"}],"wp:attachment":[{"href":"https:\/\/macite.tg\/index.php?rest_route=%2Fwp%2Fv2%2Fmedia&parent=21049"}],"wp:term":[{"taxonomy":"category","embeddable":true,"href":"https:\/\/macite.tg\/index.php?rest_route=%2Fwp%2Fv2%2Fcategories&post=21049"},{"taxonomy":"post_tag","embeddable":true,"href":"https:\/\/macite.tg\/index.php?rest_route=%2Fwp%2Fv2%2Ftags&post=21049"}],"curies":[{"name":"wp","href":"https:\/\/api.w.org\/{rel}","templated":true}]}}