{"id":21042,"date":"2025-03-31T12:43:00","date_gmt":"2025-03-31T12:43:00","guid":{"rendered":"https:\/\/macite.tg\/?p=21042"},"modified":"2025-03-31T12:49:43","modified_gmt":"2025-03-31T12:49:43","slug":"conflit-au-rdc-pourquoi-larmee-congolaise-ne-fait-pas-le-poids-face-au-m23","status":"publish","type":"post","link":"https:\/\/macite.tg\/?p=21042","title":{"rendered":"CONFLIT EN RDC\u00a0: Pourquoi l&rsquo;arm\u00e9e congolaise ne fait pas le poids face au M23"},"content":{"rendered":"\n<p class=\"wp-block-paragraph\"><strong><em>En RDC, la \u00ab\u00a0riposte vigoureuse\u00a0\u00bb promise par le pr\u00e9sident congolais F\u00e9lix Tshisekedi se fait encore attendre. Selon le groupe de r\u00e9flexion International Institute for Strategic Studies, l&rsquo;arm\u00e9e congolaise (FARDC) comptait environ 135.000 soldats en 2022, un effectif qui a depuis augment\u00e9.<\/em><\/strong><\/p>\n\n\n\n<p class=\"wp-block-paragraph\"><em>\u00ab&nbsp;L&rsquo;arm\u00e9e a d\u00e9velopp\u00e9 une vie propre&nbsp;\u00bb,<\/em> d\u00e9clare \u00e9galement Ciaran Wrons-Passmann, directeur du R\u00e9seau \u0153cum\u00e9nique allemand pour l&rsquo;Afrique centrale (\u00d6NZ). <em>\u00ab&nbsp;Elle est devenue un \u00ab\u00a0self-service\u00a0\u00bb dans lequel les dirigeants peuvent s&rsquo;enrichir&nbsp;\u00bb<\/em>, poursuit-il lors d\u2019une interview accord\u00e9e \u00e0 la DW.<\/p>\n\n\n\n<p class=\"wp-block-paragraph\"><strong>Les mercenaires sont mieux pay\u00e9s que les soldats<\/strong><\/p>\n\n\n\n<p class=\"wp-block-paragraph\">Les simples soldats, tr\u00e8s modestement pay\u00e9s, re\u00e7oivent environ 100 dollars par mois &#8211; rapporte l&rsquo;agence de presse Reuters. Pire encore, <em>\u00ab&nbsp;il n&rsquo;est pas rare qu&rsquo;ils repartent les mains vides&nbsp;\u00bb,<\/em> d\u00e9taille Jacob Kerstan. Et dans le m\u00eame temps, <em>\u00ab&nbsp;les mercenaires d&rsquo;Europe de l&rsquo;Est ont re\u00e7u des dizaines de milliers d&rsquo;euros par mois&nbsp;\u00bb.<\/em><\/p>\n\n\n<div class=\"wp-block-image\">\n<figure class=\"aligncenter size-large is-resized\"><img loading=\"lazy\" decoding=\"async\" width=\"1024\" height=\"1024\" src=\"https:\/\/macite.tg\/wp-content\/uploads\/2025\/03\/OTR_TVM2-1024x1024.jpg\" alt=\"\" class=\"wp-image-20895\" style=\"width:516px;height:auto\" srcset=\"https:\/\/macite.tg\/wp-content\/uploads\/2025\/03\/OTR_TVM2-1024x1024.jpg 1024w, https:\/\/macite.tg\/wp-content\/uploads\/2025\/03\/OTR_TVM2-300x300.jpg 300w, https:\/\/macite.tg\/wp-content\/uploads\/2025\/03\/OTR_TVM2-150x150.jpg 150w, https:\/\/macite.tg\/wp-content\/uploads\/2025\/03\/OTR_TVM2-768x768.jpg 768w, https:\/\/macite.tg\/wp-content\/uploads\/2025\/03\/OTR_TVM2-1536x1536.jpg 1536w, https:\/\/macite.tg\/wp-content\/uploads\/2025\/03\/OTR_TVM2-122x122.jpg 122w, https:\/\/macite.tg\/wp-content\/uploads\/2025\/03\/OTR_TVM2.jpg 1600w\" sizes=\"auto, (max-width: 1024px) 100vw, 1024px\" \/><\/figure>\n<\/div>\n\n\n<p class=\"wp-block-paragraph\">Les conflits internes sont d\u2019autant plus in\u00e9vitables, qu&rsquo;il est difficile de se fier les uns aux autres. <em>\u00ab&nbsp;Parfois, on travaille avec d&rsquo;autres acteurs que l&rsquo;on consid\u00e8re comme plus int\u00e9ressants. Cela sape l&rsquo;esprit de corps&nbsp;\u00bb,<\/em> explique Ciaran Wrons-Passmann.<\/p>\n\n\n\n<p class=\"wp-block-paragraph\">Avec les successeurs de Mobutu Sese Soko, Laurent Kabila et son fils Joseph, l&rsquo;arm\u00e9e a ensuite \u00e9t\u00e9 infiltr\u00e9e, notamment par le Rwanda. Dans une interview accord\u00e9e \u00e0 la DW d\u00e9but mars, Patrick Muyaya, porte-parole du gouvernement et ministre des m\u00e9dias de la RDC expliquait ce point.<\/p>\n\n\n\n<p class=\"wp-block-paragraph\"><em>\u00ab&nbsp;N&rsquo;oubliez pas qu&rsquo;apr\u00e8s le renversement de Mobutu, cette arm\u00e9e \u00e9tait dirig\u00e9e par James Kabarebe, un militaire rwandais qui est aujourd&rsquo;hui sanctionn\u00e9 par les Etats-Unis&nbsp;\u00bb.<\/em> Il faisait ainsi r\u00e9f\u00e9rence \u00e0 la phase de conflits entre 1996 et 2003, que l&rsquo;on appelle g\u00e9n\u00e9ralement aujourd&rsquo;hui la premi\u00e8re et la deuxi\u00e8me guerres du Congo.<\/p>\n\n\n\n<p class=\"wp-block-paragraph\"><em>\u00ab\u00a0Apr\u00e8s l&rsquo;accord de Sun City, nous avons m\u00e9lang\u00e9 tous ces militaires qui venaient du c\u00f4t\u00e9 rwandais. Si vous m\u00e9langez tout, cela devient tr\u00e8s compliqu\u00e9\u00a0\u00bb,<\/em> soulignait Patrick Muyaya.<\/p>\n\n\n\n<p class=\"wp-block-paragraph\">De son c\u00f4t\u00e9, le pr\u00e9sident F\u00e9lix Tshisekedi accuse l&rsquo;arm\u00e9e d&rsquo;avoir \u00e9t\u00e9 <em>\u00ab&nbsp;trahie de l&rsquo;int\u00e9rieur&nbsp;\u00bb. \u00ab&nbsp;Mon pr\u00e9d\u00e9cesseur a \u00e9t\u00e9 au pouvoir pendant 18 ans sans reconstruire l&rsquo;arm\u00e9e&nbsp;\u00bb<\/em> a d\u00e9clar\u00e9 le chef d&rsquo;Etat au New York Times. Certains membres des forces arm\u00e9es manquent de <em>\u00ab\u00a0sens du devoir\u00a0\u00bb<\/em> envers la nation, conclut le bureau de F\u00e9lix Tshisekedi.<\/p>\n\n\n\n<figure class=\"wp-block-image size-full\"><img loading=\"lazy\" decoding=\"async\" width=\"851\" height=\"315\" src=\"https:\/\/macite.tg\/wp-content\/uploads\/2025\/03\/OTR_Ferer-pour-batir-1-2.jpg\" alt=\"\" class=\"wp-image-21010\" srcset=\"https:\/\/macite.tg\/wp-content\/uploads\/2025\/03\/OTR_Ferer-pour-batir-1-2.jpg 851w, https:\/\/macite.tg\/wp-content\/uploads\/2025\/03\/OTR_Ferer-pour-batir-1-2-300x111.jpg 300w, https:\/\/macite.tg\/wp-content\/uploads\/2025\/03\/OTR_Ferer-pour-batir-1-2-768x284.jpg 768w\" sizes=\"auto, (max-width: 851px) 100vw, 851px\" \/><\/figure>\n\n\n\n<p class=\"wp-block-paragraph\"><em>\u00ab&nbsp;C&rsquo;est aussi la raison pour laquelle le gouvernement est aujourd&rsquo;hui si r\u00e9ticent \u00e0 n\u00e9gocier avec le M23. Parce qu&rsquo;ils ont peur d&rsquo;\u00eatre infiltr\u00e9s&nbsp;\u00bb,<\/em> r\u00e9sume Jakob Kerstan.<\/p>\n\n\n\n<p class=\"wp-block-paragraph\"><strong>\u00ab\u00a0Le M23 n&rsquo;existe pas\u00a0\u00bb<\/strong><\/p>\n\n\n\n<p class=\"wp-block-paragraph\">Et maintenant ? <em>\u00ab&nbsp;La R\u00e9publique d\u00e9mocratique du Congo travaille \u00e0 la r\u00e9forme des forces arm\u00e9es&nbsp;\u00bb, <\/em>rappelait Patrick Muyaya. Mais ces changements prennent du temps. <em>\u00ab&nbsp;Il ne faut pas croire qu&rsquo;on peut terminer toute la r\u00e9forme de l&rsquo;arm\u00e9e en cinq ans. Nous avons commenc\u00e9 \u00e0 le faire. Pourquoi pensez-vous que le pr\u00e9sident (rwandais) Paul Kagame a d\u00e9cid\u00e9 d&rsquo;attaquer et de mener cette guerre en RDC ? Parce qu&rsquo;il voit comment les choses \u00e9voluent&nbsp;\u00bb.<\/em><\/p>\n\n\n<div class=\"wp-block-image\">\n<figure class=\"aligncenter size-large is-resized\"><img loading=\"lazy\" decoding=\"async\" width=\"1024\" height=\"1024\" src=\"https:\/\/macite.tg\/wp-content\/uploads\/2025\/03\/OTR_TVM-1024x1024.jpg\" alt=\"\" class=\"wp-image-20894\" style=\"width:486px;height:auto\" srcset=\"https:\/\/macite.tg\/wp-content\/uploads\/2025\/03\/OTR_TVM-1024x1024.jpg 1024w, https:\/\/macite.tg\/wp-content\/uploads\/2025\/03\/OTR_TVM-300x300.jpg 300w, https:\/\/macite.tg\/wp-content\/uploads\/2025\/03\/OTR_TVM-150x150.jpg 150w, https:\/\/macite.tg\/wp-content\/uploads\/2025\/03\/OTR_TVM-768x768.jpg 768w, https:\/\/macite.tg\/wp-content\/uploads\/2025\/03\/OTR_TVM-1536x1536.jpg 1536w, https:\/\/macite.tg\/wp-content\/uploads\/2025\/03\/OTR_TVM-122x122.jpg 122w, https:\/\/macite.tg\/wp-content\/uploads\/2025\/03\/OTR_TVM.jpg 1600w\" sizes=\"auto, (max-width: 1024px) 100vw, 1024px\" \/><\/figure>\n<\/div>\n\n\n<p class=\"wp-block-paragraph\">Jusqu&rsquo;\u00e0 pr\u00e9sent, le Congo excluait strictement tout dialogue avec le mouvement rebelle, pour finalement y consentir avant le rendez-vous avort\u00e9 de Luanda, ce 18 mars. Plus encore : <em>\u00ab&nbsp;le M23 n&rsquo;existe pas&nbsp;\u00bb,<\/em> pointe Patrick Muyaya.<\/p>\n\n\n\n<p class=\"wp-block-paragraph\">Selon lui, ce groupe arm\u00e9 ne serait qu\u2019un pr\u00e9texte cr\u00e9\u00e9 par le Rwanda pour mettre la main sur les mati\u00e8res premi\u00e8res congolaises. <em>\u00ab&nbsp;Ce n&rsquo;est pas le M23, c&rsquo;est l&rsquo;arm\u00e9e rwandaise. Le Rwanda est un tissu de mensonges&nbsp;\u00bb.<\/em><\/p>\n\n\n\n<p class=\"wp-block-paragraph\"><strong>Elo\u00efse Gosselin<\/strong><\/p>\n\n\n\n<p class=\"wp-block-paragraph\"><strong><em>@macite.tg&nbsp;&nbsp;&nbsp;&nbsp;&nbsp;&nbsp;&nbsp;&nbsp;<\/em><\/strong><\/p>\n\n\n\n<p class=\"wp-block-paragraph\"><strong><em>E-mail&nbsp;: <\/em><\/strong><a href=\"mailto:maciteinfo@gmail.com\"><strong><em>maciteinfo@gmail.com<\/em><\/strong><\/a><strong><em>; <\/em><\/strong><a href=\"mailto:bawela1@gmail.com\"><strong><em>bawela1@gmail.com<\/em><\/strong><\/a><strong><em><\/em><\/strong><\/p>\n\n\n\n<p class=\"wp-block-paragraph\"><strong><em>Pour vos annonces, (publi)reportages, etc., joignez-nous au (00228)91515309\/<strong>79872224 <\/strong>www.macite.tg, L\u2019information, la bonne&nbsp;!<\/em><\/strong><\/p>\n\n\n\n<p class=\"wp-block-paragraph\"><\/p>\n","protected":false},"excerpt":{"rendered":"<p class=\"text-justify mb-2\" >En RDC, la \u00ab\u00a0riposte vigoureuse\u00a0\u00bb promise par le pr\u00e9sident congolais F\u00e9lix Tshisekedi se fait encore attendre. Selon le groupe de r\u00e9flexion International Institute for Strategic Studies, l&rsquo;arm\u00e9e congolaise (FARDC) comptait environ 135.000 soldats en 2022, un effectif qui a depuis augment\u00e9. \u00ab&nbsp;L&rsquo;arm\u00e9e a d\u00e9velopp\u00e9 une [&hellip;]<\/p>\n","protected":false},"author":2,"featured_media":21043,"comment_status":"open","ping_status":"open","sticky":false,"template":"","format":"standard","meta":{"footnotes":""},"categories":[20,28],"tags":[],"class_list":["post-21042","post","type-post","status-publish","format-standard","has-post-thumbnail","hentry","category-actualite","category-securite"],"yoast_head":"<!-- This site is optimized with the Yoast SEO plugin v28.4 - https:\/\/yoast.com\/product\/yoast-seo-wordpress\/ -->\n<title>CONFLIT EN RDC\u00a0: Pourquoi l&#039;arm\u00e9e congolaise ne fait pas le poids face au M23 -<\/title>\n<meta name=\"robots\" content=\"index, follow, max-snippet:-1, max-image-preview:large, max-video-preview:-1\" \/>\n<link rel=\"canonical\" href=\"https:\/\/macite.tg\/?p=21042\" \/>\n<meta property=\"og:locale\" content=\"fr_FR\" \/>\n<meta property=\"og:type\" content=\"article\" \/>\n<meta property=\"og:title\" content=\"CONFLIT EN RDC\u00a0: Pourquoi l&#039;arm\u00e9e congolaise ne fait pas le poids face au M23 -\" \/>\n<meta property=\"og:description\" content=\"En RDC, la \u00ab\u00a0riposte vigoureuse\u00a0\u00bb promise par le pr\u00e9sident congolais F\u00e9lix Tshisekedi se fait encore attendre. Selon le groupe de r\u00e9flexion International Institute for Strategic Studies, l&rsquo;arm\u00e9e congolaise (FARDC) comptait environ 135.000 soldats en 2022, un effectif qui a depuis augment\u00e9. \u00ab&nbsp;L&rsquo;arm\u00e9e a d\u00e9velopp\u00e9 une [&hellip;]\" \/>\n<meta property=\"og:url\" content=\"https:\/\/macite.tg\/?p=21042\" \/>\n<meta property=\"article:published_time\" content=\"2025-03-31T12:43:00+00:00\" \/>\n<meta property=\"article:modified_time\" content=\"2025-03-31T12:49:43+00:00\" \/>\n<meta property=\"og:image\" content=\"https:\/\/macite.tg\/wp-content\/uploads\/2025\/03\/image-79.png\" \/>\n\t<meta property=\"og:image:width\" content=\"424\" \/>\n\t<meta property=\"og:image:height\" content=\"266\" \/>\n\t<meta property=\"og:image:type\" content=\"image\/png\" \/>\n<meta name=\"author\" content=\"Jean Pierre BAWELA\" \/>\n<meta name=\"twitter:card\" content=\"summary_large_image\" \/>\n<meta name=\"twitter:label1\" content=\"\u00c9crit par\" \/>\n\t<meta name=\"twitter:data1\" content=\"Jean Pierre BAWELA\" \/>\n\t<meta name=\"twitter:label2\" content=\"Dur\u00e9e de lecture estim\u00e9e\" \/>\n\t<meta name=\"twitter:data2\" content=\"4 minutes\" \/>\n<script type=\"application\/ld+json\" class=\"yoast-schema-graph\">{\"@context\":\"https:\\\/\\\/schema.org\",\"@graph\":[{\"@type\":\"Article\",\"@id\":\"https:\\\/\\\/macite.tg\\\/?p=21042#article\",\"isPartOf\":{\"@id\":\"https:\\\/\\\/macite.tg\\\/?p=21042\"},\"author\":{\"name\":\"Jean Pierre BAWELA\",\"@id\":\"https:\\\/\\\/macite.tg\\\/#\\\/schema\\\/person\\\/e9f2de7e5dbbe7770a9402c7ce82f5c2\"},\"headline\":\"CONFLIT EN RDC\u00a0: Pourquoi l&rsquo;arm\u00e9e congolaise ne fait pas le poids face au M23\",\"datePublished\":\"2025-03-31T12:43:00+00:00\",\"dateModified\":\"2025-03-31T12:49:43+00:00\",\"mainEntityOfPage\":{\"@id\":\"https:\\\/\\\/macite.tg\\\/?p=21042\"},\"wordCount\":698,\"commentCount\":0,\"image\":{\"@id\":\"https:\\\/\\\/macite.tg\\\/?p=21042#primaryimage\"},\"thumbnailUrl\":\"https:\\\/\\\/macite.tg\\\/wp-content\\\/uploads\\\/2025\\\/03\\\/image-79.png\",\"articleSection\":[\"ACTUALITE\",\"SECURITE\"],\"inLanguage\":\"fr-FR\",\"potentialAction\":[{\"@type\":\"CommentAction\",\"name\":\"Comment\",\"target\":[\"https:\\\/\\\/macite.tg\\\/?p=21042#respond\"]}]},{\"@type\":\"WebPage\",\"@id\":\"https:\\\/\\\/macite.tg\\\/?p=21042\",\"url\":\"https:\\\/\\\/macite.tg\\\/?p=21042\",\"name\":\"CONFLIT EN RDC\u00a0: Pourquoi l'arm\u00e9e congolaise ne fait pas le poids face au M23 -\",\"isPartOf\":{\"@id\":\"https:\\\/\\\/macite.tg\\\/#website\"},\"primaryImageOfPage\":{\"@id\":\"https:\\\/\\\/macite.tg\\\/?p=21042#primaryimage\"},\"image\":{\"@id\":\"https:\\\/\\\/macite.tg\\\/?p=21042#primaryimage\"},\"thumbnailUrl\":\"https:\\\/\\\/macite.tg\\\/wp-content\\\/uploads\\\/2025\\\/03\\\/image-79.png\",\"datePublished\":\"2025-03-31T12:43:00+00:00\",\"dateModified\":\"2025-03-31T12:49:43+00:00\",\"author\":{\"@id\":\"https:\\\/\\\/macite.tg\\\/#\\\/schema\\\/person\\\/e9f2de7e5dbbe7770a9402c7ce82f5c2\"},\"breadcrumb\":{\"@id\":\"https:\\\/\\\/macite.tg\\\/?p=21042#breadcrumb\"},\"inLanguage\":\"fr-FR\",\"potentialAction\":[{\"@type\":\"ReadAction\",\"target\":[\"https:\\\/\\\/macite.tg\\\/?p=21042\"]}]},{\"@type\":\"ImageObject\",\"inLanguage\":\"fr-FR\",\"@id\":\"https:\\\/\\\/macite.tg\\\/?p=21042#primaryimage\",\"url\":\"https:\\\/\\\/macite.tg\\\/wp-content\\\/uploads\\\/2025\\\/03\\\/image-79.png\",\"contentUrl\":\"https:\\\/\\\/macite.tg\\\/wp-content\\\/uploads\\\/2025\\\/03\\\/image-79.png\",\"width\":424,\"height\":266,\"caption\":\"L'arm\u00e9e congolaise sous \u00e9quip\u00e9e\"},{\"@type\":\"BreadcrumbList\",\"@id\":\"https:\\\/\\\/macite.tg\\\/?p=21042#breadcrumb\",\"itemListElement\":[{\"@type\":\"ListItem\",\"position\":1,\"name\":\"Accueil\",\"item\":\"https:\\\/\\\/macite.tg\\\/\"},{\"@type\":\"ListItem\",\"position\":2,\"name\":\"CONFLIT EN RDC\u00a0: Pourquoi l&rsquo;arm\u00e9e congolaise ne fait pas le poids face au M23\"}]},{\"@type\":\"WebSite\",\"@id\":\"https:\\\/\\\/macite.tg\\\/#website\",\"url\":\"https:\\\/\\\/macite.tg\\\/\",\"name\":\"\",\"description\":\"L&#039;information, la bonne!!!\",\"potentialAction\":[{\"@type\":\"SearchAction\",\"target\":{\"@type\":\"EntryPoint\",\"urlTemplate\":\"https:\\\/\\\/macite.tg\\\/?s={search_term_string}\"},\"query-input\":{\"@type\":\"PropertyValueSpecification\",\"valueRequired\":true,\"valueName\":\"search_term_string\"}}],\"inLanguage\":\"fr-FR\"},{\"@type\":\"Person\",\"@id\":\"https:\\\/\\\/macite.tg\\\/#\\\/schema\\\/person\\\/e9f2de7e5dbbe7770a9402c7ce82f5c2\",\"name\":\"Jean Pierre BAWELA\",\"image\":{\"@type\":\"ImageObject\",\"inLanguage\":\"fr-FR\",\"@id\":\"https:\\\/\\\/macite.tg\\\/wp-content\\\/uploads\\\/2023\\\/09\\\/WhatsApp-Image-2023-09-19-at-14.44.41-122x122.jpeg\",\"url\":\"https:\\\/\\\/macite.tg\\\/wp-content\\\/uploads\\\/2023\\\/09\\\/WhatsApp-Image-2023-09-19-at-14.44.41-122x122.jpeg\",\"contentUrl\":\"https:\\\/\\\/macite.tg\\\/wp-content\\\/uploads\\\/2023\\\/09\\\/WhatsApp-Image-2023-09-19-at-14.44.41-122x122.jpeg\",\"caption\":\"Jean Pierre BAWELA\"},\"url\":\"https:\\\/\\\/macite.tg\\\/?author=2\"}]}<\/script>\n<!-- \/ Yoast SEO plugin. -->","yoast_head_json":{"title":"CONFLIT EN RDC\u00a0: Pourquoi l'arm\u00e9e congolaise ne fait pas le poids face au M23 -","robots":{"index":"index","follow":"follow","max-snippet":"max-snippet:-1","max-image-preview":"max-image-preview:large","max-video-preview":"max-video-preview:-1"},"canonical":"https:\/\/macite.tg\/?p=21042","og_locale":"fr_FR","og_type":"article","og_title":"CONFLIT EN RDC\u00a0: Pourquoi l'arm\u00e9e congolaise ne fait pas le poids face au M23 -","og_description":"En RDC, la \u00ab\u00a0riposte vigoureuse\u00a0\u00bb promise par le pr\u00e9sident congolais F\u00e9lix Tshisekedi se fait encore attendre. Selon le groupe de r\u00e9flexion International Institute for Strategic Studies, l&rsquo;arm\u00e9e congolaise (FARDC) comptait environ 135.000 soldats en 2022, un effectif qui a depuis augment\u00e9. \u00ab&nbsp;L&rsquo;arm\u00e9e a d\u00e9velopp\u00e9 une [&hellip;]","og_url":"https:\/\/macite.tg\/?p=21042","article_published_time":"2025-03-31T12:43:00+00:00","article_modified_time":"2025-03-31T12:49:43+00:00","og_image":[{"width":424,"height":266,"url":"https:\/\/macite.tg\/wp-content\/uploads\/2025\/03\/image-79.png","type":"image\/png"}],"author":"Jean Pierre BAWELA","twitter_card":"summary_large_image","twitter_misc":{"\u00c9crit par":"Jean Pierre BAWELA","Dur\u00e9e de lecture estim\u00e9e":"4 minutes"},"schema":{"@context":"https:\/\/schema.org","@graph":[{"@type":"Article","@id":"https:\/\/macite.tg\/?p=21042#article","isPartOf":{"@id":"https:\/\/macite.tg\/?p=21042"},"author":{"name":"Jean Pierre BAWELA","@id":"https:\/\/macite.tg\/#\/schema\/person\/e9f2de7e5dbbe7770a9402c7ce82f5c2"},"headline":"CONFLIT EN RDC\u00a0: Pourquoi l&rsquo;arm\u00e9e congolaise ne fait pas le poids face au M23","datePublished":"2025-03-31T12:43:00+00:00","dateModified":"2025-03-31T12:49:43+00:00","mainEntityOfPage":{"@id":"https:\/\/macite.tg\/?p=21042"},"wordCount":698,"commentCount":0,"image":{"@id":"https:\/\/macite.tg\/?p=21042#primaryimage"},"thumbnailUrl":"https:\/\/macite.tg\/wp-content\/uploads\/2025\/03\/image-79.png","articleSection":["ACTUALITE","SECURITE"],"inLanguage":"fr-FR","potentialAction":[{"@type":"CommentAction","name":"Comment","target":["https:\/\/macite.tg\/?p=21042#respond"]}]},{"@type":"WebPage","@id":"https:\/\/macite.tg\/?p=21042","url":"https:\/\/macite.tg\/?p=21042","name":"CONFLIT EN RDC\u00a0: Pourquoi l'arm\u00e9e congolaise ne fait pas le poids face au M23 -","isPartOf":{"@id":"https:\/\/macite.tg\/#website"},"primaryImageOfPage":{"@id":"https:\/\/macite.tg\/?p=21042#primaryimage"},"image":{"@id":"https:\/\/macite.tg\/?p=21042#primaryimage"},"thumbnailUrl":"https:\/\/macite.tg\/wp-content\/uploads\/2025\/03\/image-79.png","datePublished":"2025-03-31T12:43:00+00:00","dateModified":"2025-03-31T12:49:43+00:00","author":{"@id":"https:\/\/macite.tg\/#\/schema\/person\/e9f2de7e5dbbe7770a9402c7ce82f5c2"},"breadcrumb":{"@id":"https:\/\/macite.tg\/?p=21042#breadcrumb"},"inLanguage":"fr-FR","potentialAction":[{"@type":"ReadAction","target":["https:\/\/macite.tg\/?p=21042"]}]},{"@type":"ImageObject","inLanguage":"fr-FR","@id":"https:\/\/macite.tg\/?p=21042#primaryimage","url":"https:\/\/macite.tg\/wp-content\/uploads\/2025\/03\/image-79.png","contentUrl":"https:\/\/macite.tg\/wp-content\/uploads\/2025\/03\/image-79.png","width":424,"height":266,"caption":"L'arm\u00e9e congolaise sous \u00e9quip\u00e9e"},{"@type":"BreadcrumbList","@id":"https:\/\/macite.tg\/?p=21042#breadcrumb","itemListElement":[{"@type":"ListItem","position":1,"name":"Accueil","item":"https:\/\/macite.tg\/"},{"@type":"ListItem","position":2,"name":"CONFLIT EN RDC\u00a0: Pourquoi l&rsquo;arm\u00e9e congolaise ne fait pas le poids face au M23"}]},{"@type":"WebSite","@id":"https:\/\/macite.tg\/#website","url":"https:\/\/macite.tg\/","name":"","description":"L&#039;information, la bonne!!!","potentialAction":[{"@type":"SearchAction","target":{"@type":"EntryPoint","urlTemplate":"https:\/\/macite.tg\/?s={search_term_string}"},"query-input":{"@type":"PropertyValueSpecification","valueRequired":true,"valueName":"search_term_string"}}],"inLanguage":"fr-FR"},{"@type":"Person","@id":"https:\/\/macite.tg\/#\/schema\/person\/e9f2de7e5dbbe7770a9402c7ce82f5c2","name":"Jean Pierre BAWELA","image":{"@type":"ImageObject","inLanguage":"fr-FR","@id":"https:\/\/macite.tg\/wp-content\/uploads\/2023\/09\/WhatsApp-Image-2023-09-19-at-14.44.41-122x122.jpeg","url":"https:\/\/macite.tg\/wp-content\/uploads\/2023\/09\/WhatsApp-Image-2023-09-19-at-14.44.41-122x122.jpeg","contentUrl":"https:\/\/macite.tg\/wp-content\/uploads\/2023\/09\/WhatsApp-Image-2023-09-19-at-14.44.41-122x122.jpeg","caption":"Jean Pierre BAWELA"},"url":"https:\/\/macite.tg\/?author=2"}]}},"_links":{"self":[{"href":"https:\/\/macite.tg\/index.php?rest_route=\/wp\/v2\/posts\/21042","targetHints":{"allow":["GET"]}}],"collection":[{"href":"https:\/\/macite.tg\/index.php?rest_route=\/wp\/v2\/posts"}],"about":[{"href":"https:\/\/macite.tg\/index.php?rest_route=\/wp\/v2\/types\/post"}],"author":[{"embeddable":true,"href":"https:\/\/macite.tg\/index.php?rest_route=\/wp\/v2\/users\/2"}],"replies":[{"embeddable":true,"href":"https:\/\/macite.tg\/index.php?rest_route=%2Fwp%2Fv2%2Fcomments&post=21042"}],"version-history":[{"count":0,"href":"https:\/\/macite.tg\/index.php?rest_route=\/wp\/v2\/posts\/21042\/revisions"}],"wp:featuredmedia":[{"embeddable":true,"href":"https:\/\/macite.tg\/index.php?rest_route=\/wp\/v2\/media\/21043"}],"wp:attachment":[{"href":"https:\/\/macite.tg\/index.php?rest_route=%2Fwp%2Fv2%2Fmedia&parent=21042"}],"wp:term":[{"taxonomy":"category","embeddable":true,"href":"https:\/\/macite.tg\/index.php?rest_route=%2Fwp%2Fv2%2Fcategories&post=21042"},{"taxonomy":"post_tag","embeddable":true,"href":"https:\/\/macite.tg\/index.php?rest_route=%2Fwp%2Fv2%2Ftags&post=21042"}],"curies":[{"name":"wp","href":"https:\/\/api.w.org\/{rel}","templated":true}]}}