{"id":21039,"date":"2025-03-31T11:40:45","date_gmt":"2025-03-31T11:40:45","guid":{"rendered":"https:\/\/macite.tg\/?p=21039"},"modified":"2025-03-31T11:40:58","modified_gmt":"2025-03-31T11:40:58","slug":"lac-tchad-le-niger-se-retire-de-la-force-mixte-anti-terroriste","status":"publish","type":"post","link":"https:\/\/macite.tg\/?p=21039","title":{"rendered":"LAC TCHAD\u00a0: Le Niger se retire de la Force mixte anti-terroriste\u2026"},"content":{"rendered":"\n<p class=\"wp-block-paragraph\"><strong><em>L\u2019arm\u00e9e nig\u00e9rienne a annonc\u00e9, cette fin de semaine, son retrait de la force r\u00e9gionale d\u00e9di\u00e9e \u00e0 la lutte antijihadiste dans le bassin du lac Tchad, une zone frontali\u00e8re en proie \u00e0 des attaques r\u00e9guli\u00e8res et des violences commises par des groupes terroristes.<\/em><\/strong><\/p>\n\n\n\n<p class=\"wp-block-paragraph\">Dans son dernier bulletin de ses op\u00e9rations, l\u2019arm\u00e9e nig\u00e9rienne pr\u00e9cise que&nbsp;<em>\u00ab&nbsp;l\u2019op\u00e9ration men\u00e9e jadis sous l\u2019\u00e9gide du Secteur 4 de la Force multinationale mixte (FMM) porte d\u00e9sormais le nom de +Nalewa Dol\u00e9+&nbsp;\u00bb,<\/em>&nbsp;un changement d\u2019appellation qui d\u00e9coule du <em>\u00ab&nbsp;retrait&nbsp;\u00bb<\/em> du Niger de la FMM.<\/p>\n\n\n\n<figure class=\"wp-block-image size-full\"><img loading=\"lazy\" decoding=\"async\" width=\"851\" height=\"315\" src=\"https:\/\/macite.tg\/wp-content\/uploads\/2025\/03\/OTR_Ferer-pour-batir-1-2.jpg\" alt=\"\" class=\"wp-image-21010\" srcset=\"https:\/\/macite.tg\/wp-content\/uploads\/2025\/03\/OTR_Ferer-pour-batir-1-2.jpg 851w, https:\/\/macite.tg\/wp-content\/uploads\/2025\/03\/OTR_Ferer-pour-batir-1-2-300x111.jpg 300w, https:\/\/macite.tg\/wp-content\/uploads\/2025\/03\/OTR_Ferer-pour-batir-1-2-768x284.jpg 768w\" sizes=\"auto, (max-width: 851px) 100vw, 851px\" \/><\/figure>\n\n\n\n<p class=\"wp-block-paragraph\">Ce retrait de la FMM qui a \u00e9t\u00e9 cr\u00e9\u00e9e en 1994 et r\u00e9activ\u00e9e en 2015 par le Nigeria, le Tchad, le Cameroun et le Niger pour combattre les groupes jihadistes autour du lac Tchad<em>, \u00ab&nbsp;traduit une volont\u00e9 affirm\u00e9e de renforcer la s\u00e9curisation des sites p\u00e9troliers du Nord&nbsp;\u00bb,<\/em> poursuit la m\u00eame source.<\/p>\n\n\n\n<p class=\"wp-block-paragraph\">Les installations p\u00e9troli\u00e8res nig\u00e9riennes situ\u00e9es dans la r\u00e9gion de Diffa (sud-est) sont sous la menace de groupes arm\u00e9s hostiles \u00e0 Niamey qui attaquent particuli\u00e8rement l\u2019ol\u00e9oduc g\u00e9ant acheminant du brut jusqu\u2019au B\u00e9nin voisin.<\/p>\n\n\n<div class=\"wp-block-image\">\n<figure class=\"aligncenter size-large is-resized\"><img loading=\"lazy\" decoding=\"async\" width=\"1024\" height=\"1024\" src=\"https:\/\/macite.tg\/wp-content\/uploads\/2025\/03\/OTR_TVM-1024x1024.jpg\" alt=\"\" class=\"wp-image-20894\" style=\"width:512px;height:auto\" srcset=\"https:\/\/macite.tg\/wp-content\/uploads\/2025\/03\/OTR_TVM-1024x1024.jpg 1024w, https:\/\/macite.tg\/wp-content\/uploads\/2025\/03\/OTR_TVM-300x300.jpg 300w, https:\/\/macite.tg\/wp-content\/uploads\/2025\/03\/OTR_TVM-150x150.jpg 150w, https:\/\/macite.tg\/wp-content\/uploads\/2025\/03\/OTR_TVM-768x768.jpg 768w, https:\/\/macite.tg\/wp-content\/uploads\/2025\/03\/OTR_TVM-1536x1536.jpg 1536w, https:\/\/macite.tg\/wp-content\/uploads\/2025\/03\/OTR_TVM-122x122.jpg 122w, https:\/\/macite.tg\/wp-content\/uploads\/2025\/03\/OTR_TVM.jpg 1600w\" sizes=\"auto, (max-width: 1024px) 100vw, 1024px\" \/><\/figure>\n<\/div>\n\n\n<p class=\"wp-block-paragraph\">Le lac Tchad qui chevauche les quatre pays, s\u2019est transform\u00e9 au fil des ann\u00e9es en bastion jihadiste abritant \u00e0 la fois des combattants de Boko Haram et de l\u2019Etat islamique en Afrique de l\u2019Ouest.<\/p>\n\n\n\n<p class=\"wp-block-paragraph\"><strong>MSN<\/strong><\/p>\n\n\n\n<p class=\"wp-block-paragraph\"><strong><em>@macite.tg&nbsp;&nbsp;&nbsp;&nbsp;&nbsp;&nbsp;&nbsp;&nbsp;<\/em><\/strong><\/p>\n\n\n\n<p class=\"wp-block-paragraph\"><strong><em>E-mail&nbsp;: <\/em><\/strong><a href=\"mailto:maciteinfo@gmail.com\"><strong><em>maciteinfo@gmail.com<\/em><\/strong><\/a><strong><em>; <\/em><\/strong><a href=\"mailto:bawela1@gmail.com\"><strong><em>bawela1@gmail.com<\/em><\/strong><\/a><strong><em><\/em><\/strong><\/p>\n\n\n\n<p class=\"wp-block-paragraph\"><strong><em>Pour vos annonces, (publi)reportages, etc., joignez-nous au (00228)91515309\/<strong>79872224 <\/strong>www.macite.tg, L\u2019information, la bonne&nbsp;!<\/em><\/strong><\/p>\n","protected":false},"excerpt":{"rendered":"<p class=\"text-justify mb-2\" >L\u2019arm\u00e9e nig\u00e9rienne a annonc\u00e9, cette fin de semaine, son retrait de la force r\u00e9gionale d\u00e9di\u00e9e \u00e0 la lutte antijihadiste dans le bassin du lac Tchad, une zone frontali\u00e8re en proie \u00e0 des attaques r\u00e9guli\u00e8res et des violences commises par des groupes terroristes. Dans son dernier [&hellip;]<\/p>\n","protected":false},"author":2,"featured_media":21040,"comment_status":"open","ping_status":"open","sticky":false,"template":"","format":"standard","meta":{"footnotes":""},"categories":[20,28],"tags":[],"class_list":["post-21039","post","type-post","status-publish","format-standard","has-post-thumbnail","hentry","category-actualite","category-securite"],"yoast_head":"<!-- This site is optimized with the Yoast SEO plugin v28.4 - https:\/\/yoast.com\/product\/yoast-seo-wordpress\/ -->\n<title>LAC TCHAD\u00a0: Le Niger se retire de la Force mixte anti-terroriste\u2026 -<\/title>\n<meta name=\"robots\" content=\"index, follow, max-snippet:-1, max-image-preview:large, max-video-preview:-1\" \/>\n<link rel=\"canonical\" href=\"https:\/\/macite.tg\/?p=21039\" \/>\n<meta property=\"og:locale\" content=\"fr_FR\" \/>\n<meta property=\"og:type\" content=\"article\" \/>\n<meta property=\"og:title\" content=\"LAC TCHAD\u00a0: Le Niger se retire de la Force mixte anti-terroriste\u2026 -\" \/>\n<meta property=\"og:description\" content=\"L\u2019arm\u00e9e nig\u00e9rienne a annonc\u00e9, cette fin de semaine, son retrait de la force r\u00e9gionale d\u00e9di\u00e9e \u00e0 la lutte antijihadiste dans le bassin du lac Tchad, une zone frontali\u00e8re en proie \u00e0 des attaques r\u00e9guli\u00e8res et des violences commises par des groupes terroristes. Dans son dernier [&hellip;]\" \/>\n<meta property=\"og:url\" content=\"https:\/\/macite.tg\/?p=21039\" \/>\n<meta property=\"article:published_time\" content=\"2025-03-31T11:40:45+00:00\" \/>\n<meta property=\"article:modified_time\" content=\"2025-03-31T11:40:58+00:00\" \/>\n<meta property=\"og:image\" content=\"https:\/\/macite.tg\/wp-content\/uploads\/2025\/03\/FMM.jpg\" \/>\n\t<meta property=\"og:image:width\" content=\"500\" \/>\n\t<meta property=\"og:image:height\" content=\"333\" \/>\n\t<meta property=\"og:image:type\" content=\"image\/jpeg\" \/>\n<meta name=\"author\" content=\"Jean Pierre BAWELA\" \/>\n<meta name=\"twitter:card\" content=\"summary_large_image\" \/>\n<meta name=\"twitter:label1\" content=\"\u00c9crit par\" \/>\n\t<meta name=\"twitter:data1\" content=\"Jean Pierre BAWELA\" \/>\n\t<meta name=\"twitter:label2\" content=\"Dur\u00e9e de lecture estim\u00e9e\" \/>\n\t<meta name=\"twitter:data2\" content=\"2 minutes\" \/>\n<script type=\"application\/ld+json\" class=\"yoast-schema-graph\">{\"@context\":\"https:\\\/\\\/schema.org\",\"@graph\":[{\"@type\":\"Article\",\"@id\":\"https:\\\/\\\/macite.tg\\\/?p=21039#article\",\"isPartOf\":{\"@id\":\"https:\\\/\\\/macite.tg\\\/?p=21039\"},\"author\":{\"name\":\"Jean Pierre BAWELA\",\"@id\":\"https:\\\/\\\/macite.tg\\\/#\\\/schema\\\/person\\\/e9f2de7e5dbbe7770a9402c7ce82f5c2\"},\"headline\":\"LAC TCHAD\u00a0: Le Niger se retire de la Force mixte anti-terroriste\u2026\",\"datePublished\":\"2025-03-31T11:40:45+00:00\",\"dateModified\":\"2025-03-31T11:40:58+00:00\",\"mainEntityOfPage\":{\"@id\":\"https:\\\/\\\/macite.tg\\\/?p=21039\"},\"wordCount\":294,\"commentCount\":0,\"image\":{\"@id\":\"https:\\\/\\\/macite.tg\\\/?p=21039#primaryimage\"},\"thumbnailUrl\":\"https:\\\/\\\/macite.tg\\\/wp-content\\\/uploads\\\/2025\\\/03\\\/FMM.jpg\",\"articleSection\":[\"ACTUALITE\",\"SECURITE\"],\"inLanguage\":\"fr-FR\",\"potentialAction\":[{\"@type\":\"CommentAction\",\"name\":\"Comment\",\"target\":[\"https:\\\/\\\/macite.tg\\\/?p=21039#respond\"]}]},{\"@type\":\"WebPage\",\"@id\":\"https:\\\/\\\/macite.tg\\\/?p=21039\",\"url\":\"https:\\\/\\\/macite.tg\\\/?p=21039\",\"name\":\"LAC TCHAD\u00a0: Le Niger se retire de la Force mixte anti-terroriste\u2026 -\",\"isPartOf\":{\"@id\":\"https:\\\/\\\/macite.tg\\\/#website\"},\"primaryImageOfPage\":{\"@id\":\"https:\\\/\\\/macite.tg\\\/?p=21039#primaryimage\"},\"image\":{\"@id\":\"https:\\\/\\\/macite.tg\\\/?p=21039#primaryimage\"},\"thumbnailUrl\":\"https:\\\/\\\/macite.tg\\\/wp-content\\\/uploads\\\/2025\\\/03\\\/FMM.jpg\",\"datePublished\":\"2025-03-31T11:40:45+00:00\",\"dateModified\":\"2025-03-31T11:40:58+00:00\",\"author\":{\"@id\":\"https:\\\/\\\/macite.tg\\\/#\\\/schema\\\/person\\\/e9f2de7e5dbbe7770a9402c7ce82f5c2\"},\"breadcrumb\":{\"@id\":\"https:\\\/\\\/macite.tg\\\/?p=21039#breadcrumb\"},\"inLanguage\":\"fr-FR\",\"potentialAction\":[{\"@type\":\"ReadAction\",\"target\":[\"https:\\\/\\\/macite.tg\\\/?p=21039\"]}]},{\"@type\":\"ImageObject\",\"inLanguage\":\"fr-FR\",\"@id\":\"https:\\\/\\\/macite.tg\\\/?p=21039#primaryimage\",\"url\":\"https:\\\/\\\/macite.tg\\\/wp-content\\\/uploads\\\/2025\\\/03\\\/FMM.jpg\",\"contentUrl\":\"https:\\\/\\\/macite.tg\\\/wp-content\\\/uploads\\\/2025\\\/03\\\/FMM.jpg\",\"width\":500,\"height\":333,\"caption\":\"Des \u00e9l\u00e9ments de la Force mixte autour du Lac Tcha\"},{\"@type\":\"BreadcrumbList\",\"@id\":\"https:\\\/\\\/macite.tg\\\/?p=21039#breadcrumb\",\"itemListElement\":[{\"@type\":\"ListItem\",\"position\":1,\"name\":\"Accueil\",\"item\":\"https:\\\/\\\/macite.tg\\\/\"},{\"@type\":\"ListItem\",\"position\":2,\"name\":\"LAC TCHAD\u00a0: Le Niger se retire de la Force mixte anti-terroriste\u2026\"}]},{\"@type\":\"WebSite\",\"@id\":\"https:\\\/\\\/macite.tg\\\/#website\",\"url\":\"https:\\\/\\\/macite.tg\\\/\",\"name\":\"\",\"description\":\"L&#039;information, la bonne!!!\",\"potentialAction\":[{\"@type\":\"SearchAction\",\"target\":{\"@type\":\"EntryPoint\",\"urlTemplate\":\"https:\\\/\\\/macite.tg\\\/?s={search_term_string}\"},\"query-input\":{\"@type\":\"PropertyValueSpecification\",\"valueRequired\":true,\"valueName\":\"search_term_string\"}}],\"inLanguage\":\"fr-FR\"},{\"@type\":\"Person\",\"@id\":\"https:\\\/\\\/macite.tg\\\/#\\\/schema\\\/person\\\/e9f2de7e5dbbe7770a9402c7ce82f5c2\",\"name\":\"Jean Pierre BAWELA\",\"image\":{\"@type\":\"ImageObject\",\"inLanguage\":\"fr-FR\",\"@id\":\"https:\\\/\\\/macite.tg\\\/wp-content\\\/uploads\\\/2023\\\/09\\\/WhatsApp-Image-2023-09-19-at-14.44.41-122x122.jpeg\",\"url\":\"https:\\\/\\\/macite.tg\\\/wp-content\\\/uploads\\\/2023\\\/09\\\/WhatsApp-Image-2023-09-19-at-14.44.41-122x122.jpeg\",\"contentUrl\":\"https:\\\/\\\/macite.tg\\\/wp-content\\\/uploads\\\/2023\\\/09\\\/WhatsApp-Image-2023-09-19-at-14.44.41-122x122.jpeg\",\"caption\":\"Jean Pierre BAWELA\"},\"url\":\"https:\\\/\\\/macite.tg\\\/?author=2\"}]}<\/script>\n<!-- \/ Yoast SEO plugin. -->","yoast_head_json":{"title":"LAC TCHAD\u00a0: Le Niger se retire de la Force mixte anti-terroriste\u2026 -","robots":{"index":"index","follow":"follow","max-snippet":"max-snippet:-1","max-image-preview":"max-image-preview:large","max-video-preview":"max-video-preview:-1"},"canonical":"https:\/\/macite.tg\/?p=21039","og_locale":"fr_FR","og_type":"article","og_title":"LAC TCHAD\u00a0: Le Niger se retire de la Force mixte anti-terroriste\u2026 -","og_description":"L\u2019arm\u00e9e nig\u00e9rienne a annonc\u00e9, cette fin de semaine, son retrait de la force r\u00e9gionale d\u00e9di\u00e9e \u00e0 la lutte antijihadiste dans le bassin du lac Tchad, une zone frontali\u00e8re en proie \u00e0 des attaques r\u00e9guli\u00e8res et des violences commises par des groupes terroristes. Dans son dernier [&hellip;]","og_url":"https:\/\/macite.tg\/?p=21039","article_published_time":"2025-03-31T11:40:45+00:00","article_modified_time":"2025-03-31T11:40:58+00:00","og_image":[{"width":500,"height":333,"url":"https:\/\/macite.tg\/wp-content\/uploads\/2025\/03\/FMM.jpg","type":"image\/jpeg"}],"author":"Jean Pierre BAWELA","twitter_card":"summary_large_image","twitter_misc":{"\u00c9crit par":"Jean Pierre BAWELA","Dur\u00e9e de lecture estim\u00e9e":"2 minutes"},"schema":{"@context":"https:\/\/schema.org","@graph":[{"@type":"Article","@id":"https:\/\/macite.tg\/?p=21039#article","isPartOf":{"@id":"https:\/\/macite.tg\/?p=21039"},"author":{"name":"Jean Pierre BAWELA","@id":"https:\/\/macite.tg\/#\/schema\/person\/e9f2de7e5dbbe7770a9402c7ce82f5c2"},"headline":"LAC TCHAD\u00a0: Le Niger se retire de la Force mixte anti-terroriste\u2026","datePublished":"2025-03-31T11:40:45+00:00","dateModified":"2025-03-31T11:40:58+00:00","mainEntityOfPage":{"@id":"https:\/\/macite.tg\/?p=21039"},"wordCount":294,"commentCount":0,"image":{"@id":"https:\/\/macite.tg\/?p=21039#primaryimage"},"thumbnailUrl":"https:\/\/macite.tg\/wp-content\/uploads\/2025\/03\/FMM.jpg","articleSection":["ACTUALITE","SECURITE"],"inLanguage":"fr-FR","potentialAction":[{"@type":"CommentAction","name":"Comment","target":["https:\/\/macite.tg\/?p=21039#respond"]}]},{"@type":"WebPage","@id":"https:\/\/macite.tg\/?p=21039","url":"https:\/\/macite.tg\/?p=21039","name":"LAC TCHAD\u00a0: Le Niger se retire de la Force mixte anti-terroriste\u2026 -","isPartOf":{"@id":"https:\/\/macite.tg\/#website"},"primaryImageOfPage":{"@id":"https:\/\/macite.tg\/?p=21039#primaryimage"},"image":{"@id":"https:\/\/macite.tg\/?p=21039#primaryimage"},"thumbnailUrl":"https:\/\/macite.tg\/wp-content\/uploads\/2025\/03\/FMM.jpg","datePublished":"2025-03-31T11:40:45+00:00","dateModified":"2025-03-31T11:40:58+00:00","author":{"@id":"https:\/\/macite.tg\/#\/schema\/person\/e9f2de7e5dbbe7770a9402c7ce82f5c2"},"breadcrumb":{"@id":"https:\/\/macite.tg\/?p=21039#breadcrumb"},"inLanguage":"fr-FR","potentialAction":[{"@type":"ReadAction","target":["https:\/\/macite.tg\/?p=21039"]}]},{"@type":"ImageObject","inLanguage":"fr-FR","@id":"https:\/\/macite.tg\/?p=21039#primaryimage","url":"https:\/\/macite.tg\/wp-content\/uploads\/2025\/03\/FMM.jpg","contentUrl":"https:\/\/macite.tg\/wp-content\/uploads\/2025\/03\/FMM.jpg","width":500,"height":333,"caption":"Des \u00e9l\u00e9ments de la Force mixte autour du Lac Tcha"},{"@type":"BreadcrumbList","@id":"https:\/\/macite.tg\/?p=21039#breadcrumb","itemListElement":[{"@type":"ListItem","position":1,"name":"Accueil","item":"https:\/\/macite.tg\/"},{"@type":"ListItem","position":2,"name":"LAC TCHAD\u00a0: Le Niger se retire de la Force mixte anti-terroriste\u2026"}]},{"@type":"WebSite","@id":"https:\/\/macite.tg\/#website","url":"https:\/\/macite.tg\/","name":"","description":"L&#039;information, la bonne!!!","potentialAction":[{"@type":"SearchAction","target":{"@type":"EntryPoint","urlTemplate":"https:\/\/macite.tg\/?s={search_term_string}"},"query-input":{"@type":"PropertyValueSpecification","valueRequired":true,"valueName":"search_term_string"}}],"inLanguage":"fr-FR"},{"@type":"Person","@id":"https:\/\/macite.tg\/#\/schema\/person\/e9f2de7e5dbbe7770a9402c7ce82f5c2","name":"Jean Pierre BAWELA","image":{"@type":"ImageObject","inLanguage":"fr-FR","@id":"https:\/\/macite.tg\/wp-content\/uploads\/2023\/09\/WhatsApp-Image-2023-09-19-at-14.44.41-122x122.jpeg","url":"https:\/\/macite.tg\/wp-content\/uploads\/2023\/09\/WhatsApp-Image-2023-09-19-at-14.44.41-122x122.jpeg","contentUrl":"https:\/\/macite.tg\/wp-content\/uploads\/2023\/09\/WhatsApp-Image-2023-09-19-at-14.44.41-122x122.jpeg","caption":"Jean Pierre BAWELA"},"url":"https:\/\/macite.tg\/?author=2"}]}},"_links":{"self":[{"href":"https:\/\/macite.tg\/index.php?rest_route=\/wp\/v2\/posts\/21039","targetHints":{"allow":["GET"]}}],"collection":[{"href":"https:\/\/macite.tg\/index.php?rest_route=\/wp\/v2\/posts"}],"about":[{"href":"https:\/\/macite.tg\/index.php?rest_route=\/wp\/v2\/types\/post"}],"author":[{"embeddable":true,"href":"https:\/\/macite.tg\/index.php?rest_route=\/wp\/v2\/users\/2"}],"replies":[{"embeddable":true,"href":"https:\/\/macite.tg\/index.php?rest_route=%2Fwp%2Fv2%2Fcomments&post=21039"}],"version-history":[{"count":0,"href":"https:\/\/macite.tg\/index.php?rest_route=\/wp\/v2\/posts\/21039\/revisions"}],"wp:featuredmedia":[{"embeddable":true,"href":"https:\/\/macite.tg\/index.php?rest_route=\/wp\/v2\/media\/21040"}],"wp:attachment":[{"href":"https:\/\/macite.tg\/index.php?rest_route=%2Fwp%2Fv2%2Fmedia&parent=21039"}],"wp:term":[{"taxonomy":"category","embeddable":true,"href":"https:\/\/macite.tg\/index.php?rest_route=%2Fwp%2Fv2%2Fcategories&post=21039"},{"taxonomy":"post_tag","embeddable":true,"href":"https:\/\/macite.tg\/index.php?rest_route=%2Fwp%2Fv2%2Ftags&post=21039"}],"curies":[{"name":"wp","href":"https:\/\/api.w.org\/{rel}","templated":true}]}}