{"id":21036,"date":"2025-03-31T11:31:32","date_gmt":"2025-03-31T11:31:32","guid":{"rendered":"https:\/\/macite.tg\/?p=21036"},"modified":"2025-03-31T11:31:46","modified_gmt":"2025-03-31T11:31:46","slug":"guinee-lex-dictateur-dadis-camara-gracie","status":"publish","type":"post","link":"https:\/\/macite.tg\/?p=21036","title":{"rendered":"GUINEE : L\u2019ex-dictateur Dadis Camara graci\u00e9&#8230;"},"content":{"rendered":"\n<p class=\"wp-block-paragraph\"><strong><em>Condamn\u00e9 \u00e0 20 ans de prison pour crimes contre l&rsquo;humanit\u00e9, le capitaine devenu dictateur associ\u00e9 \u00e0 l&rsquo;une des pages les plus sombres de l&rsquo;histoire de la Guin\u00e9e, Moussa Dadis Camara, a \u00e9t\u00e9 graci\u00e9 pour \u00ab\u00a0raison de sant\u00e9\u00a0\u00bb par le chef de la junte.<\/em><\/strong> <\/p>\n\n\n\n<p class=\"wp-block-paragraph\">L&rsquo;annonce a \u00e9t\u00e9 faite par un d\u00e9cret lu vendredi soir \u00e0 la t\u00e9l\u00e9vision nationale. Moussa Dadis Camara, la soixantaine, est sorti de prison et se trouve dans la capitale Conakry, a indiqu\u00e9 samedi \u00e0 l&rsquo;AFP l&rsquo;Organisation guin\u00e9enne de d\u00e9fense des droits de l&rsquo;Homme (OGDH).<\/p>\n\n\n<div class=\"wp-block-image\">\n<figure class=\"aligncenter size-full\"><img loading=\"lazy\" decoding=\"async\" width=\"851\" height=\"315\" src=\"https:\/\/macite.tg\/wp-content\/uploads\/2025\/03\/OTR_Ferer-pour-batir-1-2.jpg\" alt=\"\" class=\"wp-image-21010\" srcset=\"https:\/\/macite.tg\/wp-content\/uploads\/2025\/03\/OTR_Ferer-pour-batir-1-2.jpg 851w, https:\/\/macite.tg\/wp-content\/uploads\/2025\/03\/OTR_Ferer-pour-batir-1-2-300x111.jpg 300w, https:\/\/macite.tg\/wp-content\/uploads\/2025\/03\/OTR_Ferer-pour-batir-1-2-768x284.jpg 768w\" sizes=\"auto, (max-width: 851px) 100vw, 851px\" \/><\/figure>\n<\/div>\n\n\n<p class=\"wp-block-paragraph\">A l&rsquo;issue d&rsquo;un proc\u00e8s historique qui avait dur\u00e9 pr\u00e8s de deux ans, Moussa Dadis Camara, ancien pr\u00e9sident et ancien chef d&rsquo;une junte, avait \u00e9t\u00e9 condamn\u00e9 le 31 juillet 2024 \u00e0 20 ans de prison pour crimes contre l&rsquo;humanit\u00e9 pour sa responsabilit\u00e9 dans le massacre du 28 septembre 2009 en Guin\u00e9e commis sous sa pr\u00e9sidence.<\/p>\n\n\n\n<p class=\"wp-block-paragraph\">Un retour de cette destin\u00e9e qu&rsquo;il invoque constamment, qui a fait d&rsquo;un obscur officier un chef d&rsquo;Etat incongru, et d&rsquo;un chef d&rsquo;Etat un criminel, puis le b\u00e9n\u00e9ficiaire d&rsquo;une gr\u00e2ce pr\u00e9sidentielle. M. Camara avait plaid\u00e9 non coupable jusqu&rsquo;au dernier jour \u00e0 son proc\u00e8s.<\/p>\n\n\n<div class=\"wp-block-image\">\n<figure class=\"aligncenter size-large is-resized\"><img loading=\"lazy\" decoding=\"async\" width=\"1024\" height=\"1024\" src=\"https:\/\/macite.tg\/wp-content\/uploads\/2025\/03\/OTR_TVM2-1024x1024.jpg\" alt=\"\" class=\"wp-image-20895\" style=\"width:612px;height:auto\" srcset=\"https:\/\/macite.tg\/wp-content\/uploads\/2025\/03\/OTR_TVM2-1024x1024.jpg 1024w, https:\/\/macite.tg\/wp-content\/uploads\/2025\/03\/OTR_TVM2-300x300.jpg 300w, https:\/\/macite.tg\/wp-content\/uploads\/2025\/03\/OTR_TVM2-150x150.jpg 150w, https:\/\/macite.tg\/wp-content\/uploads\/2025\/03\/OTR_TVM2-768x768.jpg 768w, https:\/\/macite.tg\/wp-content\/uploads\/2025\/03\/OTR_TVM2-1536x1536.jpg 1536w, https:\/\/macite.tg\/wp-content\/uploads\/2025\/03\/OTR_TVM2-122x122.jpg 122w, https:\/\/macite.tg\/wp-content\/uploads\/2025\/03\/OTR_TVM2.jpg 1600w\" sizes=\"auto, (max-width: 1024px) 100vw, 1024px\" \/><\/figure>\n<\/div>\n\n\n<p class=\"wp-block-paragraph\">Il \u00e9tait pourtant pr\u00e9sident ce 28 septembre 2009 et les jours suivants quand les B\u00e9rets rouges de sa garde, des soldats, des policiers et des miliciens ont assassin\u00e9 dans un stade de Conakry et alentour des dizaines de personnes r\u00e9unies pour le dissuader de se pr\u00e9senter \u00e0 la pr\u00e9sidentielle pr\u00e9vue en janvier 2010. Des dizaines de femmes y ont \u00e9t\u00e9 viol\u00e9es.<\/p>\n\n\n\n<p class=\"wp-block-paragraph\"><strong>SyndiGate Media&nbsp;<\/strong><\/p>\n\n\n\n<p class=\"wp-block-paragraph\"><a><strong><em>@macite.tg&nbsp;&nbsp;&nbsp;&nbsp;&nbsp;&nbsp;&nbsp;&nbsp;<\/em><\/strong><\/a><\/p>\n\n\n\n<p class=\"wp-block-paragraph\"><strong><em>E-mail&nbsp;: <\/em><\/strong><a href=\"mailto:maciteinfo@gmail.com\"><strong><em>maciteinfo@gmail.com<\/em><\/strong><\/a><strong><em>; <\/em><\/strong><a href=\"mailto:bawela1@gmail.com\"><strong><em>bawela1@gmail.com<\/em><\/strong><\/a><strong><em><\/em><\/strong><\/p>\n\n\n\n<p class=\"wp-block-paragraph\"><strong><em>Pour vos annonces, (publi)reportages, etc., joignez-nous au (00228)91515309\/<strong>79872224 <\/strong>www.macite.tg, L\u2019information, la bonne&nbsp;!<\/em><\/strong><\/p>\n\n\n\n<p class=\"wp-block-paragraph\"><\/p>\n","protected":false},"excerpt":{"rendered":"<p class=\"text-justify mb-2\" >Condamn\u00e9 \u00e0 20 ans de prison pour crimes contre l&rsquo;humanit\u00e9, le capitaine devenu dictateur associ\u00e9 \u00e0 l&rsquo;une des pages les plus sombres de l&rsquo;histoire de la Guin\u00e9e, Moussa Dadis Camara, a \u00e9t\u00e9 graci\u00e9 pour \u00ab\u00a0raison de sant\u00e9\u00a0\u00bb par le chef de la junte. L&rsquo;annonce a [&hellip;]<\/p>\n","protected":false},"author":2,"featured_media":21037,"comment_status":"open","ping_status":"open","sticky":false,"template":"","format":"standard","meta":{"footnotes":""},"categories":[20,26],"tags":[],"class_list":["post-21036","post","type-post","status-publish","format-standard","has-post-thumbnail","hentry","category-actualite","category-justice"],"yoast_head":"<!-- This site is optimized with the Yoast SEO plugin v28.4 - https:\/\/yoast.com\/product\/yoast-seo-wordpress\/ -->\n<title>GUINEE : L\u2019ex-dictateur Dadis Camara graci\u00e9... -<\/title>\n<meta name=\"robots\" content=\"index, follow, max-snippet:-1, max-image-preview:large, max-video-preview:-1\" \/>\n<link rel=\"canonical\" href=\"https:\/\/macite.tg\/?p=21036\" \/>\n<meta property=\"og:locale\" content=\"fr_FR\" \/>\n<meta property=\"og:type\" content=\"article\" \/>\n<meta property=\"og:title\" content=\"GUINEE : L\u2019ex-dictateur Dadis Camara graci\u00e9... -\" \/>\n<meta property=\"og:description\" content=\"Condamn\u00e9 \u00e0 20 ans de prison pour crimes contre l&rsquo;humanit\u00e9, le capitaine devenu dictateur associ\u00e9 \u00e0 l&rsquo;une des pages les plus sombres de l&rsquo;histoire de la Guin\u00e9e, Moussa Dadis Camara, a \u00e9t\u00e9 graci\u00e9 pour \u00ab\u00a0raison de sant\u00e9\u00a0\u00bb par le chef de la junte. L&rsquo;annonce a [&hellip;]\" \/>\n<meta property=\"og:url\" content=\"https:\/\/macite.tg\/?p=21036\" \/>\n<meta property=\"article:published_time\" content=\"2025-03-31T11:31:32+00:00\" \/>\n<meta property=\"article:modified_time\" content=\"2025-03-31T11:31:46+00:00\" \/>\n<meta property=\"og:image\" content=\"https:\/\/macite.tg\/wp-content\/uploads\/2025\/03\/image-78.png\" \/>\n\t<meta property=\"og:image:width\" content=\"434\" \/>\n\t<meta property=\"og:image:height\" content=\"265\" \/>\n\t<meta property=\"og:image:type\" content=\"image\/png\" \/>\n<meta name=\"author\" content=\"Jean Pierre BAWELA\" \/>\n<meta name=\"twitter:card\" content=\"summary_large_image\" \/>\n<meta name=\"twitter:label1\" content=\"\u00c9crit par\" \/>\n\t<meta name=\"twitter:data1\" content=\"Jean Pierre BAWELA\" \/>\n\t<meta name=\"twitter:label2\" content=\"Dur\u00e9e de lecture estim\u00e9e\" \/>\n\t<meta name=\"twitter:data2\" content=\"2 minutes\" \/>\n<script type=\"application\/ld+json\" class=\"yoast-schema-graph\">{\"@context\":\"https:\\\/\\\/schema.org\",\"@graph\":[{\"@type\":\"Article\",\"@id\":\"https:\\\/\\\/macite.tg\\\/?p=21036#article\",\"isPartOf\":{\"@id\":\"https:\\\/\\\/macite.tg\\\/?p=21036\"},\"author\":{\"name\":\"Jean Pierre BAWELA\",\"@id\":\"https:\\\/\\\/macite.tg\\\/#\\\/schema\\\/person\\\/e9f2de7e5dbbe7770a9402c7ce82f5c2\"},\"headline\":\"GUINEE : L\u2019ex-dictateur Dadis Camara graci\u00e9&#8230;\",\"datePublished\":\"2025-03-31T11:31:32+00:00\",\"dateModified\":\"2025-03-31T11:31:46+00:00\",\"mainEntityOfPage\":{\"@id\":\"https:\\\/\\\/macite.tg\\\/?p=21036\"},\"wordCount\":313,\"commentCount\":0,\"image\":{\"@id\":\"https:\\\/\\\/macite.tg\\\/?p=21036#primaryimage\"},\"thumbnailUrl\":\"https:\\\/\\\/macite.tg\\\/wp-content\\\/uploads\\\/2025\\\/03\\\/image-78.png\",\"articleSection\":[\"ACTUALITE\",\"JUSTICE\"],\"inLanguage\":\"fr-FR\",\"potentialAction\":[{\"@type\":\"CommentAction\",\"name\":\"Comment\",\"target\":[\"https:\\\/\\\/macite.tg\\\/?p=21036#respond\"]}]},{\"@type\":\"WebPage\",\"@id\":\"https:\\\/\\\/macite.tg\\\/?p=21036\",\"url\":\"https:\\\/\\\/macite.tg\\\/?p=21036\",\"name\":\"GUINEE : L\u2019ex-dictateur Dadis Camara graci\u00e9... -\",\"isPartOf\":{\"@id\":\"https:\\\/\\\/macite.tg\\\/#website\"},\"primaryImageOfPage\":{\"@id\":\"https:\\\/\\\/macite.tg\\\/?p=21036#primaryimage\"},\"image\":{\"@id\":\"https:\\\/\\\/macite.tg\\\/?p=21036#primaryimage\"},\"thumbnailUrl\":\"https:\\\/\\\/macite.tg\\\/wp-content\\\/uploads\\\/2025\\\/03\\\/image-78.png\",\"datePublished\":\"2025-03-31T11:31:32+00:00\",\"dateModified\":\"2025-03-31T11:31:46+00:00\",\"author\":{\"@id\":\"https:\\\/\\\/macite.tg\\\/#\\\/schema\\\/person\\\/e9f2de7e5dbbe7770a9402c7ce82f5c2\"},\"breadcrumb\":{\"@id\":\"https:\\\/\\\/macite.tg\\\/?p=21036#breadcrumb\"},\"inLanguage\":\"fr-FR\",\"potentialAction\":[{\"@type\":\"ReadAction\",\"target\":[\"https:\\\/\\\/macite.tg\\\/?p=21036\"]}]},{\"@type\":\"ImageObject\",\"inLanguage\":\"fr-FR\",\"@id\":\"https:\\\/\\\/macite.tg\\\/?p=21036#primaryimage\",\"url\":\"https:\\\/\\\/macite.tg\\\/wp-content\\\/uploads\\\/2025\\\/03\\\/image-78.png\",\"contentUrl\":\"https:\\\/\\\/macite.tg\\\/wp-content\\\/uploads\\\/2025\\\/03\\\/image-78.png\",\"width\":434,\"height\":265,\"caption\":\"Le capitaine Dadis Camara\"},{\"@type\":\"BreadcrumbList\",\"@id\":\"https:\\\/\\\/macite.tg\\\/?p=21036#breadcrumb\",\"itemListElement\":[{\"@type\":\"ListItem\",\"position\":1,\"name\":\"Accueil\",\"item\":\"https:\\\/\\\/macite.tg\\\/\"},{\"@type\":\"ListItem\",\"position\":2,\"name\":\"GUINEE : L\u2019ex-dictateur Dadis Camara graci\u00e9&#8230;\"}]},{\"@type\":\"WebSite\",\"@id\":\"https:\\\/\\\/macite.tg\\\/#website\",\"url\":\"https:\\\/\\\/macite.tg\\\/\",\"name\":\"\",\"description\":\"L&#039;information, la bonne!!!\",\"potentialAction\":[{\"@type\":\"SearchAction\",\"target\":{\"@type\":\"EntryPoint\",\"urlTemplate\":\"https:\\\/\\\/macite.tg\\\/?s={search_term_string}\"},\"query-input\":{\"@type\":\"PropertyValueSpecification\",\"valueRequired\":true,\"valueName\":\"search_term_string\"}}],\"inLanguage\":\"fr-FR\"},{\"@type\":\"Person\",\"@id\":\"https:\\\/\\\/macite.tg\\\/#\\\/schema\\\/person\\\/e9f2de7e5dbbe7770a9402c7ce82f5c2\",\"name\":\"Jean Pierre BAWELA\",\"image\":{\"@type\":\"ImageObject\",\"inLanguage\":\"fr-FR\",\"@id\":\"https:\\\/\\\/macite.tg\\\/wp-content\\\/uploads\\\/2023\\\/09\\\/WhatsApp-Image-2023-09-19-at-14.44.41-122x122.jpeg\",\"url\":\"https:\\\/\\\/macite.tg\\\/wp-content\\\/uploads\\\/2023\\\/09\\\/WhatsApp-Image-2023-09-19-at-14.44.41-122x122.jpeg\",\"contentUrl\":\"https:\\\/\\\/macite.tg\\\/wp-content\\\/uploads\\\/2023\\\/09\\\/WhatsApp-Image-2023-09-19-at-14.44.41-122x122.jpeg\",\"caption\":\"Jean Pierre BAWELA\"},\"url\":\"https:\\\/\\\/macite.tg\\\/?author=2\"}]}<\/script>\n<!-- \/ Yoast SEO plugin. -->","yoast_head_json":{"title":"GUINEE : L\u2019ex-dictateur Dadis Camara graci\u00e9... -","robots":{"index":"index","follow":"follow","max-snippet":"max-snippet:-1","max-image-preview":"max-image-preview:large","max-video-preview":"max-video-preview:-1"},"canonical":"https:\/\/macite.tg\/?p=21036","og_locale":"fr_FR","og_type":"article","og_title":"GUINEE : L\u2019ex-dictateur Dadis Camara graci\u00e9... -","og_description":"Condamn\u00e9 \u00e0 20 ans de prison pour crimes contre l&rsquo;humanit\u00e9, le capitaine devenu dictateur associ\u00e9 \u00e0 l&rsquo;une des pages les plus sombres de l&rsquo;histoire de la Guin\u00e9e, Moussa Dadis Camara, a \u00e9t\u00e9 graci\u00e9 pour \u00ab\u00a0raison de sant\u00e9\u00a0\u00bb par le chef de la junte. L&rsquo;annonce a [&hellip;]","og_url":"https:\/\/macite.tg\/?p=21036","article_published_time":"2025-03-31T11:31:32+00:00","article_modified_time":"2025-03-31T11:31:46+00:00","og_image":[{"width":434,"height":265,"url":"https:\/\/macite.tg\/wp-content\/uploads\/2025\/03\/image-78.png","type":"image\/png"}],"author":"Jean Pierre BAWELA","twitter_card":"summary_large_image","twitter_misc":{"\u00c9crit par":"Jean Pierre BAWELA","Dur\u00e9e de lecture estim\u00e9e":"2 minutes"},"schema":{"@context":"https:\/\/schema.org","@graph":[{"@type":"Article","@id":"https:\/\/macite.tg\/?p=21036#article","isPartOf":{"@id":"https:\/\/macite.tg\/?p=21036"},"author":{"name":"Jean Pierre BAWELA","@id":"https:\/\/macite.tg\/#\/schema\/person\/e9f2de7e5dbbe7770a9402c7ce82f5c2"},"headline":"GUINEE : L\u2019ex-dictateur Dadis Camara graci\u00e9&#8230;","datePublished":"2025-03-31T11:31:32+00:00","dateModified":"2025-03-31T11:31:46+00:00","mainEntityOfPage":{"@id":"https:\/\/macite.tg\/?p=21036"},"wordCount":313,"commentCount":0,"image":{"@id":"https:\/\/macite.tg\/?p=21036#primaryimage"},"thumbnailUrl":"https:\/\/macite.tg\/wp-content\/uploads\/2025\/03\/image-78.png","articleSection":["ACTUALITE","JUSTICE"],"inLanguage":"fr-FR","potentialAction":[{"@type":"CommentAction","name":"Comment","target":["https:\/\/macite.tg\/?p=21036#respond"]}]},{"@type":"WebPage","@id":"https:\/\/macite.tg\/?p=21036","url":"https:\/\/macite.tg\/?p=21036","name":"GUINEE : L\u2019ex-dictateur Dadis Camara graci\u00e9... -","isPartOf":{"@id":"https:\/\/macite.tg\/#website"},"primaryImageOfPage":{"@id":"https:\/\/macite.tg\/?p=21036#primaryimage"},"image":{"@id":"https:\/\/macite.tg\/?p=21036#primaryimage"},"thumbnailUrl":"https:\/\/macite.tg\/wp-content\/uploads\/2025\/03\/image-78.png","datePublished":"2025-03-31T11:31:32+00:00","dateModified":"2025-03-31T11:31:46+00:00","author":{"@id":"https:\/\/macite.tg\/#\/schema\/person\/e9f2de7e5dbbe7770a9402c7ce82f5c2"},"breadcrumb":{"@id":"https:\/\/macite.tg\/?p=21036#breadcrumb"},"inLanguage":"fr-FR","potentialAction":[{"@type":"ReadAction","target":["https:\/\/macite.tg\/?p=21036"]}]},{"@type":"ImageObject","inLanguage":"fr-FR","@id":"https:\/\/macite.tg\/?p=21036#primaryimage","url":"https:\/\/macite.tg\/wp-content\/uploads\/2025\/03\/image-78.png","contentUrl":"https:\/\/macite.tg\/wp-content\/uploads\/2025\/03\/image-78.png","width":434,"height":265,"caption":"Le capitaine Dadis Camara"},{"@type":"BreadcrumbList","@id":"https:\/\/macite.tg\/?p=21036#breadcrumb","itemListElement":[{"@type":"ListItem","position":1,"name":"Accueil","item":"https:\/\/macite.tg\/"},{"@type":"ListItem","position":2,"name":"GUINEE : L\u2019ex-dictateur Dadis Camara graci\u00e9&#8230;"}]},{"@type":"WebSite","@id":"https:\/\/macite.tg\/#website","url":"https:\/\/macite.tg\/","name":"","description":"L&#039;information, la bonne!!!","potentialAction":[{"@type":"SearchAction","target":{"@type":"EntryPoint","urlTemplate":"https:\/\/macite.tg\/?s={search_term_string}"},"query-input":{"@type":"PropertyValueSpecification","valueRequired":true,"valueName":"search_term_string"}}],"inLanguage":"fr-FR"},{"@type":"Person","@id":"https:\/\/macite.tg\/#\/schema\/person\/e9f2de7e5dbbe7770a9402c7ce82f5c2","name":"Jean Pierre BAWELA","image":{"@type":"ImageObject","inLanguage":"fr-FR","@id":"https:\/\/macite.tg\/wp-content\/uploads\/2023\/09\/WhatsApp-Image-2023-09-19-at-14.44.41-122x122.jpeg","url":"https:\/\/macite.tg\/wp-content\/uploads\/2023\/09\/WhatsApp-Image-2023-09-19-at-14.44.41-122x122.jpeg","contentUrl":"https:\/\/macite.tg\/wp-content\/uploads\/2023\/09\/WhatsApp-Image-2023-09-19-at-14.44.41-122x122.jpeg","caption":"Jean Pierre BAWELA"},"url":"https:\/\/macite.tg\/?author=2"}]}},"_links":{"self":[{"href":"https:\/\/macite.tg\/index.php?rest_route=\/wp\/v2\/posts\/21036","targetHints":{"allow":["GET"]}}],"collection":[{"href":"https:\/\/macite.tg\/index.php?rest_route=\/wp\/v2\/posts"}],"about":[{"href":"https:\/\/macite.tg\/index.php?rest_route=\/wp\/v2\/types\/post"}],"author":[{"embeddable":true,"href":"https:\/\/macite.tg\/index.php?rest_route=\/wp\/v2\/users\/2"}],"replies":[{"embeddable":true,"href":"https:\/\/macite.tg\/index.php?rest_route=%2Fwp%2Fv2%2Fcomments&post=21036"}],"version-history":[{"count":0,"href":"https:\/\/macite.tg\/index.php?rest_route=\/wp\/v2\/posts\/21036\/revisions"}],"wp:featuredmedia":[{"embeddable":true,"href":"https:\/\/macite.tg\/index.php?rest_route=\/wp\/v2\/media\/21037"}],"wp:attachment":[{"href":"https:\/\/macite.tg\/index.php?rest_route=%2Fwp%2Fv2%2Fmedia&parent=21036"}],"wp:term":[{"taxonomy":"category","embeddable":true,"href":"https:\/\/macite.tg\/index.php?rest_route=%2Fwp%2Fv2%2Fcategories&post=21036"},{"taxonomy":"post_tag","embeddable":true,"href":"https:\/\/macite.tg\/index.php?rest_route=%2Fwp%2Fv2%2Ftags&post=21036"}],"curies":[{"name":"wp","href":"https:\/\/api.w.org\/{rel}","templated":true}]}}