{"id":21031,"date":"2025-03-31T10:43:48","date_gmt":"2025-03-31T10:43:48","guid":{"rendered":"https:\/\/macite.tg\/?p=21031"},"modified":"2025-03-31T10:44:03","modified_gmt":"2025-03-31T10:44:03","slug":"boxe-mort-tragique-du-nigerian-success-en-plein-combat","status":"publish","type":"post","link":"https:\/\/macite.tg\/?p=21031","title":{"rendered":"BOXE\u00a0: Mort tragique du Nig\u00e9rian \u00ab\u00a0Success\u00a0\u00bb en plein combat"},"content":{"rendered":"\n<p class=\"wp-block-paragraph\"><strong><em>Le boxeur nig\u00e9rian, Gabriel Aluwasegun Olanrewagu, est d\u00e9c\u00e9d\u00e9 sur le ring lors d&rsquo;un match de la ligue de boxe professionnelle \u00e0 Accra.<\/em><\/strong><\/p>\n\n\n\n<p class=\"wp-block-paragraph\">Un incident tragique a secou\u00e9 la communaut\u00e9 de la boxe : le boxeur poids l\u00e9ger nig\u00e9rian, Gabriel Aluwasegun Olanrewagu, s&rsquo;est effondr\u00e9 sur le ring lors d&rsquo;un match de la ligue de boxe professionnelle \u00e0 Accra.<\/p>\n\n\n\n<p class=\"wp-block-paragraph\">Son d\u00e9c\u00e8s a \u00e9t\u00e9 constat\u00e9 \u00e0 l&rsquo;h\u00f4pital universitaire de Korle Bu aux premi\u00e8res heures du dimanche 30 mars.<\/p>\n\n\n<div class=\"wp-block-image\">\n<figure class=\"aligncenter size-full\"><img loading=\"lazy\" decoding=\"async\" width=\"851\" height=\"315\" src=\"https:\/\/macite.tg\/wp-content\/uploads\/2025\/03\/OTR_Ferer-pour-batir-1-2.jpg\" alt=\"\" class=\"wp-image-21010\" srcset=\"https:\/\/macite.tg\/wp-content\/uploads\/2025\/03\/OTR_Ferer-pour-batir-1-2.jpg 851w, https:\/\/macite.tg\/wp-content\/uploads\/2025\/03\/OTR_Ferer-pour-batir-1-2-300x111.jpg 300w, https:\/\/macite.tg\/wp-content\/uploads\/2025\/03\/OTR_Ferer-pour-batir-1-2-768x284.jpg 768w\" sizes=\"auto, (max-width: 851px) 100vw, 851px\" \/><\/figure>\n<\/div>\n\n\n<p class=\"wp-block-paragraph\">Le match, un combat international de huit rounds, organis\u00e9 par Osibor Boxing Promotions, en \u00e9tait \u00e0 son troisi\u00e8me round lorsque le malheureux \u00e9v\u00e9nement s&rsquo;est produit.<\/p>\n\n\n\n<p class=\"wp-block-paragraph\">Les deux boxeurs \u00e9taient engag\u00e9s dans un \u00e9change f\u00e9roce de coups-de-poing lorsque Gabriel a soudainement recul\u00e9, perdu l&rsquo;\u00e9quilibre et s&rsquo;est effondr\u00e9 lourdement sur le ring.<\/p>\n\n\n\n<p class=\"wp-block-paragraph\">SOT JONATHAN \u00ab\u00a0POWER FOR POWER\u00a0\u00bb MBANUGU, BOXEUR POIDS LOURDS L\u00c9GERS<\/p>\n\n\n\n<p class=\"wp-block-paragraph\">Des sources proches de la Ghana Boxing Authority (GBA) et d&rsquo;Osibor Boxing Promotions confirment qu&rsquo;un rapport officiel a \u00e9t\u00e9 d\u00e9pos\u00e9 aupr\u00e8s de la police ghan\u00e9enne, tandis que la Nigeria Boxing Authority a \u00e9t\u00e9 d\u00fbment inform\u00e9e de l&rsquo;incident.<\/p>\n\n\n<div class=\"wp-block-image\">\n<figure class=\"aligncenter size-large is-resized\"><img loading=\"lazy\" decoding=\"async\" width=\"1024\" height=\"1024\" src=\"https:\/\/macite.tg\/wp-content\/uploads\/2025\/03\/OTR_TVM2-1024x1024.jpg\" alt=\"\" class=\"wp-image-20895\" style=\"width:530px;height:auto\" srcset=\"https:\/\/macite.tg\/wp-content\/uploads\/2025\/03\/OTR_TVM2-1024x1024.jpg 1024w, https:\/\/macite.tg\/wp-content\/uploads\/2025\/03\/OTR_TVM2-300x300.jpg 300w, https:\/\/macite.tg\/wp-content\/uploads\/2025\/03\/OTR_TVM2-150x150.jpg 150w, https:\/\/macite.tg\/wp-content\/uploads\/2025\/03\/OTR_TVM2-768x768.jpg 768w, https:\/\/macite.tg\/wp-content\/uploads\/2025\/03\/OTR_TVM2-1536x1536.jpg 1536w, https:\/\/macite.tg\/wp-content\/uploads\/2025\/03\/OTR_TVM2-122x122.jpg 122w, https:\/\/macite.tg\/wp-content\/uploads\/2025\/03\/OTR_TVM2.jpg 1600w\" sizes=\"auto, (max-width: 1024px) 100vw, 1024px\" \/><\/figure>\n<\/div>\n\n\n<p class=\"wp-block-paragraph\">Le corps de Gabriel a \u00e9t\u00e9 d\u00e9pos\u00e9 au Korle Bu Teaching Hospital, en attendant l&rsquo;autopsie.<\/p>\n\n\n\n<p class=\"wp-block-paragraph\"><strong>MSN<\/strong><\/p>\n\n\n\n<p class=\"wp-block-paragraph\"><a><strong><em>@macite.tg&nbsp;&nbsp;&nbsp;&nbsp;&nbsp;&nbsp;&nbsp;&nbsp;<\/em><\/strong><\/a><\/p>\n\n\n\n<p class=\"wp-block-paragraph\"><strong><em>E-mail&nbsp;: <\/em><\/strong><a href=\"mailto:maciteinfo@gmail.com\"><strong><em>maciteinfo@gmail.com<\/em><\/strong><\/a><strong><em>; <\/em><\/strong><a href=\"mailto:bawela1@gmail.com\"><strong><em>bawela1@gmail.com<\/em><\/strong><\/a><strong><em><\/em><\/strong><\/p>\n\n\n\n<p class=\"wp-block-paragraph\"><strong><em>Pour vos annonces, (publi)reportages, etc., joignez-nous au (00228)91515309\/<strong>79872224 <\/strong>www.macite.tg, L\u2019information, la bonne&nbsp;!<\/em><\/strong><\/p>\n\n\n\n<p class=\"wp-block-paragraph\"><\/p>\n","protected":false},"excerpt":{"rendered":"<p class=\"text-justify mb-2\" >Le boxeur nig\u00e9rian, Gabriel Aluwasegun Olanrewagu, est d\u00e9c\u00e9d\u00e9 sur le ring lors d&rsquo;un match de la ligue de boxe professionnelle \u00e0 Accra. Un incident tragique a secou\u00e9 la communaut\u00e9 de la boxe : le boxeur poids l\u00e9ger nig\u00e9rian, Gabriel Aluwasegun Olanrewagu, s&rsquo;est effondr\u00e9 sur le [&hellip;]<\/p>\n","protected":false},"author":2,"featured_media":21032,"comment_status":"open","ping_status":"open","sticky":false,"template":"","format":"standard","meta":{"footnotes":""},"categories":[20,7],"tags":[],"class_list":["post-21031","post","type-post","status-publish","format-standard","has-post-thumbnail","hentry","category-actualite","category-sports"],"yoast_head":"<!-- This site is optimized with the Yoast SEO plugin v28.4 - https:\/\/yoast.com\/product\/yoast-seo-wordpress\/ -->\n<title>BOXE\u00a0: Mort tragique du Nig\u00e9rian &quot;Success&quot; en plein combat -<\/title>\n<meta name=\"robots\" content=\"index, follow, max-snippet:-1, max-image-preview:large, max-video-preview:-1\" \/>\n<link rel=\"canonical\" href=\"https:\/\/macite.tg\/?p=21031\" \/>\n<meta property=\"og:locale\" content=\"fr_FR\" \/>\n<meta property=\"og:type\" content=\"article\" \/>\n<meta property=\"og:title\" content=\"BOXE\u00a0: Mort tragique du Nig\u00e9rian &quot;Success&quot; en plein combat -\" \/>\n<meta property=\"og:description\" content=\"Le boxeur nig\u00e9rian, Gabriel Aluwasegun Olanrewagu, est d\u00e9c\u00e9d\u00e9 sur le ring lors d&rsquo;un match de la ligue de boxe professionnelle \u00e0 Accra. Un incident tragique a secou\u00e9 la communaut\u00e9 de la boxe : le boxeur poids l\u00e9ger nig\u00e9rian, Gabriel Aluwasegun Olanrewagu, s&rsquo;est effondr\u00e9 sur le [&hellip;]\" \/>\n<meta property=\"og:url\" content=\"https:\/\/macite.tg\/?p=21031\" \/>\n<meta property=\"article:published_time\" content=\"2025-03-31T10:43:48+00:00\" \/>\n<meta property=\"article:modified_time\" content=\"2025-03-31T10:44:03+00:00\" \/>\n<meta property=\"og:image\" content=\"https:\/\/macite.tg\/wp-content\/uploads\/2025\/03\/Boxe_Success.jpg\" \/>\n\t<meta property=\"og:image:width\" content=\"441\" \/>\n\t<meta property=\"og:image:height\" content=\"273\" \/>\n\t<meta property=\"og:image:type\" content=\"image\/jpeg\" \/>\n<meta name=\"author\" content=\"Jean Pierre BAWELA\" \/>\n<meta name=\"twitter:card\" content=\"summary_large_image\" \/>\n<meta name=\"twitter:label1\" content=\"\u00c9crit par\" \/>\n\t<meta name=\"twitter:data1\" content=\"Jean Pierre BAWELA\" \/>\n\t<meta name=\"twitter:label2\" content=\"Dur\u00e9e de lecture estim\u00e9e\" \/>\n\t<meta name=\"twitter:data2\" content=\"2 minutes\" \/>\n<script type=\"application\/ld+json\" class=\"yoast-schema-graph\">{\"@context\":\"https:\\\/\\\/schema.org\",\"@graph\":[{\"@type\":\"Article\",\"@id\":\"https:\\\/\\\/macite.tg\\\/?p=21031#article\",\"isPartOf\":{\"@id\":\"https:\\\/\\\/macite.tg\\\/?p=21031\"},\"author\":{\"name\":\"Jean Pierre BAWELA\",\"@id\":\"https:\\\/\\\/macite.tg\\\/#\\\/schema\\\/person\\\/e9f2de7e5dbbe7770a9402c7ce82f5c2\"},\"headline\":\"BOXE\u00a0: Mort tragique du Nig\u00e9rian \u00ab\u00a0Success\u00a0\u00bb en plein combat\",\"datePublished\":\"2025-03-31T10:43:48+00:00\",\"dateModified\":\"2025-03-31T10:44:03+00:00\",\"mainEntityOfPage\":{\"@id\":\"https:\\\/\\\/macite.tg\\\/?p=21031\"},\"wordCount\":257,\"commentCount\":0,\"image\":{\"@id\":\"https:\\\/\\\/macite.tg\\\/?p=21031#primaryimage\"},\"thumbnailUrl\":\"https:\\\/\\\/macite.tg\\\/wp-content\\\/uploads\\\/2025\\\/03\\\/Boxe_Success.jpg\",\"articleSection\":[\"ACTUALITE\",\"SPORTS\"],\"inLanguage\":\"fr-FR\",\"potentialAction\":[{\"@type\":\"CommentAction\",\"name\":\"Comment\",\"target\":[\"https:\\\/\\\/macite.tg\\\/?p=21031#respond\"]}]},{\"@type\":\"WebPage\",\"@id\":\"https:\\\/\\\/macite.tg\\\/?p=21031\",\"url\":\"https:\\\/\\\/macite.tg\\\/?p=21031\",\"name\":\"BOXE\u00a0: Mort tragique du Nig\u00e9rian \\\"Success\\\" en plein combat -\",\"isPartOf\":{\"@id\":\"https:\\\/\\\/macite.tg\\\/#website\"},\"primaryImageOfPage\":{\"@id\":\"https:\\\/\\\/macite.tg\\\/?p=21031#primaryimage\"},\"image\":{\"@id\":\"https:\\\/\\\/macite.tg\\\/?p=21031#primaryimage\"},\"thumbnailUrl\":\"https:\\\/\\\/macite.tg\\\/wp-content\\\/uploads\\\/2025\\\/03\\\/Boxe_Success.jpg\",\"datePublished\":\"2025-03-31T10:43:48+00:00\",\"dateModified\":\"2025-03-31T10:44:03+00:00\",\"author\":{\"@id\":\"https:\\\/\\\/macite.tg\\\/#\\\/schema\\\/person\\\/e9f2de7e5dbbe7770a9402c7ce82f5c2\"},\"breadcrumb\":{\"@id\":\"https:\\\/\\\/macite.tg\\\/?p=21031#breadcrumb\"},\"inLanguage\":\"fr-FR\",\"potentialAction\":[{\"@type\":\"ReadAction\",\"target\":[\"https:\\\/\\\/macite.tg\\\/?p=21031\"]}]},{\"@type\":\"ImageObject\",\"inLanguage\":\"fr-FR\",\"@id\":\"https:\\\/\\\/macite.tg\\\/?p=21031#primaryimage\",\"url\":\"https:\\\/\\\/macite.tg\\\/wp-content\\\/uploads\\\/2025\\\/03\\\/Boxe_Success.jpg\",\"contentUrl\":\"https:\\\/\\\/macite.tg\\\/wp-content\\\/uploads\\\/2025\\\/03\\\/Boxe_Success.jpg\",\"width\":441,\"height\":273},{\"@type\":\"BreadcrumbList\",\"@id\":\"https:\\\/\\\/macite.tg\\\/?p=21031#breadcrumb\",\"itemListElement\":[{\"@type\":\"ListItem\",\"position\":1,\"name\":\"Accueil\",\"item\":\"https:\\\/\\\/macite.tg\\\/\"},{\"@type\":\"ListItem\",\"position\":2,\"name\":\"BOXE\u00a0: Mort tragique du Nig\u00e9rian \u00ab\u00a0Success\u00a0\u00bb en plein combat\"}]},{\"@type\":\"WebSite\",\"@id\":\"https:\\\/\\\/macite.tg\\\/#website\",\"url\":\"https:\\\/\\\/macite.tg\\\/\",\"name\":\"\",\"description\":\"L&#039;information, la bonne!!!\",\"potentialAction\":[{\"@type\":\"SearchAction\",\"target\":{\"@type\":\"EntryPoint\",\"urlTemplate\":\"https:\\\/\\\/macite.tg\\\/?s={search_term_string}\"},\"query-input\":{\"@type\":\"PropertyValueSpecification\",\"valueRequired\":true,\"valueName\":\"search_term_string\"}}],\"inLanguage\":\"fr-FR\"},{\"@type\":\"Person\",\"@id\":\"https:\\\/\\\/macite.tg\\\/#\\\/schema\\\/person\\\/e9f2de7e5dbbe7770a9402c7ce82f5c2\",\"name\":\"Jean Pierre BAWELA\",\"image\":{\"@type\":\"ImageObject\",\"inLanguage\":\"fr-FR\",\"@id\":\"https:\\\/\\\/macite.tg\\\/wp-content\\\/uploads\\\/2023\\\/09\\\/WhatsApp-Image-2023-09-19-at-14.44.41-122x122.jpeg\",\"url\":\"https:\\\/\\\/macite.tg\\\/wp-content\\\/uploads\\\/2023\\\/09\\\/WhatsApp-Image-2023-09-19-at-14.44.41-122x122.jpeg\",\"contentUrl\":\"https:\\\/\\\/macite.tg\\\/wp-content\\\/uploads\\\/2023\\\/09\\\/WhatsApp-Image-2023-09-19-at-14.44.41-122x122.jpeg\",\"caption\":\"Jean Pierre BAWELA\"},\"url\":\"https:\\\/\\\/macite.tg\\\/?author=2\"}]}<\/script>\n<!-- \/ Yoast SEO plugin. -->","yoast_head_json":{"title":"BOXE\u00a0: Mort tragique du Nig\u00e9rian \"Success\" en plein combat -","robots":{"index":"index","follow":"follow","max-snippet":"max-snippet:-1","max-image-preview":"max-image-preview:large","max-video-preview":"max-video-preview:-1"},"canonical":"https:\/\/macite.tg\/?p=21031","og_locale":"fr_FR","og_type":"article","og_title":"BOXE\u00a0: Mort tragique du Nig\u00e9rian \"Success\" en plein combat -","og_description":"Le boxeur nig\u00e9rian, Gabriel Aluwasegun Olanrewagu, est d\u00e9c\u00e9d\u00e9 sur le ring lors d&rsquo;un match de la ligue de boxe professionnelle \u00e0 Accra. Un incident tragique a secou\u00e9 la communaut\u00e9 de la boxe : le boxeur poids l\u00e9ger nig\u00e9rian, Gabriel Aluwasegun Olanrewagu, s&rsquo;est effondr\u00e9 sur le [&hellip;]","og_url":"https:\/\/macite.tg\/?p=21031","article_published_time":"2025-03-31T10:43:48+00:00","article_modified_time":"2025-03-31T10:44:03+00:00","og_image":[{"width":441,"height":273,"url":"https:\/\/macite.tg\/wp-content\/uploads\/2025\/03\/Boxe_Success.jpg","type":"image\/jpeg"}],"author":"Jean Pierre BAWELA","twitter_card":"summary_large_image","twitter_misc":{"\u00c9crit par":"Jean Pierre BAWELA","Dur\u00e9e de lecture estim\u00e9e":"2 minutes"},"schema":{"@context":"https:\/\/schema.org","@graph":[{"@type":"Article","@id":"https:\/\/macite.tg\/?p=21031#article","isPartOf":{"@id":"https:\/\/macite.tg\/?p=21031"},"author":{"name":"Jean Pierre BAWELA","@id":"https:\/\/macite.tg\/#\/schema\/person\/e9f2de7e5dbbe7770a9402c7ce82f5c2"},"headline":"BOXE\u00a0: Mort tragique du Nig\u00e9rian \u00ab\u00a0Success\u00a0\u00bb en plein combat","datePublished":"2025-03-31T10:43:48+00:00","dateModified":"2025-03-31T10:44:03+00:00","mainEntityOfPage":{"@id":"https:\/\/macite.tg\/?p=21031"},"wordCount":257,"commentCount":0,"image":{"@id":"https:\/\/macite.tg\/?p=21031#primaryimage"},"thumbnailUrl":"https:\/\/macite.tg\/wp-content\/uploads\/2025\/03\/Boxe_Success.jpg","articleSection":["ACTUALITE","SPORTS"],"inLanguage":"fr-FR","potentialAction":[{"@type":"CommentAction","name":"Comment","target":["https:\/\/macite.tg\/?p=21031#respond"]}]},{"@type":"WebPage","@id":"https:\/\/macite.tg\/?p=21031","url":"https:\/\/macite.tg\/?p=21031","name":"BOXE\u00a0: Mort tragique du Nig\u00e9rian \"Success\" en plein combat -","isPartOf":{"@id":"https:\/\/macite.tg\/#website"},"primaryImageOfPage":{"@id":"https:\/\/macite.tg\/?p=21031#primaryimage"},"image":{"@id":"https:\/\/macite.tg\/?p=21031#primaryimage"},"thumbnailUrl":"https:\/\/macite.tg\/wp-content\/uploads\/2025\/03\/Boxe_Success.jpg","datePublished":"2025-03-31T10:43:48+00:00","dateModified":"2025-03-31T10:44:03+00:00","author":{"@id":"https:\/\/macite.tg\/#\/schema\/person\/e9f2de7e5dbbe7770a9402c7ce82f5c2"},"breadcrumb":{"@id":"https:\/\/macite.tg\/?p=21031#breadcrumb"},"inLanguage":"fr-FR","potentialAction":[{"@type":"ReadAction","target":["https:\/\/macite.tg\/?p=21031"]}]},{"@type":"ImageObject","inLanguage":"fr-FR","@id":"https:\/\/macite.tg\/?p=21031#primaryimage","url":"https:\/\/macite.tg\/wp-content\/uploads\/2025\/03\/Boxe_Success.jpg","contentUrl":"https:\/\/macite.tg\/wp-content\/uploads\/2025\/03\/Boxe_Success.jpg","width":441,"height":273},{"@type":"BreadcrumbList","@id":"https:\/\/macite.tg\/?p=21031#breadcrumb","itemListElement":[{"@type":"ListItem","position":1,"name":"Accueil","item":"https:\/\/macite.tg\/"},{"@type":"ListItem","position":2,"name":"BOXE\u00a0: Mort tragique du Nig\u00e9rian \u00ab\u00a0Success\u00a0\u00bb en plein combat"}]},{"@type":"WebSite","@id":"https:\/\/macite.tg\/#website","url":"https:\/\/macite.tg\/","name":"","description":"L&#039;information, la bonne!!!","potentialAction":[{"@type":"SearchAction","target":{"@type":"EntryPoint","urlTemplate":"https:\/\/macite.tg\/?s={search_term_string}"},"query-input":{"@type":"PropertyValueSpecification","valueRequired":true,"valueName":"search_term_string"}}],"inLanguage":"fr-FR"},{"@type":"Person","@id":"https:\/\/macite.tg\/#\/schema\/person\/e9f2de7e5dbbe7770a9402c7ce82f5c2","name":"Jean Pierre BAWELA","image":{"@type":"ImageObject","inLanguage":"fr-FR","@id":"https:\/\/macite.tg\/wp-content\/uploads\/2023\/09\/WhatsApp-Image-2023-09-19-at-14.44.41-122x122.jpeg","url":"https:\/\/macite.tg\/wp-content\/uploads\/2023\/09\/WhatsApp-Image-2023-09-19-at-14.44.41-122x122.jpeg","contentUrl":"https:\/\/macite.tg\/wp-content\/uploads\/2023\/09\/WhatsApp-Image-2023-09-19-at-14.44.41-122x122.jpeg","caption":"Jean Pierre BAWELA"},"url":"https:\/\/macite.tg\/?author=2"}]}},"_links":{"self":[{"href":"https:\/\/macite.tg\/index.php?rest_route=\/wp\/v2\/posts\/21031","targetHints":{"allow":["GET"]}}],"collection":[{"href":"https:\/\/macite.tg\/index.php?rest_route=\/wp\/v2\/posts"}],"about":[{"href":"https:\/\/macite.tg\/index.php?rest_route=\/wp\/v2\/types\/post"}],"author":[{"embeddable":true,"href":"https:\/\/macite.tg\/index.php?rest_route=\/wp\/v2\/users\/2"}],"replies":[{"embeddable":true,"href":"https:\/\/macite.tg\/index.php?rest_route=%2Fwp%2Fv2%2Fcomments&post=21031"}],"version-history":[{"count":0,"href":"https:\/\/macite.tg\/index.php?rest_route=\/wp\/v2\/posts\/21031\/revisions"}],"wp:featuredmedia":[{"embeddable":true,"href":"https:\/\/macite.tg\/index.php?rest_route=\/wp\/v2\/media\/21032"}],"wp:attachment":[{"href":"https:\/\/macite.tg\/index.php?rest_route=%2Fwp%2Fv2%2Fmedia&parent=21031"}],"wp:term":[{"taxonomy":"category","embeddable":true,"href":"https:\/\/macite.tg\/index.php?rest_route=%2Fwp%2Fv2%2Fcategories&post=21031"},{"taxonomy":"post_tag","embeddable":true,"href":"https:\/\/macite.tg\/index.php?rest_route=%2Fwp%2Fv2%2Ftags&post=21031"}],"curies":[{"name":"wp","href":"https:\/\/api.w.org\/{rel}","templated":true}]}}