{"id":21030,"date":"2025-03-31T11:13:21","date_gmt":"2025-03-31T11:13:21","guid":{"rendered":"https:\/\/macite.tg\/?p=21030"},"modified":"2025-03-31T11:13:35","modified_gmt":"2025-03-31T11:13:35","slug":"aid-el-fitr-2025-le-president-faure-gnassingbe-en-communion-avec-la-communaute-musulmane","status":"publish","type":"post","link":"https:\/\/macite.tg\/?p=21030","title":{"rendered":"A\u00cfD EL-FITR 2025\u00a0: Le Pr\u00e9sident Faure Gnassingb\u00e9 en communion avec la communaut\u00e9 musulmane"},"content":{"rendered":"\n<p class=\"wp-block-paragraph\"><strong><em>C\u2019est hier dimanche que la communaut\u00e9 musulmane du Togo a c\u00e9l\u00e9br\u00e9 la f\u00eate de l\u2019A\u00efd El-Fitr, marquant la fin du mois b\u00e9ni de Ramadan. Sur l\u2019ensemble du territoire national, une grande pri\u00e8re a r\u00e9uni les fid\u00e8les de Mahomet t\u00f4t dans la matin\u00e9e. A Lom\u00e9, c\u2019est sur le terrain du Lyc\u00e9e de Tokoin que des milliers de musulmans se sont donn\u00e9s rendez-vous pour cette grande pri\u00e8re, en pr\u00e9sence du Chef de l\u2019Etat, des membres du gouvernement, des pr\u00e9sidents des institutions et de plusieurs invit\u00e9s.<\/em><\/strong><\/p>\n\n\n\n<p class=\"wp-block-paragraph\">Plac\u00e9e sous la direction de l\u2019Imam principal de la grande Mosqu\u00e9e de Lom\u00e9, El Hadj Agoro Zakari, cette grande pri\u00e8re a \u00e9t\u00e9 une occasion pour la communaut\u00e9 musulmane d\u2019implorer la b\u00e9n\u00e9diction divine sur le Togo, et ses dirigeants, notamment le Pr\u00e9sident de la R\u00e9publique.<\/p>\n\n\n\n<p class=\"wp-block-paragraph\">\u00ab<em>&nbsp;En cette circonstance de profession de la foi, nous prions pour le Togo et le chef de l\u2019\u00c9tat Faure Essozimna Gnassingb\u00e9. Puisse Dieu l\u2019assister et le renforcer dans sa politique de lutte contre le terrorisme et de p\u00e9rennisation de la paix et la s\u00e9curit\u00e9. Nous prions \u00e9galement pour les institutions de la R\u00e9publique, les forces de l\u2019ordre et de la s\u00e9curit\u00e9 et toute personne qui lutte pour la consolidation de la paix dans notre pays. Que Dieu b\u00e9nisse le Tog<\/em>o \u00bb, a d\u00e9clar\u00e9 El Hadj Agoro Zakari.<\/p>\n\n\n<div class=\"wp-block-image\">\n<figure class=\"aligncenter size-full\"><img loading=\"lazy\" decoding=\"async\" width=\"851\" height=\"315\" src=\"https:\/\/macite.tg\/wp-content\/uploads\/2025\/03\/OTR_Ferer-pour-batir-1-2.jpg\" alt=\"\" class=\"wp-image-21010\" srcset=\"https:\/\/macite.tg\/wp-content\/uploads\/2025\/03\/OTR_Ferer-pour-batir-1-2.jpg 851w, https:\/\/macite.tg\/wp-content\/uploads\/2025\/03\/OTR_Ferer-pour-batir-1-2-300x111.jpg 300w, https:\/\/macite.tg\/wp-content\/uploads\/2025\/03\/OTR_Ferer-pour-batir-1-2-768x284.jpg 768w\" sizes=\"auto, (max-width: 851px) 100vw, 851px\" \/><\/figure>\n<\/div>\n\n\n<p class=\"wp-block-paragraph\">La pr\u00e9sence du Chef de l\u2019Etat aux c\u00f4t\u00e9s des fid\u00e8les musulmans, geste symbolique qui illustre l\u2019attachement du Pr\u00e9sident de la R\u00e9publique aux valeurs religieuses mais aussi son engagement pour une coh\u00e9sion sociale, a \u00e9t\u00e9 particuli\u00e8rement salu\u00e9e.<\/p>\n\n\n\n<p class=\"wp-block-paragraph\">Quelques heures plus t\u00f4t, le Chef de l\u2019Etat avait souhait\u00e9, sur son compte X, une bonne c\u00e9l\u00e9bration de Ramadan \u00e0 toute la communaut\u00e9 musulmane du Togo et de la diaspora. \u00ab&nbsp;<em>\u00c0 tous nos compatriotes musulmans au Togo et dans la diaspora, je souhaite une bonne f\u00eate de l\u2019A\u00efd El-Fitr. Que nos valeurs communes de solidarit\u00e9, de paix et de vivre-ensemble pr\u00e9dominent en ce moment de communion et de pri\u00e8res<\/em>&nbsp;\u00bb, a-t-il \u00e9crit.<\/p>\n\n\n<div class=\"wp-block-image\">\n<figure class=\"aligncenter size-large is-resized\"><img loading=\"lazy\" decoding=\"async\" width=\"1024\" height=\"1024\" src=\"https:\/\/macite.tg\/wp-content\/uploads\/2025\/03\/OTR_TVM2-1024x1024.jpg\" alt=\"\" class=\"wp-image-20895\" style=\"width:492px;height:auto\" srcset=\"https:\/\/macite.tg\/wp-content\/uploads\/2025\/03\/OTR_TVM2-1024x1024.jpg 1024w, https:\/\/macite.tg\/wp-content\/uploads\/2025\/03\/OTR_TVM2-300x300.jpg 300w, https:\/\/macite.tg\/wp-content\/uploads\/2025\/03\/OTR_TVM2-150x150.jpg 150w, https:\/\/macite.tg\/wp-content\/uploads\/2025\/03\/OTR_TVM2-768x768.jpg 768w, https:\/\/macite.tg\/wp-content\/uploads\/2025\/03\/OTR_TVM2-1536x1536.jpg 1536w, https:\/\/macite.tg\/wp-content\/uploads\/2025\/03\/OTR_TVM2-122x122.jpg 122w, https:\/\/macite.tg\/wp-content\/uploads\/2025\/03\/OTR_TVM2.jpg 1600w\" sizes=\"auto, (max-width: 1024px) 100vw, 1024px\" \/><\/figure>\n<\/div>\n\n\n<p class=\"wp-block-paragraph\">P\u00e9riode de renouvellement de la foi et de la fraternit\u00e9, le Ramadan est le neuvi\u00e8me mois du calendrier lunaire islamique. C\u2019est une p\u00e9riode de d\u00e9votion, de partage, de solidarit\u00e9 et de r\u00e9flexions spirituelles.<\/p>\n\n\n\n<p class=\"wp-block-paragraph\"><strong>JPB<\/strong><\/p>\n\n\n\n<p class=\"wp-block-paragraph\"><a><strong><em>@macite.tg&nbsp;&nbsp;&nbsp;&nbsp;&nbsp;&nbsp;&nbsp;&nbsp;<\/em><\/strong><\/a><\/p>\n\n\n\n<p class=\"wp-block-paragraph\"><strong><em>E-mail&nbsp;: <\/em><\/strong><a href=\"mailto:maciteinfo@gmail.com\"><strong><em>maciteinfo@gmail.com<\/em><\/strong><\/a><strong><em>; <\/em><\/strong><a href=\"mailto:bawela1@gmail.com\"><strong><em>bawela1@gmail.com<\/em><\/strong><\/a><strong><em><\/em><\/strong><\/p>\n\n\n\n<p class=\"wp-block-paragraph\"><strong><em>Pour vos annonces, (publi)reportages, etc., joignez-nous au (00228)91515309\/<strong>79872224 <\/strong>www.macite.tg, L\u2019information, la bonne&nbsp;!<\/em><\/strong><\/p>\n\n\n\n<p class=\"wp-block-paragraph\"><\/p>\n","protected":false},"excerpt":{"rendered":"<p class=\"text-justify mb-2\" >C\u2019est hier dimanche que la communaut\u00e9 musulmane du Togo a c\u00e9l\u00e9br\u00e9 la f\u00eate de l\u2019A\u00efd El-Fitr, marquant la fin du mois b\u00e9ni de Ramadan. Sur l\u2019ensemble du territoire national, une grande pri\u00e8re a r\u00e9uni les fid\u00e8les de Mahomet t\u00f4t dans la matin\u00e9e. A Lom\u00e9, c\u2019est [&hellip;]<\/p>\n","protected":false},"author":2,"featured_media":21034,"comment_status":"open","ping_status":"open","sticky":false,"template":"","format":"standard","meta":{"footnotes":""},"categories":[20,40],"tags":[],"class_list":["post-21030","post","type-post","status-publish","format-standard","has-post-thumbnail","hentry","category-actualite","category-religion"],"yoast_head":"<!-- This site is optimized with the Yoast SEO plugin v28.4 - https:\/\/yoast.com\/product\/yoast-seo-wordpress\/ -->\n<title>A\u00cfD EL-FITR 2025\u00a0: Le Pr\u00e9sident Faure Gnassingb\u00e9 en communion avec la communaut\u00e9 musulmane -<\/title>\n<meta name=\"robots\" content=\"index, follow, max-snippet:-1, max-image-preview:large, max-video-preview:-1\" \/>\n<link rel=\"canonical\" href=\"https:\/\/macite.tg\/?p=21030\" \/>\n<meta property=\"og:locale\" content=\"fr_FR\" \/>\n<meta property=\"og:type\" content=\"article\" \/>\n<meta property=\"og:title\" content=\"A\u00cfD EL-FITR 2025\u00a0: Le Pr\u00e9sident Faure Gnassingb\u00e9 en communion avec la communaut\u00e9 musulmane -\" \/>\n<meta property=\"og:description\" content=\"C\u2019est hier dimanche que la communaut\u00e9 musulmane du Togo a c\u00e9l\u00e9br\u00e9 la f\u00eate de l\u2019A\u00efd El-Fitr, marquant la fin du mois b\u00e9ni de Ramadan. Sur l\u2019ensemble du territoire national, une grande pri\u00e8re a r\u00e9uni les fid\u00e8les de Mahomet t\u00f4t dans la matin\u00e9e. A Lom\u00e9, c\u2019est [&hellip;]\" \/>\n<meta property=\"og:url\" content=\"https:\/\/macite.tg\/?p=21030\" \/>\n<meta property=\"article:published_time\" content=\"2025-03-31T11:13:21+00:00\" \/>\n<meta property=\"article:modified_time\" content=\"2025-03-31T11:13:35+00:00\" \/>\n<meta property=\"og:image\" content=\"https:\/\/macite.tg\/wp-content\/uploads\/2025\/03\/RAMADAN.jpg\" \/>\n\t<meta property=\"og:image:width\" content=\"500\" \/>\n\t<meta property=\"og:image:height\" content=\"179\" \/>\n\t<meta property=\"og:image:type\" content=\"image\/jpeg\" \/>\n<meta name=\"author\" content=\"Jean Pierre BAWELA\" \/>\n<meta name=\"twitter:card\" content=\"summary_large_image\" \/>\n<meta name=\"twitter:label1\" content=\"\u00c9crit par\" \/>\n\t<meta name=\"twitter:data1\" content=\"Jean Pierre BAWELA\" \/>\n\t<meta name=\"twitter:label2\" content=\"Dur\u00e9e de lecture estim\u00e9e\" \/>\n\t<meta name=\"twitter:data2\" content=\"3 minutes\" \/>\n<script type=\"application\/ld+json\" class=\"yoast-schema-graph\">{\"@context\":\"https:\\\/\\\/schema.org\",\"@graph\":[{\"@type\":\"Article\",\"@id\":\"https:\\\/\\\/macite.tg\\\/?p=21030#article\",\"isPartOf\":{\"@id\":\"https:\\\/\\\/macite.tg\\\/?p=21030\"},\"author\":{\"name\":\"Jean Pierre BAWELA\",\"@id\":\"https:\\\/\\\/macite.tg\\\/#\\\/schema\\\/person\\\/e9f2de7e5dbbe7770a9402c7ce82f5c2\"},\"headline\":\"A\u00cfD EL-FITR 2025\u00a0: Le Pr\u00e9sident Faure Gnassingb\u00e9 en communion avec la communaut\u00e9 musulmane\",\"datePublished\":\"2025-03-31T11:13:21+00:00\",\"dateModified\":\"2025-03-31T11:13:35+00:00\",\"mainEntityOfPage\":{\"@id\":\"https:\\\/\\\/macite.tg\\\/?p=21030\"},\"wordCount\":468,\"commentCount\":0,\"image\":{\"@id\":\"https:\\\/\\\/macite.tg\\\/?p=21030#primaryimage\"},\"thumbnailUrl\":\"https:\\\/\\\/macite.tg\\\/wp-content\\\/uploads\\\/2025\\\/03\\\/RAMADAN.jpg\",\"articleSection\":[\"ACTUALITE\",\"RELIGION\"],\"inLanguage\":\"fr-FR\",\"potentialAction\":[{\"@type\":\"CommentAction\",\"name\":\"Comment\",\"target\":[\"https:\\\/\\\/macite.tg\\\/?p=21030#respond\"]}]},{\"@type\":\"WebPage\",\"@id\":\"https:\\\/\\\/macite.tg\\\/?p=21030\",\"url\":\"https:\\\/\\\/macite.tg\\\/?p=21030\",\"name\":\"A\u00cfD EL-FITR 2025\u00a0: Le Pr\u00e9sident Faure Gnassingb\u00e9 en communion avec la communaut\u00e9 musulmane -\",\"isPartOf\":{\"@id\":\"https:\\\/\\\/macite.tg\\\/#website\"},\"primaryImageOfPage\":{\"@id\":\"https:\\\/\\\/macite.tg\\\/?p=21030#primaryimage\"},\"image\":{\"@id\":\"https:\\\/\\\/macite.tg\\\/?p=21030#primaryimage\"},\"thumbnailUrl\":\"https:\\\/\\\/macite.tg\\\/wp-content\\\/uploads\\\/2025\\\/03\\\/RAMADAN.jpg\",\"datePublished\":\"2025-03-31T11:13:21+00:00\",\"dateModified\":\"2025-03-31T11:13:35+00:00\",\"author\":{\"@id\":\"https:\\\/\\\/macite.tg\\\/#\\\/schema\\\/person\\\/e9f2de7e5dbbe7770a9402c7ce82f5c2\"},\"breadcrumb\":{\"@id\":\"https:\\\/\\\/macite.tg\\\/?p=21030#breadcrumb\"},\"inLanguage\":\"fr-FR\",\"potentialAction\":[{\"@type\":\"ReadAction\",\"target\":[\"https:\\\/\\\/macite.tg\\\/?p=21030\"]}]},{\"@type\":\"ImageObject\",\"inLanguage\":\"fr-FR\",\"@id\":\"https:\\\/\\\/macite.tg\\\/?p=21030#primaryimage\",\"url\":\"https:\\\/\\\/macite.tg\\\/wp-content\\\/uploads\\\/2025\\\/03\\\/RAMADAN.jpg\",\"contentUrl\":\"https:\\\/\\\/macite.tg\\\/wp-content\\\/uploads\\\/2025\\\/03\\\/RAMADAN.jpg\",\"width\":500,\"height\":179},{\"@type\":\"BreadcrumbList\",\"@id\":\"https:\\\/\\\/macite.tg\\\/?p=21030#breadcrumb\",\"itemListElement\":[{\"@type\":\"ListItem\",\"position\":1,\"name\":\"Accueil\",\"item\":\"https:\\\/\\\/macite.tg\\\/\"},{\"@type\":\"ListItem\",\"position\":2,\"name\":\"A\u00cfD EL-FITR 2025\u00a0: Le Pr\u00e9sident Faure Gnassingb\u00e9 en communion avec la communaut\u00e9 musulmane\"}]},{\"@type\":\"WebSite\",\"@id\":\"https:\\\/\\\/macite.tg\\\/#website\",\"url\":\"https:\\\/\\\/macite.tg\\\/\",\"name\":\"\",\"description\":\"L&#039;information, la bonne!!!\",\"potentialAction\":[{\"@type\":\"SearchAction\",\"target\":{\"@type\":\"EntryPoint\",\"urlTemplate\":\"https:\\\/\\\/macite.tg\\\/?s={search_term_string}\"},\"query-input\":{\"@type\":\"PropertyValueSpecification\",\"valueRequired\":true,\"valueName\":\"search_term_string\"}}],\"inLanguage\":\"fr-FR\"},{\"@type\":\"Person\",\"@id\":\"https:\\\/\\\/macite.tg\\\/#\\\/schema\\\/person\\\/e9f2de7e5dbbe7770a9402c7ce82f5c2\",\"name\":\"Jean Pierre BAWELA\",\"image\":{\"@type\":\"ImageObject\",\"inLanguage\":\"fr-FR\",\"@id\":\"https:\\\/\\\/macite.tg\\\/wp-content\\\/uploads\\\/2023\\\/09\\\/WhatsApp-Image-2023-09-19-at-14.44.41-122x122.jpeg\",\"url\":\"https:\\\/\\\/macite.tg\\\/wp-content\\\/uploads\\\/2023\\\/09\\\/WhatsApp-Image-2023-09-19-at-14.44.41-122x122.jpeg\",\"contentUrl\":\"https:\\\/\\\/macite.tg\\\/wp-content\\\/uploads\\\/2023\\\/09\\\/WhatsApp-Image-2023-09-19-at-14.44.41-122x122.jpeg\",\"caption\":\"Jean Pierre BAWELA\"},\"url\":\"https:\\\/\\\/macite.tg\\\/?author=2\"}]}<\/script>\n<!-- \/ Yoast SEO plugin. -->","yoast_head_json":{"title":"A\u00cfD EL-FITR 2025\u00a0: Le Pr\u00e9sident Faure Gnassingb\u00e9 en communion avec la communaut\u00e9 musulmane -","robots":{"index":"index","follow":"follow","max-snippet":"max-snippet:-1","max-image-preview":"max-image-preview:large","max-video-preview":"max-video-preview:-1"},"canonical":"https:\/\/macite.tg\/?p=21030","og_locale":"fr_FR","og_type":"article","og_title":"A\u00cfD EL-FITR 2025\u00a0: Le Pr\u00e9sident Faure Gnassingb\u00e9 en communion avec la communaut\u00e9 musulmane -","og_description":"C\u2019est hier dimanche que la communaut\u00e9 musulmane du Togo a c\u00e9l\u00e9br\u00e9 la f\u00eate de l\u2019A\u00efd El-Fitr, marquant la fin du mois b\u00e9ni de Ramadan. Sur l\u2019ensemble du territoire national, une grande pri\u00e8re a r\u00e9uni les fid\u00e8les de Mahomet t\u00f4t dans la matin\u00e9e. A Lom\u00e9, c\u2019est [&hellip;]","og_url":"https:\/\/macite.tg\/?p=21030","article_published_time":"2025-03-31T11:13:21+00:00","article_modified_time":"2025-03-31T11:13:35+00:00","og_image":[{"width":500,"height":179,"url":"https:\/\/macite.tg\/wp-content\/uploads\/2025\/03\/RAMADAN.jpg","type":"image\/jpeg"}],"author":"Jean Pierre BAWELA","twitter_card":"summary_large_image","twitter_misc":{"\u00c9crit par":"Jean Pierre BAWELA","Dur\u00e9e de lecture estim\u00e9e":"3 minutes"},"schema":{"@context":"https:\/\/schema.org","@graph":[{"@type":"Article","@id":"https:\/\/macite.tg\/?p=21030#article","isPartOf":{"@id":"https:\/\/macite.tg\/?p=21030"},"author":{"name":"Jean Pierre BAWELA","@id":"https:\/\/macite.tg\/#\/schema\/person\/e9f2de7e5dbbe7770a9402c7ce82f5c2"},"headline":"A\u00cfD EL-FITR 2025\u00a0: Le Pr\u00e9sident Faure Gnassingb\u00e9 en communion avec la communaut\u00e9 musulmane","datePublished":"2025-03-31T11:13:21+00:00","dateModified":"2025-03-31T11:13:35+00:00","mainEntityOfPage":{"@id":"https:\/\/macite.tg\/?p=21030"},"wordCount":468,"commentCount":0,"image":{"@id":"https:\/\/macite.tg\/?p=21030#primaryimage"},"thumbnailUrl":"https:\/\/macite.tg\/wp-content\/uploads\/2025\/03\/RAMADAN.jpg","articleSection":["ACTUALITE","RELIGION"],"inLanguage":"fr-FR","potentialAction":[{"@type":"CommentAction","name":"Comment","target":["https:\/\/macite.tg\/?p=21030#respond"]}]},{"@type":"WebPage","@id":"https:\/\/macite.tg\/?p=21030","url":"https:\/\/macite.tg\/?p=21030","name":"A\u00cfD EL-FITR 2025\u00a0: Le Pr\u00e9sident Faure Gnassingb\u00e9 en communion avec la communaut\u00e9 musulmane -","isPartOf":{"@id":"https:\/\/macite.tg\/#website"},"primaryImageOfPage":{"@id":"https:\/\/macite.tg\/?p=21030#primaryimage"},"image":{"@id":"https:\/\/macite.tg\/?p=21030#primaryimage"},"thumbnailUrl":"https:\/\/macite.tg\/wp-content\/uploads\/2025\/03\/RAMADAN.jpg","datePublished":"2025-03-31T11:13:21+00:00","dateModified":"2025-03-31T11:13:35+00:00","author":{"@id":"https:\/\/macite.tg\/#\/schema\/person\/e9f2de7e5dbbe7770a9402c7ce82f5c2"},"breadcrumb":{"@id":"https:\/\/macite.tg\/?p=21030#breadcrumb"},"inLanguage":"fr-FR","potentialAction":[{"@type":"ReadAction","target":["https:\/\/macite.tg\/?p=21030"]}]},{"@type":"ImageObject","inLanguage":"fr-FR","@id":"https:\/\/macite.tg\/?p=21030#primaryimage","url":"https:\/\/macite.tg\/wp-content\/uploads\/2025\/03\/RAMADAN.jpg","contentUrl":"https:\/\/macite.tg\/wp-content\/uploads\/2025\/03\/RAMADAN.jpg","width":500,"height":179},{"@type":"BreadcrumbList","@id":"https:\/\/macite.tg\/?p=21030#breadcrumb","itemListElement":[{"@type":"ListItem","position":1,"name":"Accueil","item":"https:\/\/macite.tg\/"},{"@type":"ListItem","position":2,"name":"A\u00cfD EL-FITR 2025\u00a0: Le Pr\u00e9sident Faure Gnassingb\u00e9 en communion avec la communaut\u00e9 musulmane"}]},{"@type":"WebSite","@id":"https:\/\/macite.tg\/#website","url":"https:\/\/macite.tg\/","name":"","description":"L&#039;information, la bonne!!!","potentialAction":[{"@type":"SearchAction","target":{"@type":"EntryPoint","urlTemplate":"https:\/\/macite.tg\/?s={search_term_string}"},"query-input":{"@type":"PropertyValueSpecification","valueRequired":true,"valueName":"search_term_string"}}],"inLanguage":"fr-FR"},{"@type":"Person","@id":"https:\/\/macite.tg\/#\/schema\/person\/e9f2de7e5dbbe7770a9402c7ce82f5c2","name":"Jean Pierre BAWELA","image":{"@type":"ImageObject","inLanguage":"fr-FR","@id":"https:\/\/macite.tg\/wp-content\/uploads\/2023\/09\/WhatsApp-Image-2023-09-19-at-14.44.41-122x122.jpeg","url":"https:\/\/macite.tg\/wp-content\/uploads\/2023\/09\/WhatsApp-Image-2023-09-19-at-14.44.41-122x122.jpeg","contentUrl":"https:\/\/macite.tg\/wp-content\/uploads\/2023\/09\/WhatsApp-Image-2023-09-19-at-14.44.41-122x122.jpeg","caption":"Jean Pierre BAWELA"},"url":"https:\/\/macite.tg\/?author=2"}]}},"_links":{"self":[{"href":"https:\/\/macite.tg\/index.php?rest_route=\/wp\/v2\/posts\/21030","targetHints":{"allow":["GET"]}}],"collection":[{"href":"https:\/\/macite.tg\/index.php?rest_route=\/wp\/v2\/posts"}],"about":[{"href":"https:\/\/macite.tg\/index.php?rest_route=\/wp\/v2\/types\/post"}],"author":[{"embeddable":true,"href":"https:\/\/macite.tg\/index.php?rest_route=\/wp\/v2\/users\/2"}],"replies":[{"embeddable":true,"href":"https:\/\/macite.tg\/index.php?rest_route=%2Fwp%2Fv2%2Fcomments&post=21030"}],"version-history":[{"count":0,"href":"https:\/\/macite.tg\/index.php?rest_route=\/wp\/v2\/posts\/21030\/revisions"}],"wp:featuredmedia":[{"embeddable":true,"href":"https:\/\/macite.tg\/index.php?rest_route=\/wp\/v2\/media\/21034"}],"wp:attachment":[{"href":"https:\/\/macite.tg\/index.php?rest_route=%2Fwp%2Fv2%2Fmedia&parent=21030"}],"wp:term":[{"taxonomy":"category","embeddable":true,"href":"https:\/\/macite.tg\/index.php?rest_route=%2Fwp%2Fv2%2Fcategories&post=21030"},{"taxonomy":"post_tag","embeddable":true,"href":"https:\/\/macite.tg\/index.php?rest_route=%2Fwp%2Fv2%2Ftags&post=21030"}],"curies":[{"name":"wp","href":"https:\/\/api.w.org\/{rel}","templated":true}]}}