{"id":21027,"date":"2025-03-28T19:29:45","date_gmt":"2025-03-28T19:29:45","guid":{"rendered":"https:\/\/macite.tg\/?p=21027"},"modified":"2025-03-28T19:29:58","modified_gmt":"2025-03-28T19:29:58","slug":"dominique-aliziou-5-ans-apres-des-temoignages-emouvants","status":"publish","type":"post","link":"https:\/\/macite.tg\/?p=21027","title":{"rendered":"DOMINIQUE ALIZIOU, 5 ANS APRES : Des t\u00e9moignages \u00e9mouvants\u2026"},"content":{"rendered":"\n<p class=\"wp-block-paragraph\"><strong><em>Le 27 mars 2020-27 mars 2025&nbsp;: Cinq ans, jours pour jour, que Aliziou Essodina Koffi Dominique, journaliste, promoteur et Directeur de la publication du journal Chronique de la Semaine, a rejoint l\u2019autre bord. &nbsp;Malgr\u00e9 le temp, l\u2019illustre disparu demeure toujours dans les m\u00e9moires collectives, ceci \u00e0 travers son humanisme, sa g\u00e9n\u00e9rosit\u00e9 envers ses semblables.&nbsp; Des t\u00e9moignages \u00e9mouvants sur la vie de l\u2019homme, sont l\u00e9gion\u2026<\/em><\/strong><\/p>\n\n\n\n<p class=\"wp-block-paragraph\"><strong>Connu pour sa verve plaisamment color\u00e9e<\/strong><\/p>\n\n\n\n<p class=\"wp-block-paragraph\"><em>\u00ab&nbsp;Il y a 5 ans, le confr\u00e8re Dominique Aliziou, fondateur et directeur de la publication de l\u2019hebdomadaire CHRONIQUE DE LA SEMAINE, s\u2019endormait du sommeil de la tombe, dans un contexte p\u00e9niblement \u00e9prouvant, au retour d\u2019une mission en Bruxelles, laissant sa famille biologique, sa r\u00e9daction, toute la presse togolaise, ses d\u00e9tracteurs irr\u00e9ductibles et ses admirateurs inconditionnels (aujourd\u2019hui inconsolables) dans une douleur indescriptible.<\/em><\/p>\n\n\n\n<p class=\"wp-block-paragraph\"><em>En franchissant le noir passage, le confr\u00e8re, connu pour sa verve assez plaisamment color\u00e9e sur les antennes radio et plateaux de t\u00e9l\u00e9vision, a laiss\u00e9 le souvenir d\u2019un homme de m\u00e9dia solidement attach\u00e9 \u00e0 sa ligne \u00e9ditoriale, ses convictions qui n\u2019ont jamais vari\u00e9 et surtout au travail bien fait.<\/em><\/p>\n\n\n<div class=\"wp-block-image\">\n<figure class=\"aligncenter size-large is-resized\"><img loading=\"lazy\" decoding=\"async\" width=\"1024\" height=\"1024\" src=\"https:\/\/macite.tg\/wp-content\/uploads\/2025\/03\/OTR_TVM2-1024x1024.jpg\" alt=\"\" class=\"wp-image-20895\" style=\"width:492px;height:auto\" srcset=\"https:\/\/macite.tg\/wp-content\/uploads\/2025\/03\/OTR_TVM2-1024x1024.jpg 1024w, https:\/\/macite.tg\/wp-content\/uploads\/2025\/03\/OTR_TVM2-300x300.jpg 300w, https:\/\/macite.tg\/wp-content\/uploads\/2025\/03\/OTR_TVM2-150x150.jpg 150w, https:\/\/macite.tg\/wp-content\/uploads\/2025\/03\/OTR_TVM2-768x768.jpg 768w, https:\/\/macite.tg\/wp-content\/uploads\/2025\/03\/OTR_TVM2-1536x1536.jpg 1536w, https:\/\/macite.tg\/wp-content\/uploads\/2025\/03\/OTR_TVM2-122x122.jpg 122w, https:\/\/macite.tg\/wp-content\/uploads\/2025\/03\/OTR_TVM2.jpg 1600w\" sizes=\"auto, (max-width: 1024px) 100vw, 1024px\" \/><\/figure>\n<\/div>\n\n\n<p class=\"wp-block-paragraph\"><em>Jusqu\u2019\u00e0 son dernier souffle, il \u00e9tait scotch\u00e9 \u00e0 la r\u00e9daction de son journal. Le mercredi qui a pr\u00e9c\u00e9d\u00e9 son d\u00e9c\u00e8s survenu le vendredi, il a cr\u00e9\u00e9 la surprise en se connectant au journal qui \u00e9tait sous presse. En effet, depuis le CHR Lom\u00e9-commune o\u00f9 il \u00e9tait intern\u00e9 et malgr\u00e9 le mal de mort contre lequel, terriblement il se d\u00e9battait, Dominique avait trouv\u00e9 la force et la facult\u00e9 de diriger, minute par minute, le bouclage qui s\u2019\u00e9tait d\u00e9roul\u00e9 sans heurts. En dehors de sa voix qui portait faiblement, rien dans ses interventions ne laissaient croire \u00e0 une fin si brusque.<\/em><\/p>\n\n\n\n<p class=\"wp-block-paragraph\"><em>De cette nuit-l\u00e0, on se rappelle encore comme si c\u2019\u00e9tait hier. En lieu et place de Dominique qui en personne g\u00e9rait les probl\u00e8mes li\u00e9s au bouclage, c\u2019\u00e9tait plut\u00f4t madame sa femme, qui se trouve aujourd\u2019hui, \u00e0 la t\u00eate de l\u2019organe, qui avait d\u00e9barqu\u00e9 \u00e0 la r\u00e9daction pour s\u2019acquitter de cette t\u00e2che. Pour des raisons particuli\u00e8res et \u00e9ventuelles ou de commodit\u00e9, cette derni\u00e8re, l\u2019air triste et terriblement pr\u00e9occup\u00e9, avait rassur\u00e9 l\u2019\u00e9quipe que l\u2019\u00e9tat du directeur allait mieux. Le vendredi, l\u2019annonce du d\u00e9c\u00e8s du confr\u00e8re a fait l\u2019effet d\u2019un tremblement de terre au sein de la corporation. Et pour cause.<\/em><\/p>\n\n\n\n<p class=\"wp-block-paragraph\"><em>L\u2019illustre disparu avait ceci de particulier de ne jamais l\u00e9siner sur les moyens lorsqu\u2019il s\u2019agissait de voler au secours d\u2019un confr\u00e8re ou d\u2019un tiers en situation difficile. Que ce soit, sur le plan financier moral ou autre, Dominique Aliziou, faisait sa part et de mani\u00e8re remarquable. L\u2019un de ses loisirs favoris \u00e9tait de r\u00e9unir, \u00e0 ses frais, des confr\u00e8res et des amis autour d\u2019un pot o\u00f9 coulaient \u00e0 sati\u00e9t\u00e9, la mousseuse et son \u00e9ternelle GUINESS accompagn\u00e9es de \u2018\u2019Tsitsinga\u2019\u2019, pour deviser de leurs affaires, de l\u2019actualit\u00e9 politique, voire des grands enjeux du mill\u00e9naire et autres. Parfois les \u00e9changes qui se faisaient houleux finissaient par se noyer dans les verres. Dominique Aliziou \u00e9tait d\u2019une g\u00e9n\u00e9rosit\u00e9 d\u00e9bordante et d\u2019une combattivit\u00e9 farouche pour la cause qu\u2019il d\u00e9fendait. Il avait de l\u2019aversion pour le mensonge, la malhonn\u00eatet\u00e9 et la roublardise.<\/em><\/p>\n\n\n\n<p class=\"wp-block-paragraph\"><em>En ce jour anniversaire de sa mort, toutes nos pens\u00e9es vont vers ce papa et confr\u00e8re que 5 ann\u00e9es de silence n\u2019ont pas effac\u00e9 de nos m\u00e9moires. Que la terre lui soit l\u00e9g\u00e8re&nbsp;!&nbsp;\u00bb,<\/em> <strong>Samuel K. Assanh, Collaborateur.<\/strong><\/p>\n\n\n<div class=\"wp-block-image\">\n<figure class=\"aligncenter size-large is-resized\"><img loading=\"lazy\" decoding=\"async\" width=\"1024\" height=\"1024\" src=\"https:\/\/macite.tg\/wp-content\/uploads\/2025\/03\/OTR_TVM-1024x1024.jpg\" alt=\"\" class=\"wp-image-20894\" style=\"width:542px;height:auto\" srcset=\"https:\/\/macite.tg\/wp-content\/uploads\/2025\/03\/OTR_TVM-1024x1024.jpg 1024w, https:\/\/macite.tg\/wp-content\/uploads\/2025\/03\/OTR_TVM-300x300.jpg 300w, https:\/\/macite.tg\/wp-content\/uploads\/2025\/03\/OTR_TVM-150x150.jpg 150w, https:\/\/macite.tg\/wp-content\/uploads\/2025\/03\/OTR_TVM-768x768.jpg 768w, https:\/\/macite.tg\/wp-content\/uploads\/2025\/03\/OTR_TVM-1536x1536.jpg 1536w, https:\/\/macite.tg\/wp-content\/uploads\/2025\/03\/OTR_TVM-122x122.jpg 122w, https:\/\/macite.tg\/wp-content\/uploads\/2025\/03\/OTR_TVM.jpg 1600w\" sizes=\"auto, (max-width: 1024px) 100vw, 1024px\" \/><\/figure>\n<\/div>\n\n\n<p class=\"wp-block-paragraph\"><strong>Sa gentillesse, c\u2019est du jamais vu<\/strong><\/p>\n\n\n\n<p class=\"wp-block-paragraph\">\u00abEh! Dominique, Dominique est mort, moi aussi je vais mourir. Comment je vais faire pour supporter&nbsp; mes enfants. C\u2019est lui qui m\u2019aidait \u00e0 r\u00e9soudre leur besoins de la scolarisation. On peut tout reprocher \u00e0 ce monsieur, mais sa g\u00e9n\u00e9rosit\u00e9, sa gentillesse, c\u2019est du jamais vu, <strong>Agent de s\u00e9curit\u00e9 du si\u00e8ge du journal<\/strong><\/p>\n\n\n\n<p class=\"wp-block-paragraph\"><strong>Un homme sociable<\/strong><\/p>\n\n\n\n<p class=\"wp-block-paragraph\">\u00ab Vraiment je le dis sinc\u00e8rement du fond du coeur, Dominique est un homme sociable que je n\u2019ai jamais rencontr\u00e9 nul part dans ma vie jusqu\u2019\u00e0 ce jour. Lorsqu\u2019on&nbsp; le voit d\u00e9battre avec v\u00e9h\u00e9mence sur les m\u00e9dias sur les sujets politiques, on peut lui attribuer tous les mauvais noms de ce monde. Mais ce monsieur, j\u2019ai appris beaucoup de lui surtout en ce qui concerne la vie sociale. Vous&nbsp; pouvez imaginer qu\u2019\u00e0 chaque fois que je suis invit\u00e9 en tant que pr\u00e9sident d\u2019un parti politique de l\u2019opposition \u00e0 un d\u00e9bat avec Dominique sur la cha\u00eene New Word TV, il&nbsp; me demande toujours de laisser ma voiture pour aller avec lui, parce que&nbsp; nous habitons dans la m\u00eame zone.&nbsp; Nonobstant, au cours des d\u00e9bats&nbsp; Dominique reste intransigeant sur ses positions ax\u00e9es sur le soutien sans faille au pouvoir que nous combattons. Et d\u00e8s la fin de l\u2019\u00e9mission, il est le premier \u00e0 introduire une blague qui va finir autour d\u2019un pot dans un coin. C\u2019est&nbsp; un homme hors pair, il sait se faire plaisir et donner la joie autour de lui. Ses positions politiques peuvent \u00eatre mal vues, mais au nom de la d\u00e9mocratie on doit aussi respecter ses id\u00e9es\u00bb.<\/p>\n\n\n\n<p class=\"wp-block-paragraph\"><strong>Un leader de l\u2019opposition togolaise ayant requis l\u2019anonymat<\/strong><\/p>\n\n\n\n<p class=\"wp-block-paragraph\"><strong>Un journaliste fid\u00e8le \u00e0 ses convictions<\/strong><\/p>\n\n\n\n<p class=\"wp-block-paragraph\"><em>\u00abDominique Aliziou fut un journaliste qui aima son m\u00e9tier. En dehors de ses positions sur les sujets sociopolitiques et ses critiques parfois outranci\u00e8res envers l\u2019opposition, il faut dire qu\u2019il a \u00e9t\u00e9 un confr\u00e8re pla\u00e7ant l\u2019humain au centre de tout.<\/em><\/p>\n\n\n\n<p class=\"wp-block-paragraph\"><em>Bien que nous n\u2019ayons pas eu une relation particuli\u00e8re avec lui, nous gardons de lui l\u2019image d\u2019un journaliste fid\u00e8le \u00e0 ses convictions. Beaucoup qui l\u2019ont c\u00f4toy\u00e9 de plus pr\u00e8s parlent d\u2019un homme simple, cordiale, affable. Malheureusement il est parti trop t\u00f4t. Que la terre lui soit l\u00e9g\u00e8re \u00bb,<\/em> <strong>Fabrice Am\u00e9towo-Gblona, journaliste du site icilome<\/strong>.<\/p>\n\n\n<div class=\"wp-block-image\">\n<figure class=\"aligncenter size-full\"><img loading=\"lazy\" decoding=\"async\" width=\"851\" height=\"315\" src=\"https:\/\/macite.tg\/wp-content\/uploads\/2025\/03\/OTR_Ferer-pour-batir-1-2.jpg\" alt=\"\" class=\"wp-image-21010\" srcset=\"https:\/\/macite.tg\/wp-content\/uploads\/2025\/03\/OTR_Ferer-pour-batir-1-2.jpg 851w, https:\/\/macite.tg\/wp-content\/uploads\/2025\/03\/OTR_Ferer-pour-batir-1-2-300x111.jpg 300w, https:\/\/macite.tg\/wp-content\/uploads\/2025\/03\/OTR_Ferer-pour-batir-1-2-768x284.jpg 768w\" sizes=\"auto, (max-width: 851px) 100vw, 851px\" \/><\/figure>\n<\/div>\n\n\n<p class=\"wp-block-paragraph\"><strong>Le monsieur est clair<\/strong><\/p>\n\n\n\n<p class=\"wp-block-paragraph\"><em>\u00ab Hum, la mort de Dominique ma fait tr\u00e8s mal. Moi je l\u2019appelais le papa de mon petit gar\u00e7on, parce que \u00e0 chaque fois presque chaque semaine qu\u2019il venais payer l\u2019eau min\u00e9rale, les fruits et autres articles ici, il s\u2019arrangeait toujours pour donner une somme avec un surplus d\u2019au moins deux mille francs pour le petit.<\/em><\/p>\n\n\n\n<p class=\"wp-block-paragraph\"><em>C\u2019est un homme qui aime faire la pagaille et surtout qui aime partager. C\u2019est vrai que certains le critiquent pour ses propos dans les d\u00e9bats, mais moi je trouve que le monsieur est clair, sinc\u00e8re, il ne trompe pas. La bible dit que notre oui soit oui et notre non soit non. Il est mieux que ceux qui viennent sur les radios insulter proprement le gouvernement pour attirer la sympathie de la population et apr\u00e8s passent derri\u00e8re les rideaux pour faire le contraire sur le dos de leurs fans \u00bb<\/em>,<strong> une revendeuse situ\u00e9e en face du si\u00e8ge du journal<\/strong><\/p>\n\n\n\n<p class=\"wp-block-paragraph\">La c\u00e9l\u00e9bration de le cinqui\u00e8me anniversaire de Dominique est aussi un moment propice pour la <strong>R\u00e9dactrice en chef du journal Chronique de la Semaine, Carole Ampiaba Aguey-Lawson<\/strong> de t\u00e9moigner de la sympathie et de l\u2019humanisme de celui qu\u2019elle c\u00f4toyait depuis 2008.<\/p>\n\n\n\n<p class=\"wp-block-paragraph\"><strong>Une joie de vivre contagieuse<\/strong><\/p>\n\n\n\n<p class=\"wp-block-paragraph\">\u00ab C\u2019est avec une profonde \u00e9motion que je rends hommage \u00e0 mon ancien directeur- fondateur du journal Chronique de la Semaine, feu Dominique Aliziou, disparu en pleine p\u00e9riode de la pand\u00e9mie de COVID-19.<\/p>\n\n\n\n<p class=\"wp-block-paragraph\">J\u2019ai eu le privil\u00e8ge de commencer \u00e0 travailler avec lui en 2008, et d\u00e8s le premier jour, j\u2019ai d\u00e9couvert un homme d\u2019une immense gentillesse et d\u2019une g\u00e9n\u00e9rosit\u00e9 sans limite.<\/p>\n\n\n\n<p class=\"wp-block-paragraph\">Dominique ne faisait aucune diff\u00e9rence entre lui et ses collaborateurs. Il nous consid\u00e9rait comme une famille, avec bienveillance et respect. Dans les moments les plus difficiles de ma vie, il a su me tendre la main, croire en moi et me maintenir au sein de son \u00e9quipe jusqu\u2019\u00e0 son dernier souffle. Son soutien a \u00e9t\u00e9 inestimable.<\/p>\n\n\n<div class=\"wp-block-image\">\n<figure class=\"aligncenter size-full\"><img loading=\"lazy\" decoding=\"async\" width=\"526\" height=\"526\" src=\"https:\/\/macite.tg\/wp-content\/uploads\/2025\/03\/OTR_La-minute-fiscale.jpg\" alt=\"\" class=\"wp-image-20852\" srcset=\"https:\/\/macite.tg\/wp-content\/uploads\/2025\/03\/OTR_La-minute-fiscale.jpg 526w, https:\/\/macite.tg\/wp-content\/uploads\/2025\/03\/OTR_La-minute-fiscale-300x300.jpg 300w, https:\/\/macite.tg\/wp-content\/uploads\/2025\/03\/OTR_La-minute-fiscale-150x150.jpg 150w, https:\/\/macite.tg\/wp-content\/uploads\/2025\/03\/OTR_La-minute-fiscale-122x122.jpg 122w\" sizes=\"auto, (max-width: 526px) 100vw, 526px\" \/><\/figure>\n<\/div>\n\n\n<p class=\"wp-block-paragraph\">Professionnel d\u00e9vou\u00e9, il faisait preuve d\u2019une confiance absolue envers ceux qui l\u2019entouraient. Lorsqu\u2019il envoyait quelqu\u2019un en reportage ou en mission, il ne discutait jamais des perdiems per\u00e7us. Il suffisait de lui en indiquer le montant, il te laisse tout quel que soit le montant. Cette g\u00e9n\u00e9rosit\u00e9 illimit\u00e9e \u00e9tait le reflet de son grand c\u0153ur.<\/p>\n\n\n\n<p class=\"wp-block-paragraph\">Mais au-del\u00e0 du professionnel, Dominique \u00e9tait un homme d\u2019une joie de vivre contagieuse. Taquin, blagueur, un brin pagailleur, il savait toujours d\u00e9tendre l\u2019atmosph\u00e8re et provoquer des \u00e9clats de rire autour de lui. Son humour et sa bonne humeur \u00e9taient sa marque de fabrique.<\/p>\n\n\n\n<p class=\"wp-block-paragraph\">Avec le temps, il \u00e9tait devenu bien plus qu\u2019un directeur pour moi. Il \u00e9tait un grand fr\u00e8re, un confident, un rep\u00e8re. Son d\u00e9part a laiss\u00e9 un vide immense, une absence douloureuse que rien ne pourra combler.<\/p>\n\n\n\n<p class=\"wp-block-paragraph\">Repose en paix, cher grand fr\u00e8re. Ton souvenir restera \u00e0 jamais grav\u00e9 dans nos c\u0153urs.\u00bb.<\/p>\n\n\n\n<p class=\"wp-block-paragraph\"><strong>Un \u00eatre cher jamais compensable<\/strong><\/p>\n\n\n\n<p class=\"wp-block-paragraph\">\u00abJe remercie d\u2019abord le Seigneur de m\u2019avoir permis non seulement de conna\u00eetre feu Dominique ALIZOU mais aussi de se familiariser \u00e0 lui.&nbsp; Il \u00e9tait plus que mon ami, un fr\u00e8re et un confident. C\u2019est un homme simple, serviable et tr\u00e8s compr\u00e9hensible. J\u2019ai perdu un \u00eatre tr\u00e8s cher, jamais comparable. Que son \u00e2me repose en paix !, <strong><em>Roger Soudoukou dit B. TALOM, Administrateur Culturel et Conseiller en communication \u00e0 la retraite.<\/em><\/strong><\/p>\n\n\n\n<p class=\"wp-block-paragraph\"><strong>Sacr\u00e9 Aliziou !<\/strong><\/p>\n\n\n\n<p class=\"wp-block-paragraph\"><em>\u00ab Je me rappelle, il y a plusieurs ann\u00e9es. Ma tr\u00e8s vieille Nissan Primeira \u00e9tait tomb\u00e9e en panne, apr\u00e8s une \u00e9mission o\u00f9 Eric Gato nous a re\u00e7us, Dominique et moi, sur Radio Fr\u00e9quence 1. Malgr\u00e9 qu\u2019on se f\u00fbt ce jour-l\u00e0 proprement mang\u00e9 le nez au cours du d\u00e9bat, je revois Dominique en train de pousser ma bagnole et essayer de m\u2019aider \u00e0 la r\u00e9parer, \u00e0 plus de 30 degr\u00e9s sous le soleil. Sacr\u00e9 Aliziou !\u00bb, <\/em>a \u00e9crit <strong>G\u00e9rard Weissan du journal SIKA\u2019A, dans sa lettre ouverte \u00e0 ses semblables journalistes Togolais le 6 avril 2020.<\/strong><\/p>\n\n\n<div class=\"wp-block-image\">\n<figure class=\"aligncenter size-large is-resized\"><img loading=\"lazy\" decoding=\"async\" width=\"1024\" height=\"1024\" src=\"https:\/\/macite.tg\/wp-content\/uploads\/2025\/03\/OTR_e-timbre-fiscal-2-1024x1024.jpg\" alt=\"\" class=\"wp-image-20803\" style=\"width:484px;height:auto\" srcset=\"https:\/\/macite.tg\/wp-content\/uploads\/2025\/03\/OTR_e-timbre-fiscal-2-1024x1024.jpg 1024w, https:\/\/macite.tg\/wp-content\/uploads\/2025\/03\/OTR_e-timbre-fiscal-2-300x300.jpg 300w, https:\/\/macite.tg\/wp-content\/uploads\/2025\/03\/OTR_e-timbre-fiscal-2-150x150.jpg 150w, https:\/\/macite.tg\/wp-content\/uploads\/2025\/03\/OTR_e-timbre-fiscal-2-768x768.jpg 768w, https:\/\/macite.tg\/wp-content\/uploads\/2025\/03\/OTR_e-timbre-fiscal-2-1536x1536.jpg 1536w, https:\/\/macite.tg\/wp-content\/uploads\/2025\/03\/OTR_e-timbre-fiscal-2-122x122.jpg 122w, https:\/\/macite.tg\/wp-content\/uploads\/2025\/03\/OTR_e-timbre-fiscal-2.jpg 2048w\" sizes=\"auto, (max-width: 1024px) 100vw, 1024px\" \/><\/figure>\n<\/div>\n\n\n<p class=\"wp-block-paragraph\"><strong>Que ton \u00e2me repose en paix !!!<\/strong><\/p>\n\n\n\n<p class=\"wp-block-paragraph\">Les trois enfants du feu journaliste, ont \u00e9galement salu\u00e9 la m\u00e9moire de leur cher papa qu\u2019ils prenaient pour mod\u00e8le.<\/p>\n\n\n\n<p class=\"wp-block-paragraph\"><em>\u00ab En ce jours m\u00e9morable o\u00f9 il y a exactement 5 ans on nous a annonc\u00e9 que la personne qui nous inspirait beaucoup \u00e0 avancer dans la vie, oui toi papa, tu es d\u00e9c\u00e9d\u00e9 !&nbsp; Un coup tr\u00e8s dur aussi bien pour nous la famille que pour la plupart qui te connaissait.<\/em><\/p>\n\n\n\n<p class=\"wp-block-paragraph\"><em>Nous nous souvenons encore des pleurs de mamans dans la chambre se demandant pourquoi tu nous a quitt\u00e9s si t\u00f4t. \u00c7a nous a pris beaucoup de temps pour nous s\u2019en remettre et accepter la triste r\u00e9alit\u00e9.<\/em><\/p>\n\n\n\n<p class=\"wp-block-paragraph\"><em>Cependant, une chose qui nous redonne le courage tous les jours, est ce passage de Jean 6 verset 39 \u00e0 40 qui dit \u2018\u201839 Or, la volont\u00e9 de celui qui m\u2019a envoy\u00e9, c\u2019est que je ne perde aucun de tous ceux qu\u2019il m\u2019a donn\u00e9s, mais que je les ressuscite au dernier jour. 40 La volont\u00e9 de mon P\u00e8re, c\u2019est que quiconque voit le Fils et croit en lui ait la vie \u00e9ternelle ; et je le ressusciterai au dernier jour \u00bb.<\/em><\/p>\n\n\n\n<p class=\"wp-block-paragraph\">C\u2019est un passage tr\u00e8s significatif pour nous qui avons plac\u00e9 notre foi en Dieu \u00e0 travers J\u00e9sus Christ et qui croyons fermement que nos morts en Christ se reposent aupr\u00e8s de Dieu actuellement et que le jour viendra o\u00f9 J\u00e9sus christ les ressuscitera. \u00c0 travers ce verset, nous voyons ton absence comme une s\u00e9paration juste temporaire et qu\u2019un jour nous pourrons revoir ce grand homme que tu as toujours \u00e9t\u00e9.<\/p>\n\n\n\n<p class=\"wp-block-paragraph\">Une chose est s\u00fbre : tu as eu de tr\u00e8s bons amis, de vrais amis qui apr\u00e8s ton d\u00e9part n\u2019ont cess\u00e9 de prendre soins de nous comme tu le faisais papa. \u00e7a nous a vraiment permis de mieux surmonter cette absence douloureuse.<\/p>\n\n\n<div class=\"wp-block-image\">\n<figure class=\"aligncenter size-full\"><img loading=\"lazy\" decoding=\"async\" width=\"526\" height=\"526\" src=\"https:\/\/macite.tg\/wp-content\/uploads\/2025\/03\/OTR_Jeune-1.jpg\" alt=\"\" class=\"wp-image-20795\" srcset=\"https:\/\/macite.tg\/wp-content\/uploads\/2025\/03\/OTR_Jeune-1.jpg 526w, https:\/\/macite.tg\/wp-content\/uploads\/2025\/03\/OTR_Jeune-1-300x300.jpg 300w, https:\/\/macite.tg\/wp-content\/uploads\/2025\/03\/OTR_Jeune-1-150x150.jpg 150w, https:\/\/macite.tg\/wp-content\/uploads\/2025\/03\/OTR_Jeune-1-122x122.jpg 122w\" sizes=\"auto, (max-width: 526px) 100vw, 526px\" \/><\/figure>\n<\/div>\n\n\n<p class=\"wp-block-paragraph\">Tout ce que nous pouvons dire aujourd\u2019hui est de prier pour que ton \u00e2me repose en paix cher papa Dominique Aliziou, tu seras toujours \u00e0 jamais dans le c\u0153ur de ta femme, de nous tes enfants, du reste de ta famille et de tous tes amis. Nous disons merci au Seigneur de nous avoir soutenus durant ces 5 ann\u00e9es sans toi et nous gardons la foi qu\u2019il le fera toujours car il est \u00e9crit dans le Psaume 68 V 5 que <em>\u00ab Le p\u00e8re des orphelins, le d\u00e9fenseur des veuves, C\u2019est Dieu dans sa demeure sainte&nbsp;\u00bb. Amen au nom de J\u00e9sus \u00bb,<\/em> <strong><em>Aliziou Ange, Aliziou Aloyezita et Aliziou Neeta<\/em><\/strong><\/p>\n\n\n\n<p class=\"wp-block-paragraph\"><strong><em>La r\u00e9daction (In CHRONIQUE DE LA SEMAINE n\u00b0735 du 27 Mars 2025)<\/em><\/strong><\/p>\n\n\n\n<p class=\"wp-block-paragraph\"><a><strong><em>@macite.tg&nbsp;&nbsp;&nbsp;&nbsp;&nbsp;&nbsp;&nbsp;&nbsp;<\/em><\/strong><\/a><\/p>\n\n\n\n<p class=\"wp-block-paragraph\"><strong><em>E-mail&nbsp;: <\/em><\/strong><a href=\"mailto:maciteinfo@gmail.com\"><strong><em>maciteinfo@gmail.com<\/em><\/strong><\/a><strong><em>; <\/em><\/strong><a href=\"mailto:bawela1@gmail.com\"><strong><em>bawela1@gmail.com<\/em><\/strong><\/a><strong><em><\/em><\/strong><\/p>\n\n\n\n<p class=\"wp-block-paragraph\"><strong><em>Pour vos annonces, (publi)reportages, etc., joignez-nous au (00228)91515309\/<strong>79872224 <\/strong>www.macite.tg, L\u2019information, la bonne&nbsp;!<\/em><\/strong><\/p>\n\n\n\n<p class=\"wp-block-paragraph\"><\/p>\n","protected":false},"excerpt":{"rendered":"<p class=\"text-justify mb-2\" >Le 27 mars 2020-27 mars 2025&nbsp;: Cinq ans, jours pour jour, que Aliziou Essodina Koffi Dominique, journaliste, promoteur et Directeur de la publication du journal Chronique de la Semaine, a rejoint l\u2019autre bord. &nbsp;Malgr\u00e9 le temp, l\u2019illustre disparu demeure toujours dans les m\u00e9moires collectives, ceci [&hellip;]<\/p>\n","protected":false},"author":2,"featured_media":21028,"comment_status":"open","ping_status":"open","sticky":false,"template":"","format":"standard","meta":{"footnotes":""},"categories":[20,62],"tags":[],"class_list":["post-21027","post","type-post","status-publish","format-standard","has-post-thumbnail","hentry","category-actualite","category-hommage"],"yoast_head":"<!-- This site is optimized with the Yoast SEO plugin v28.4 - https:\/\/yoast.com\/product\/yoast-seo-wordpress\/ -->\n<title>DOMINIQUE ALIZIOU, 5 ANS APRES : Des t\u00e9moignages \u00e9mouvants\u2026 -<\/title>\n<meta name=\"robots\" content=\"index, follow, max-snippet:-1, max-image-preview:large, max-video-preview:-1\" \/>\n<link rel=\"canonical\" href=\"https:\/\/macite.tg\/?p=21027\" \/>\n<meta property=\"og:locale\" content=\"fr_FR\" \/>\n<meta property=\"og:type\" content=\"article\" \/>\n<meta property=\"og:title\" content=\"DOMINIQUE ALIZIOU, 5 ANS APRES : Des t\u00e9moignages \u00e9mouvants\u2026 -\" \/>\n<meta property=\"og:description\" content=\"Le 27 mars 2020-27 mars 2025&nbsp;: Cinq ans, jours pour jour, que Aliziou Essodina Koffi Dominique, journaliste, promoteur et Directeur de la publication du journal Chronique de la Semaine, a rejoint l\u2019autre bord. &nbsp;Malgr\u00e9 le temp, l\u2019illustre disparu demeure toujours dans les m\u00e9moires collectives, ceci [&hellip;]\" \/>\n<meta property=\"og:url\" content=\"https:\/\/macite.tg\/?p=21027\" \/>\n<meta property=\"article:published_time\" content=\"2025-03-28T19:29:45+00:00\" \/>\n<meta property=\"article:modified_time\" content=\"2025-03-28T19:29:58+00:00\" \/>\n<meta property=\"og:image\" content=\"https:\/\/macite.tg\/wp-content\/uploads\/2025\/03\/Dom-ALIZIOU.jpg\" \/>\n\t<meta property=\"og:image:width\" content=\"500\" \/>\n\t<meta property=\"og:image:height\" content=\"478\" \/>\n\t<meta property=\"og:image:type\" content=\"image\/jpeg\" \/>\n<meta name=\"author\" content=\"Jean Pierre BAWELA\" \/>\n<meta name=\"twitter:card\" content=\"summary_large_image\" \/>\n<meta name=\"twitter:label1\" content=\"\u00c9crit par\" \/>\n\t<meta name=\"twitter:data1\" content=\"Jean Pierre BAWELA\" \/>\n\t<meta name=\"twitter:label2\" content=\"Dur\u00e9e de lecture estim\u00e9e\" \/>\n\t<meta name=\"twitter:data2\" content=\"12 minutes\" \/>\n<script type=\"application\/ld+json\" class=\"yoast-schema-graph\">{\"@context\":\"https:\\\/\\\/schema.org\",\"@graph\":[{\"@type\":\"Article\",\"@id\":\"https:\\\/\\\/macite.tg\\\/?p=21027#article\",\"isPartOf\":{\"@id\":\"https:\\\/\\\/macite.tg\\\/?p=21027\"},\"author\":{\"name\":\"Jean Pierre BAWELA\",\"@id\":\"https:\\\/\\\/macite.tg\\\/#\\\/schema\\\/person\\\/e9f2de7e5dbbe7770a9402c7ce82f5c2\"},\"headline\":\"DOMINIQUE ALIZIOU, 5 ANS APRES : Des t\u00e9moignages \u00e9mouvants\u2026\",\"datePublished\":\"2025-03-28T19:29:45+00:00\",\"dateModified\":\"2025-03-28T19:29:58+00:00\",\"mainEntityOfPage\":{\"@id\":\"https:\\\/\\\/macite.tg\\\/?p=21027\"},\"wordCount\":2245,\"commentCount\":0,\"image\":{\"@id\":\"https:\\\/\\\/macite.tg\\\/?p=21027#primaryimage\"},\"thumbnailUrl\":\"https:\\\/\\\/macite.tg\\\/wp-content\\\/uploads\\\/2025\\\/03\\\/Dom-ALIZIOU.jpg\",\"articleSection\":[\"ACTUALITE\",\"HOMMAGE\"],\"inLanguage\":\"fr-FR\",\"potentialAction\":[{\"@type\":\"CommentAction\",\"name\":\"Comment\",\"target\":[\"https:\\\/\\\/macite.tg\\\/?p=21027#respond\"]}]},{\"@type\":\"WebPage\",\"@id\":\"https:\\\/\\\/macite.tg\\\/?p=21027\",\"url\":\"https:\\\/\\\/macite.tg\\\/?p=21027\",\"name\":\"DOMINIQUE ALIZIOU, 5 ANS APRES : Des t\u00e9moignages \u00e9mouvants\u2026 -\",\"isPartOf\":{\"@id\":\"https:\\\/\\\/macite.tg\\\/#website\"},\"primaryImageOfPage\":{\"@id\":\"https:\\\/\\\/macite.tg\\\/?p=21027#primaryimage\"},\"image\":{\"@id\":\"https:\\\/\\\/macite.tg\\\/?p=21027#primaryimage\"},\"thumbnailUrl\":\"https:\\\/\\\/macite.tg\\\/wp-content\\\/uploads\\\/2025\\\/03\\\/Dom-ALIZIOU.jpg\",\"datePublished\":\"2025-03-28T19:29:45+00:00\",\"dateModified\":\"2025-03-28T19:29:58+00:00\",\"author\":{\"@id\":\"https:\\\/\\\/macite.tg\\\/#\\\/schema\\\/person\\\/e9f2de7e5dbbe7770a9402c7ce82f5c2\"},\"breadcrumb\":{\"@id\":\"https:\\\/\\\/macite.tg\\\/?p=21027#breadcrumb\"},\"inLanguage\":\"fr-FR\",\"potentialAction\":[{\"@type\":\"ReadAction\",\"target\":[\"https:\\\/\\\/macite.tg\\\/?p=21027\"]}]},{\"@type\":\"ImageObject\",\"inLanguage\":\"fr-FR\",\"@id\":\"https:\\\/\\\/macite.tg\\\/?p=21027#primaryimage\",\"url\":\"https:\\\/\\\/macite.tg\\\/wp-content\\\/uploads\\\/2025\\\/03\\\/Dom-ALIZIOU.jpg\",\"contentUrl\":\"https:\\\/\\\/macite.tg\\\/wp-content\\\/uploads\\\/2025\\\/03\\\/Dom-ALIZIOU.jpg\",\"width\":500,\"height\":478,\"caption\":\"Feu Dominique Koffi Essodina Aliziou\"},{\"@type\":\"BreadcrumbList\",\"@id\":\"https:\\\/\\\/macite.tg\\\/?p=21027#breadcrumb\",\"itemListElement\":[{\"@type\":\"ListItem\",\"position\":1,\"name\":\"Accueil\",\"item\":\"https:\\\/\\\/macite.tg\\\/\"},{\"@type\":\"ListItem\",\"position\":2,\"name\":\"DOMINIQUE ALIZIOU, 5 ANS APRES : Des t\u00e9moignages \u00e9mouvants\u2026\"}]},{\"@type\":\"WebSite\",\"@id\":\"https:\\\/\\\/macite.tg\\\/#website\",\"url\":\"https:\\\/\\\/macite.tg\\\/\",\"name\":\"\",\"description\":\"L&#039;information, la bonne!!!\",\"potentialAction\":[{\"@type\":\"SearchAction\",\"target\":{\"@type\":\"EntryPoint\",\"urlTemplate\":\"https:\\\/\\\/macite.tg\\\/?s={search_term_string}\"},\"query-input\":{\"@type\":\"PropertyValueSpecification\",\"valueRequired\":true,\"valueName\":\"search_term_string\"}}],\"inLanguage\":\"fr-FR\"},{\"@type\":\"Person\",\"@id\":\"https:\\\/\\\/macite.tg\\\/#\\\/schema\\\/person\\\/e9f2de7e5dbbe7770a9402c7ce82f5c2\",\"name\":\"Jean Pierre BAWELA\",\"image\":{\"@type\":\"ImageObject\",\"inLanguage\":\"fr-FR\",\"@id\":\"https:\\\/\\\/macite.tg\\\/wp-content\\\/uploads\\\/2023\\\/09\\\/WhatsApp-Image-2023-09-19-at-14.44.41-122x122.jpeg\",\"url\":\"https:\\\/\\\/macite.tg\\\/wp-content\\\/uploads\\\/2023\\\/09\\\/WhatsApp-Image-2023-09-19-at-14.44.41-122x122.jpeg\",\"contentUrl\":\"https:\\\/\\\/macite.tg\\\/wp-content\\\/uploads\\\/2023\\\/09\\\/WhatsApp-Image-2023-09-19-at-14.44.41-122x122.jpeg\",\"caption\":\"Jean Pierre BAWELA\"},\"url\":\"https:\\\/\\\/macite.tg\\\/?author=2\"}]}<\/script>\n<!-- \/ Yoast SEO plugin. -->","yoast_head_json":{"title":"DOMINIQUE ALIZIOU, 5 ANS APRES : Des t\u00e9moignages \u00e9mouvants\u2026 -","robots":{"index":"index","follow":"follow","max-snippet":"max-snippet:-1","max-image-preview":"max-image-preview:large","max-video-preview":"max-video-preview:-1"},"canonical":"https:\/\/macite.tg\/?p=21027","og_locale":"fr_FR","og_type":"article","og_title":"DOMINIQUE ALIZIOU, 5 ANS APRES : Des t\u00e9moignages \u00e9mouvants\u2026 -","og_description":"Le 27 mars 2020-27 mars 2025&nbsp;: Cinq ans, jours pour jour, que Aliziou Essodina Koffi Dominique, journaliste, promoteur et Directeur de la publication du journal Chronique de la Semaine, a rejoint l\u2019autre bord. &nbsp;Malgr\u00e9 le temp, l\u2019illustre disparu demeure toujours dans les m\u00e9moires collectives, ceci [&hellip;]","og_url":"https:\/\/macite.tg\/?p=21027","article_published_time":"2025-03-28T19:29:45+00:00","article_modified_time":"2025-03-28T19:29:58+00:00","og_image":[{"width":500,"height":478,"url":"https:\/\/macite.tg\/wp-content\/uploads\/2025\/03\/Dom-ALIZIOU.jpg","type":"image\/jpeg"}],"author":"Jean Pierre BAWELA","twitter_card":"summary_large_image","twitter_misc":{"\u00c9crit par":"Jean Pierre BAWELA","Dur\u00e9e de lecture estim\u00e9e":"12 minutes"},"schema":{"@context":"https:\/\/schema.org","@graph":[{"@type":"Article","@id":"https:\/\/macite.tg\/?p=21027#article","isPartOf":{"@id":"https:\/\/macite.tg\/?p=21027"},"author":{"name":"Jean Pierre BAWELA","@id":"https:\/\/macite.tg\/#\/schema\/person\/e9f2de7e5dbbe7770a9402c7ce82f5c2"},"headline":"DOMINIQUE ALIZIOU, 5 ANS APRES : Des t\u00e9moignages \u00e9mouvants\u2026","datePublished":"2025-03-28T19:29:45+00:00","dateModified":"2025-03-28T19:29:58+00:00","mainEntityOfPage":{"@id":"https:\/\/macite.tg\/?p=21027"},"wordCount":2245,"commentCount":0,"image":{"@id":"https:\/\/macite.tg\/?p=21027#primaryimage"},"thumbnailUrl":"https:\/\/macite.tg\/wp-content\/uploads\/2025\/03\/Dom-ALIZIOU.jpg","articleSection":["ACTUALITE","HOMMAGE"],"inLanguage":"fr-FR","potentialAction":[{"@type":"CommentAction","name":"Comment","target":["https:\/\/macite.tg\/?p=21027#respond"]}]},{"@type":"WebPage","@id":"https:\/\/macite.tg\/?p=21027","url":"https:\/\/macite.tg\/?p=21027","name":"DOMINIQUE ALIZIOU, 5 ANS APRES : Des t\u00e9moignages \u00e9mouvants\u2026 -","isPartOf":{"@id":"https:\/\/macite.tg\/#website"},"primaryImageOfPage":{"@id":"https:\/\/macite.tg\/?p=21027#primaryimage"},"image":{"@id":"https:\/\/macite.tg\/?p=21027#primaryimage"},"thumbnailUrl":"https:\/\/macite.tg\/wp-content\/uploads\/2025\/03\/Dom-ALIZIOU.jpg","datePublished":"2025-03-28T19:29:45+00:00","dateModified":"2025-03-28T19:29:58+00:00","author":{"@id":"https:\/\/macite.tg\/#\/schema\/person\/e9f2de7e5dbbe7770a9402c7ce82f5c2"},"breadcrumb":{"@id":"https:\/\/macite.tg\/?p=21027#breadcrumb"},"inLanguage":"fr-FR","potentialAction":[{"@type":"ReadAction","target":["https:\/\/macite.tg\/?p=21027"]}]},{"@type":"ImageObject","inLanguage":"fr-FR","@id":"https:\/\/macite.tg\/?p=21027#primaryimage","url":"https:\/\/macite.tg\/wp-content\/uploads\/2025\/03\/Dom-ALIZIOU.jpg","contentUrl":"https:\/\/macite.tg\/wp-content\/uploads\/2025\/03\/Dom-ALIZIOU.jpg","width":500,"height":478,"caption":"Feu Dominique Koffi Essodina Aliziou"},{"@type":"BreadcrumbList","@id":"https:\/\/macite.tg\/?p=21027#breadcrumb","itemListElement":[{"@type":"ListItem","position":1,"name":"Accueil","item":"https:\/\/macite.tg\/"},{"@type":"ListItem","position":2,"name":"DOMINIQUE ALIZIOU, 5 ANS APRES : Des t\u00e9moignages \u00e9mouvants\u2026"}]},{"@type":"WebSite","@id":"https:\/\/macite.tg\/#website","url":"https:\/\/macite.tg\/","name":"","description":"L&#039;information, la bonne!!!","potentialAction":[{"@type":"SearchAction","target":{"@type":"EntryPoint","urlTemplate":"https:\/\/macite.tg\/?s={search_term_string}"},"query-input":{"@type":"PropertyValueSpecification","valueRequired":true,"valueName":"search_term_string"}}],"inLanguage":"fr-FR"},{"@type":"Person","@id":"https:\/\/macite.tg\/#\/schema\/person\/e9f2de7e5dbbe7770a9402c7ce82f5c2","name":"Jean Pierre BAWELA","image":{"@type":"ImageObject","inLanguage":"fr-FR","@id":"https:\/\/macite.tg\/wp-content\/uploads\/2023\/09\/WhatsApp-Image-2023-09-19-at-14.44.41-122x122.jpeg","url":"https:\/\/macite.tg\/wp-content\/uploads\/2023\/09\/WhatsApp-Image-2023-09-19-at-14.44.41-122x122.jpeg","contentUrl":"https:\/\/macite.tg\/wp-content\/uploads\/2023\/09\/WhatsApp-Image-2023-09-19-at-14.44.41-122x122.jpeg","caption":"Jean Pierre BAWELA"},"url":"https:\/\/macite.tg\/?author=2"}]}},"_links":{"self":[{"href":"https:\/\/macite.tg\/index.php?rest_route=\/wp\/v2\/posts\/21027","targetHints":{"allow":["GET"]}}],"collection":[{"href":"https:\/\/macite.tg\/index.php?rest_route=\/wp\/v2\/posts"}],"about":[{"href":"https:\/\/macite.tg\/index.php?rest_route=\/wp\/v2\/types\/post"}],"author":[{"embeddable":true,"href":"https:\/\/macite.tg\/index.php?rest_route=\/wp\/v2\/users\/2"}],"replies":[{"embeddable":true,"href":"https:\/\/macite.tg\/index.php?rest_route=%2Fwp%2Fv2%2Fcomments&post=21027"}],"version-history":[{"count":0,"href":"https:\/\/macite.tg\/index.php?rest_route=\/wp\/v2\/posts\/21027\/revisions"}],"wp:featuredmedia":[{"embeddable":true,"href":"https:\/\/macite.tg\/index.php?rest_route=\/wp\/v2\/media\/21028"}],"wp:attachment":[{"href":"https:\/\/macite.tg\/index.php?rest_route=%2Fwp%2Fv2%2Fmedia&parent=21027"}],"wp:term":[{"taxonomy":"category","embeddable":true,"href":"https:\/\/macite.tg\/index.php?rest_route=%2Fwp%2Fv2%2Fcategories&post=21027"},{"taxonomy":"post_tag","embeddable":true,"href":"https:\/\/macite.tg\/index.php?rest_route=%2Fwp%2Fv2%2Ftags&post=21027"}],"curies":[{"name":"wp","href":"https:\/\/api.w.org\/{rel}","templated":true}]}}