{"id":21024,"date":"2025-03-28T19:15:33","date_gmt":"2025-03-28T19:15:33","guid":{"rendered":"https:\/\/macite.tg\/?p=21024"},"modified":"2025-03-28T19:15:48","modified_gmt":"2025-03-28T19:15:48","slug":"medias-27-mars-20220-une-date-memorable","status":"publish","type":"post","link":"https:\/\/macite.tg\/?p=21024","title":{"rendered":"MEDIAS\/27 MARS 20220\u00a0: Une date m\u00e9morable\u2026"},"content":{"rendered":"\n<p class=\"wp-block-paragraph\"><strong><em>Le 27 mars 2020, ALIZIOU Essodina Koffi Dominique, journaliste, promoteur et Directeur de la publication du journal Chronique de la Semaine \u00e9tait brutalement arrach\u00e9 \u00e0 notre affection. Cinq ans apr\u00e8s sa disparition, l\u2019illustre disparu demeure toujours dans nos m\u00e9moires \u00e0 travers&nbsp; ses actes concrets et discrets d\u2019humanisme, de gentillesse et de g\u00e9n\u00e9rosit\u00e9 envers nombre de n\u00e9cessiteux qu\u2019il croisait sur sa route.&nbsp; Des t\u00e9moignages \u00e9mouvants sur la bont\u00e9 de c\u0153ur du feu Dominique Aliziou sont l\u00e9gion et font la fiert\u00e9 de ses familles biologiques et professionnelles.<\/em><\/strong><\/p>\n\n\n\n<p class=\"wp-block-paragraph\">Dominique fut pour beaucoup de personnes un grand soutien de tout genre, Merci \u00e0 lui. Il aurait pu comme les gens de son rang&nbsp; s\u2019offrir de grosses cylindr\u00e9es, des r\u00e9sidences somptueuses, bref du luxe et du confort durant son s\u00e9jour sur terre. Mais&nbsp; pour des raisons humanitaires, il a pr\u00e9f\u00e9r\u00e9 faire manger et habiller, veuves et orphelins et venir en aide \u00e0 tous les n\u00e9cessiteux qu\u2019il rencontrait sur son chemin ou qui frappaient \u00e0 sa porte.<\/p>\n\n\n\n<p class=\"wp-block-paragraph\">Oui que par ces actes d\u2019amour et de charit\u00e9, le seigneur dans sa mis\u00e9ricorde vous ouvre les portes du Royaume des cieux !!!<\/p>\n\n\n<div class=\"wp-block-image\">\n<figure class=\"aligncenter size-large is-resized\"><img loading=\"lazy\" decoding=\"async\" width=\"1024\" height=\"1024\" src=\"https:\/\/macite.tg\/wp-content\/uploads\/2025\/03\/OTR_TVM2-1024x1024.jpg\" alt=\"\" class=\"wp-image-20895\" style=\"width:588px;height:auto\" srcset=\"https:\/\/macite.tg\/wp-content\/uploads\/2025\/03\/OTR_TVM2-1024x1024.jpg 1024w, https:\/\/macite.tg\/wp-content\/uploads\/2025\/03\/OTR_TVM2-300x300.jpg 300w, https:\/\/macite.tg\/wp-content\/uploads\/2025\/03\/OTR_TVM2-150x150.jpg 150w, https:\/\/macite.tg\/wp-content\/uploads\/2025\/03\/OTR_TVM2-768x768.jpg 768w, https:\/\/macite.tg\/wp-content\/uploads\/2025\/03\/OTR_TVM2-1536x1536.jpg 1536w, https:\/\/macite.tg\/wp-content\/uploads\/2025\/03\/OTR_TVM2-122x122.jpg 122w, https:\/\/macite.tg\/wp-content\/uploads\/2025\/03\/OTR_TVM2.jpg 1600w\" sizes=\"auto, (max-width: 1024px) 100vw, 1024px\" \/><\/figure>\n<\/div>\n\n\n<p class=\"wp-block-paragraph\">Le Seigneur n\u2019a-t-il pas dit : \u00ab Venez, les b\u00e9nis de mon P\u00e8re, recevez en h\u00e9ritage le Royaume pr\u00e9par\u00e9 pour vous depuis la fondation du monde. Car j\u2019avais faim, et vous m\u2019avez donn\u00e9 \u00e0 manger; j\u2019avais soif, et vous m\u2019avez donn\u00e9 \u00e0 boire ; j\u2019\u00e9tais un \u00e9tranger, et vous m\u2019avez accueilli ; j\u2019\u00e9tais nu, et vous m\u2019avez habill\u00e9 ; j\u2019\u00e9tais malade, et vous m\u2019avez visit\u00e9 ; j\u2019\u00e9tais en prison, et vous \u00eates venus jusqu\u2019\u00e0 moi !\u00bb Alors les justes lui r\u00e9pondront : <em>\u00ab Seigneur, quand est-ce que nous t\u2019avons vu\u2026 ? tu avais donc faim, et nous t\u2019avons nourri ? tu avais soif, et nous t\u2019avons donn\u00e9 \u00e0 boire ? tu \u00e9tais un \u00e9tranger, et nous t\u2019avons accueilli ? tu \u00e9tais nu, et nous t\u2019avons habill\u00e9 ? tu \u00e9tais malade ou en prison\u2026 Quand sommes-nous venus jusqu\u2019\u00e0 toi ?\u00bb<\/em> Et le Roi leur r\u00e9pondra : \u00ab<em>Amen, je vous le dis : chaque fois que vous l\u2019avez fait \u00e0 l\u2019un de ces plus petits de mes fr\u00e8res, c\u2019est \u00e0 moi que vous l\u2019avez fait.\u00bb<\/em> (Mathieu 25, 34-40).&nbsp; D\u2019ailleurs \u00abQui est Dieu comme toi, pour enlever le crime, pour passer sur la r\u00e9volte comme tu le fais \u00e0 l\u2019\u00e9gard du reste, ton h\u00e9ritage : un Dieu qui ne s\u2019obstine pas pour toujours dans sa col\u00e8re mais se pla\u00eet \u00e0 manifester sa faveur ?<\/p>\n\n\n\n<p class=\"wp-block-paragraph\">De nouveau, tu nous montreras ta mis\u00e9ricorde, tu fouleras aux pieds nos crimes, tu jetteras au fond de la mer tous nos p\u00e9ch\u00e9s ! Ainsi tu accordes \u00e0 Jacob ta fid\u00e9lit\u00e9, \u00e0 Abraham ta faveur, comme tu l\u2019as jur\u00e9 \u00e0 nos p\u00e8res depuis les jours d\u2019autrefois.\u00bb (Mich\u00e9e 7, 18-20.)<\/p>\n\n\n\n<p class=\"wp-block-paragraph\">Que cette faveur soit accord\u00e9e par le sang de ton fils J\u00e9sus Christ \u00e0 ton serviteur Dominique pour le pardon de toutes ses p\u00e9ch\u00e9s afin qu\u2019il soit le bienvenu aux noces c\u00e9lestes.<\/p>\n\n\n<div class=\"wp-block-image\">\n<figure class=\"aligncenter size-large is-resized\"><img loading=\"lazy\" decoding=\"async\" width=\"1024\" height=\"1024\" src=\"https:\/\/macite.tg\/wp-content\/uploads\/2025\/03\/OTR_TVM-1024x1024.jpg\" alt=\"\" class=\"wp-image-20894\" style=\"width:510px;height:auto\" srcset=\"https:\/\/macite.tg\/wp-content\/uploads\/2025\/03\/OTR_TVM-1024x1024.jpg 1024w, https:\/\/macite.tg\/wp-content\/uploads\/2025\/03\/OTR_TVM-300x300.jpg 300w, https:\/\/macite.tg\/wp-content\/uploads\/2025\/03\/OTR_TVM-150x150.jpg 150w, https:\/\/macite.tg\/wp-content\/uploads\/2025\/03\/OTR_TVM-768x768.jpg 768w, https:\/\/macite.tg\/wp-content\/uploads\/2025\/03\/OTR_TVM-1536x1536.jpg 1536w, https:\/\/macite.tg\/wp-content\/uploads\/2025\/03\/OTR_TVM-122x122.jpg 122w, https:\/\/macite.tg\/wp-content\/uploads\/2025\/03\/OTR_TVM.jpg 1600w\" sizes=\"auto, (max-width: 1024px) 100vw, 1024px\" \/><\/figure>\n<\/div>\n\n\n<p class=\"wp-block-paragraph\">Pour comm\u00e9morer le cinqui\u00e8me anniversaire de son d\u00e9c\u00e8s, un triduum de messe d\u2019action de gr\u00e2ce est programm\u00e9 pour b\u00e9nir le Cr\u00e9ateur pour la vie de cet homme si gentil, si g\u00e9n\u00e9reux et si attentionn\u00e9 envers tous.<\/p>\n\n\n\n<p class=\"wp-block-paragraph\">Pour la m\u00eame occasion, le journal a recueilli, pour ses lecteurs, des t\u00e9moignages aupr\u00e8s des personnes ayant connu, aim\u00e9 ou collabor\u00e9 avec l\u2019illustre disparu dont elles gardent encore vivace dans leur m\u00e9moire, le souvenir.<\/p>\n\n\n\n<p class=\"wp-block-paragraph\"><strong><em>(In CHRONIQUE DE LA SEMAINE n\u00b0735 du 27 Mars 2025)<\/em><\/strong><\/p>\n\n\n\n<p class=\"wp-block-paragraph\"><a><strong><em>@macite.tg&nbsp;&nbsp;&nbsp;&nbsp;&nbsp;&nbsp;&nbsp;&nbsp;<\/em><\/strong><\/a><\/p>\n\n\n\n<p class=\"wp-block-paragraph\"><strong><em>E-mail&nbsp;: <\/em><\/strong><a href=\"mailto:maciteinfo@gmail.com\"><strong><em>maciteinfo@gmail.com<\/em><\/strong><\/a><strong><em>; <\/em><\/strong><a href=\"mailto:bawela1@gmail.com\"><strong><em>bawela1@gmail.com<\/em><\/strong><\/a><strong><em><\/em><\/strong><\/p>\n\n\n\n<p class=\"wp-block-paragraph\"><strong><em>Pour vos annonces, (publi)reportages, etc., joignez-nous au (00228)91515309\/<strong>79872224 <\/strong>www.macite.tg, L\u2019information, la bonne&nbsp;!<\/em><\/strong><\/p>\n\n\n\n<p class=\"wp-block-paragraph\"><\/p>\n","protected":false},"excerpt":{"rendered":"<p class=\"text-justify mb-2\" >Le 27 mars 2020, ALIZIOU Essodina Koffi Dominique, journaliste, promoteur et Directeur de la publication du journal Chronique de la Semaine \u00e9tait brutalement arrach\u00e9 \u00e0 notre affection. Cinq ans apr\u00e8s sa disparition, l\u2019illustre disparu demeure toujours dans nos m\u00e9moires \u00e0 travers&nbsp; ses actes concrets et [&hellip;]<\/p>\n","protected":false},"author":2,"featured_media":21025,"comment_status":"open","ping_status":"open","sticky":false,"template":"","format":"standard","meta":{"footnotes":""},"categories":[20,14],"tags":[],"class_list":["post-21024","post","type-post","status-publish","format-standard","has-post-thumbnail","hentry","category-actualite","category-medias"],"yoast_head":"<!-- This site is optimized with the Yoast SEO plugin v28.4 - https:\/\/yoast.com\/product\/yoast-seo-wordpress\/ -->\n<title>MEDIAS\/27 MARS 20220\u00a0: Une date m\u00e9morable\u2026 -<\/title>\n<meta name=\"robots\" content=\"index, follow, max-snippet:-1, max-image-preview:large, max-video-preview:-1\" \/>\n<link rel=\"canonical\" href=\"https:\/\/macite.tg\/?p=21024\" \/>\n<meta property=\"og:locale\" content=\"fr_FR\" \/>\n<meta property=\"og:type\" content=\"article\" \/>\n<meta property=\"og:title\" content=\"MEDIAS\/27 MARS 20220\u00a0: Une date m\u00e9morable\u2026 -\" \/>\n<meta property=\"og:description\" content=\"Le 27 mars 2020, ALIZIOU Essodina Koffi Dominique, journaliste, promoteur et Directeur de la publication du journal Chronique de la Semaine \u00e9tait brutalement arrach\u00e9 \u00e0 notre affection. Cinq ans apr\u00e8s sa disparition, l\u2019illustre disparu demeure toujours dans nos m\u00e9moires \u00e0 travers&nbsp; ses actes concrets et [&hellip;]\" \/>\n<meta property=\"og:url\" content=\"https:\/\/macite.tg\/?p=21024\" \/>\n<meta property=\"article:published_time\" content=\"2025-03-28T19:15:33+00:00\" \/>\n<meta property=\"article:modified_time\" content=\"2025-03-28T19:15:48+00:00\" \/>\n<meta property=\"og:image\" content=\"https:\/\/macite.tg\/wp-content\/uploads\/2025\/03\/Dominique-Aliziou.jpg\" \/>\n\t<meta property=\"og:image:width\" content=\"500\" \/>\n\t<meta property=\"og:image:height\" content=\"333\" \/>\n\t<meta property=\"og:image:type\" content=\"image\/jpeg\" \/>\n<meta name=\"author\" content=\"Jean Pierre BAWELA\" \/>\n<meta name=\"twitter:card\" content=\"summary_large_image\" \/>\n<meta name=\"twitter:label1\" content=\"\u00c9crit par\" \/>\n\t<meta name=\"twitter:data1\" content=\"Jean Pierre BAWELA\" \/>\n\t<meta name=\"twitter:label2\" content=\"Dur\u00e9e de lecture estim\u00e9e\" \/>\n\t<meta name=\"twitter:data2\" content=\"4 minutes\" \/>\n<script type=\"application\/ld+json\" class=\"yoast-schema-graph\">{\"@context\":\"https:\\\/\\\/schema.org\",\"@graph\":[{\"@type\":\"Article\",\"@id\":\"https:\\\/\\\/macite.tg\\\/?p=21024#article\",\"isPartOf\":{\"@id\":\"https:\\\/\\\/macite.tg\\\/?p=21024\"},\"author\":{\"name\":\"Jean Pierre BAWELA\",\"@id\":\"https:\\\/\\\/macite.tg\\\/#\\\/schema\\\/person\\\/e9f2de7e5dbbe7770a9402c7ce82f5c2\"},\"headline\":\"MEDIAS\\\/27 MARS 20220\u00a0: Une date m\u00e9morable\u2026\",\"datePublished\":\"2025-03-28T19:15:33+00:00\",\"dateModified\":\"2025-03-28T19:15:48+00:00\",\"mainEntityOfPage\":{\"@id\":\"https:\\\/\\\/macite.tg\\\/?p=21024\"},\"wordCount\":653,\"commentCount\":0,\"image\":{\"@id\":\"https:\\\/\\\/macite.tg\\\/?p=21024#primaryimage\"},\"thumbnailUrl\":\"https:\\\/\\\/macite.tg\\\/wp-content\\\/uploads\\\/2025\\\/03\\\/Dominique-Aliziou.jpg\",\"articleSection\":[\"ACTUALITE\",\"MEDIAS\"],\"inLanguage\":\"fr-FR\",\"potentialAction\":[{\"@type\":\"CommentAction\",\"name\":\"Comment\",\"target\":[\"https:\\\/\\\/macite.tg\\\/?p=21024#respond\"]}]},{\"@type\":\"WebPage\",\"@id\":\"https:\\\/\\\/macite.tg\\\/?p=21024\",\"url\":\"https:\\\/\\\/macite.tg\\\/?p=21024\",\"name\":\"MEDIAS\\\/27 MARS 20220\u00a0: Une date m\u00e9morable\u2026 -\",\"isPartOf\":{\"@id\":\"https:\\\/\\\/macite.tg\\\/#website\"},\"primaryImageOfPage\":{\"@id\":\"https:\\\/\\\/macite.tg\\\/?p=21024#primaryimage\"},\"image\":{\"@id\":\"https:\\\/\\\/macite.tg\\\/?p=21024#primaryimage\"},\"thumbnailUrl\":\"https:\\\/\\\/macite.tg\\\/wp-content\\\/uploads\\\/2025\\\/03\\\/Dominique-Aliziou.jpg\",\"datePublished\":\"2025-03-28T19:15:33+00:00\",\"dateModified\":\"2025-03-28T19:15:48+00:00\",\"author\":{\"@id\":\"https:\\\/\\\/macite.tg\\\/#\\\/schema\\\/person\\\/e9f2de7e5dbbe7770a9402c7ce82f5c2\"},\"breadcrumb\":{\"@id\":\"https:\\\/\\\/macite.tg\\\/?p=21024#breadcrumb\"},\"inLanguage\":\"fr-FR\",\"potentialAction\":[{\"@type\":\"ReadAction\",\"target\":[\"https:\\\/\\\/macite.tg\\\/?p=21024\"]}]},{\"@type\":\"ImageObject\",\"inLanguage\":\"fr-FR\",\"@id\":\"https:\\\/\\\/macite.tg\\\/?p=21024#primaryimage\",\"url\":\"https:\\\/\\\/macite.tg\\\/wp-content\\\/uploads\\\/2025\\\/03\\\/Dominique-Aliziou.jpg\",\"contentUrl\":\"https:\\\/\\\/macite.tg\\\/wp-content\\\/uploads\\\/2025\\\/03\\\/Dominique-Aliziou.jpg\",\"width\":500,\"height\":333},{\"@type\":\"BreadcrumbList\",\"@id\":\"https:\\\/\\\/macite.tg\\\/?p=21024#breadcrumb\",\"itemListElement\":[{\"@type\":\"ListItem\",\"position\":1,\"name\":\"Accueil\",\"item\":\"https:\\\/\\\/macite.tg\\\/\"},{\"@type\":\"ListItem\",\"position\":2,\"name\":\"MEDIAS\\\/27 MARS 20220\u00a0: Une date m\u00e9morable\u2026\"}]},{\"@type\":\"WebSite\",\"@id\":\"https:\\\/\\\/macite.tg\\\/#website\",\"url\":\"https:\\\/\\\/macite.tg\\\/\",\"name\":\"\",\"description\":\"L&#039;information, la bonne!!!\",\"potentialAction\":[{\"@type\":\"SearchAction\",\"target\":{\"@type\":\"EntryPoint\",\"urlTemplate\":\"https:\\\/\\\/macite.tg\\\/?s={search_term_string}\"},\"query-input\":{\"@type\":\"PropertyValueSpecification\",\"valueRequired\":true,\"valueName\":\"search_term_string\"}}],\"inLanguage\":\"fr-FR\"},{\"@type\":\"Person\",\"@id\":\"https:\\\/\\\/macite.tg\\\/#\\\/schema\\\/person\\\/e9f2de7e5dbbe7770a9402c7ce82f5c2\",\"name\":\"Jean Pierre BAWELA\",\"image\":{\"@type\":\"ImageObject\",\"inLanguage\":\"fr-FR\",\"@id\":\"https:\\\/\\\/macite.tg\\\/wp-content\\\/uploads\\\/2023\\\/09\\\/WhatsApp-Image-2023-09-19-at-14.44.41-122x122.jpeg\",\"url\":\"https:\\\/\\\/macite.tg\\\/wp-content\\\/uploads\\\/2023\\\/09\\\/WhatsApp-Image-2023-09-19-at-14.44.41-122x122.jpeg\",\"contentUrl\":\"https:\\\/\\\/macite.tg\\\/wp-content\\\/uploads\\\/2023\\\/09\\\/WhatsApp-Image-2023-09-19-at-14.44.41-122x122.jpeg\",\"caption\":\"Jean Pierre BAWELA\"},\"url\":\"https:\\\/\\\/macite.tg\\\/?author=2\"}]}<\/script>\n<!-- \/ Yoast SEO plugin. -->","yoast_head_json":{"title":"MEDIAS\/27 MARS 20220\u00a0: Une date m\u00e9morable\u2026 -","robots":{"index":"index","follow":"follow","max-snippet":"max-snippet:-1","max-image-preview":"max-image-preview:large","max-video-preview":"max-video-preview:-1"},"canonical":"https:\/\/macite.tg\/?p=21024","og_locale":"fr_FR","og_type":"article","og_title":"MEDIAS\/27 MARS 20220\u00a0: Une date m\u00e9morable\u2026 -","og_description":"Le 27 mars 2020, ALIZIOU Essodina Koffi Dominique, journaliste, promoteur et Directeur de la publication du journal Chronique de la Semaine \u00e9tait brutalement arrach\u00e9 \u00e0 notre affection. Cinq ans apr\u00e8s sa disparition, l\u2019illustre disparu demeure toujours dans nos m\u00e9moires \u00e0 travers&nbsp; ses actes concrets et [&hellip;]","og_url":"https:\/\/macite.tg\/?p=21024","article_published_time":"2025-03-28T19:15:33+00:00","article_modified_time":"2025-03-28T19:15:48+00:00","og_image":[{"width":500,"height":333,"url":"https:\/\/macite.tg\/wp-content\/uploads\/2025\/03\/Dominique-Aliziou.jpg","type":"image\/jpeg"}],"author":"Jean Pierre BAWELA","twitter_card":"summary_large_image","twitter_misc":{"\u00c9crit par":"Jean Pierre BAWELA","Dur\u00e9e de lecture estim\u00e9e":"4 minutes"},"schema":{"@context":"https:\/\/schema.org","@graph":[{"@type":"Article","@id":"https:\/\/macite.tg\/?p=21024#article","isPartOf":{"@id":"https:\/\/macite.tg\/?p=21024"},"author":{"name":"Jean Pierre BAWELA","@id":"https:\/\/macite.tg\/#\/schema\/person\/e9f2de7e5dbbe7770a9402c7ce82f5c2"},"headline":"MEDIAS\/27 MARS 20220\u00a0: Une date m\u00e9morable\u2026","datePublished":"2025-03-28T19:15:33+00:00","dateModified":"2025-03-28T19:15:48+00:00","mainEntityOfPage":{"@id":"https:\/\/macite.tg\/?p=21024"},"wordCount":653,"commentCount":0,"image":{"@id":"https:\/\/macite.tg\/?p=21024#primaryimage"},"thumbnailUrl":"https:\/\/macite.tg\/wp-content\/uploads\/2025\/03\/Dominique-Aliziou.jpg","articleSection":["ACTUALITE","MEDIAS"],"inLanguage":"fr-FR","potentialAction":[{"@type":"CommentAction","name":"Comment","target":["https:\/\/macite.tg\/?p=21024#respond"]}]},{"@type":"WebPage","@id":"https:\/\/macite.tg\/?p=21024","url":"https:\/\/macite.tg\/?p=21024","name":"MEDIAS\/27 MARS 20220\u00a0: Une date m\u00e9morable\u2026 -","isPartOf":{"@id":"https:\/\/macite.tg\/#website"},"primaryImageOfPage":{"@id":"https:\/\/macite.tg\/?p=21024#primaryimage"},"image":{"@id":"https:\/\/macite.tg\/?p=21024#primaryimage"},"thumbnailUrl":"https:\/\/macite.tg\/wp-content\/uploads\/2025\/03\/Dominique-Aliziou.jpg","datePublished":"2025-03-28T19:15:33+00:00","dateModified":"2025-03-28T19:15:48+00:00","author":{"@id":"https:\/\/macite.tg\/#\/schema\/person\/e9f2de7e5dbbe7770a9402c7ce82f5c2"},"breadcrumb":{"@id":"https:\/\/macite.tg\/?p=21024#breadcrumb"},"inLanguage":"fr-FR","potentialAction":[{"@type":"ReadAction","target":["https:\/\/macite.tg\/?p=21024"]}]},{"@type":"ImageObject","inLanguage":"fr-FR","@id":"https:\/\/macite.tg\/?p=21024#primaryimage","url":"https:\/\/macite.tg\/wp-content\/uploads\/2025\/03\/Dominique-Aliziou.jpg","contentUrl":"https:\/\/macite.tg\/wp-content\/uploads\/2025\/03\/Dominique-Aliziou.jpg","width":500,"height":333},{"@type":"BreadcrumbList","@id":"https:\/\/macite.tg\/?p=21024#breadcrumb","itemListElement":[{"@type":"ListItem","position":1,"name":"Accueil","item":"https:\/\/macite.tg\/"},{"@type":"ListItem","position":2,"name":"MEDIAS\/27 MARS 20220\u00a0: Une date m\u00e9morable\u2026"}]},{"@type":"WebSite","@id":"https:\/\/macite.tg\/#website","url":"https:\/\/macite.tg\/","name":"","description":"L&#039;information, la bonne!!!","potentialAction":[{"@type":"SearchAction","target":{"@type":"EntryPoint","urlTemplate":"https:\/\/macite.tg\/?s={search_term_string}"},"query-input":{"@type":"PropertyValueSpecification","valueRequired":true,"valueName":"search_term_string"}}],"inLanguage":"fr-FR"},{"@type":"Person","@id":"https:\/\/macite.tg\/#\/schema\/person\/e9f2de7e5dbbe7770a9402c7ce82f5c2","name":"Jean Pierre BAWELA","image":{"@type":"ImageObject","inLanguage":"fr-FR","@id":"https:\/\/macite.tg\/wp-content\/uploads\/2023\/09\/WhatsApp-Image-2023-09-19-at-14.44.41-122x122.jpeg","url":"https:\/\/macite.tg\/wp-content\/uploads\/2023\/09\/WhatsApp-Image-2023-09-19-at-14.44.41-122x122.jpeg","contentUrl":"https:\/\/macite.tg\/wp-content\/uploads\/2023\/09\/WhatsApp-Image-2023-09-19-at-14.44.41-122x122.jpeg","caption":"Jean Pierre BAWELA"},"url":"https:\/\/macite.tg\/?author=2"}]}},"_links":{"self":[{"href":"https:\/\/macite.tg\/index.php?rest_route=\/wp\/v2\/posts\/21024","targetHints":{"allow":["GET"]}}],"collection":[{"href":"https:\/\/macite.tg\/index.php?rest_route=\/wp\/v2\/posts"}],"about":[{"href":"https:\/\/macite.tg\/index.php?rest_route=\/wp\/v2\/types\/post"}],"author":[{"embeddable":true,"href":"https:\/\/macite.tg\/index.php?rest_route=\/wp\/v2\/users\/2"}],"replies":[{"embeddable":true,"href":"https:\/\/macite.tg\/index.php?rest_route=%2Fwp%2Fv2%2Fcomments&post=21024"}],"version-history":[{"count":0,"href":"https:\/\/macite.tg\/index.php?rest_route=\/wp\/v2\/posts\/21024\/revisions"}],"wp:featuredmedia":[{"embeddable":true,"href":"https:\/\/macite.tg\/index.php?rest_route=\/wp\/v2\/media\/21025"}],"wp:attachment":[{"href":"https:\/\/macite.tg\/index.php?rest_route=%2Fwp%2Fv2%2Fmedia&parent=21024"}],"wp:term":[{"taxonomy":"category","embeddable":true,"href":"https:\/\/macite.tg\/index.php?rest_route=%2Fwp%2Fv2%2Fcategories&post=21024"},{"taxonomy":"post_tag","embeddable":true,"href":"https:\/\/macite.tg\/index.php?rest_route=%2Fwp%2Fv2%2Ftags&post=21024"}],"curies":[{"name":"wp","href":"https:\/\/api.w.org\/{rel}","templated":true}]}}