{"id":21008,"date":"2025-03-28T12:39:22","date_gmt":"2025-03-28T12:39:22","guid":{"rendered":"https:\/\/macite.tg\/?p=21008"},"modified":"2025-03-28T12:39:43","modified_gmt":"2025-03-28T12:39:43","slug":"proces-kadhafi-7-ans-de-prison-et-300-000-euros-damende-requis-contre-nicolas-sarkozy","status":"publish","type":"post","link":"https:\/\/macite.tg\/?p=21008","title":{"rendered":"PROCES KADHAFI : 7 ans de prison et 300.000 euros d&rsquo;amende requis contre Nicolas Sarkozy"},"content":{"rendered":"\n<p class=\"wp-block-paragraph\"><strong><em>Apr\u00e8s des semaines d&rsquo;un proc\u00e8s tr\u00e8s tendu, les juges qui ont reproch\u00e9 \u00e0 Nicolas Sarkozy \u00ab&nbsp;un pacte de corruption inconcevable, inou\u00ef, ind\u00e9cent&nbsp;\u00bb avec le dictateur libyen Mouammar Kadhafi. ont demand\u00e9 7 ans de prison, 300.000 euros d&rsquo;amende et 5 ans d&rsquo;in\u00e9ligibilit\u00e9 \u00e0 son encontre.<\/em><\/strong><\/p>\n\n\n\n<p class=\"wp-block-paragraph\">Un r\u00e9quisitoire particuli\u00e8rement s\u00e9v\u00e8re. Apr\u00e8s&nbsp;<a href=\"https:\/\/www.bfmtv.com\/police-justice\/proces\/au-proces-sarkozy-kadhafi-les-familles-brisees-et-trahies-de-l-attentat-du-dc-10_AN-202501230915.html\"><strong>presque deux mois de proc\u00e8s<\/strong><\/a>, le parquet a requis 7 ans de prison, 300.000 euros d&rsquo;amende et 5 ans d&rsquo;in\u00e9ligibilit\u00e9 contre l&rsquo;ancien chef de l&rsquo;\u00c9tat Nicolas Sarkozy ce 27 mars. L&rsquo;ex-pr\u00e9sident \u00e9tait jug\u00e9 pour <em>\u00ab&nbsp;financement ill\u00e9gal de campagne \u00e9lectorale&nbsp;\u00bb, \u00ab&nbsp;corruption passive&nbsp;\u00bb, \u00ab&nbsp;recel de d\u00e9tournement de fonds publics&nbsp;\u00bb <\/em>et<em> \u00ab&nbsp;association de malfaiteurs&nbsp;\u00bb.<\/em><\/p>\n\n\n\n<p class=\"wp-block-paragraph\">Il risquait jusqu&rsquo;\u00e0 10 ans de prison, 375.000 euros d&rsquo;amende et une peine d&rsquo;in\u00e9ligibilit\u00e9 pouvant monter jusqu&rsquo;\u00e0 5 ans.<\/p>\n\n\n<div class=\"wp-block-image\">\n<figure class=\"aligncenter size-large is-resized\"><img loading=\"lazy\" decoding=\"async\" width=\"1024\" height=\"1024\" src=\"https:\/\/macite.tg\/wp-content\/uploads\/2025\/03\/OTR_TVM2-1024x1024.jpg\" alt=\"\" class=\"wp-image-20895\" style=\"width:538px;height:auto\" srcset=\"https:\/\/macite.tg\/wp-content\/uploads\/2025\/03\/OTR_TVM2-1024x1024.jpg 1024w, https:\/\/macite.tg\/wp-content\/uploads\/2025\/03\/OTR_TVM2-300x300.jpg 300w, https:\/\/macite.tg\/wp-content\/uploads\/2025\/03\/OTR_TVM2-150x150.jpg 150w, https:\/\/macite.tg\/wp-content\/uploads\/2025\/03\/OTR_TVM2-768x768.jpg 768w, https:\/\/macite.tg\/wp-content\/uploads\/2025\/03\/OTR_TVM2-1536x1536.jpg 1536w, https:\/\/macite.tg\/wp-content\/uploads\/2025\/03\/OTR_TVM2-122x122.jpg 122w, https:\/\/macite.tg\/wp-content\/uploads\/2025\/03\/OTR_TVM2.jpg 1600w\" sizes=\"auto, (max-width: 1024px) 100vw, 1024px\" \/><\/figure>\n<\/div>\n\n\n<p class=\"wp-block-paragraph\"><strong>\u00ab\u00a0Un pacte de corruption\u00a0\u00bb conclu avec \u00ab\u00a0un r\u00e9gime sanguinaire\u00a0\u00bb<\/strong><\/p>\n\n\n\n<p class=\"wp-block-paragraph\">L&rsquo;inflexibilit\u00e9 des magistrats n&rsquo;est pas vraiment une surprise. Ils avaient fustig\u00e9 mardi en d\u00e9butant leurs r\u00e9quisitions le&nbsp;<em><a href=\"https:\/\/www.bfmtv.com\/police-justice\/proces\/c-est-une-douleur-sarkozy-se-dit-sali-face-aux-questions-sur-sa-rencontre-avec-kadhafi_AD-202501201028.html\"><strong>\u00ab&nbsp;<\/strong><strong>pacte de corruption inconcevable, inou\u00ef, ind\u00e9cent<\/strong><strong>&nbsp;\u00bb<\/strong><\/a><\/em>&nbsp;nou\u00e9 en 2005 par celui qui \u00e9tait alors ministre de l&rsquo;Int\u00e9rieur et plusieurs de ses proches avec le dictateur libyen Mouammar Kadhafi.<\/p>\n\n\n\n<p class=\"wp-block-paragraph\">Ce <em>\u00ab\u00a0pacte\u00a0\u00bb<\/em> avait \u00e9t\u00e9 <em>\u00ab&nbsp;conclu avec (un) r\u00e9gime sanguinaire&nbsp;\u00bb,<\/em> avait encore ass\u00e9n\u00e9 le parquet financier de Paris avec <em>\u00ab&nbsp;pour objectif de soutenir financi\u00e8rement la campagne<\/em>&nbsp;\u00bb pr\u00e9sidentielle de Nicolas Sarkozy en 2007.<\/p>\n\n\n\n<p class=\"wp-block-paragraph\">Les juges n&rsquo;avaient pas de <em>\u00ab&nbsp;positionnement fig\u00e9&nbsp;\u00bb<\/em> avant le proc\u00e8s, avaient-ils ajout\u00e9. Mais les dix semaines de d\u00e9bats, marqu\u00e9s par les <em>\u00ab&nbsp;explications extravagantes&nbsp;\u00bb<\/em> des trois anciens ministres \u00c9ric Woerth, Brice Hortefeux et&nbsp;<a href=\"https:\/\/www.bfmtv.com\/police-justice\/claude-gueant-hospitalise-en-plein-proces-du-financement-libyen-de-la-campagne-sarkozy_AD-202501280811.html\"><strong>Claude Gu\u00e9ant<\/strong><\/a>, chacun \u00e0 des postes-clefs pendant la campagne pr\u00e9sidentielle et de l&rsquo;ancien pr\u00e9sident, ont <em>\u00ab\u00a0renforc\u00e9\u00a0\u00bb <\/em>et <em>\u00ab&nbsp;transform\u00e9 ce positionnement en intime conviction&nbsp;\u00bb.<\/em><\/p>\n\n\n\n<p class=\"wp-block-paragraph\"><strong>Les d\u00e9n\u00e9gations de Sarkozy<\/strong><\/p>\n\n\n\n<p class=\"wp-block-paragraph\">La th\u00e8se de <em>\u00ab&nbsp;la vengeance&nbsp;\u00bb<\/em> \u00e9voqu\u00e9e \u00e0 plusieurs reprises par le septuag\u00e9naire a \u00e9galement \u00e9t\u00e9 balay\u00e9e par les procureurs qui ont vu en lui le <em>\u00ab&nbsp;v\u00e9ritable d\u00e9cisionnaire, le v\u00e9ritable commanditaire&nbsp;\u00bb <\/em>de<em> \u00ab&nbsp;ce pacte de corruption&nbsp;\u00bb.<\/em><\/p>\n\n\n<div class=\"wp-block-image\">\n<figure class=\"aligncenter size-full\"><img loading=\"lazy\" decoding=\"async\" width=\"526\" height=\"526\" src=\"https:\/\/macite.tg\/wp-content\/uploads\/2025\/03\/OTR_La-minute-fiscale.jpg\" alt=\"\" class=\"wp-image-20852\" srcset=\"https:\/\/macite.tg\/wp-content\/uploads\/2025\/03\/OTR_La-minute-fiscale.jpg 526w, https:\/\/macite.tg\/wp-content\/uploads\/2025\/03\/OTR_La-minute-fiscale-300x300.jpg 300w, https:\/\/macite.tg\/wp-content\/uploads\/2025\/03\/OTR_La-minute-fiscale-150x150.jpg 150w, https:\/\/macite.tg\/wp-content\/uploads\/2025\/03\/OTR_La-minute-fiscale-122x122.jpg 122w\" sizes=\"auto, (max-width: 526px) 100vw, 526px\" \/><\/figure>\n<\/div>\n\n\n<p class=\"wp-block-paragraph\">Autant dire que les d\u00e9n\u00e9gations de l&rsquo;ex locataire de l&rsquo;\u00c9lys\u00e9e n&rsquo;ont pas convaincu. <em><em>\u00ab<\/em><\/em> <em>Vous ne trouverez jamais, jamais non pas un euro, mais pas un centime libyen, dans ma campagne<em> \u00bb<\/em><\/em>, s&rsquo;\u00e9tait\u00a0<strong><a href=\"https:\/\/www.bfmtv.com\/police-justice\/vous-ne-trouverez-jamais-un-centime-libyen-dans-ma-campagne-les-premiers-mots-de-nicolas-sarkozy-a-son-proces_AN-202501090572.html\">d\u00e9fendu au d\u00e9but du proc\u00e8s Nicolas Sarkozy<\/a><\/strong>.<\/p>\n\n\n\n<p class=\"wp-block-paragraph\"><em>\u00ab&nbsp;J&rsquo;ai eu l&rsquo;impression qu&rsquo;on \u00e9tait parti du postulat &lsquo;Sarkozy coupable&nbsp;\u00bb,<\/em> que <em>\u00ab\u00a0l&rsquo;enjeu\u00a0\u00bb<\/em> n&rsquo;\u00e9tait plus la <em>\u00ab&nbsp;recherche de la v\u00e9rit\u00e9&nbsp;\u00bb<\/em> mais pour le parquet financier de <em>\u00ab&nbsp;ne pas perdre la face&nbsp;\u00bb,<\/em> avait encore affirm\u00e9 l&rsquo;ex-chef de l&rsquo;\u00c9tat.<\/p>\n\n\n\n<p class=\"wp-block-paragraph\">Mais face aux \u00e9l\u00e9ments r\u00e9unis par l&rsquo;enqu\u00eate puis le d\u00e9roul\u00e9 du proc\u00e8s, Nicolas Sarkozy a pein\u00e9 \u00e0 se d\u00e9fendre.<\/p>\n\n\n\n<p class=\"wp-block-paragraph\">L&rsquo;affaire avait commenc\u00e9 en 2012 lorsque Mediapart avait publi\u00e9 une note des services secrets libyens tendant \u00e0 prouver que le r\u00e9gime libyen avait vers\u00e9 50 millions d&rsquo;euros au camp Sarkozy peu avant le d\u00e9but de la campagne de 2007.<\/p>\n\n\n\n<p class=\"wp-block-paragraph\">Une affirmation qui s&rsquo;ajoutait aux d\u00e9clarations du fils de Mouammar Kadhafi un an plus t\u00f4t qui \u00e9voquait pour la premi\u00e8re fois dans une interview \u00e0&nbsp;<strong><a href=\"https:\/\/fr.euronews.com\/2011\/03\/16\/exclusif-saif-al-islam-kadhafi-reclame-a-sarkozy-de-rembourser\" target=\"_blank\" rel=\"noreferrer noopener\">Euronews<\/a><\/strong><strong>&nbsp;<\/strong>un financement libyen de la campagne du candidat de l&rsquo;UMP, l&rsquo;anc\u00eatre des LR.<\/p>\n\n\n<div class=\"wp-block-image\">\n<figure class=\"aligncenter size-full\"><img loading=\"lazy\" decoding=\"async\" width=\"851\" height=\"315\" src=\"https:\/\/macite.tg\/wp-content\/uploads\/2025\/03\/OTR_Ferer-pour-batir-1-2.jpg\" alt=\"\" class=\"wp-image-21010\" srcset=\"https:\/\/macite.tg\/wp-content\/uploads\/2025\/03\/OTR_Ferer-pour-batir-1-2.jpg 851w, https:\/\/macite.tg\/wp-content\/uploads\/2025\/03\/OTR_Ferer-pour-batir-1-2-300x111.jpg 300w, https:\/\/macite.tg\/wp-content\/uploads\/2025\/03\/OTR_Ferer-pour-batir-1-2-768x284.jpg 768w\" sizes=\"auto, (max-width: 851px) 100vw, 851px\" \/><\/figure>\n<\/div>\n\n\n<p class=\"wp-block-paragraph\"><strong>Des valises de billets<\/strong><\/p>\n\n\n\n<p class=\"wp-block-paragraph\">En 2013, la justice fran\u00e7aise se saisissait de l&rsquo;affaire en ouvrant une information judiciaire pour notamment, \u00ab\u00a0corruption\u00a0\u00bb et \u00ab\u00a0trafic d&rsquo;influence\u00a0\u00bb. Les juges s&rsquo;appuyaient \u00e9galement sur les d\u00e9clarations du sulfureux homme d&rsquo;affaires franco-libanais&nbsp;<strong><a href=\"https:\/\/www.bfmtv.com\/politique\/ziad-takieddine-affirme-que-la-campagne-de-sarkozy-a-ete-financee-par-la-libye_AN-201301020063.html\">Ziad Takkiedine<\/a><\/strong>&nbsp;qui, interrog\u00e9 par le juge Van Ryumbeke quelques mois plus t\u00f4t dans un autre dossier, affirmait d\u00e9tenir la preuve de ce financement.<\/p>\n\n\n\n<p class=\"wp-block-paragraph\">Il expliquait alors avoir remis trois valises de billets au minist\u00e8re de l&rsquo;Int\u00e9rieur, occup\u00e9 alors par Nicolas Sarkozy. Lors d&rsquo;une perquisition, les enqu\u00eateurs avaient d\u00e9couvert&nbsp;<strong><a href=\"https:\/\/www.bfmtv.com\/politique\/de-l-argent-libyen-derriere-la-vente-des-tableaux-de-gueant_AN-201507200017.html\">un versement de 500.000 euros depuis l&rsquo;\u00e9tranger<\/a><\/strong>&nbsp;sur l&rsquo;un des comptes bancaires de Claude Gu\u00e9ant, son ancien directeur de campagne.<\/p>\n\n\n\n<p class=\"wp-block-paragraph\">Pendant tout le proc\u00e8s, ce ancien tr\u00e8s proche du pr\u00e9sident, un temps locataire de la place Beauvau, \u00e0 la sant\u00e9 d\u00e9sormais fragile, s&rsquo;est emp\u00eatr\u00e9 dans ses d\u00e9n\u00e9gations. Quant \u00e0 Brice Hortefeux et \u00c9ric Woerth, ils ont tous les deux tent\u00e9 de minimiser leur r\u00f4le dans cette affaire.<\/p>\n\n\n\n<p class=\"wp-block-paragraph\">Le parquet a requis contre Claude Gu\u00e9ant 6 ans de prison et 100.000 euros d&rsquo;amende, 3 ans de prison, 150.000 euros et 5 ans d&rsquo;in\u00e9gilibilit\u00e9 contre Brice Hortefeux et un an de prison avec am\u00e9nagement de peine possible et 3.750 euros d&rsquo;amende contre \u00c9ric Woerth.<\/p>\n\n\n<div class=\"wp-block-image\">\n<figure class=\"aligncenter size-large is-resized\"><img loading=\"lazy\" decoding=\"async\" width=\"1024\" height=\"1024\" src=\"https:\/\/macite.tg\/wp-content\/uploads\/2025\/03\/OTR_TVM-1024x1024.jpg\" alt=\"\" class=\"wp-image-20894\" style=\"width:590px;height:auto\" srcset=\"https:\/\/macite.tg\/wp-content\/uploads\/2025\/03\/OTR_TVM-1024x1024.jpg 1024w, https:\/\/macite.tg\/wp-content\/uploads\/2025\/03\/OTR_TVM-300x300.jpg 300w, https:\/\/macite.tg\/wp-content\/uploads\/2025\/03\/OTR_TVM-150x150.jpg 150w, https:\/\/macite.tg\/wp-content\/uploads\/2025\/03\/OTR_TVM-768x768.jpg 768w, https:\/\/macite.tg\/wp-content\/uploads\/2025\/03\/OTR_TVM-1536x1536.jpg 1536w, https:\/\/macite.tg\/wp-content\/uploads\/2025\/03\/OTR_TVM-122x122.jpg 122w, https:\/\/macite.tg\/wp-content\/uploads\/2025\/03\/OTR_TVM.jpg 1600w\" sizes=\"auto, (max-width: 1024px) 100vw, 1024px\" \/><\/figure>\n<\/div>\n\n\n<p class=\"wp-block-paragraph\">L&rsquo;ex-chef de l&rsquo;\u00c9tat a d\u00e9j\u00e0&nbsp;<a href=\"https:\/\/www.bfmtv.com\/police-justice\/nicolas-sarkozy-definitivement-condamne-son-avocat-deplore-un-triste-jour_AD-202412180560.html\"><strong>\u00e9t\u00e9 condamn\u00e9 \u00e0 un an de prison ferme<\/strong><\/a>&nbsp;en d\u00e9cembre dernier dans l&rsquo;affaire \u00ab\u00a0Paul Bismuth\u00a0\u00bb. Il porte d\u00e9sormais un&nbsp;<a href=\"https:\/\/www.bfmtv.com\/politique\/apres-sa-recente-condamnation-nicolas-sarkozy-annonce-mettre-entre-parentheses-ses-activites-publiques-d-ancien-president_AN-202502080343.html\"><strong>bracelet \u00e9lectronique<\/strong><\/a>&nbsp;et se pourvoit devant la Cour europ\u00e9enne des droits de l&rsquo;homme.<\/p>\n\n\n\n<p class=\"wp-block-paragraph\">En f\u00e9vrier 2024, Nicolas Sarkozy a \u00e9galement \u00e9t\u00e9 condamn\u00e9 \u00e0&nbsp;<a href=\"https:\/\/www.bfmtv.com\/police-justice\/affaire-bygmalion-nicolas-sarkozy-condamne-a-un-an-de-prison-dont-6-mois-avec-sursis-peine-allegee-en-appel_AN-202402140529.html\"><strong>un an d&#8217;emprisonnement dont 6 mois ferme<\/strong><\/a>&nbsp;dans le cadre de l&rsquo;affaire Bygmalion li\u00e9e aux comptes de campagne 2012. Il s&rsquo;est depuis&nbsp;<a href=\"https:\/\/www.bfmtv.com\/police-justice\/nicolas-sarkozy-condamne-dans-l-affaire-bygmalion-l-ex-president-se-pourvoit-en-cassation_AN-202402140579.html\"><strong>pourvu en cassation<\/strong><\/a>. Le tribunal ne se prononcera pas avant plusieurs mois sur la culpabilit\u00e9 ou l&rsquo;innocence des pr\u00e9venus dans le cadre de l&rsquo;affaire Kadhafi.<\/p>\n\n\n\n<p class=\"wp-block-paragraph\"><strong>Bfmtv<\/strong><\/p>\n\n\n\n<p class=\"wp-block-paragraph\"><a><strong><em>@macite.tg&nbsp;&nbsp;&nbsp;&nbsp;&nbsp;&nbsp;&nbsp;&nbsp;<\/em><\/strong><\/a><\/p>\n\n\n\n<p class=\"wp-block-paragraph\"><strong><em>E-mail&nbsp;: <\/em><\/strong><a href=\"mailto:maciteinfo@gmail.com\"><strong><em>maciteinfo@gmail.com<\/em><\/strong><\/a><strong><em>; <\/em><\/strong><a href=\"mailto:bawela1@gmail.com\"><strong><em>bawela1@gmail.com<\/em><\/strong><\/a><strong><em><\/em><\/strong><\/p>\n\n\n\n<p class=\"wp-block-paragraph\"><strong><em>Pour vos annonces, (publi)reportages, etc., joignez-nous au (00228)91515309\/<strong>79872224 <\/strong>www.macite.tg, L\u2019information, la bonne&nbsp;!<\/em><\/strong><\/p>\n\n\n\n<p class=\"wp-block-paragraph\"><\/p>\n","protected":false},"excerpt":{"rendered":"<p class=\"text-justify mb-2\" >Apr\u00e8s des semaines d&rsquo;un proc\u00e8s tr\u00e8s tendu, les juges qui ont reproch\u00e9 \u00e0 Nicolas Sarkozy \u00ab&nbsp;un pacte de corruption inconcevable, inou\u00ef, ind\u00e9cent&nbsp;\u00bb avec le dictateur libyen Mouammar Kadhafi. ont demand\u00e9 7 ans de prison, 300.000 euros d&rsquo;amende et 5 ans d&rsquo;in\u00e9ligibilit\u00e9 \u00e0 son encontre. Un [&hellip;]<\/p>\n","protected":false},"author":2,"featured_media":21009,"comment_status":"open","ping_status":"open","sticky":false,"template":"","format":"standard","meta":{"footnotes":""},"categories":[20,26],"tags":[],"class_list":["post-21008","post","type-post","status-publish","format-standard","has-post-thumbnail","hentry","category-actualite","category-justice"],"yoast_head":"<!-- This site is optimized with the Yoast SEO plugin v28.4 - https:\/\/yoast.com\/product\/yoast-seo-wordpress\/ -->\n<title>PROCES KADHAFI : 7 ans de prison et 300.000 euros d&#039;amende requis contre Nicolas Sarkozy -<\/title>\n<meta name=\"robots\" content=\"index, follow, max-snippet:-1, max-image-preview:large, max-video-preview:-1\" \/>\n<link rel=\"canonical\" href=\"https:\/\/macite.tg\/?p=21008\" \/>\n<meta property=\"og:locale\" content=\"fr_FR\" \/>\n<meta property=\"og:type\" content=\"article\" \/>\n<meta property=\"og:title\" content=\"PROCES KADHAFI : 7 ans de prison et 300.000 euros d&#039;amende requis contre Nicolas Sarkozy -\" \/>\n<meta property=\"og:description\" content=\"Apr\u00e8s des semaines d&rsquo;un proc\u00e8s tr\u00e8s tendu, les juges qui ont reproch\u00e9 \u00e0 Nicolas Sarkozy \u00ab&nbsp;un pacte de corruption inconcevable, inou\u00ef, ind\u00e9cent&nbsp;\u00bb avec le dictateur libyen Mouammar Kadhafi. ont demand\u00e9 7 ans de prison, 300.000 euros d&rsquo;amende et 5 ans d&rsquo;in\u00e9ligibilit\u00e9 \u00e0 son encontre. Un [&hellip;]\" \/>\n<meta property=\"og:url\" content=\"https:\/\/macite.tg\/?p=21008\" \/>\n<meta property=\"article:published_time\" content=\"2025-03-28T12:39:22+00:00\" \/>\n<meta property=\"article:modified_time\" content=\"2025-03-28T12:39:43+00:00\" \/>\n<meta property=\"og:image\" content=\"https:\/\/macite.tg\/wp-content\/uploads\/2025\/03\/Sakozi.jpg\" \/>\n\t<meta property=\"og:image:width\" content=\"500\" \/>\n\t<meta property=\"og:image:height\" content=\"333\" \/>\n\t<meta property=\"og:image:type\" content=\"image\/jpeg\" \/>\n<meta name=\"author\" content=\"Jean Pierre BAWELA\" \/>\n<meta name=\"twitter:card\" content=\"summary_large_image\" \/>\n<meta name=\"twitter:label1\" content=\"\u00c9crit par\" \/>\n\t<meta name=\"twitter:data1\" content=\"Jean Pierre BAWELA\" \/>\n\t<meta name=\"twitter:label2\" content=\"Dur\u00e9e de lecture estim\u00e9e\" \/>\n\t<meta name=\"twitter:data2\" content=\"5 minutes\" \/>\n<script type=\"application\/ld+json\" class=\"yoast-schema-graph\">{\"@context\":\"https:\\\/\\\/schema.org\",\"@graph\":[{\"@type\":\"Article\",\"@id\":\"https:\\\/\\\/macite.tg\\\/?p=21008#article\",\"isPartOf\":{\"@id\":\"https:\\\/\\\/macite.tg\\\/?p=21008\"},\"author\":{\"name\":\"Jean Pierre BAWELA\",\"@id\":\"https:\\\/\\\/macite.tg\\\/#\\\/schema\\\/person\\\/e9f2de7e5dbbe7770a9402c7ce82f5c2\"},\"headline\":\"PROCES KADHAFI : 7 ans de prison et 300.000 euros d&rsquo;amende requis contre Nicolas Sarkozy\",\"datePublished\":\"2025-03-28T12:39:22+00:00\",\"dateModified\":\"2025-03-28T12:39:43+00:00\",\"mainEntityOfPage\":{\"@id\":\"https:\\\/\\\/macite.tg\\\/?p=21008\"},\"wordCount\":961,\"commentCount\":0,\"image\":{\"@id\":\"https:\\\/\\\/macite.tg\\\/?p=21008#primaryimage\"},\"thumbnailUrl\":\"https:\\\/\\\/macite.tg\\\/wp-content\\\/uploads\\\/2025\\\/03\\\/Sakozi.jpg\",\"articleSection\":[\"ACTUALITE\",\"JUSTICE\"],\"inLanguage\":\"fr-FR\",\"potentialAction\":[{\"@type\":\"CommentAction\",\"name\":\"Comment\",\"target\":[\"https:\\\/\\\/macite.tg\\\/?p=21008#respond\"]}]},{\"@type\":\"WebPage\",\"@id\":\"https:\\\/\\\/macite.tg\\\/?p=21008\",\"url\":\"https:\\\/\\\/macite.tg\\\/?p=21008\",\"name\":\"PROCES KADHAFI : 7 ans de prison et 300.000 euros d'amende requis contre Nicolas Sarkozy -\",\"isPartOf\":{\"@id\":\"https:\\\/\\\/macite.tg\\\/#website\"},\"primaryImageOfPage\":{\"@id\":\"https:\\\/\\\/macite.tg\\\/?p=21008#primaryimage\"},\"image\":{\"@id\":\"https:\\\/\\\/macite.tg\\\/?p=21008#primaryimage\"},\"thumbnailUrl\":\"https:\\\/\\\/macite.tg\\\/wp-content\\\/uploads\\\/2025\\\/03\\\/Sakozi.jpg\",\"datePublished\":\"2025-03-28T12:39:22+00:00\",\"dateModified\":\"2025-03-28T12:39:43+00:00\",\"author\":{\"@id\":\"https:\\\/\\\/macite.tg\\\/#\\\/schema\\\/person\\\/e9f2de7e5dbbe7770a9402c7ce82f5c2\"},\"breadcrumb\":{\"@id\":\"https:\\\/\\\/macite.tg\\\/?p=21008#breadcrumb\"},\"inLanguage\":\"fr-FR\",\"potentialAction\":[{\"@type\":\"ReadAction\",\"target\":[\"https:\\\/\\\/macite.tg\\\/?p=21008\"]}]},{\"@type\":\"ImageObject\",\"inLanguage\":\"fr-FR\",\"@id\":\"https:\\\/\\\/macite.tg\\\/?p=21008#primaryimage\",\"url\":\"https:\\\/\\\/macite.tg\\\/wp-content\\\/uploads\\\/2025\\\/03\\\/Sakozi.jpg\",\"contentUrl\":\"https:\\\/\\\/macite.tg\\\/wp-content\\\/uploads\\\/2025\\\/03\\\/Sakozi.jpg\",\"width\":500,\"height\":333},{\"@type\":\"BreadcrumbList\",\"@id\":\"https:\\\/\\\/macite.tg\\\/?p=21008#breadcrumb\",\"itemListElement\":[{\"@type\":\"ListItem\",\"position\":1,\"name\":\"Accueil\",\"item\":\"https:\\\/\\\/macite.tg\\\/\"},{\"@type\":\"ListItem\",\"position\":2,\"name\":\"PROCES KADHAFI : 7 ans de prison et 300.000 euros d&rsquo;amende requis contre Nicolas Sarkozy\"}]},{\"@type\":\"WebSite\",\"@id\":\"https:\\\/\\\/macite.tg\\\/#website\",\"url\":\"https:\\\/\\\/macite.tg\\\/\",\"name\":\"\",\"description\":\"L&#039;information, la bonne!!!\",\"potentialAction\":[{\"@type\":\"SearchAction\",\"target\":{\"@type\":\"EntryPoint\",\"urlTemplate\":\"https:\\\/\\\/macite.tg\\\/?s={search_term_string}\"},\"query-input\":{\"@type\":\"PropertyValueSpecification\",\"valueRequired\":true,\"valueName\":\"search_term_string\"}}],\"inLanguage\":\"fr-FR\"},{\"@type\":\"Person\",\"@id\":\"https:\\\/\\\/macite.tg\\\/#\\\/schema\\\/person\\\/e9f2de7e5dbbe7770a9402c7ce82f5c2\",\"name\":\"Jean Pierre BAWELA\",\"image\":{\"@type\":\"ImageObject\",\"inLanguage\":\"fr-FR\",\"@id\":\"https:\\\/\\\/macite.tg\\\/wp-content\\\/uploads\\\/2023\\\/09\\\/WhatsApp-Image-2023-09-19-at-14.44.41-122x122.jpeg\",\"url\":\"https:\\\/\\\/macite.tg\\\/wp-content\\\/uploads\\\/2023\\\/09\\\/WhatsApp-Image-2023-09-19-at-14.44.41-122x122.jpeg\",\"contentUrl\":\"https:\\\/\\\/macite.tg\\\/wp-content\\\/uploads\\\/2023\\\/09\\\/WhatsApp-Image-2023-09-19-at-14.44.41-122x122.jpeg\",\"caption\":\"Jean Pierre BAWELA\"},\"url\":\"https:\\\/\\\/macite.tg\\\/?author=2\"}]}<\/script>\n<!-- \/ Yoast SEO plugin. -->","yoast_head_json":{"title":"PROCES KADHAFI : 7 ans de prison et 300.000 euros d'amende requis contre Nicolas Sarkozy -","robots":{"index":"index","follow":"follow","max-snippet":"max-snippet:-1","max-image-preview":"max-image-preview:large","max-video-preview":"max-video-preview:-1"},"canonical":"https:\/\/macite.tg\/?p=21008","og_locale":"fr_FR","og_type":"article","og_title":"PROCES KADHAFI : 7 ans de prison et 300.000 euros d'amende requis contre Nicolas Sarkozy -","og_description":"Apr\u00e8s des semaines d&rsquo;un proc\u00e8s tr\u00e8s tendu, les juges qui ont reproch\u00e9 \u00e0 Nicolas Sarkozy \u00ab&nbsp;un pacte de corruption inconcevable, inou\u00ef, ind\u00e9cent&nbsp;\u00bb avec le dictateur libyen Mouammar Kadhafi. ont demand\u00e9 7 ans de prison, 300.000 euros d&rsquo;amende et 5 ans d&rsquo;in\u00e9ligibilit\u00e9 \u00e0 son encontre. Un [&hellip;]","og_url":"https:\/\/macite.tg\/?p=21008","article_published_time":"2025-03-28T12:39:22+00:00","article_modified_time":"2025-03-28T12:39:43+00:00","og_image":[{"width":500,"height":333,"url":"https:\/\/macite.tg\/wp-content\/uploads\/2025\/03\/Sakozi.jpg","type":"image\/jpeg"}],"author":"Jean Pierre BAWELA","twitter_card":"summary_large_image","twitter_misc":{"\u00c9crit par":"Jean Pierre BAWELA","Dur\u00e9e de lecture estim\u00e9e":"5 minutes"},"schema":{"@context":"https:\/\/schema.org","@graph":[{"@type":"Article","@id":"https:\/\/macite.tg\/?p=21008#article","isPartOf":{"@id":"https:\/\/macite.tg\/?p=21008"},"author":{"name":"Jean Pierre BAWELA","@id":"https:\/\/macite.tg\/#\/schema\/person\/e9f2de7e5dbbe7770a9402c7ce82f5c2"},"headline":"PROCES KADHAFI : 7 ans de prison et 300.000 euros d&rsquo;amende requis contre Nicolas Sarkozy","datePublished":"2025-03-28T12:39:22+00:00","dateModified":"2025-03-28T12:39:43+00:00","mainEntityOfPage":{"@id":"https:\/\/macite.tg\/?p=21008"},"wordCount":961,"commentCount":0,"image":{"@id":"https:\/\/macite.tg\/?p=21008#primaryimage"},"thumbnailUrl":"https:\/\/macite.tg\/wp-content\/uploads\/2025\/03\/Sakozi.jpg","articleSection":["ACTUALITE","JUSTICE"],"inLanguage":"fr-FR","potentialAction":[{"@type":"CommentAction","name":"Comment","target":["https:\/\/macite.tg\/?p=21008#respond"]}]},{"@type":"WebPage","@id":"https:\/\/macite.tg\/?p=21008","url":"https:\/\/macite.tg\/?p=21008","name":"PROCES KADHAFI : 7 ans de prison et 300.000 euros d'amende requis contre Nicolas Sarkozy -","isPartOf":{"@id":"https:\/\/macite.tg\/#website"},"primaryImageOfPage":{"@id":"https:\/\/macite.tg\/?p=21008#primaryimage"},"image":{"@id":"https:\/\/macite.tg\/?p=21008#primaryimage"},"thumbnailUrl":"https:\/\/macite.tg\/wp-content\/uploads\/2025\/03\/Sakozi.jpg","datePublished":"2025-03-28T12:39:22+00:00","dateModified":"2025-03-28T12:39:43+00:00","author":{"@id":"https:\/\/macite.tg\/#\/schema\/person\/e9f2de7e5dbbe7770a9402c7ce82f5c2"},"breadcrumb":{"@id":"https:\/\/macite.tg\/?p=21008#breadcrumb"},"inLanguage":"fr-FR","potentialAction":[{"@type":"ReadAction","target":["https:\/\/macite.tg\/?p=21008"]}]},{"@type":"ImageObject","inLanguage":"fr-FR","@id":"https:\/\/macite.tg\/?p=21008#primaryimage","url":"https:\/\/macite.tg\/wp-content\/uploads\/2025\/03\/Sakozi.jpg","contentUrl":"https:\/\/macite.tg\/wp-content\/uploads\/2025\/03\/Sakozi.jpg","width":500,"height":333},{"@type":"BreadcrumbList","@id":"https:\/\/macite.tg\/?p=21008#breadcrumb","itemListElement":[{"@type":"ListItem","position":1,"name":"Accueil","item":"https:\/\/macite.tg\/"},{"@type":"ListItem","position":2,"name":"PROCES KADHAFI : 7 ans de prison et 300.000 euros d&rsquo;amende requis contre Nicolas Sarkozy"}]},{"@type":"WebSite","@id":"https:\/\/macite.tg\/#website","url":"https:\/\/macite.tg\/","name":"","description":"L&#039;information, la bonne!!!","potentialAction":[{"@type":"SearchAction","target":{"@type":"EntryPoint","urlTemplate":"https:\/\/macite.tg\/?s={search_term_string}"},"query-input":{"@type":"PropertyValueSpecification","valueRequired":true,"valueName":"search_term_string"}}],"inLanguage":"fr-FR"},{"@type":"Person","@id":"https:\/\/macite.tg\/#\/schema\/person\/e9f2de7e5dbbe7770a9402c7ce82f5c2","name":"Jean Pierre BAWELA","image":{"@type":"ImageObject","inLanguage":"fr-FR","@id":"https:\/\/macite.tg\/wp-content\/uploads\/2023\/09\/WhatsApp-Image-2023-09-19-at-14.44.41-122x122.jpeg","url":"https:\/\/macite.tg\/wp-content\/uploads\/2023\/09\/WhatsApp-Image-2023-09-19-at-14.44.41-122x122.jpeg","contentUrl":"https:\/\/macite.tg\/wp-content\/uploads\/2023\/09\/WhatsApp-Image-2023-09-19-at-14.44.41-122x122.jpeg","caption":"Jean Pierre BAWELA"},"url":"https:\/\/macite.tg\/?author=2"}]}},"_links":{"self":[{"href":"https:\/\/macite.tg\/index.php?rest_route=\/wp\/v2\/posts\/21008","targetHints":{"allow":["GET"]}}],"collection":[{"href":"https:\/\/macite.tg\/index.php?rest_route=\/wp\/v2\/posts"}],"about":[{"href":"https:\/\/macite.tg\/index.php?rest_route=\/wp\/v2\/types\/post"}],"author":[{"embeddable":true,"href":"https:\/\/macite.tg\/index.php?rest_route=\/wp\/v2\/users\/2"}],"replies":[{"embeddable":true,"href":"https:\/\/macite.tg\/index.php?rest_route=%2Fwp%2Fv2%2Fcomments&post=21008"}],"version-history":[{"count":0,"href":"https:\/\/macite.tg\/index.php?rest_route=\/wp\/v2\/posts\/21008\/revisions"}],"wp:featuredmedia":[{"embeddable":true,"href":"https:\/\/macite.tg\/index.php?rest_route=\/wp\/v2\/media\/21009"}],"wp:attachment":[{"href":"https:\/\/macite.tg\/index.php?rest_route=%2Fwp%2Fv2%2Fmedia&parent=21008"}],"wp:term":[{"taxonomy":"category","embeddable":true,"href":"https:\/\/macite.tg\/index.php?rest_route=%2Fwp%2Fv2%2Fcategories&post=21008"},{"taxonomy":"post_tag","embeddable":true,"href":"https:\/\/macite.tg\/index.php?rest_route=%2Fwp%2Fv2%2Ftags&post=21008"}],"curies":[{"name":"wp","href":"https:\/\/api.w.org\/{rel}","templated":true}]}}