{"id":21005,"date":"2025-03-28T12:21:28","date_gmt":"2025-03-28T12:21:28","guid":{"rendered":"https:\/\/macite.tg\/?p=21005"},"modified":"2025-03-28T12:21:44","modified_gmt":"2025-03-28T12:21:44","slug":"paix-et-securite-faure-gnassingbe-maillon-essentiel-dune-diplomatie-active-orientee-vers-la-consolidation-de-la-stabilite-sur-le-continent","status":"publish","type":"post","link":"https:\/\/macite.tg\/?p=21005","title":{"rendered":"PAIX ET SECURITE : Faure Gnassingb\u00e9, maillon essentiel d\u2019une diplomatie active&#8230; orient\u00e9e vers la consolidation de la stabilit\u00e9 sur le continent"},"content":{"rendered":"\n<p class=\"wp-block-paragraph\"><strong><em>Reconnu pour son leadership sur des questions de paix et de s\u00e9curit\u00e9 en Afrique, le chef de l\u2019Etat togolais, Faure Essozimna Gnassingb\u00e9, est tr\u00e8s souvent sollicit\u00e9 pour apporter son expertise sur certains dossiers. Hier jeudi 27 mars, le Pr\u00e9sident togolais a re\u00e7u en audience un \u00e9missaire du Pr\u00e9sident angolais, Jo\u00e3o Manuel Gon\u00e7alves Louren\u00e7o, pr\u00e9sident en exercice de la Conf\u00e9rence des chefs d\u2019Etat et de gouvernement de l\u2019Union africaine (UA).<\/em><\/strong><\/p>\n\n\n\n<p class=\"wp-block-paragraph\">Le ministre des Relations ext\u00e9rieures de l\u2019Angola, Antonio Tete, a \u00e9t\u00e9 re\u00e7u hier jeudi 27 mars, en audience par le Chef de l\u2019Etat, Faure Gnassingb\u00e9. Le diplomate angolais \u00e9tait porteur d\u2019un message du Pr\u00e9sident Jo\u00e3o Manuel Gon\u00e7alves Louren\u00e7o, pr\u00e9sident en exercice de la Conf\u00e9rence des chefs d\u2019Etat et de gouvernement de l\u2019Union africaine (UA).<\/p>\n\n\n<div class=\"wp-block-image\">\n<figure class=\"aligncenter size-large is-resized\"><img loading=\"lazy\" decoding=\"async\" width=\"1024\" height=\"1024\" src=\"https:\/\/macite.tg\/wp-content\/uploads\/2025\/03\/OTR_TVM2-1024x1024.jpg\" alt=\"\" class=\"wp-image-20895\" style=\"width:552px;height:auto\" srcset=\"https:\/\/macite.tg\/wp-content\/uploads\/2025\/03\/OTR_TVM2-1024x1024.jpg 1024w, https:\/\/macite.tg\/wp-content\/uploads\/2025\/03\/OTR_TVM2-300x300.jpg 300w, https:\/\/macite.tg\/wp-content\/uploads\/2025\/03\/OTR_TVM2-150x150.jpg 150w, https:\/\/macite.tg\/wp-content\/uploads\/2025\/03\/OTR_TVM2-768x768.jpg 768w, https:\/\/macite.tg\/wp-content\/uploads\/2025\/03\/OTR_TVM2-1536x1536.jpg 1536w, https:\/\/macite.tg\/wp-content\/uploads\/2025\/03\/OTR_TVM2-122x122.jpg 122w, https:\/\/macite.tg\/wp-content\/uploads\/2025\/03\/OTR_TVM2.jpg 1600w\" sizes=\"auto, (max-width: 1024px) 100vw, 1024px\" \/><\/figure>\n<\/div>\n\n\n<p class=\"wp-block-paragraph\"><em>\u00ab L\u2019objectif de cet entretien \u00e9tait de transmettre au Pr\u00e9sident de la R\u00e9publique Togolaise, un message de son fr\u00e8re, le Pr\u00e9sident Jo\u00e3o Louren\u00e7o, qui assure actuellement la pr\u00e9sidence de l\u2019Union africaine. Nous avons d\u2019abord \u00e9voqu\u00e9 nos relations bilat\u00e9rales qui sont excellentes et que les deux pays entendent enrichir encore plus afin que les deux peuples soient encore plus proches. Nous avons parl\u00e9 de ce que nous pouvons faire dans ce sens, y compris les instruments juridiques \u00bb<\/em> a-t-il expliqu\u00e9 \u00e0 l\u2019issue de son entretien.<\/p>\n\n\n\n<p class=\"wp-block-paragraph\">Apr\u00e8s avoir donc pass\u00e9 en revue avec le leader togolais les relations d\u2019amiti\u00e9 et de coop\u00e9ration entre Lom\u00e9 et Luanda, et les perspectives de leur renforcement, le diplomate angolais a abord\u00e9 avec Faure Gnassingb\u00e9 les questions urgentes sur le continent, notamment la paix et la stabilit\u00e9.<\/p>\n\n\n\n<p class=\"wp-block-paragraph\">Tout en relevant que le \u00ab&nbsp;<em>Pr\u00e9sident angolais occupe aujourd\u2019hui la pr\u00e9sidence de l\u2019Union africaine et la concertation avec ses pairs, est un exercice presque quotidien&nbsp;\u00bb, l<\/em>eministre des Relations ext\u00e9rieures de l\u2019Angola a soulign\u00e9 qu\u2019il \u00e9tait \u00e0 Lom\u00e9 \u00ab&nbsp;<em>aupr\u00e8s du Pr\u00e9sident de la R\u00e9publique togolaise pour le r\u00f4le important qu\u2019il joue dans la r\u00e9gion, pour relever les d\u00e9fis de notre continent, en ce qui concerne la recherche de la paix&nbsp;\u00bb.<\/em><\/p>\n\n\n<div class=\"wp-block-image\">\n<figure class=\"aligncenter size-full\"><img loading=\"lazy\" decoding=\"async\" width=\"526\" height=\"526\" src=\"https:\/\/macite.tg\/wp-content\/uploads\/2025\/03\/OTR_La-minute-fiscale.jpg\" alt=\"\" class=\"wp-image-20852\" srcset=\"https:\/\/macite.tg\/wp-content\/uploads\/2025\/03\/OTR_La-minute-fiscale.jpg 526w, https:\/\/macite.tg\/wp-content\/uploads\/2025\/03\/OTR_La-minute-fiscale-300x300.jpg 300w, https:\/\/macite.tg\/wp-content\/uploads\/2025\/03\/OTR_La-minute-fiscale-150x150.jpg 150w, https:\/\/macite.tg\/wp-content\/uploads\/2025\/03\/OTR_La-minute-fiscale-122x122.jpg 122w\" sizes=\"auto, (max-width: 526px) 100vw, 526px\" \/><\/figure>\n<\/div>\n\n\n<p class=\"wp-block-paragraph\">Antonio Tete a tenu a pr\u00e9cis\u00e9 que <em>\u00ab&nbsp;le Pr\u00e9sident Jo\u00e3o Louren\u00e7o, d\u00e9sign\u00e9 par l\u2019Union africaine pour la paix et la r\u00e9conciliation en Afrique, ne peut que s\u2019appuyer sur le r\u00f4le de ses pairs dont le Pr\u00e9sident de la R\u00e9publique du Togo \u00bb. <\/em>Ce qui d\u00e9note du r\u00f4le important et strat\u00e9gique que joue le leader togolais sur des questions aussi cruciales sur le continent.<\/p>\n\n\n\n<p class=\"wp-block-paragraph\">Rappelons que le leadership et la diplomatie active et discr\u00e8te du Pr\u00e9sident togolais ont \u00e9t\u00e9 souvent d\u2019une grande utilit\u00e9 dans la r\u00e9solution des crises sur le continent.<\/p>\n\n\n\n<p class=\"wp-block-paragraph\"><strong>JPB<\/strong><\/p>\n\n\n\n<p class=\"wp-block-paragraph\"><a><strong><em>@macite.tg&nbsp;&nbsp;&nbsp;&nbsp;&nbsp;&nbsp;&nbsp;&nbsp;<\/em><\/strong><\/a><\/p>\n\n\n\n<p class=\"wp-block-paragraph\"><strong><em>E-mail&nbsp;: <\/em><\/strong><a href=\"mailto:maciteinfo@gmail.com\"><strong><em>maciteinfo@gmail.com<\/em><\/strong><\/a><strong><em>; <\/em><\/strong><a href=\"mailto:bawela1@gmail.com\"><strong><em>bawela1@gmail.com<\/em><\/strong><\/a><strong><em><\/em><\/strong><\/p>\n\n\n\n<p class=\"wp-block-paragraph\"><strong><em>Pour vos annonces, (publi)reportages, etc., joignez-nous au (00228)91515309\/<strong>79872224 <\/strong>www.macite.tg, L\u2019information, la bonne&nbsp;!<\/em><\/strong><\/p>\n\n\n\n<p class=\"wp-block-paragraph\"><\/p>\n","protected":false},"excerpt":{"rendered":"<p class=\"text-justify mb-2\" >Reconnu pour son leadership sur des questions de paix et de s\u00e9curit\u00e9 en Afrique, le chef de l\u2019Etat togolais, Faure Essozimna Gnassingb\u00e9, est tr\u00e8s souvent sollicit\u00e9 pour apporter son expertise sur certains dossiers. Hier jeudi 27 mars, le Pr\u00e9sident togolais a re\u00e7u en audience un [&hellip;]<\/p>\n","protected":false},"author":2,"featured_media":21006,"comment_status":"open","ping_status":"open","sticky":false,"template":"","format":"standard","meta":{"footnotes":""},"categories":[20,8],"tags":[],"class_list":["post-21005","post","type-post","status-publish","format-standard","has-post-thumbnail","hentry","category-actualite","category-diplomatie"],"yoast_head":"<!-- This site is optimized with the Yoast SEO plugin v28.4 - https:\/\/yoast.com\/product\/yoast-seo-wordpress\/ -->\n<title>PAIX ET SECURITE : Faure Gnassingb\u00e9, maillon essentiel d\u2019une diplomatie active... orient\u00e9e vers la consolidation de la stabilit\u00e9 sur le continent -<\/title>\n<meta name=\"robots\" content=\"index, follow, max-snippet:-1, max-image-preview:large, max-video-preview:-1\" \/>\n<link rel=\"canonical\" href=\"https:\/\/macite.tg\/?p=21005\" \/>\n<meta property=\"og:locale\" content=\"fr_FR\" \/>\n<meta property=\"og:type\" content=\"article\" \/>\n<meta property=\"og:title\" content=\"PAIX ET SECURITE : Faure Gnassingb\u00e9, maillon essentiel d\u2019une diplomatie active... orient\u00e9e vers la consolidation de la stabilit\u00e9 sur le continent -\" \/>\n<meta property=\"og:description\" content=\"Reconnu pour son leadership sur des questions de paix et de s\u00e9curit\u00e9 en Afrique, le chef de l\u2019Etat togolais, Faure Essozimna Gnassingb\u00e9, est tr\u00e8s souvent sollicit\u00e9 pour apporter son expertise sur certains dossiers. Hier jeudi 27 mars, le Pr\u00e9sident togolais a re\u00e7u en audience un [&hellip;]\" \/>\n<meta property=\"og:url\" content=\"https:\/\/macite.tg\/?p=21005\" \/>\n<meta property=\"article:published_time\" content=\"2025-03-28T12:21:28+00:00\" \/>\n<meta property=\"article:modified_time\" content=\"2025-03-28T12:21:44+00:00\" \/>\n<meta property=\"og:image\" content=\"https:\/\/macite.tg\/wp-content\/uploads\/2025\/03\/Angola-togo.jpg\" \/>\n\t<meta property=\"og:image:width\" content=\"500\" \/>\n\t<meta property=\"og:image:height\" content=\"367\" \/>\n\t<meta property=\"og:image:type\" content=\"image\/jpeg\" \/>\n<meta name=\"author\" content=\"Jean Pierre BAWELA\" \/>\n<meta name=\"twitter:card\" content=\"summary_large_image\" \/>\n<meta name=\"twitter:label1\" content=\"\u00c9crit par\" \/>\n\t<meta name=\"twitter:data1\" content=\"Jean Pierre BAWELA\" \/>\n\t<meta name=\"twitter:label2\" content=\"Dur\u00e9e de lecture estim\u00e9e\" \/>\n\t<meta name=\"twitter:data2\" content=\"3 minutes\" \/>\n<script type=\"application\/ld+json\" class=\"yoast-schema-graph\">{\"@context\":\"https:\\\/\\\/schema.org\",\"@graph\":[{\"@type\":\"Article\",\"@id\":\"https:\\\/\\\/macite.tg\\\/?p=21005#article\",\"isPartOf\":{\"@id\":\"https:\\\/\\\/macite.tg\\\/?p=21005\"},\"author\":{\"name\":\"Jean Pierre BAWELA\",\"@id\":\"https:\\\/\\\/macite.tg\\\/#\\\/schema\\\/person\\\/e9f2de7e5dbbe7770a9402c7ce82f5c2\"},\"headline\":\"PAIX ET SECURITE : Faure Gnassingb\u00e9, maillon essentiel d\u2019une diplomatie active&#8230; orient\u00e9e vers la consolidation de la stabilit\u00e9 sur le continent\",\"datePublished\":\"2025-03-28T12:21:28+00:00\",\"dateModified\":\"2025-03-28T12:21:44+00:00\",\"mainEntityOfPage\":{\"@id\":\"https:\\\/\\\/macite.tg\\\/?p=21005\"},\"wordCount\":540,\"commentCount\":0,\"image\":{\"@id\":\"https:\\\/\\\/macite.tg\\\/?p=21005#primaryimage\"},\"thumbnailUrl\":\"https:\\\/\\\/macite.tg\\\/wp-content\\\/uploads\\\/2025\\\/03\\\/Angola-togo.jpg\",\"articleSection\":[\"ACTUALITE\",\"DIPLOMATIE\"],\"inLanguage\":\"fr-FR\",\"potentialAction\":[{\"@type\":\"CommentAction\",\"name\":\"Comment\",\"target\":[\"https:\\\/\\\/macite.tg\\\/?p=21005#respond\"]}]},{\"@type\":\"WebPage\",\"@id\":\"https:\\\/\\\/macite.tg\\\/?p=21005\",\"url\":\"https:\\\/\\\/macite.tg\\\/?p=21005\",\"name\":\"PAIX ET SECURITE : Faure Gnassingb\u00e9, maillon essentiel d\u2019une diplomatie active... orient\u00e9e vers la consolidation de la stabilit\u00e9 sur le continent -\",\"isPartOf\":{\"@id\":\"https:\\\/\\\/macite.tg\\\/#website\"},\"primaryImageOfPage\":{\"@id\":\"https:\\\/\\\/macite.tg\\\/?p=21005#primaryimage\"},\"image\":{\"@id\":\"https:\\\/\\\/macite.tg\\\/?p=21005#primaryimage\"},\"thumbnailUrl\":\"https:\\\/\\\/macite.tg\\\/wp-content\\\/uploads\\\/2025\\\/03\\\/Angola-togo.jpg\",\"datePublished\":\"2025-03-28T12:21:28+00:00\",\"dateModified\":\"2025-03-28T12:21:44+00:00\",\"author\":{\"@id\":\"https:\\\/\\\/macite.tg\\\/#\\\/schema\\\/person\\\/e9f2de7e5dbbe7770a9402c7ce82f5c2\"},\"breadcrumb\":{\"@id\":\"https:\\\/\\\/macite.tg\\\/?p=21005#breadcrumb\"},\"inLanguage\":\"fr-FR\",\"potentialAction\":[{\"@type\":\"ReadAction\",\"target\":[\"https:\\\/\\\/macite.tg\\\/?p=21005\"]}]},{\"@type\":\"ImageObject\",\"inLanguage\":\"fr-FR\",\"@id\":\"https:\\\/\\\/macite.tg\\\/?p=21005#primaryimage\",\"url\":\"https:\\\/\\\/macite.tg\\\/wp-content\\\/uploads\\\/2025\\\/03\\\/Angola-togo.jpg\",\"contentUrl\":\"https:\\\/\\\/macite.tg\\\/wp-content\\\/uploads\\\/2025\\\/03\\\/Angola-togo.jpg\",\"width\":500,\"height\":367},{\"@type\":\"BreadcrumbList\",\"@id\":\"https:\\\/\\\/macite.tg\\\/?p=21005#breadcrumb\",\"itemListElement\":[{\"@type\":\"ListItem\",\"position\":1,\"name\":\"Accueil\",\"item\":\"https:\\\/\\\/macite.tg\\\/\"},{\"@type\":\"ListItem\",\"position\":2,\"name\":\"PAIX ET SECURITE : Faure Gnassingb\u00e9, maillon essentiel d\u2019une diplomatie active&#8230; orient\u00e9e vers la consolidation de la stabilit\u00e9 sur le continent\"}]},{\"@type\":\"WebSite\",\"@id\":\"https:\\\/\\\/macite.tg\\\/#website\",\"url\":\"https:\\\/\\\/macite.tg\\\/\",\"name\":\"\",\"description\":\"L&#039;information, la bonne!!!\",\"potentialAction\":[{\"@type\":\"SearchAction\",\"target\":{\"@type\":\"EntryPoint\",\"urlTemplate\":\"https:\\\/\\\/macite.tg\\\/?s={search_term_string}\"},\"query-input\":{\"@type\":\"PropertyValueSpecification\",\"valueRequired\":true,\"valueName\":\"search_term_string\"}}],\"inLanguage\":\"fr-FR\"},{\"@type\":\"Person\",\"@id\":\"https:\\\/\\\/macite.tg\\\/#\\\/schema\\\/person\\\/e9f2de7e5dbbe7770a9402c7ce82f5c2\",\"name\":\"Jean Pierre BAWELA\",\"image\":{\"@type\":\"ImageObject\",\"inLanguage\":\"fr-FR\",\"@id\":\"https:\\\/\\\/macite.tg\\\/wp-content\\\/uploads\\\/2023\\\/09\\\/WhatsApp-Image-2023-09-19-at-14.44.41-122x122.jpeg\",\"url\":\"https:\\\/\\\/macite.tg\\\/wp-content\\\/uploads\\\/2023\\\/09\\\/WhatsApp-Image-2023-09-19-at-14.44.41-122x122.jpeg\",\"contentUrl\":\"https:\\\/\\\/macite.tg\\\/wp-content\\\/uploads\\\/2023\\\/09\\\/WhatsApp-Image-2023-09-19-at-14.44.41-122x122.jpeg\",\"caption\":\"Jean Pierre BAWELA\"},\"url\":\"https:\\\/\\\/macite.tg\\\/?author=2\"}]}<\/script>\n<!-- \/ Yoast SEO plugin. -->","yoast_head_json":{"title":"PAIX ET SECURITE : Faure Gnassingb\u00e9, maillon essentiel d\u2019une diplomatie active... orient\u00e9e vers la consolidation de la stabilit\u00e9 sur le continent -","robots":{"index":"index","follow":"follow","max-snippet":"max-snippet:-1","max-image-preview":"max-image-preview:large","max-video-preview":"max-video-preview:-1"},"canonical":"https:\/\/macite.tg\/?p=21005","og_locale":"fr_FR","og_type":"article","og_title":"PAIX ET SECURITE : Faure Gnassingb\u00e9, maillon essentiel d\u2019une diplomatie active... orient\u00e9e vers la consolidation de la stabilit\u00e9 sur le continent -","og_description":"Reconnu pour son leadership sur des questions de paix et de s\u00e9curit\u00e9 en Afrique, le chef de l\u2019Etat togolais, Faure Essozimna Gnassingb\u00e9, est tr\u00e8s souvent sollicit\u00e9 pour apporter son expertise sur certains dossiers. Hier jeudi 27 mars, le Pr\u00e9sident togolais a re\u00e7u en audience un [&hellip;]","og_url":"https:\/\/macite.tg\/?p=21005","article_published_time":"2025-03-28T12:21:28+00:00","article_modified_time":"2025-03-28T12:21:44+00:00","og_image":[{"width":500,"height":367,"url":"https:\/\/macite.tg\/wp-content\/uploads\/2025\/03\/Angola-togo.jpg","type":"image\/jpeg"}],"author":"Jean Pierre BAWELA","twitter_card":"summary_large_image","twitter_misc":{"\u00c9crit par":"Jean Pierre BAWELA","Dur\u00e9e de lecture estim\u00e9e":"3 minutes"},"schema":{"@context":"https:\/\/schema.org","@graph":[{"@type":"Article","@id":"https:\/\/macite.tg\/?p=21005#article","isPartOf":{"@id":"https:\/\/macite.tg\/?p=21005"},"author":{"name":"Jean Pierre BAWELA","@id":"https:\/\/macite.tg\/#\/schema\/person\/e9f2de7e5dbbe7770a9402c7ce82f5c2"},"headline":"PAIX ET SECURITE : Faure Gnassingb\u00e9, maillon essentiel d\u2019une diplomatie active&#8230; orient\u00e9e vers la consolidation de la stabilit\u00e9 sur le continent","datePublished":"2025-03-28T12:21:28+00:00","dateModified":"2025-03-28T12:21:44+00:00","mainEntityOfPage":{"@id":"https:\/\/macite.tg\/?p=21005"},"wordCount":540,"commentCount":0,"image":{"@id":"https:\/\/macite.tg\/?p=21005#primaryimage"},"thumbnailUrl":"https:\/\/macite.tg\/wp-content\/uploads\/2025\/03\/Angola-togo.jpg","articleSection":["ACTUALITE","DIPLOMATIE"],"inLanguage":"fr-FR","potentialAction":[{"@type":"CommentAction","name":"Comment","target":["https:\/\/macite.tg\/?p=21005#respond"]}]},{"@type":"WebPage","@id":"https:\/\/macite.tg\/?p=21005","url":"https:\/\/macite.tg\/?p=21005","name":"PAIX ET SECURITE : Faure Gnassingb\u00e9, maillon essentiel d\u2019une diplomatie active... orient\u00e9e vers la consolidation de la stabilit\u00e9 sur le continent -","isPartOf":{"@id":"https:\/\/macite.tg\/#website"},"primaryImageOfPage":{"@id":"https:\/\/macite.tg\/?p=21005#primaryimage"},"image":{"@id":"https:\/\/macite.tg\/?p=21005#primaryimage"},"thumbnailUrl":"https:\/\/macite.tg\/wp-content\/uploads\/2025\/03\/Angola-togo.jpg","datePublished":"2025-03-28T12:21:28+00:00","dateModified":"2025-03-28T12:21:44+00:00","author":{"@id":"https:\/\/macite.tg\/#\/schema\/person\/e9f2de7e5dbbe7770a9402c7ce82f5c2"},"breadcrumb":{"@id":"https:\/\/macite.tg\/?p=21005#breadcrumb"},"inLanguage":"fr-FR","potentialAction":[{"@type":"ReadAction","target":["https:\/\/macite.tg\/?p=21005"]}]},{"@type":"ImageObject","inLanguage":"fr-FR","@id":"https:\/\/macite.tg\/?p=21005#primaryimage","url":"https:\/\/macite.tg\/wp-content\/uploads\/2025\/03\/Angola-togo.jpg","contentUrl":"https:\/\/macite.tg\/wp-content\/uploads\/2025\/03\/Angola-togo.jpg","width":500,"height":367},{"@type":"BreadcrumbList","@id":"https:\/\/macite.tg\/?p=21005#breadcrumb","itemListElement":[{"@type":"ListItem","position":1,"name":"Accueil","item":"https:\/\/macite.tg\/"},{"@type":"ListItem","position":2,"name":"PAIX ET SECURITE : Faure Gnassingb\u00e9, maillon essentiel d\u2019une diplomatie active&#8230; orient\u00e9e vers la consolidation de la stabilit\u00e9 sur le continent"}]},{"@type":"WebSite","@id":"https:\/\/macite.tg\/#website","url":"https:\/\/macite.tg\/","name":"","description":"L&#039;information, la bonne!!!","potentialAction":[{"@type":"SearchAction","target":{"@type":"EntryPoint","urlTemplate":"https:\/\/macite.tg\/?s={search_term_string}"},"query-input":{"@type":"PropertyValueSpecification","valueRequired":true,"valueName":"search_term_string"}}],"inLanguage":"fr-FR"},{"@type":"Person","@id":"https:\/\/macite.tg\/#\/schema\/person\/e9f2de7e5dbbe7770a9402c7ce82f5c2","name":"Jean Pierre BAWELA","image":{"@type":"ImageObject","inLanguage":"fr-FR","@id":"https:\/\/macite.tg\/wp-content\/uploads\/2023\/09\/WhatsApp-Image-2023-09-19-at-14.44.41-122x122.jpeg","url":"https:\/\/macite.tg\/wp-content\/uploads\/2023\/09\/WhatsApp-Image-2023-09-19-at-14.44.41-122x122.jpeg","contentUrl":"https:\/\/macite.tg\/wp-content\/uploads\/2023\/09\/WhatsApp-Image-2023-09-19-at-14.44.41-122x122.jpeg","caption":"Jean Pierre BAWELA"},"url":"https:\/\/macite.tg\/?author=2"}]}},"_links":{"self":[{"href":"https:\/\/macite.tg\/index.php?rest_route=\/wp\/v2\/posts\/21005","targetHints":{"allow":["GET"]}}],"collection":[{"href":"https:\/\/macite.tg\/index.php?rest_route=\/wp\/v2\/posts"}],"about":[{"href":"https:\/\/macite.tg\/index.php?rest_route=\/wp\/v2\/types\/post"}],"author":[{"embeddable":true,"href":"https:\/\/macite.tg\/index.php?rest_route=\/wp\/v2\/users\/2"}],"replies":[{"embeddable":true,"href":"https:\/\/macite.tg\/index.php?rest_route=%2Fwp%2Fv2%2Fcomments&post=21005"}],"version-history":[{"count":0,"href":"https:\/\/macite.tg\/index.php?rest_route=\/wp\/v2\/posts\/21005\/revisions"}],"wp:featuredmedia":[{"embeddable":true,"href":"https:\/\/macite.tg\/index.php?rest_route=\/wp\/v2\/media\/21006"}],"wp:attachment":[{"href":"https:\/\/macite.tg\/index.php?rest_route=%2Fwp%2Fv2%2Fmedia&parent=21005"}],"wp:term":[{"taxonomy":"category","embeddable":true,"href":"https:\/\/macite.tg\/index.php?rest_route=%2Fwp%2Fv2%2Fcategories&post=21005"},{"taxonomy":"post_tag","embeddable":true,"href":"https:\/\/macite.tg\/index.php?rest_route=%2Fwp%2Fv2%2Ftags&post=21005"}],"curies":[{"name":"wp","href":"https:\/\/api.w.org\/{rel}","templated":true}]}}