{"id":20998,"date":"2025-03-28T10:52:21","date_gmt":"2025-03-28T10:52:21","guid":{"rendered":"https:\/\/macite.tg\/?p=20998"},"modified":"2025-03-28T10:52:35","modified_gmt":"2025-03-28T10:52:35","slug":"financement-agricole-le-promifa-lheure-de-levaluation-et-de-la-projection","status":"publish","type":"post","link":"https:\/\/macite.tg\/?p=20998","title":{"rendered":"FINANCEMENT AGRICOLE : Le ProMIFA, l\u2019heure de l\u2019\u00e9valuation\u2026 et de la projection"},"content":{"rendered":"\n<p class=\"wp-block-paragraph\"><strong><em>Le ProMIFA, composante du programme MIFA, vise \u00e0 faciliter l\u2019acc\u00e8s durable des petits exploitants et des micros, petites et moyennes entreprises agricoles \u00e0 des services financiers adapt\u00e9s. Lanc\u00e9 en 2019 par le gouvernement et le Fonds international de d\u00e9veloppement agricole (FIDA), ledit projet a fait l\u2019objet d\u2019une \u00e9valuation, il y a quelques jours, par les experts du FIDA.<\/em><\/strong> <\/p>\n\n\n\n<p class=\"wp-block-paragraph\">Une mission de supervision du FIDA qui s\u2019est achev\u00e9e le vendredi 21 mars dernier, a permis aux experts du Fonds d\u2019examiner la mise en \u0153uvre du plan de redressement du projet, identifier les d\u00e9fis et proposer des solutions pour am\u00e9liorer efficacit\u00e9 du Projet d\u2019appui au m\u00e9canisme incitatif de financement agricole fond\u00e9 sur le partage de risques (ProMIFA).<\/p>\n\n\n<div class=\"wp-block-image\">\n<figure class=\"aligncenter size-large is-resized\"><img loading=\"lazy\" decoding=\"async\" width=\"1024\" height=\"1024\" src=\"https:\/\/macite.tg\/wp-content\/uploads\/2025\/03\/OTR_TVM2-1024x1024.jpg\" alt=\"\" class=\"wp-image-20895\" style=\"width:514px;height:auto\" srcset=\"https:\/\/macite.tg\/wp-content\/uploads\/2025\/03\/OTR_TVM2-1024x1024.jpg 1024w, https:\/\/macite.tg\/wp-content\/uploads\/2025\/03\/OTR_TVM2-300x300.jpg 300w, https:\/\/macite.tg\/wp-content\/uploads\/2025\/03\/OTR_TVM2-150x150.jpg 150w, https:\/\/macite.tg\/wp-content\/uploads\/2025\/03\/OTR_TVM2-768x768.jpg 768w, https:\/\/macite.tg\/wp-content\/uploads\/2025\/03\/OTR_TVM2-1536x1536.jpg 1536w, https:\/\/macite.tg\/wp-content\/uploads\/2025\/03\/OTR_TVM2-122x122.jpg 122w, https:\/\/macite.tg\/wp-content\/uploads\/2025\/03\/OTR_TVM2.jpg 1600w\" sizes=\"auto, (max-width: 1024px) 100vw, 1024px\" \/><\/figure>\n<\/div>\n\n\n<p class=\"wp-block-paragraph\">Durant cinq jours, les travaux plac\u00e9s sous la supervision de Xavier Desmoulins, ont permis de faire le point sur l\u2019\u00e9tat d\u2019avancement des recommandations formul\u00e9es lors de la derni\u00e8re mission de supervision, qui remonte \u00e0 juillet 2024.<\/p>\n\n\n\n<p class=\"wp-block-paragraph\">Autre point d\u2019\u00e9changes, l\u2019\u00e9tat d\u2019avancement du Plan de travail et de budget annuel (PTBA) 2025 du ProMIFA.<\/p>\n\n\n\n<p class=\"wp-block-paragraph\">Au terme des travaux, des recommandations ont \u00e9t\u00e9 formul\u00e9es dans l\u2019optique de renforcer l\u2019impact dudit Projet, \u00e0 travers notamment l\u2019acc\u00e9l\u00e9ration de l\u2019ex\u00e9cution des actions pr\u00e9vues et l\u2019optimisation du soutien aux producteurs agricoles.<\/p>\n\n\n<div class=\"wp-block-image\">\n<figure class=\"aligncenter size-large is-resized\"><img loading=\"lazy\" decoding=\"async\" width=\"1024\" height=\"1024\" src=\"https:\/\/macite.tg\/wp-content\/uploads\/2025\/03\/OTR_TVM-1024x1024.jpg\" alt=\"\" class=\"wp-image-20894\" style=\"width:520px;height:auto\" srcset=\"https:\/\/macite.tg\/wp-content\/uploads\/2025\/03\/OTR_TVM-1024x1024.jpg 1024w, https:\/\/macite.tg\/wp-content\/uploads\/2025\/03\/OTR_TVM-300x300.jpg 300w, https:\/\/macite.tg\/wp-content\/uploads\/2025\/03\/OTR_TVM-150x150.jpg 150w, https:\/\/macite.tg\/wp-content\/uploads\/2025\/03\/OTR_TVM-768x768.jpg 768w, https:\/\/macite.tg\/wp-content\/uploads\/2025\/03\/OTR_TVM-1536x1536.jpg 1536w, https:\/\/macite.tg\/wp-content\/uploads\/2025\/03\/OTR_TVM-122x122.jpg 122w, https:\/\/macite.tg\/wp-content\/uploads\/2025\/03\/OTR_TVM.jpg 1600w\" sizes=\"auto, (max-width: 1024px) 100vw, 1024px\" \/><\/figure>\n<\/div>\n\n\n<p class=\"wp-block-paragraph\">Pour rappel, le ProMIFA, lanc\u00e9 en 2019, se veut d\u2019accompagner les petits producteurs dans leur insertion professionnelle. Il s\u2019agit d\u2019un dispositif qui repose sur une approche de partage de risques visant \u00e0 encourager le financement du secteur agricole, un levier essentiel de croissance et de r\u00e9duction de la pauvret\u00e9 au Togo.<\/p>\n\n\n\n<p class=\"wp-block-paragraph\"><strong>JPB<\/strong><\/p>\n\n\n\n<p class=\"wp-block-paragraph\"><a><strong><em>@macite.tg&nbsp;&nbsp;&nbsp;&nbsp;&nbsp;&nbsp;&nbsp;&nbsp;<\/em><\/strong><\/a><\/p>\n\n\n\n<p class=\"wp-block-paragraph\"><strong><em>E-mail&nbsp;: <\/em><\/strong><a href=\"mailto:maciteinfo@gmail.com\"><strong><em>maciteinfo@gmail.com<\/em><\/strong><\/a><strong><em>; <\/em><\/strong><a href=\"mailto:bawela1@gmail.com\"><strong><em>bawela1@gmail.com<\/em><\/strong><\/a><strong><em><\/em><\/strong><\/p>\n\n\n\n<p class=\"wp-block-paragraph\"><strong><em>Pour vos annonces, (publi)reportages, etc., joignez-nous au (00228)91515309\/<strong>79872224 <\/strong>www.macite.tg, L\u2019information, la bonne&nbsp;!<\/em><\/strong><\/p>\n\n\n\n<p class=\"wp-block-paragraph\"><\/p>\n","protected":false},"excerpt":{"rendered":"<p class=\"text-justify mb-2\" >Le ProMIFA, composante du programme MIFA, vise \u00e0 faciliter l\u2019acc\u00e8s durable des petits exploitants et des micros, petites et moyennes entreprises agricoles \u00e0 des services financiers adapt\u00e9s. Lanc\u00e9 en 2019 par le gouvernement et le Fonds international de d\u00e9veloppement agricole (FIDA), ledit projet a fait [&hellip;]<\/p>\n","protected":false},"author":2,"featured_media":21000,"comment_status":"open","ping_status":"open","sticky":false,"template":"","format":"standard","meta":{"footnotes":""},"categories":[20,22],"tags":[],"class_list":["post-20998","post","type-post","status-publish","format-standard","has-post-thumbnail","hentry","category-actualite","category-agriculture"],"yoast_head":"<!-- This site is optimized with the Yoast SEO plugin v28.4 - https:\/\/yoast.com\/product\/yoast-seo-wordpress\/ -->\n<title>FINANCEMENT AGRICOLE : Le ProMIFA, l\u2019heure de l\u2019\u00e9valuation\u2026 et de la projection -<\/title>\n<meta name=\"robots\" content=\"index, follow, max-snippet:-1, max-image-preview:large, max-video-preview:-1\" \/>\n<link rel=\"canonical\" href=\"https:\/\/macite.tg\/?p=20998\" \/>\n<meta property=\"og:locale\" content=\"fr_FR\" \/>\n<meta property=\"og:type\" content=\"article\" \/>\n<meta property=\"og:title\" content=\"FINANCEMENT AGRICOLE : Le ProMIFA, l\u2019heure de l\u2019\u00e9valuation\u2026 et de la projection -\" \/>\n<meta property=\"og:description\" content=\"Le ProMIFA, composante du programme MIFA, vise \u00e0 faciliter l\u2019acc\u00e8s durable des petits exploitants et des micros, petites et moyennes entreprises agricoles \u00e0 des services financiers adapt\u00e9s. Lanc\u00e9 en 2019 par le gouvernement et le Fonds international de d\u00e9veloppement agricole (FIDA), ledit projet a fait [&hellip;]\" \/>\n<meta property=\"og:url\" content=\"https:\/\/macite.tg\/?p=20998\" \/>\n<meta property=\"article:published_time\" content=\"2025-03-28T10:52:21+00:00\" \/>\n<meta property=\"article:modified_time\" content=\"2025-03-28T10:52:35+00:00\" \/>\n<meta property=\"og:image\" content=\"https:\/\/macite.tg\/wp-content\/uploads\/2025\/03\/ProMifa.jpg\" \/>\n\t<meta property=\"og:image:width\" content=\"500\" \/>\n\t<meta property=\"og:image:height\" content=\"333\" \/>\n\t<meta property=\"og:image:type\" content=\"image\/jpeg\" \/>\n<meta name=\"author\" content=\"Jean Pierre BAWELA\" \/>\n<meta name=\"twitter:card\" content=\"summary_large_image\" \/>\n<meta name=\"twitter:label1\" content=\"\u00c9crit par\" \/>\n\t<meta name=\"twitter:data1\" content=\"Jean Pierre BAWELA\" \/>\n\t<meta name=\"twitter:label2\" content=\"Dur\u00e9e de lecture estim\u00e9e\" \/>\n\t<meta name=\"twitter:data2\" content=\"2 minutes\" \/>\n<script type=\"application\/ld+json\" class=\"yoast-schema-graph\">{\"@context\":\"https:\\\/\\\/schema.org\",\"@graph\":[{\"@type\":\"Article\",\"@id\":\"https:\\\/\\\/macite.tg\\\/?p=20998#article\",\"isPartOf\":{\"@id\":\"https:\\\/\\\/macite.tg\\\/?p=20998\"},\"author\":{\"name\":\"Jean Pierre BAWELA\",\"@id\":\"https:\\\/\\\/macite.tg\\\/#\\\/schema\\\/person\\\/e9f2de7e5dbbe7770a9402c7ce82f5c2\"},\"headline\":\"FINANCEMENT AGRICOLE : Le ProMIFA, l\u2019heure de l\u2019\u00e9valuation\u2026 et de la projection\",\"datePublished\":\"2025-03-28T10:52:21+00:00\",\"dateModified\":\"2025-03-28T10:52:35+00:00\",\"mainEntityOfPage\":{\"@id\":\"https:\\\/\\\/macite.tg\\\/?p=20998\"},\"wordCount\":324,\"commentCount\":0,\"image\":{\"@id\":\"https:\\\/\\\/macite.tg\\\/?p=20998#primaryimage\"},\"thumbnailUrl\":\"https:\\\/\\\/macite.tg\\\/wp-content\\\/uploads\\\/2025\\\/03\\\/ProMifa.jpg\",\"articleSection\":[\"ACTUALITE\",\"AGRICULTURE\"],\"inLanguage\":\"fr-FR\",\"potentialAction\":[{\"@type\":\"CommentAction\",\"name\":\"Comment\",\"target\":[\"https:\\\/\\\/macite.tg\\\/?p=20998#respond\"]}]},{\"@type\":\"WebPage\",\"@id\":\"https:\\\/\\\/macite.tg\\\/?p=20998\",\"url\":\"https:\\\/\\\/macite.tg\\\/?p=20998\",\"name\":\"FINANCEMENT AGRICOLE : Le ProMIFA, l\u2019heure de l\u2019\u00e9valuation\u2026 et de la projection -\",\"isPartOf\":{\"@id\":\"https:\\\/\\\/macite.tg\\\/#website\"},\"primaryImageOfPage\":{\"@id\":\"https:\\\/\\\/macite.tg\\\/?p=20998#primaryimage\"},\"image\":{\"@id\":\"https:\\\/\\\/macite.tg\\\/?p=20998#primaryimage\"},\"thumbnailUrl\":\"https:\\\/\\\/macite.tg\\\/wp-content\\\/uploads\\\/2025\\\/03\\\/ProMifa.jpg\",\"datePublished\":\"2025-03-28T10:52:21+00:00\",\"dateModified\":\"2025-03-28T10:52:35+00:00\",\"author\":{\"@id\":\"https:\\\/\\\/macite.tg\\\/#\\\/schema\\\/person\\\/e9f2de7e5dbbe7770a9402c7ce82f5c2\"},\"breadcrumb\":{\"@id\":\"https:\\\/\\\/macite.tg\\\/?p=20998#breadcrumb\"},\"inLanguage\":\"fr-FR\",\"potentialAction\":[{\"@type\":\"ReadAction\",\"target\":[\"https:\\\/\\\/macite.tg\\\/?p=20998\"]}]},{\"@type\":\"ImageObject\",\"inLanguage\":\"fr-FR\",\"@id\":\"https:\\\/\\\/macite.tg\\\/?p=20998#primaryimage\",\"url\":\"https:\\\/\\\/macite.tg\\\/wp-content\\\/uploads\\\/2025\\\/03\\\/ProMifa.jpg\",\"contentUrl\":\"https:\\\/\\\/macite.tg\\\/wp-content\\\/uploads\\\/2025\\\/03\\\/ProMifa.jpg\",\"width\":500,\"height\":333,\"caption\":\"Une vue de l'assistance lors des travaux\"},{\"@type\":\"BreadcrumbList\",\"@id\":\"https:\\\/\\\/macite.tg\\\/?p=20998#breadcrumb\",\"itemListElement\":[{\"@type\":\"ListItem\",\"position\":1,\"name\":\"Accueil\",\"item\":\"https:\\\/\\\/macite.tg\\\/\"},{\"@type\":\"ListItem\",\"position\":2,\"name\":\"FINANCEMENT AGRICOLE : Le ProMIFA, l\u2019heure de l\u2019\u00e9valuation\u2026 et de la projection\"}]},{\"@type\":\"WebSite\",\"@id\":\"https:\\\/\\\/macite.tg\\\/#website\",\"url\":\"https:\\\/\\\/macite.tg\\\/\",\"name\":\"\",\"description\":\"L&#039;information, la bonne!!!\",\"potentialAction\":[{\"@type\":\"SearchAction\",\"target\":{\"@type\":\"EntryPoint\",\"urlTemplate\":\"https:\\\/\\\/macite.tg\\\/?s={search_term_string}\"},\"query-input\":{\"@type\":\"PropertyValueSpecification\",\"valueRequired\":true,\"valueName\":\"search_term_string\"}}],\"inLanguage\":\"fr-FR\"},{\"@type\":\"Person\",\"@id\":\"https:\\\/\\\/macite.tg\\\/#\\\/schema\\\/person\\\/e9f2de7e5dbbe7770a9402c7ce82f5c2\",\"name\":\"Jean Pierre BAWELA\",\"image\":{\"@type\":\"ImageObject\",\"inLanguage\":\"fr-FR\",\"@id\":\"https:\\\/\\\/macite.tg\\\/wp-content\\\/uploads\\\/2023\\\/09\\\/WhatsApp-Image-2023-09-19-at-14.44.41-122x122.jpeg\",\"url\":\"https:\\\/\\\/macite.tg\\\/wp-content\\\/uploads\\\/2023\\\/09\\\/WhatsApp-Image-2023-09-19-at-14.44.41-122x122.jpeg\",\"contentUrl\":\"https:\\\/\\\/macite.tg\\\/wp-content\\\/uploads\\\/2023\\\/09\\\/WhatsApp-Image-2023-09-19-at-14.44.41-122x122.jpeg\",\"caption\":\"Jean Pierre BAWELA\"},\"url\":\"https:\\\/\\\/macite.tg\\\/?author=2\"}]}<\/script>\n<!-- \/ Yoast SEO plugin. -->","yoast_head_json":{"title":"FINANCEMENT AGRICOLE : Le ProMIFA, l\u2019heure de l\u2019\u00e9valuation\u2026 et de la projection -","robots":{"index":"index","follow":"follow","max-snippet":"max-snippet:-1","max-image-preview":"max-image-preview:large","max-video-preview":"max-video-preview:-1"},"canonical":"https:\/\/macite.tg\/?p=20998","og_locale":"fr_FR","og_type":"article","og_title":"FINANCEMENT AGRICOLE : Le ProMIFA, l\u2019heure de l\u2019\u00e9valuation\u2026 et de la projection -","og_description":"Le ProMIFA, composante du programme MIFA, vise \u00e0 faciliter l\u2019acc\u00e8s durable des petits exploitants et des micros, petites et moyennes entreprises agricoles \u00e0 des services financiers adapt\u00e9s. Lanc\u00e9 en 2019 par le gouvernement et le Fonds international de d\u00e9veloppement agricole (FIDA), ledit projet a fait [&hellip;]","og_url":"https:\/\/macite.tg\/?p=20998","article_published_time":"2025-03-28T10:52:21+00:00","article_modified_time":"2025-03-28T10:52:35+00:00","og_image":[{"width":500,"height":333,"url":"https:\/\/macite.tg\/wp-content\/uploads\/2025\/03\/ProMifa.jpg","type":"image\/jpeg"}],"author":"Jean Pierre BAWELA","twitter_card":"summary_large_image","twitter_misc":{"\u00c9crit par":"Jean Pierre BAWELA","Dur\u00e9e de lecture estim\u00e9e":"2 minutes"},"schema":{"@context":"https:\/\/schema.org","@graph":[{"@type":"Article","@id":"https:\/\/macite.tg\/?p=20998#article","isPartOf":{"@id":"https:\/\/macite.tg\/?p=20998"},"author":{"name":"Jean Pierre BAWELA","@id":"https:\/\/macite.tg\/#\/schema\/person\/e9f2de7e5dbbe7770a9402c7ce82f5c2"},"headline":"FINANCEMENT AGRICOLE : Le ProMIFA, l\u2019heure de l\u2019\u00e9valuation\u2026 et de la projection","datePublished":"2025-03-28T10:52:21+00:00","dateModified":"2025-03-28T10:52:35+00:00","mainEntityOfPage":{"@id":"https:\/\/macite.tg\/?p=20998"},"wordCount":324,"commentCount":0,"image":{"@id":"https:\/\/macite.tg\/?p=20998#primaryimage"},"thumbnailUrl":"https:\/\/macite.tg\/wp-content\/uploads\/2025\/03\/ProMifa.jpg","articleSection":["ACTUALITE","AGRICULTURE"],"inLanguage":"fr-FR","potentialAction":[{"@type":"CommentAction","name":"Comment","target":["https:\/\/macite.tg\/?p=20998#respond"]}]},{"@type":"WebPage","@id":"https:\/\/macite.tg\/?p=20998","url":"https:\/\/macite.tg\/?p=20998","name":"FINANCEMENT AGRICOLE : Le ProMIFA, l\u2019heure de l\u2019\u00e9valuation\u2026 et de la projection -","isPartOf":{"@id":"https:\/\/macite.tg\/#website"},"primaryImageOfPage":{"@id":"https:\/\/macite.tg\/?p=20998#primaryimage"},"image":{"@id":"https:\/\/macite.tg\/?p=20998#primaryimage"},"thumbnailUrl":"https:\/\/macite.tg\/wp-content\/uploads\/2025\/03\/ProMifa.jpg","datePublished":"2025-03-28T10:52:21+00:00","dateModified":"2025-03-28T10:52:35+00:00","author":{"@id":"https:\/\/macite.tg\/#\/schema\/person\/e9f2de7e5dbbe7770a9402c7ce82f5c2"},"breadcrumb":{"@id":"https:\/\/macite.tg\/?p=20998#breadcrumb"},"inLanguage":"fr-FR","potentialAction":[{"@type":"ReadAction","target":["https:\/\/macite.tg\/?p=20998"]}]},{"@type":"ImageObject","inLanguage":"fr-FR","@id":"https:\/\/macite.tg\/?p=20998#primaryimage","url":"https:\/\/macite.tg\/wp-content\/uploads\/2025\/03\/ProMifa.jpg","contentUrl":"https:\/\/macite.tg\/wp-content\/uploads\/2025\/03\/ProMifa.jpg","width":500,"height":333,"caption":"Une vue de l'assistance lors des travaux"},{"@type":"BreadcrumbList","@id":"https:\/\/macite.tg\/?p=20998#breadcrumb","itemListElement":[{"@type":"ListItem","position":1,"name":"Accueil","item":"https:\/\/macite.tg\/"},{"@type":"ListItem","position":2,"name":"FINANCEMENT AGRICOLE : Le ProMIFA, l\u2019heure de l\u2019\u00e9valuation\u2026 et de la projection"}]},{"@type":"WebSite","@id":"https:\/\/macite.tg\/#website","url":"https:\/\/macite.tg\/","name":"","description":"L&#039;information, la bonne!!!","potentialAction":[{"@type":"SearchAction","target":{"@type":"EntryPoint","urlTemplate":"https:\/\/macite.tg\/?s={search_term_string}"},"query-input":{"@type":"PropertyValueSpecification","valueRequired":true,"valueName":"search_term_string"}}],"inLanguage":"fr-FR"},{"@type":"Person","@id":"https:\/\/macite.tg\/#\/schema\/person\/e9f2de7e5dbbe7770a9402c7ce82f5c2","name":"Jean Pierre BAWELA","image":{"@type":"ImageObject","inLanguage":"fr-FR","@id":"https:\/\/macite.tg\/wp-content\/uploads\/2023\/09\/WhatsApp-Image-2023-09-19-at-14.44.41-122x122.jpeg","url":"https:\/\/macite.tg\/wp-content\/uploads\/2023\/09\/WhatsApp-Image-2023-09-19-at-14.44.41-122x122.jpeg","contentUrl":"https:\/\/macite.tg\/wp-content\/uploads\/2023\/09\/WhatsApp-Image-2023-09-19-at-14.44.41-122x122.jpeg","caption":"Jean Pierre BAWELA"},"url":"https:\/\/macite.tg\/?author=2"}]}},"_links":{"self":[{"href":"https:\/\/macite.tg\/index.php?rest_route=\/wp\/v2\/posts\/20998","targetHints":{"allow":["GET"]}}],"collection":[{"href":"https:\/\/macite.tg\/index.php?rest_route=\/wp\/v2\/posts"}],"about":[{"href":"https:\/\/macite.tg\/index.php?rest_route=\/wp\/v2\/types\/post"}],"author":[{"embeddable":true,"href":"https:\/\/macite.tg\/index.php?rest_route=\/wp\/v2\/users\/2"}],"replies":[{"embeddable":true,"href":"https:\/\/macite.tg\/index.php?rest_route=%2Fwp%2Fv2%2Fcomments&post=20998"}],"version-history":[{"count":0,"href":"https:\/\/macite.tg\/index.php?rest_route=\/wp\/v2\/posts\/20998\/revisions"}],"wp:featuredmedia":[{"embeddable":true,"href":"https:\/\/macite.tg\/index.php?rest_route=\/wp\/v2\/media\/21000"}],"wp:attachment":[{"href":"https:\/\/macite.tg\/index.php?rest_route=%2Fwp%2Fv2%2Fmedia&parent=20998"}],"wp:term":[{"taxonomy":"category","embeddable":true,"href":"https:\/\/macite.tg\/index.php?rest_route=%2Fwp%2Fv2%2Fcategories&post=20998"},{"taxonomy":"post_tag","embeddable":true,"href":"https:\/\/macite.tg\/index.php?rest_route=%2Fwp%2Fv2%2Ftags&post=20998"}],"curies":[{"name":"wp","href":"https:\/\/api.w.org\/{rel}","templated":true}]}}