{"id":20992,"date":"2025-03-28T10:44:41","date_gmt":"2025-03-28T10:44:41","guid":{"rendered":"https:\/\/macite.tg\/?p=20992"},"modified":"2025-03-28T10:49:33","modified_gmt":"2025-03-28T10:49:33","slug":"espagne-fisc-lentraineur-du-real-risque-quatre-ans-et-neuf-mois-de-prison","status":"publish","type":"post","link":"https:\/\/macite.tg\/?p=20992","title":{"rendered":"ESPAGNE\u00a0\/FISC\u00a0: L\u2019entra\u00eeneur du R\u00e9al risque quatre ans et neuf mois de prison\u2026"},"content":{"rendered":"\n<p class=\"wp-block-paragraph\"><strong><em>L\u2019entra\u00eeneur du Real Madrid, Carlo Ancelotti, sera jug\u00e9 mercredi et jeudi prochains \u00e0 Madrid dans une affaire de fraude fiscale, a-t-on appris ce vendredi aupr\u00e8s du tribunal sup\u00e9rieur de justice de Madrid, devant lequel il doit compara\u00eetre.<\/em><\/strong><\/p>\n\n\n\n<p class=\"wp-block-paragraph\">L\u2019entra\u00eeneur italien est accus\u00e9 d\u2019avoir fraud\u00e9 le Tr\u00e9sor public espagnol de plus d\u2019un million d\u2019euros sur les ann\u00e9es 2014 et 2015.<\/p>\n\n\n\n<p class=\"wp-block-paragraph\">Selon l&rsquo;administration fiscale espagnole, Carlo Ancelotti, 65 ans, aurait d\u00e9clar\u00e9 au fisc ses revenus en tant qu&rsquo;entra\u00eeneur du Real en 2014 et 2015, mais pas ceux provenant des droits \u00e0 l&rsquo;image ni d&rsquo;autres sources de revenus, notamment immobiliers.<\/p>\n\n\n<div class=\"wp-block-image\">\n<figure class=\"aligncenter size-large is-resized\"><img loading=\"lazy\" decoding=\"async\" width=\"1024\" height=\"1024\" src=\"https:\/\/macite.tg\/wp-content\/uploads\/2025\/03\/OTR_TVM2-1024x1024.jpg\" alt=\"\" class=\"wp-image-20895\" style=\"width:532px;height:auto\" srcset=\"https:\/\/macite.tg\/wp-content\/uploads\/2025\/03\/OTR_TVM2-1024x1024.jpg 1024w, https:\/\/macite.tg\/wp-content\/uploads\/2025\/03\/OTR_TVM2-300x300.jpg 300w, https:\/\/macite.tg\/wp-content\/uploads\/2025\/03\/OTR_TVM2-150x150.jpg 150w, https:\/\/macite.tg\/wp-content\/uploads\/2025\/03\/OTR_TVM2-768x768.jpg 768w, https:\/\/macite.tg\/wp-content\/uploads\/2025\/03\/OTR_TVM2-1536x1536.jpg 1536w, https:\/\/macite.tg\/wp-content\/uploads\/2025\/03\/OTR_TVM2-122x122.jpg 122w, https:\/\/macite.tg\/wp-content\/uploads\/2025\/03\/OTR_TVM2.jpg 1600w\" sizes=\"auto, (max-width: 1024px) 100vw, 1024px\" \/><\/figure>\n<\/div>\n\n\n<p class=\"wp-block-paragraph\">Cela fait un an d\u00e9j\u00e0 que le minist\u00e8re public avait pr\u00e9cis\u00e9, dans son communiqu\u00e9, que les revenus que l&rsquo;entra\u00eeneur italien avait tir\u00e9s de la cession de ses droits \u00e0 l&rsquo;image, s&rsquo;\u00e9taient \u00e9lev\u00e9s \u00e0 1,24 million d&rsquo;euros en 2014, et \u00e0 2,96 millions d&rsquo;euros en 2015.<\/p>\n\n\n\n<p class=\"wp-block-paragraph\">Selon un document judiciaire, dat\u00e9 de 2023, l\u2019entra\u00eeneur italien avait reconnu les faits durant l&rsquo;enqu\u00eate.<\/p>\n\n\n\n<p class=\"wp-block-paragraph\">Dans ce dossier, le parquet a requis quatre ans et neuf mois de prison contre Carlo Ancelotti, 65ans.<\/p>\n\n\n<div class=\"wp-block-image\">\n<figure class=\"aligncenter size-large is-resized\"><img loading=\"lazy\" decoding=\"async\" width=\"1024\" height=\"1024\" src=\"https:\/\/macite.tg\/wp-content\/uploads\/2025\/03\/OTR_TVM-1024x1024.jpg\" alt=\"\" class=\"wp-image-20894\" style=\"width:490px;height:auto\" srcset=\"https:\/\/macite.tg\/wp-content\/uploads\/2025\/03\/OTR_TVM-1024x1024.jpg 1024w, https:\/\/macite.tg\/wp-content\/uploads\/2025\/03\/OTR_TVM-300x300.jpg 300w, https:\/\/macite.tg\/wp-content\/uploads\/2025\/03\/OTR_TVM-150x150.jpg 150w, https:\/\/macite.tg\/wp-content\/uploads\/2025\/03\/OTR_TVM-768x768.jpg 768w, https:\/\/macite.tg\/wp-content\/uploads\/2025\/03\/OTR_TVM-1536x1536.jpg 1536w, https:\/\/macite.tg\/wp-content\/uploads\/2025\/03\/OTR_TVM-122x122.jpg 122w, https:\/\/macite.tg\/wp-content\/uploads\/2025\/03\/OTR_TVM.jpg 1600w\" sizes=\"auto, (max-width: 1024px) 100vw, 1024px\" \/><\/figure>\n<\/div>\n\n\n<p class=\"wp-block-paragraph\"><em>\u00ab&nbsp;Ce que je peux dire, c&rsquo;est qu&rsquo;il s&rsquo;agit d&rsquo;une vieille histoire qui, je l&rsquo;esp\u00e8re, sera bient\u00f4t r\u00e9solue&nbsp;\u00bb,<\/em> avait indiqu\u00e9 le c\u00e9l\u00e8bre entra\u00eeneur italien.<\/p>\n\n\n\n<p class=\"wp-block-paragraph\">Une affaire \u00e0 suivre de pr\u00e8s&nbsp;!<\/p>\n\n\n\n<p class=\"wp-block-paragraph\"><strong>La R\u00e9daction<\/strong><\/p>\n\n\n\n<p class=\"wp-block-paragraph\"><a><strong><em>@macite.tg&nbsp;&nbsp;&nbsp;&nbsp;&nbsp;&nbsp;&nbsp;&nbsp;<\/em><\/strong><\/a><\/p>\n\n\n\n<p class=\"wp-block-paragraph\"><strong><em>E-mail&nbsp;: <\/em><\/strong><a href=\"mailto:maciteinfo@gmail.com\"><strong><em>maciteinfo@gmail.com<\/em><\/strong><\/a><strong><em>; <\/em><\/strong><a href=\"mailto:bawela1@gmail.com\"><strong><em>bawela1@gmail.com<\/em><\/strong><\/a><strong><em><\/em><\/strong><\/p>\n\n\n\n<p class=\"wp-block-paragraph\"><strong><em>Pour vos annonces, (publi)reportages, etc., joignez-nous au (00228)91515309\/<strong>79872224 <\/strong>www.macite.tg, L\u2019information, la bonne&nbsp;!<\/em><\/strong><\/p>\n\n\n\n<p class=\"wp-block-paragraph\"><\/p>\n","protected":false},"excerpt":{"rendered":"<p class=\"text-justify mb-2\" >L\u2019entra\u00eeneur du Real Madrid, Carlo Ancelotti, sera jug\u00e9 mercredi et jeudi prochains \u00e0 Madrid dans une affaire de fraude fiscale, a-t-on appris ce vendredi aupr\u00e8s du tribunal sup\u00e9rieur de justice de Madrid, devant lequel il doit compara\u00eetre. L\u2019entra\u00eeneur italien est accus\u00e9 d\u2019avoir fraud\u00e9 le Tr\u00e9sor [&hellip;]<\/p>\n","protected":false},"author":2,"featured_media":20994,"comment_status":"open","ping_status":"open","sticky":false,"template":"","format":"standard","meta":{"footnotes":""},"categories":[20,63,26],"tags":[],"class_list":["post-20992","post","type-post","status-publish","format-standard","has-post-thumbnail","hentry","category-actualite","category-football","category-justice"],"yoast_head":"<!-- This site is optimized with the Yoast SEO plugin v28.4 - https:\/\/yoast.com\/product\/yoast-seo-wordpress\/ -->\n<title>ESPAGNE\u00a0\/FISC\u00a0: L\u2019entra\u00eeneur du R\u00e9al risque quatre ans et neuf mois de prison\u2026 -<\/title>\n<meta name=\"robots\" content=\"index, follow, max-snippet:-1, max-image-preview:large, max-video-preview:-1\" \/>\n<link rel=\"canonical\" href=\"https:\/\/macite.tg\/?p=20992\" \/>\n<meta property=\"og:locale\" content=\"fr_FR\" \/>\n<meta property=\"og:type\" content=\"article\" \/>\n<meta property=\"og:title\" content=\"ESPAGNE\u00a0\/FISC\u00a0: L\u2019entra\u00eeneur du R\u00e9al risque quatre ans et neuf mois de prison\u2026 -\" \/>\n<meta property=\"og:description\" content=\"L\u2019entra\u00eeneur du Real Madrid, Carlo Ancelotti, sera jug\u00e9 mercredi et jeudi prochains \u00e0 Madrid dans une affaire de fraude fiscale, a-t-on appris ce vendredi aupr\u00e8s du tribunal sup\u00e9rieur de justice de Madrid, devant lequel il doit compara\u00eetre. L\u2019entra\u00eeneur italien est accus\u00e9 d\u2019avoir fraud\u00e9 le Tr\u00e9sor [&hellip;]\" \/>\n<meta property=\"og:url\" content=\"https:\/\/macite.tg\/?p=20992\" \/>\n<meta property=\"article:published_time\" content=\"2025-03-28T10:44:41+00:00\" \/>\n<meta property=\"article:modified_time\" content=\"2025-03-28T10:49:33+00:00\" \/>\n<meta property=\"og:image\" content=\"https:\/\/macite.tg\/wp-content\/uploads\/2025\/03\/image-76.png\" \/>\n\t<meta property=\"og:image:width\" content=\"405\" \/>\n\t<meta property=\"og:image:height\" content=\"271\" \/>\n\t<meta property=\"og:image:type\" content=\"image\/png\" \/>\n<meta name=\"author\" content=\"Jean Pierre BAWELA\" \/>\n<meta name=\"twitter:card\" content=\"summary_large_image\" \/>\n<meta name=\"twitter:label1\" content=\"\u00c9crit par\" \/>\n\t<meta name=\"twitter:data1\" content=\"Jean Pierre BAWELA\" \/>\n\t<meta name=\"twitter:label2\" content=\"Dur\u00e9e de lecture estim\u00e9e\" \/>\n\t<meta name=\"twitter:data2\" content=\"2 minutes\" \/>\n<script type=\"application\/ld+json\" class=\"yoast-schema-graph\">{\"@context\":\"https:\\\/\\\/schema.org\",\"@graph\":[{\"@type\":\"Article\",\"@id\":\"https:\\\/\\\/macite.tg\\\/?p=20992#article\",\"isPartOf\":{\"@id\":\"https:\\\/\\\/macite.tg\\\/?p=20992\"},\"author\":{\"name\":\"Jean Pierre BAWELA\",\"@id\":\"https:\\\/\\\/macite.tg\\\/#\\\/schema\\\/person\\\/e9f2de7e5dbbe7770a9402c7ce82f5c2\"},\"headline\":\"ESPAGNE\u00a0\\\/FISC\u00a0: L\u2019entra\u00eeneur du R\u00e9al risque quatre ans et neuf mois de prison\u2026\",\"datePublished\":\"2025-03-28T10:44:41+00:00\",\"dateModified\":\"2025-03-28T10:49:33+00:00\",\"mainEntityOfPage\":{\"@id\":\"https:\\\/\\\/macite.tg\\\/?p=20992\"},\"wordCount\":288,\"commentCount\":0,\"image\":{\"@id\":\"https:\\\/\\\/macite.tg\\\/?p=20992#primaryimage\"},\"thumbnailUrl\":\"https:\\\/\\\/macite.tg\\\/wp-content\\\/uploads\\\/2025\\\/03\\\/image-76.png\",\"articleSection\":[\"ACTUALITE\",\"FOOTBALL\",\"JUSTICE\"],\"inLanguage\":\"fr-FR\",\"potentialAction\":[{\"@type\":\"CommentAction\",\"name\":\"Comment\",\"target\":[\"https:\\\/\\\/macite.tg\\\/?p=20992#respond\"]}]},{\"@type\":\"WebPage\",\"@id\":\"https:\\\/\\\/macite.tg\\\/?p=20992\",\"url\":\"https:\\\/\\\/macite.tg\\\/?p=20992\",\"name\":\"ESPAGNE\u00a0\\\/FISC\u00a0: L\u2019entra\u00eeneur du R\u00e9al risque quatre ans et neuf mois de prison\u2026 -\",\"isPartOf\":{\"@id\":\"https:\\\/\\\/macite.tg\\\/#website\"},\"primaryImageOfPage\":{\"@id\":\"https:\\\/\\\/macite.tg\\\/?p=20992#primaryimage\"},\"image\":{\"@id\":\"https:\\\/\\\/macite.tg\\\/?p=20992#primaryimage\"},\"thumbnailUrl\":\"https:\\\/\\\/macite.tg\\\/wp-content\\\/uploads\\\/2025\\\/03\\\/image-76.png\",\"datePublished\":\"2025-03-28T10:44:41+00:00\",\"dateModified\":\"2025-03-28T10:49:33+00:00\",\"author\":{\"@id\":\"https:\\\/\\\/macite.tg\\\/#\\\/schema\\\/person\\\/e9f2de7e5dbbe7770a9402c7ce82f5c2\"},\"breadcrumb\":{\"@id\":\"https:\\\/\\\/macite.tg\\\/?p=20992#breadcrumb\"},\"inLanguage\":\"fr-FR\",\"potentialAction\":[{\"@type\":\"ReadAction\",\"target\":[\"https:\\\/\\\/macite.tg\\\/?p=20992\"]}]},{\"@type\":\"ImageObject\",\"inLanguage\":\"fr-FR\",\"@id\":\"https:\\\/\\\/macite.tg\\\/?p=20992#primaryimage\",\"url\":\"https:\\\/\\\/macite.tg\\\/wp-content\\\/uploads\\\/2025\\\/03\\\/image-76.png\",\"contentUrl\":\"https:\\\/\\\/macite.tg\\\/wp-content\\\/uploads\\\/2025\\\/03\\\/image-76.png\",\"width\":405,\"height\":271,\"caption\":\"L'entra\u00eeneur italien du Real Madrid\"},{\"@type\":\"BreadcrumbList\",\"@id\":\"https:\\\/\\\/macite.tg\\\/?p=20992#breadcrumb\",\"itemListElement\":[{\"@type\":\"ListItem\",\"position\":1,\"name\":\"Accueil\",\"item\":\"https:\\\/\\\/macite.tg\\\/\"},{\"@type\":\"ListItem\",\"position\":2,\"name\":\"ESPAGNE\u00a0\\\/FISC\u00a0: L\u2019entra\u00eeneur du R\u00e9al risque quatre ans et neuf mois de prison\u2026\"}]},{\"@type\":\"WebSite\",\"@id\":\"https:\\\/\\\/macite.tg\\\/#website\",\"url\":\"https:\\\/\\\/macite.tg\\\/\",\"name\":\"\",\"description\":\"L&#039;information, la bonne!!!\",\"potentialAction\":[{\"@type\":\"SearchAction\",\"target\":{\"@type\":\"EntryPoint\",\"urlTemplate\":\"https:\\\/\\\/macite.tg\\\/?s={search_term_string}\"},\"query-input\":{\"@type\":\"PropertyValueSpecification\",\"valueRequired\":true,\"valueName\":\"search_term_string\"}}],\"inLanguage\":\"fr-FR\"},{\"@type\":\"Person\",\"@id\":\"https:\\\/\\\/macite.tg\\\/#\\\/schema\\\/person\\\/e9f2de7e5dbbe7770a9402c7ce82f5c2\",\"name\":\"Jean Pierre BAWELA\",\"image\":{\"@type\":\"ImageObject\",\"inLanguage\":\"fr-FR\",\"@id\":\"https:\\\/\\\/macite.tg\\\/wp-content\\\/uploads\\\/2023\\\/09\\\/WhatsApp-Image-2023-09-19-at-14.44.41-122x122.jpeg\",\"url\":\"https:\\\/\\\/macite.tg\\\/wp-content\\\/uploads\\\/2023\\\/09\\\/WhatsApp-Image-2023-09-19-at-14.44.41-122x122.jpeg\",\"contentUrl\":\"https:\\\/\\\/macite.tg\\\/wp-content\\\/uploads\\\/2023\\\/09\\\/WhatsApp-Image-2023-09-19-at-14.44.41-122x122.jpeg\",\"caption\":\"Jean Pierre BAWELA\"},\"url\":\"https:\\\/\\\/macite.tg\\\/?author=2\"}]}<\/script>\n<!-- \/ Yoast SEO plugin. -->","yoast_head_json":{"title":"ESPAGNE\u00a0\/FISC\u00a0: L\u2019entra\u00eeneur du R\u00e9al risque quatre ans et neuf mois de prison\u2026 -","robots":{"index":"index","follow":"follow","max-snippet":"max-snippet:-1","max-image-preview":"max-image-preview:large","max-video-preview":"max-video-preview:-1"},"canonical":"https:\/\/macite.tg\/?p=20992","og_locale":"fr_FR","og_type":"article","og_title":"ESPAGNE\u00a0\/FISC\u00a0: L\u2019entra\u00eeneur du R\u00e9al risque quatre ans et neuf mois de prison\u2026 -","og_description":"L\u2019entra\u00eeneur du Real Madrid, Carlo Ancelotti, sera jug\u00e9 mercredi et jeudi prochains \u00e0 Madrid dans une affaire de fraude fiscale, a-t-on appris ce vendredi aupr\u00e8s du tribunal sup\u00e9rieur de justice de Madrid, devant lequel il doit compara\u00eetre. L\u2019entra\u00eeneur italien est accus\u00e9 d\u2019avoir fraud\u00e9 le Tr\u00e9sor [&hellip;]","og_url":"https:\/\/macite.tg\/?p=20992","article_published_time":"2025-03-28T10:44:41+00:00","article_modified_time":"2025-03-28T10:49:33+00:00","og_image":[{"width":405,"height":271,"url":"https:\/\/macite.tg\/wp-content\/uploads\/2025\/03\/image-76.png","type":"image\/png"}],"author":"Jean Pierre BAWELA","twitter_card":"summary_large_image","twitter_misc":{"\u00c9crit par":"Jean Pierre BAWELA","Dur\u00e9e de lecture estim\u00e9e":"2 minutes"},"schema":{"@context":"https:\/\/schema.org","@graph":[{"@type":"Article","@id":"https:\/\/macite.tg\/?p=20992#article","isPartOf":{"@id":"https:\/\/macite.tg\/?p=20992"},"author":{"name":"Jean Pierre BAWELA","@id":"https:\/\/macite.tg\/#\/schema\/person\/e9f2de7e5dbbe7770a9402c7ce82f5c2"},"headline":"ESPAGNE\u00a0\/FISC\u00a0: L\u2019entra\u00eeneur du R\u00e9al risque quatre ans et neuf mois de prison\u2026","datePublished":"2025-03-28T10:44:41+00:00","dateModified":"2025-03-28T10:49:33+00:00","mainEntityOfPage":{"@id":"https:\/\/macite.tg\/?p=20992"},"wordCount":288,"commentCount":0,"image":{"@id":"https:\/\/macite.tg\/?p=20992#primaryimage"},"thumbnailUrl":"https:\/\/macite.tg\/wp-content\/uploads\/2025\/03\/image-76.png","articleSection":["ACTUALITE","FOOTBALL","JUSTICE"],"inLanguage":"fr-FR","potentialAction":[{"@type":"CommentAction","name":"Comment","target":["https:\/\/macite.tg\/?p=20992#respond"]}]},{"@type":"WebPage","@id":"https:\/\/macite.tg\/?p=20992","url":"https:\/\/macite.tg\/?p=20992","name":"ESPAGNE\u00a0\/FISC\u00a0: L\u2019entra\u00eeneur du R\u00e9al risque quatre ans et neuf mois de prison\u2026 -","isPartOf":{"@id":"https:\/\/macite.tg\/#website"},"primaryImageOfPage":{"@id":"https:\/\/macite.tg\/?p=20992#primaryimage"},"image":{"@id":"https:\/\/macite.tg\/?p=20992#primaryimage"},"thumbnailUrl":"https:\/\/macite.tg\/wp-content\/uploads\/2025\/03\/image-76.png","datePublished":"2025-03-28T10:44:41+00:00","dateModified":"2025-03-28T10:49:33+00:00","author":{"@id":"https:\/\/macite.tg\/#\/schema\/person\/e9f2de7e5dbbe7770a9402c7ce82f5c2"},"breadcrumb":{"@id":"https:\/\/macite.tg\/?p=20992#breadcrumb"},"inLanguage":"fr-FR","potentialAction":[{"@type":"ReadAction","target":["https:\/\/macite.tg\/?p=20992"]}]},{"@type":"ImageObject","inLanguage":"fr-FR","@id":"https:\/\/macite.tg\/?p=20992#primaryimage","url":"https:\/\/macite.tg\/wp-content\/uploads\/2025\/03\/image-76.png","contentUrl":"https:\/\/macite.tg\/wp-content\/uploads\/2025\/03\/image-76.png","width":405,"height":271,"caption":"L'entra\u00eeneur italien du Real Madrid"},{"@type":"BreadcrumbList","@id":"https:\/\/macite.tg\/?p=20992#breadcrumb","itemListElement":[{"@type":"ListItem","position":1,"name":"Accueil","item":"https:\/\/macite.tg\/"},{"@type":"ListItem","position":2,"name":"ESPAGNE\u00a0\/FISC\u00a0: L\u2019entra\u00eeneur du R\u00e9al risque quatre ans et neuf mois de prison\u2026"}]},{"@type":"WebSite","@id":"https:\/\/macite.tg\/#website","url":"https:\/\/macite.tg\/","name":"","description":"L&#039;information, la bonne!!!","potentialAction":[{"@type":"SearchAction","target":{"@type":"EntryPoint","urlTemplate":"https:\/\/macite.tg\/?s={search_term_string}"},"query-input":{"@type":"PropertyValueSpecification","valueRequired":true,"valueName":"search_term_string"}}],"inLanguage":"fr-FR"},{"@type":"Person","@id":"https:\/\/macite.tg\/#\/schema\/person\/e9f2de7e5dbbe7770a9402c7ce82f5c2","name":"Jean Pierre BAWELA","image":{"@type":"ImageObject","inLanguage":"fr-FR","@id":"https:\/\/macite.tg\/wp-content\/uploads\/2023\/09\/WhatsApp-Image-2023-09-19-at-14.44.41-122x122.jpeg","url":"https:\/\/macite.tg\/wp-content\/uploads\/2023\/09\/WhatsApp-Image-2023-09-19-at-14.44.41-122x122.jpeg","contentUrl":"https:\/\/macite.tg\/wp-content\/uploads\/2023\/09\/WhatsApp-Image-2023-09-19-at-14.44.41-122x122.jpeg","caption":"Jean Pierre BAWELA"},"url":"https:\/\/macite.tg\/?author=2"}]}},"_links":{"self":[{"href":"https:\/\/macite.tg\/index.php?rest_route=\/wp\/v2\/posts\/20992","targetHints":{"allow":["GET"]}}],"collection":[{"href":"https:\/\/macite.tg\/index.php?rest_route=\/wp\/v2\/posts"}],"about":[{"href":"https:\/\/macite.tg\/index.php?rest_route=\/wp\/v2\/types\/post"}],"author":[{"embeddable":true,"href":"https:\/\/macite.tg\/index.php?rest_route=\/wp\/v2\/users\/2"}],"replies":[{"embeddable":true,"href":"https:\/\/macite.tg\/index.php?rest_route=%2Fwp%2Fv2%2Fcomments&post=20992"}],"version-history":[{"count":0,"href":"https:\/\/macite.tg\/index.php?rest_route=\/wp\/v2\/posts\/20992\/revisions"}],"wp:featuredmedia":[{"embeddable":true,"href":"https:\/\/macite.tg\/index.php?rest_route=\/wp\/v2\/media\/20994"}],"wp:attachment":[{"href":"https:\/\/macite.tg\/index.php?rest_route=%2Fwp%2Fv2%2Fmedia&parent=20992"}],"wp:term":[{"taxonomy":"category","embeddable":true,"href":"https:\/\/macite.tg\/index.php?rest_route=%2Fwp%2Fv2%2Fcategories&post=20992"},{"taxonomy":"post_tag","embeddable":true,"href":"https:\/\/macite.tg\/index.php?rest_route=%2Fwp%2Fv2%2Ftags&post=20992"}],"curies":[{"name":"wp","href":"https:\/\/api.w.org\/{rel}","templated":true}]}}