{"id":20972,"date":"2025-03-27T17:47:08","date_gmt":"2025-03-27T17:47:08","guid":{"rendered":"https:\/\/macite.tg\/?p=20972"},"modified":"2025-03-27T17:55:57","modified_gmt":"2025-03-27T17:55:57","slug":"pape-francois-un-miracule-selon-le-medecin-du-souverain-pontife","status":"publish","type":"post","link":"https:\/\/macite.tg\/?p=20972","title":{"rendered":"PAPE FRAN\u00c7OIS: Un miracul\u00e9, selon le m\u00e9decin du souverain pontife"},"content":{"rendered":"\n<p class=\"wp-block-paragraph\"><strong><em>Dans un entretien accord\u00e9 au Corriere della Serra, le m\u00e9decin du pape Fran\u00e7ois a r\u00e9v\u00e9l\u00e9 que son patient avait v\u00e9ritablement fr\u00f4l\u00e9 la mort le 28 f\u00e9vrier dernier. Le corps m\u00e9dical s\u2019est interrog\u00e9 sur un arr\u00eat des soins apr\u00e8s la d\u00e9gradation brutale de l\u2019\u00e9tat de sant\u00e9 du souverain pontife, hospitalis\u00e9 pendant trente-huit jours \u00e0 Rome.<\/em><\/strong><\/p>\n\n\n\n<p class=\"wp-block-paragraph\">Selon le professeur Sergio Alfieri, cet \u00e9pisode fut <em>\u00ab le pire \u00bb<\/em> moment dans la prise en charge de l\u2019homme de 88 ans.<\/p>\n\n\n\n<p class=\"wp-block-paragraph\">Ce jour-l\u00e0, le pape se trouvait \u00e0 l\u2019h\u00f4pital Gemelli depuis quatorze jours. Il s\u2019est mis \u00e0 manquer d\u2019air et \u00e0 souffrir de bronchospasmes. <em>\u00ab Pour la premi\u00e8re fois, j\u2019ai vu des larmes dans les yeux de certaines personnes autour de lui \u00bb,<\/em> se souvient le m\u00e9decin.<\/p>\n\n\n<div class=\"wp-block-image\">\n<figure class=\"aligncenter size-large is-resized\"><img loading=\"lazy\" decoding=\"async\" width=\"1024\" height=\"1024\" src=\"https:\/\/macite.tg\/wp-content\/uploads\/2025\/03\/OTR_TVM2-1024x1024.jpg\" alt=\"\" class=\"wp-image-20895\" style=\"width:558px;height:auto\" srcset=\"https:\/\/macite.tg\/wp-content\/uploads\/2025\/03\/OTR_TVM2-1024x1024.jpg 1024w, https:\/\/macite.tg\/wp-content\/uploads\/2025\/03\/OTR_TVM2-300x300.jpg 300w, https:\/\/macite.tg\/wp-content\/uploads\/2025\/03\/OTR_TVM2-150x150.jpg 150w, https:\/\/macite.tg\/wp-content\/uploads\/2025\/03\/OTR_TVM2-768x768.jpg 768w, https:\/\/macite.tg\/wp-content\/uploads\/2025\/03\/OTR_TVM2-1536x1536.jpg 1536w, https:\/\/macite.tg\/wp-content\/uploads\/2025\/03\/OTR_TVM2-122x122.jpg 122w, https:\/\/macite.tg\/wp-content\/uploads\/2025\/03\/OTR_TVM2.jpg 1600w\" sizes=\"auto, (max-width: 1024px) 100vw, 1024px\" \/><\/figure>\n<\/div>\n\n\n<p class=\"wp-block-paragraph\"><em>\u00ab Nous avons d\u00fb choisir entre arr\u00eater et le laisser partir ou le forcer et essayer tous les m\u00e9dicaments et th\u00e9rapies possibles, en courant le risque tr\u00e8s \u00e9lev\u00e9 d\u2019endommager d\u2019autres organes, explique-t-il. Et finalement nous avons pris ce chemin. \u00bb<\/em> <\/p>\n\n\n\n<p class=\"wp-block-paragraph\">Selon Sergio Alfieri, le pape a toujours \u00e9t\u00e9 conscient de son \u00e9tat et a r\u00e9clam\u00e9 la v\u00e9rit\u00e9 de la part des soignants. Au bout de quelques jours, son organisme a finalement bien r\u00e9pondu aux traitements et l\u2019infection a diminu\u00e9. Mais le pape a une nouvelle fois fr\u00f4l\u00e9 le pire quand il a r\u00e9gurgit\u00e9 une partie de son repas. Le m\u00e9decin \u00e9voque un <em>\u00ab miracle \u00bb.<\/em><\/p>\n\n\n<div class=\"wp-block-image\">\n<figure class=\"aligncenter size-large is-resized\"><img loading=\"lazy\" decoding=\"async\" width=\"1024\" height=\"1024\" src=\"https:\/\/macite.tg\/wp-content\/uploads\/2025\/03\/OTR_TVM-1024x1024.jpg\" alt=\"\" class=\"wp-image-20894\" style=\"width:518px;height:auto\" srcset=\"https:\/\/macite.tg\/wp-content\/uploads\/2025\/03\/OTR_TVM-1024x1024.jpg 1024w, https:\/\/macite.tg\/wp-content\/uploads\/2025\/03\/OTR_TVM-300x300.jpg 300w, https:\/\/macite.tg\/wp-content\/uploads\/2025\/03\/OTR_TVM-150x150.jpg 150w, https:\/\/macite.tg\/wp-content\/uploads\/2025\/03\/OTR_TVM-768x768.jpg 768w, https:\/\/macite.tg\/wp-content\/uploads\/2025\/03\/OTR_TVM-1536x1536.jpg 1536w, https:\/\/macite.tg\/wp-content\/uploads\/2025\/03\/OTR_TVM-122x122.jpg 122w, https:\/\/macite.tg\/wp-content\/uploads\/2025\/03\/OTR_TVM.jpg 1600w\" sizes=\"auto, (max-width: 1024px) 100vw, 1024px\" \/><\/figure>\n<\/div>\n\n\n<p class=\"wp-block-paragraph\"><em>\u00ab Au-del\u00e0 d\u2019un c\u0153ur tr\u00e8s fort, il poss\u00e8de des ressources incroyables. Je pense que le fait que le monde entier priait pour lui a \u00e9galement contribu\u00e9 \u00e0 cela \u00bb,<\/em> assure le professeur.<\/p>\n\n\n\n<p class=\"wp-block-paragraph\"><strong>SyndiGate Media<\/strong><\/p>\n\n\n\n<p class=\"wp-block-paragraph\"><a><strong><em>@macite.tg&nbsp;&nbsp;&nbsp;&nbsp;&nbsp;&nbsp;&nbsp;&nbsp;<\/em><\/strong><\/a><\/p>\n\n\n\n<p class=\"wp-block-paragraph\"><strong><em>E-mail&nbsp;: <\/em><\/strong><a href=\"mailto:maciteinfo@gmail.com\"><strong><em>maciteinfo@gmail.com<\/em><\/strong><\/a><strong><em>; <\/em><\/strong><a href=\"mailto:bawela1@gmail.com\"><strong><em>bawela1@gmail.com<\/em><\/strong><\/a><strong><em> <\/em><\/strong><strong><em><\/em><\/strong><\/p>\n\n\n\n<p class=\"wp-block-paragraph\"><strong><em>Pour vos annonces, (publi)reportages, etc., joignez-nous au (00228)91515309\/<strong>79872224 <\/strong>www.macite.tg, L\u2019information, la bonne&nbsp;!<\/em><\/strong><\/p>\n\n\n\n<p class=\"wp-block-paragraph\"><\/p>\n","protected":false},"excerpt":{"rendered":"<p class=\"text-justify mb-2\" >Dans un entretien accord\u00e9 au Corriere della Serra, le m\u00e9decin du pape Fran\u00e7ois a r\u00e9v\u00e9l\u00e9 que son patient avait v\u00e9ritablement fr\u00f4l\u00e9 la mort le 28 f\u00e9vrier dernier. Le corps m\u00e9dical s\u2019est interrog\u00e9 sur un arr\u00eat des soins apr\u00e8s la d\u00e9gradation brutale de l\u2019\u00e9tat de sant\u00e9 [&hellip;]<\/p>\n","protected":false},"author":2,"featured_media":20973,"comment_status":"open","ping_status":"open","sticky":false,"template":"","format":"standard","meta":{"footnotes":""},"categories":[20,40],"tags":[],"class_list":["post-20972","post","type-post","status-publish","format-standard","has-post-thumbnail","hentry","category-actualite","category-religion"],"yoast_head":"<!-- This site is optimized with the Yoast SEO plugin v28.4 - https:\/\/yoast.com\/product\/yoast-seo-wordpress\/ -->\n<title>PAPE FRAN\u00c7OIS: Un miracul\u00e9, selon le m\u00e9decin du souverain pontife -<\/title>\n<meta name=\"robots\" content=\"index, follow, max-snippet:-1, max-image-preview:large, max-video-preview:-1\" \/>\n<link rel=\"canonical\" href=\"https:\/\/macite.tg\/?p=20972\" \/>\n<meta property=\"og:locale\" content=\"fr_FR\" \/>\n<meta property=\"og:type\" content=\"article\" \/>\n<meta property=\"og:title\" content=\"PAPE FRAN\u00c7OIS: Un miracul\u00e9, selon le m\u00e9decin du souverain pontife -\" \/>\n<meta property=\"og:description\" content=\"Dans un entretien accord\u00e9 au Corriere della Serra, le m\u00e9decin du pape Fran\u00e7ois a r\u00e9v\u00e9l\u00e9 que son patient avait v\u00e9ritablement fr\u00f4l\u00e9 la mort le 28 f\u00e9vrier dernier. Le corps m\u00e9dical s\u2019est interrog\u00e9 sur un arr\u00eat des soins apr\u00e8s la d\u00e9gradation brutale de l\u2019\u00e9tat de sant\u00e9 [&hellip;]\" \/>\n<meta property=\"og:url\" content=\"https:\/\/macite.tg\/?p=20972\" \/>\n<meta property=\"article:published_time\" content=\"2025-03-27T17:47:08+00:00\" \/>\n<meta property=\"article:modified_time\" content=\"2025-03-27T17:55:57+00:00\" \/>\n<meta property=\"og:image\" content=\"https:\/\/macite.tg\/wp-content\/uploads\/2025\/03\/image-73.png\" \/>\n\t<meta property=\"og:image:width\" content=\"474\" \/>\n\t<meta property=\"og:image:height\" content=\"266\" \/>\n\t<meta property=\"og:image:type\" content=\"image\/png\" \/>\n<meta name=\"author\" content=\"Jean Pierre BAWELA\" \/>\n<meta name=\"twitter:card\" content=\"summary_large_image\" \/>\n<meta name=\"twitter:label1\" content=\"\u00c9crit par\" \/>\n\t<meta name=\"twitter:data1\" content=\"Jean Pierre BAWELA\" \/>\n\t<meta name=\"twitter:label2\" content=\"Dur\u00e9e de lecture estim\u00e9e\" \/>\n\t<meta name=\"twitter:data2\" content=\"2 minutes\" \/>\n<script type=\"application\/ld+json\" class=\"yoast-schema-graph\">{\"@context\":\"https:\\\/\\\/schema.org\",\"@graph\":[{\"@type\":\"Article\",\"@id\":\"https:\\\/\\\/macite.tg\\\/?p=20972#article\",\"isPartOf\":{\"@id\":\"https:\\\/\\\/macite.tg\\\/?p=20972\"},\"author\":{\"name\":\"Jean Pierre BAWELA\",\"@id\":\"https:\\\/\\\/macite.tg\\\/#\\\/schema\\\/person\\\/e9f2de7e5dbbe7770a9402c7ce82f5c2\"},\"headline\":\"PAPE FRAN\u00c7OIS: Un miracul\u00e9, selon le m\u00e9decin du souverain pontife\",\"datePublished\":\"2025-03-27T17:47:08+00:00\",\"dateModified\":\"2025-03-27T17:55:57+00:00\",\"mainEntityOfPage\":{\"@id\":\"https:\\\/\\\/macite.tg\\\/?p=20972\"},\"wordCount\":329,\"commentCount\":0,\"image\":{\"@id\":\"https:\\\/\\\/macite.tg\\\/?p=20972#primaryimage\"},\"thumbnailUrl\":\"https:\\\/\\\/macite.tg\\\/wp-content\\\/uploads\\\/2025\\\/03\\\/image-73.png\",\"articleSection\":[\"ACTUALITE\",\"RELIGION\"],\"inLanguage\":\"fr-FR\",\"potentialAction\":[{\"@type\":\"CommentAction\",\"name\":\"Comment\",\"target\":[\"https:\\\/\\\/macite.tg\\\/?p=20972#respond\"]}]},{\"@type\":\"WebPage\",\"@id\":\"https:\\\/\\\/macite.tg\\\/?p=20972\",\"url\":\"https:\\\/\\\/macite.tg\\\/?p=20972\",\"name\":\"PAPE FRAN\u00c7OIS: Un miracul\u00e9, selon le m\u00e9decin du souverain pontife -\",\"isPartOf\":{\"@id\":\"https:\\\/\\\/macite.tg\\\/#website\"},\"primaryImageOfPage\":{\"@id\":\"https:\\\/\\\/macite.tg\\\/?p=20972#primaryimage\"},\"image\":{\"@id\":\"https:\\\/\\\/macite.tg\\\/?p=20972#primaryimage\"},\"thumbnailUrl\":\"https:\\\/\\\/macite.tg\\\/wp-content\\\/uploads\\\/2025\\\/03\\\/image-73.png\",\"datePublished\":\"2025-03-27T17:47:08+00:00\",\"dateModified\":\"2025-03-27T17:55:57+00:00\",\"author\":{\"@id\":\"https:\\\/\\\/macite.tg\\\/#\\\/schema\\\/person\\\/e9f2de7e5dbbe7770a9402c7ce82f5c2\"},\"breadcrumb\":{\"@id\":\"https:\\\/\\\/macite.tg\\\/?p=20972#breadcrumb\"},\"inLanguage\":\"fr-FR\",\"potentialAction\":[{\"@type\":\"ReadAction\",\"target\":[\"https:\\\/\\\/macite.tg\\\/?p=20972\"]}]},{\"@type\":\"ImageObject\",\"inLanguage\":\"fr-FR\",\"@id\":\"https:\\\/\\\/macite.tg\\\/?p=20972#primaryimage\",\"url\":\"https:\\\/\\\/macite.tg\\\/wp-content\\\/uploads\\\/2025\\\/03\\\/image-73.png\",\"contentUrl\":\"https:\\\/\\\/macite.tg\\\/wp-content\\\/uploads\\\/2025\\\/03\\\/image-73.png\",\"width\":474,\"height\":266,\"caption\":\"Le Souverain pontife\"},{\"@type\":\"BreadcrumbList\",\"@id\":\"https:\\\/\\\/macite.tg\\\/?p=20972#breadcrumb\",\"itemListElement\":[{\"@type\":\"ListItem\",\"position\":1,\"name\":\"Accueil\",\"item\":\"https:\\\/\\\/macite.tg\\\/\"},{\"@type\":\"ListItem\",\"position\":2,\"name\":\"PAPE FRAN\u00c7OIS: Un miracul\u00e9, selon le m\u00e9decin du souverain pontife\"}]},{\"@type\":\"WebSite\",\"@id\":\"https:\\\/\\\/macite.tg\\\/#website\",\"url\":\"https:\\\/\\\/macite.tg\\\/\",\"name\":\"\",\"description\":\"L&#039;information, la bonne!!!\",\"potentialAction\":[{\"@type\":\"SearchAction\",\"target\":{\"@type\":\"EntryPoint\",\"urlTemplate\":\"https:\\\/\\\/macite.tg\\\/?s={search_term_string}\"},\"query-input\":{\"@type\":\"PropertyValueSpecification\",\"valueRequired\":true,\"valueName\":\"search_term_string\"}}],\"inLanguage\":\"fr-FR\"},{\"@type\":\"Person\",\"@id\":\"https:\\\/\\\/macite.tg\\\/#\\\/schema\\\/person\\\/e9f2de7e5dbbe7770a9402c7ce82f5c2\",\"name\":\"Jean Pierre BAWELA\",\"image\":{\"@type\":\"ImageObject\",\"inLanguage\":\"fr-FR\",\"@id\":\"https:\\\/\\\/macite.tg\\\/wp-content\\\/uploads\\\/2023\\\/09\\\/WhatsApp-Image-2023-09-19-at-14.44.41-122x122.jpeg\",\"url\":\"https:\\\/\\\/macite.tg\\\/wp-content\\\/uploads\\\/2023\\\/09\\\/WhatsApp-Image-2023-09-19-at-14.44.41-122x122.jpeg\",\"contentUrl\":\"https:\\\/\\\/macite.tg\\\/wp-content\\\/uploads\\\/2023\\\/09\\\/WhatsApp-Image-2023-09-19-at-14.44.41-122x122.jpeg\",\"caption\":\"Jean Pierre BAWELA\"},\"url\":\"https:\\\/\\\/macite.tg\\\/?author=2\"}]}<\/script>\n<!-- \/ Yoast SEO plugin. -->","yoast_head_json":{"title":"PAPE FRAN\u00c7OIS: Un miracul\u00e9, selon le m\u00e9decin du souverain pontife -","robots":{"index":"index","follow":"follow","max-snippet":"max-snippet:-1","max-image-preview":"max-image-preview:large","max-video-preview":"max-video-preview:-1"},"canonical":"https:\/\/macite.tg\/?p=20972","og_locale":"fr_FR","og_type":"article","og_title":"PAPE FRAN\u00c7OIS: Un miracul\u00e9, selon le m\u00e9decin du souverain pontife -","og_description":"Dans un entretien accord\u00e9 au Corriere della Serra, le m\u00e9decin du pape Fran\u00e7ois a r\u00e9v\u00e9l\u00e9 que son patient avait v\u00e9ritablement fr\u00f4l\u00e9 la mort le 28 f\u00e9vrier dernier. Le corps m\u00e9dical s\u2019est interrog\u00e9 sur un arr\u00eat des soins apr\u00e8s la d\u00e9gradation brutale de l\u2019\u00e9tat de sant\u00e9 [&hellip;]","og_url":"https:\/\/macite.tg\/?p=20972","article_published_time":"2025-03-27T17:47:08+00:00","article_modified_time":"2025-03-27T17:55:57+00:00","og_image":[{"width":474,"height":266,"url":"https:\/\/macite.tg\/wp-content\/uploads\/2025\/03\/image-73.png","type":"image\/png"}],"author":"Jean Pierre BAWELA","twitter_card":"summary_large_image","twitter_misc":{"\u00c9crit par":"Jean Pierre BAWELA","Dur\u00e9e de lecture estim\u00e9e":"2 minutes"},"schema":{"@context":"https:\/\/schema.org","@graph":[{"@type":"Article","@id":"https:\/\/macite.tg\/?p=20972#article","isPartOf":{"@id":"https:\/\/macite.tg\/?p=20972"},"author":{"name":"Jean Pierre BAWELA","@id":"https:\/\/macite.tg\/#\/schema\/person\/e9f2de7e5dbbe7770a9402c7ce82f5c2"},"headline":"PAPE FRAN\u00c7OIS: Un miracul\u00e9, selon le m\u00e9decin du souverain pontife","datePublished":"2025-03-27T17:47:08+00:00","dateModified":"2025-03-27T17:55:57+00:00","mainEntityOfPage":{"@id":"https:\/\/macite.tg\/?p=20972"},"wordCount":329,"commentCount":0,"image":{"@id":"https:\/\/macite.tg\/?p=20972#primaryimage"},"thumbnailUrl":"https:\/\/macite.tg\/wp-content\/uploads\/2025\/03\/image-73.png","articleSection":["ACTUALITE","RELIGION"],"inLanguage":"fr-FR","potentialAction":[{"@type":"CommentAction","name":"Comment","target":["https:\/\/macite.tg\/?p=20972#respond"]}]},{"@type":"WebPage","@id":"https:\/\/macite.tg\/?p=20972","url":"https:\/\/macite.tg\/?p=20972","name":"PAPE FRAN\u00c7OIS: Un miracul\u00e9, selon le m\u00e9decin du souverain pontife -","isPartOf":{"@id":"https:\/\/macite.tg\/#website"},"primaryImageOfPage":{"@id":"https:\/\/macite.tg\/?p=20972#primaryimage"},"image":{"@id":"https:\/\/macite.tg\/?p=20972#primaryimage"},"thumbnailUrl":"https:\/\/macite.tg\/wp-content\/uploads\/2025\/03\/image-73.png","datePublished":"2025-03-27T17:47:08+00:00","dateModified":"2025-03-27T17:55:57+00:00","author":{"@id":"https:\/\/macite.tg\/#\/schema\/person\/e9f2de7e5dbbe7770a9402c7ce82f5c2"},"breadcrumb":{"@id":"https:\/\/macite.tg\/?p=20972#breadcrumb"},"inLanguage":"fr-FR","potentialAction":[{"@type":"ReadAction","target":["https:\/\/macite.tg\/?p=20972"]}]},{"@type":"ImageObject","inLanguage":"fr-FR","@id":"https:\/\/macite.tg\/?p=20972#primaryimage","url":"https:\/\/macite.tg\/wp-content\/uploads\/2025\/03\/image-73.png","contentUrl":"https:\/\/macite.tg\/wp-content\/uploads\/2025\/03\/image-73.png","width":474,"height":266,"caption":"Le Souverain pontife"},{"@type":"BreadcrumbList","@id":"https:\/\/macite.tg\/?p=20972#breadcrumb","itemListElement":[{"@type":"ListItem","position":1,"name":"Accueil","item":"https:\/\/macite.tg\/"},{"@type":"ListItem","position":2,"name":"PAPE FRAN\u00c7OIS: Un miracul\u00e9, selon le m\u00e9decin du souverain pontife"}]},{"@type":"WebSite","@id":"https:\/\/macite.tg\/#website","url":"https:\/\/macite.tg\/","name":"","description":"L&#039;information, la bonne!!!","potentialAction":[{"@type":"SearchAction","target":{"@type":"EntryPoint","urlTemplate":"https:\/\/macite.tg\/?s={search_term_string}"},"query-input":{"@type":"PropertyValueSpecification","valueRequired":true,"valueName":"search_term_string"}}],"inLanguage":"fr-FR"},{"@type":"Person","@id":"https:\/\/macite.tg\/#\/schema\/person\/e9f2de7e5dbbe7770a9402c7ce82f5c2","name":"Jean Pierre BAWELA","image":{"@type":"ImageObject","inLanguage":"fr-FR","@id":"https:\/\/macite.tg\/wp-content\/uploads\/2023\/09\/WhatsApp-Image-2023-09-19-at-14.44.41-122x122.jpeg","url":"https:\/\/macite.tg\/wp-content\/uploads\/2023\/09\/WhatsApp-Image-2023-09-19-at-14.44.41-122x122.jpeg","contentUrl":"https:\/\/macite.tg\/wp-content\/uploads\/2023\/09\/WhatsApp-Image-2023-09-19-at-14.44.41-122x122.jpeg","caption":"Jean Pierre BAWELA"},"url":"https:\/\/macite.tg\/?author=2"}]}},"_links":{"self":[{"href":"https:\/\/macite.tg\/index.php?rest_route=\/wp\/v2\/posts\/20972","targetHints":{"allow":["GET"]}}],"collection":[{"href":"https:\/\/macite.tg\/index.php?rest_route=\/wp\/v2\/posts"}],"about":[{"href":"https:\/\/macite.tg\/index.php?rest_route=\/wp\/v2\/types\/post"}],"author":[{"embeddable":true,"href":"https:\/\/macite.tg\/index.php?rest_route=\/wp\/v2\/users\/2"}],"replies":[{"embeddable":true,"href":"https:\/\/macite.tg\/index.php?rest_route=%2Fwp%2Fv2%2Fcomments&post=20972"}],"version-history":[{"count":0,"href":"https:\/\/macite.tg\/index.php?rest_route=\/wp\/v2\/posts\/20972\/revisions"}],"wp:featuredmedia":[{"embeddable":true,"href":"https:\/\/macite.tg\/index.php?rest_route=\/wp\/v2\/media\/20973"}],"wp:attachment":[{"href":"https:\/\/macite.tg\/index.php?rest_route=%2Fwp%2Fv2%2Fmedia&parent=20972"}],"wp:term":[{"taxonomy":"category","embeddable":true,"href":"https:\/\/macite.tg\/index.php?rest_route=%2Fwp%2Fv2%2Fcategories&post=20972"},{"taxonomy":"post_tag","embeddable":true,"href":"https:\/\/macite.tg\/index.php?rest_route=%2Fwp%2Fv2%2Ftags&post=20972"}],"curies":[{"name":"wp","href":"https:\/\/api.w.org\/{rel}","templated":true}]}}