{"id":20969,"date":"2025-03-27T17:30:36","date_gmt":"2025-03-27T17:30:36","guid":{"rendered":"https:\/\/macite.tg\/?p=20969"},"modified":"2025-03-27T17:30:41","modified_gmt":"2025-03-27T17:30:41","slug":"un-commissariat-special-inaugure-a-lome-vers-une-mobilite-urbaine-plus-fluide-et-une-securite-renforcee","status":"publish","type":"post","link":"https:\/\/macite.tg\/?p=20969","title":{"rendered":"UN COMMISSARIAT SPECIAL INAUGURE A LOME\u00a0: Vers une mobilit\u00e9 urbaine plus fluide et une s\u00e9curit\u00e9 renforc\u00e9e"},"content":{"rendered":"\n<p class=\"wp-block-paragraph\"><strong><em>Le minist\u00e8re de la s\u00e9curit\u00e9 poursuit l\u2019impl\u00e9mentations des grandes innovations dans l\u2019optique du renforcement de la s\u00e9curit\u00e9 pour tous. Hier mercredi 26 mars, un autre volet de cette innovation a \u00e9t\u00e9 rendu visible, \u00e0 travers l\u2019inauguration d\u2019un Commissariat sp\u00e9cial des gares routi\u00e8res du Grand Lom\u00e9.<\/em><\/strong><\/p>\n\n\n\n<p class=\"wp-block-paragraph\">L\u2019inauguration de cette infrastructure s\u00e9curitaire s\u2019inscrit dans la dynamique ambitieuse de renforcement de la s\u00e9curit\u00e9 dans les zones n\u00e9vralgiques de la capitale. Carrefours effervescents de transit et de commerce, les gares routi\u00e8res sont jusqu\u2019ici des points sensibles en mati\u00e8re de criminalit\u00e9, de trafic illicite et d\u2019ins\u00e9curit\u00e9 routi\u00e8re.<\/p>\n\n\n\n<p class=\"wp-block-paragraph\">Gr\u00e2ce \u00e0 cette infrastructure moderne se veut de doter le pays d\u2019institutions s\u00e9curitaires performantes et adapt\u00e9es aux r\u00e9alit\u00e9s locales. L\u2019initiative vise \u00e0 offrir aux citoyens un environnement plus s\u00fbr et plus serein, tout en boostant la confiance des op\u00e9rateurs \u00e9conomiques. D\u00e9sormais, les forces de l\u2019ordre seront mieux \u00e9quip\u00e9es et plus r\u00e9actives pour assurer une surveillance efficace, une intervention rapide et une protection optimale des citoyens et des usagers.<\/p>\n\n\n<div class=\"wp-block-image\">\n<figure class=\"aligncenter size-large is-resized\"><img loading=\"lazy\" decoding=\"async\" width=\"1024\" height=\"1024\" src=\"https:\/\/macite.tg\/wp-content\/uploads\/2025\/03\/OTR_TVM2-1024x1024.jpg\" alt=\"\" class=\"wp-image-20895\" style=\"width:430px;height:auto\" srcset=\"https:\/\/macite.tg\/wp-content\/uploads\/2025\/03\/OTR_TVM2-1024x1024.jpg 1024w, https:\/\/macite.tg\/wp-content\/uploads\/2025\/03\/OTR_TVM2-300x300.jpg 300w, https:\/\/macite.tg\/wp-content\/uploads\/2025\/03\/OTR_TVM2-150x150.jpg 150w, https:\/\/macite.tg\/wp-content\/uploads\/2025\/03\/OTR_TVM2-768x768.jpg 768w, https:\/\/macite.tg\/wp-content\/uploads\/2025\/03\/OTR_TVM2-1536x1536.jpg 1536w, https:\/\/macite.tg\/wp-content\/uploads\/2025\/03\/OTR_TVM2-122x122.jpg 122w, https:\/\/macite.tg\/wp-content\/uploads\/2025\/03\/OTR_TVM2.jpg 1600w\" sizes=\"auto, (max-width: 1024px) 100vw, 1024px\" \/><\/figure>\n<\/div>\n\n\n<p class=\"wp-block-paragraph\">Ce Commissariat sp\u00e9cial des gares routi\u00e8res du Grand Lom\u00e9 aura pour principales missions de :<\/p>\n\n\n\n<p class=\"wp-block-paragraph\">&#8211; Identifier et d\u00e9manteler les gares anarchiques qui prolif\u00e8rent sans autorisation et perturbent l\u2019organisation du transport urbain.<\/p>\n\n\n\n<p class=\"wp-block-paragraph\">&#8211; Renforcer le contr\u00f4le des engins, des marchandises et des personnes aux entr\u00e9es et sorties des gares routi\u00e8res afin de lutter contre les trafics et autres activit\u00e9s ill\u00e9gales.<\/p>\n\n\n\n<p class=\"wp-block-paragraph\">&#8211; Assurer la police administrative et judiciaire classique, garantissant ainsi le respect des lois et r\u00e8glements en vigueur.<\/p>\n\n\n\n<p class=\"wp-block-paragraph\">&#8211; S\u00e9curiser les gares routi\u00e8res en tant que lieux sensibles, prot\u00e9geant ainsi efficacement les personnes et les biens.<\/p>\n\n\n<div class=\"wp-block-image\">\n<figure class=\"aligncenter size-full\"><img loading=\"lazy\" decoding=\"async\" width=\"851\" height=\"315\" src=\"https:\/\/macite.tg\/wp-content\/uploads\/2025\/03\/OTR_Ferer-pour-batir-1-1.jpg\" alt=\"\" class=\"wp-image-20746\" srcset=\"https:\/\/macite.tg\/wp-content\/uploads\/2025\/03\/OTR_Ferer-pour-batir-1-1.jpg 851w, https:\/\/macite.tg\/wp-content\/uploads\/2025\/03\/OTR_Ferer-pour-batir-1-1-300x111.jpg 300w, https:\/\/macite.tg\/wp-content\/uploads\/2025\/03\/OTR_Ferer-pour-batir-1-1-768x284.jpg 768w\" sizes=\"auto, (max-width: 851px) 100vw, 851px\" \/><\/figure>\n<\/div>\n\n\n<p class=\"wp-block-paragraph\">&#8211; Organiser des patrouilles r\u00e9guli\u00e8res aux abords des gares pour pr\u00e9venir la criminalit\u00e9 et dissuader les comportements \u00e0 risque.<\/p>\n\n\n\n<p class=\"wp-block-paragraph\">Pour les riverains, l\u2019inauguration de cette infrastructure s\u00e9curitaire moderne est accueillie avec un grand enthousiasme. Ainsi, cette pr\u00e9sence polici\u00e8re renforc\u00e9e, gage de tranquillit\u00e9, de dissuasion et d\u2019efficacit\u00e9 dans la lutte contre la d\u00e9linquance, d\u00e9note de l\u2019importance d\u2019une force de s\u00e9curit\u00e9 plus accessible et proactive pour r\u00e9guler les flux de passagers et assurer une meilleure cohabitation entre transporteurs, commer\u00e7ants et voyageurs.<\/p>\n\n\n<div class=\"wp-block-image\">\n<figure class=\"aligncenter size-large is-resized\"><img loading=\"lazy\" decoding=\"async\" width=\"1024\" height=\"1024\" src=\"https:\/\/macite.tg\/wp-content\/uploads\/2025\/03\/OTR_TVM-1024x1024.jpg\" alt=\"\" class=\"wp-image-20894\" style=\"width:492px;height:auto\" srcset=\"https:\/\/macite.tg\/wp-content\/uploads\/2025\/03\/OTR_TVM-1024x1024.jpg 1024w, https:\/\/macite.tg\/wp-content\/uploads\/2025\/03\/OTR_TVM-300x300.jpg 300w, https:\/\/macite.tg\/wp-content\/uploads\/2025\/03\/OTR_TVM-150x150.jpg 150w, https:\/\/macite.tg\/wp-content\/uploads\/2025\/03\/OTR_TVM-768x768.jpg 768w, https:\/\/macite.tg\/wp-content\/uploads\/2025\/03\/OTR_TVM-1536x1536.jpg 1536w, https:\/\/macite.tg\/wp-content\/uploads\/2025\/03\/OTR_TVM-122x122.jpg 122w, https:\/\/macite.tg\/wp-content\/uploads\/2025\/03\/OTR_TVM.jpg 1600w\" sizes=\"auto, (max-width: 1024px) 100vw, 1024px\" \/><\/figure>\n<\/div>\n\n\n<p class=\"wp-block-paragraph\">Notons qu\u2019avec cette nouvelle infrastructure strat\u00e9gique, la capitale vient de franchir une \u00e9tape d\u00e9cisive vers une mobilit\u00e9 urbaine plus fluide et une s\u00e9curit\u00e9 renforc\u00e9e.<\/p>\n\n\n\n<p class=\"wp-block-paragraph\"><strong>JPB<\/strong><\/p>\n\n\n\n<p class=\"wp-block-paragraph\"><a><strong><em>@macite.tg&nbsp;&nbsp;&nbsp;&nbsp;&nbsp;&nbsp;&nbsp;&nbsp;<\/em><\/strong><\/a><\/p>\n\n\n\n<p class=\"wp-block-paragraph\"><strong><em>E-mail&nbsp;: <\/em><\/strong><a href=\"mailto:maciteinfo@gmail.com\"><strong><em>maciteinfo@gmail.com<\/em><\/strong><\/a><strong><em>; <\/em><\/strong><a href=\"mailto:bawela1@gmail.com\"><strong><em>bawela1@gmail.com<\/em><\/strong><\/a><strong><em><\/em><\/strong><\/p>\n\n\n\n<p class=\"wp-block-paragraph\"><strong><em>Pour vos annonces, (publi)reportages, etc., joignez-nous au (00228)91515309\/<strong>79872224 <\/strong>www.macite.tg, L\u2019information, la bonne&nbsp;!<\/em><\/strong><\/p>\n\n\n\n<p class=\"wp-block-paragraph\"><\/p>\n","protected":false},"excerpt":{"rendered":"<p class=\"text-justify mb-2\" >Le minist\u00e8re de la s\u00e9curit\u00e9 poursuit l\u2019impl\u00e9mentations des grandes innovations dans l\u2019optique du renforcement de la s\u00e9curit\u00e9 pour tous. Hier mercredi 26 mars, un autre volet de cette innovation a \u00e9t\u00e9 rendu visible, \u00e0 travers l\u2019inauguration d\u2019un Commissariat sp\u00e9cial des gares routi\u00e8res du Grand Lom\u00e9. [&hellip;]<\/p>\n","protected":false},"author":2,"featured_media":20970,"comment_status":"open","ping_status":"open","sticky":false,"template":"","format":"standard","meta":{"footnotes":""},"categories":[20,28],"tags":[],"class_list":["post-20969","post","type-post","status-publish","format-standard","has-post-thumbnail","hentry","category-actualite","category-securite"],"yoast_head":"<!-- This site is optimized with the Yoast SEO plugin v28.4 - https:\/\/yoast.com\/product\/yoast-seo-wordpress\/ -->\n<title>UN COMMISSARIAT SPECIAL INAUGURE A LOME\u00a0: Vers une mobilit\u00e9 urbaine plus fluide et une s\u00e9curit\u00e9 renforc\u00e9e -<\/title>\n<meta name=\"robots\" content=\"index, follow, max-snippet:-1, max-image-preview:large, max-video-preview:-1\" \/>\n<link rel=\"canonical\" href=\"https:\/\/macite.tg\/?p=20969\" \/>\n<meta property=\"og:locale\" content=\"fr_FR\" \/>\n<meta property=\"og:type\" content=\"article\" \/>\n<meta property=\"og:title\" content=\"UN COMMISSARIAT SPECIAL INAUGURE A LOME\u00a0: Vers une mobilit\u00e9 urbaine plus fluide et une s\u00e9curit\u00e9 renforc\u00e9e -\" \/>\n<meta property=\"og:description\" content=\"Le minist\u00e8re de la s\u00e9curit\u00e9 poursuit l\u2019impl\u00e9mentations des grandes innovations dans l\u2019optique du renforcement de la s\u00e9curit\u00e9 pour tous. Hier mercredi 26 mars, un autre volet de cette innovation a \u00e9t\u00e9 rendu visible, \u00e0 travers l\u2019inauguration d\u2019un Commissariat sp\u00e9cial des gares routi\u00e8res du Grand Lom\u00e9. [&hellip;]\" \/>\n<meta property=\"og:url\" content=\"https:\/\/macite.tg\/?p=20969\" \/>\n<meta property=\"article:published_time\" content=\"2025-03-27T17:30:36+00:00\" \/>\n<meta property=\"article:modified_time\" content=\"2025-03-27T17:30:41+00:00\" \/>\n<meta property=\"og:image\" content=\"https:\/\/macite.tg\/wp-content\/uploads\/2025\/03\/securite-routiere.jpg\" \/>\n\t<meta property=\"og:image:width\" content=\"500\" \/>\n\t<meta property=\"og:image:height\" content=\"232\" \/>\n\t<meta property=\"og:image:type\" content=\"image\/jpeg\" \/>\n<meta name=\"author\" content=\"Jean Pierre BAWELA\" \/>\n<meta name=\"twitter:card\" content=\"summary_large_image\" \/>\n<meta name=\"twitter:label1\" content=\"\u00c9crit par\" \/>\n\t<meta name=\"twitter:data1\" content=\"Jean Pierre BAWELA\" \/>\n\t<meta name=\"twitter:label2\" content=\"Dur\u00e9e de lecture estim\u00e9e\" \/>\n\t<meta name=\"twitter:data2\" content=\"3 minutes\" \/>\n<script type=\"application\/ld+json\" class=\"yoast-schema-graph\">{\"@context\":\"https:\\\/\\\/schema.org\",\"@graph\":[{\"@type\":\"Article\",\"@id\":\"https:\\\/\\\/macite.tg\\\/?p=20969#article\",\"isPartOf\":{\"@id\":\"https:\\\/\\\/macite.tg\\\/?p=20969\"},\"author\":{\"name\":\"Jean Pierre BAWELA\",\"@id\":\"https:\\\/\\\/macite.tg\\\/#\\\/schema\\\/person\\\/e9f2de7e5dbbe7770a9402c7ce82f5c2\"},\"headline\":\"UN COMMISSARIAT SPECIAL INAUGURE A LOME\u00a0: Vers une mobilit\u00e9 urbaine plus fluide et une s\u00e9curit\u00e9 renforc\u00e9e\",\"datePublished\":\"2025-03-27T17:30:36+00:00\",\"dateModified\":\"2025-03-27T17:30:41+00:00\",\"mainEntityOfPage\":{\"@id\":\"https:\\\/\\\/macite.tg\\\/?p=20969\"},\"wordCount\":475,\"commentCount\":0,\"image\":{\"@id\":\"https:\\\/\\\/macite.tg\\\/?p=20969#primaryimage\"},\"thumbnailUrl\":\"https:\\\/\\\/macite.tg\\\/wp-content\\\/uploads\\\/2025\\\/03\\\/securite-routiere.jpg\",\"articleSection\":[\"ACTUALITE\",\"SECURITE\"],\"inLanguage\":\"fr-FR\",\"potentialAction\":[{\"@type\":\"CommentAction\",\"name\":\"Comment\",\"target\":[\"https:\\\/\\\/macite.tg\\\/?p=20969#respond\"]}]},{\"@type\":\"WebPage\",\"@id\":\"https:\\\/\\\/macite.tg\\\/?p=20969\",\"url\":\"https:\\\/\\\/macite.tg\\\/?p=20969\",\"name\":\"UN COMMISSARIAT SPECIAL INAUGURE A LOME\u00a0: Vers une mobilit\u00e9 urbaine plus fluide et une s\u00e9curit\u00e9 renforc\u00e9e -\",\"isPartOf\":{\"@id\":\"https:\\\/\\\/macite.tg\\\/#website\"},\"primaryImageOfPage\":{\"@id\":\"https:\\\/\\\/macite.tg\\\/?p=20969#primaryimage\"},\"image\":{\"@id\":\"https:\\\/\\\/macite.tg\\\/?p=20969#primaryimage\"},\"thumbnailUrl\":\"https:\\\/\\\/macite.tg\\\/wp-content\\\/uploads\\\/2025\\\/03\\\/securite-routiere.jpg\",\"datePublished\":\"2025-03-27T17:30:36+00:00\",\"dateModified\":\"2025-03-27T17:30:41+00:00\",\"author\":{\"@id\":\"https:\\\/\\\/macite.tg\\\/#\\\/schema\\\/person\\\/e9f2de7e5dbbe7770a9402c7ce82f5c2\"},\"breadcrumb\":{\"@id\":\"https:\\\/\\\/macite.tg\\\/?p=20969#breadcrumb\"},\"inLanguage\":\"fr-FR\",\"potentialAction\":[{\"@type\":\"ReadAction\",\"target\":[\"https:\\\/\\\/macite.tg\\\/?p=20969\"]}]},{\"@type\":\"ImageObject\",\"inLanguage\":\"fr-FR\",\"@id\":\"https:\\\/\\\/macite.tg\\\/?p=20969#primaryimage\",\"url\":\"https:\\\/\\\/macite.tg\\\/wp-content\\\/uploads\\\/2025\\\/03\\\/securite-routiere.jpg\",\"contentUrl\":\"https:\\\/\\\/macite.tg\\\/wp-content\\\/uploads\\\/2025\\\/03\\\/securite-routiere.jpg\",\"width\":500,\"height\":232},{\"@type\":\"BreadcrumbList\",\"@id\":\"https:\\\/\\\/macite.tg\\\/?p=20969#breadcrumb\",\"itemListElement\":[{\"@type\":\"ListItem\",\"position\":1,\"name\":\"Accueil\",\"item\":\"https:\\\/\\\/macite.tg\\\/\"},{\"@type\":\"ListItem\",\"position\":2,\"name\":\"UN COMMISSARIAT SPECIAL INAUGURE A LOME\u00a0: Vers une mobilit\u00e9 urbaine plus fluide et une s\u00e9curit\u00e9 renforc\u00e9e\"}]},{\"@type\":\"WebSite\",\"@id\":\"https:\\\/\\\/macite.tg\\\/#website\",\"url\":\"https:\\\/\\\/macite.tg\\\/\",\"name\":\"\",\"description\":\"L&#039;information, la bonne!!!\",\"potentialAction\":[{\"@type\":\"SearchAction\",\"target\":{\"@type\":\"EntryPoint\",\"urlTemplate\":\"https:\\\/\\\/macite.tg\\\/?s={search_term_string}\"},\"query-input\":{\"@type\":\"PropertyValueSpecification\",\"valueRequired\":true,\"valueName\":\"search_term_string\"}}],\"inLanguage\":\"fr-FR\"},{\"@type\":\"Person\",\"@id\":\"https:\\\/\\\/macite.tg\\\/#\\\/schema\\\/person\\\/e9f2de7e5dbbe7770a9402c7ce82f5c2\",\"name\":\"Jean Pierre BAWELA\",\"image\":{\"@type\":\"ImageObject\",\"inLanguage\":\"fr-FR\",\"@id\":\"https:\\\/\\\/macite.tg\\\/wp-content\\\/uploads\\\/2023\\\/09\\\/WhatsApp-Image-2023-09-19-at-14.44.41-122x122.jpeg\",\"url\":\"https:\\\/\\\/macite.tg\\\/wp-content\\\/uploads\\\/2023\\\/09\\\/WhatsApp-Image-2023-09-19-at-14.44.41-122x122.jpeg\",\"contentUrl\":\"https:\\\/\\\/macite.tg\\\/wp-content\\\/uploads\\\/2023\\\/09\\\/WhatsApp-Image-2023-09-19-at-14.44.41-122x122.jpeg\",\"caption\":\"Jean Pierre BAWELA\"},\"url\":\"https:\\\/\\\/macite.tg\\\/?author=2\"}]}<\/script>\n<!-- \/ Yoast SEO plugin. -->","yoast_head_json":{"title":"UN COMMISSARIAT SPECIAL INAUGURE A LOME\u00a0: Vers une mobilit\u00e9 urbaine plus fluide et une s\u00e9curit\u00e9 renforc\u00e9e -","robots":{"index":"index","follow":"follow","max-snippet":"max-snippet:-1","max-image-preview":"max-image-preview:large","max-video-preview":"max-video-preview:-1"},"canonical":"https:\/\/macite.tg\/?p=20969","og_locale":"fr_FR","og_type":"article","og_title":"UN COMMISSARIAT SPECIAL INAUGURE A LOME\u00a0: Vers une mobilit\u00e9 urbaine plus fluide et une s\u00e9curit\u00e9 renforc\u00e9e -","og_description":"Le minist\u00e8re de la s\u00e9curit\u00e9 poursuit l\u2019impl\u00e9mentations des grandes innovations dans l\u2019optique du renforcement de la s\u00e9curit\u00e9 pour tous. Hier mercredi 26 mars, un autre volet de cette innovation a \u00e9t\u00e9 rendu visible, \u00e0 travers l\u2019inauguration d\u2019un Commissariat sp\u00e9cial des gares routi\u00e8res du Grand Lom\u00e9. [&hellip;]","og_url":"https:\/\/macite.tg\/?p=20969","article_published_time":"2025-03-27T17:30:36+00:00","article_modified_time":"2025-03-27T17:30:41+00:00","og_image":[{"width":500,"height":232,"url":"https:\/\/macite.tg\/wp-content\/uploads\/2025\/03\/securite-routiere.jpg","type":"image\/jpeg"}],"author":"Jean Pierre BAWELA","twitter_card":"summary_large_image","twitter_misc":{"\u00c9crit par":"Jean Pierre BAWELA","Dur\u00e9e de lecture estim\u00e9e":"3 minutes"},"schema":{"@context":"https:\/\/schema.org","@graph":[{"@type":"Article","@id":"https:\/\/macite.tg\/?p=20969#article","isPartOf":{"@id":"https:\/\/macite.tg\/?p=20969"},"author":{"name":"Jean Pierre BAWELA","@id":"https:\/\/macite.tg\/#\/schema\/person\/e9f2de7e5dbbe7770a9402c7ce82f5c2"},"headline":"UN COMMISSARIAT SPECIAL INAUGURE A LOME\u00a0: Vers une mobilit\u00e9 urbaine plus fluide et une s\u00e9curit\u00e9 renforc\u00e9e","datePublished":"2025-03-27T17:30:36+00:00","dateModified":"2025-03-27T17:30:41+00:00","mainEntityOfPage":{"@id":"https:\/\/macite.tg\/?p=20969"},"wordCount":475,"commentCount":0,"image":{"@id":"https:\/\/macite.tg\/?p=20969#primaryimage"},"thumbnailUrl":"https:\/\/macite.tg\/wp-content\/uploads\/2025\/03\/securite-routiere.jpg","articleSection":["ACTUALITE","SECURITE"],"inLanguage":"fr-FR","potentialAction":[{"@type":"CommentAction","name":"Comment","target":["https:\/\/macite.tg\/?p=20969#respond"]}]},{"@type":"WebPage","@id":"https:\/\/macite.tg\/?p=20969","url":"https:\/\/macite.tg\/?p=20969","name":"UN COMMISSARIAT SPECIAL INAUGURE A LOME\u00a0: Vers une mobilit\u00e9 urbaine plus fluide et une s\u00e9curit\u00e9 renforc\u00e9e -","isPartOf":{"@id":"https:\/\/macite.tg\/#website"},"primaryImageOfPage":{"@id":"https:\/\/macite.tg\/?p=20969#primaryimage"},"image":{"@id":"https:\/\/macite.tg\/?p=20969#primaryimage"},"thumbnailUrl":"https:\/\/macite.tg\/wp-content\/uploads\/2025\/03\/securite-routiere.jpg","datePublished":"2025-03-27T17:30:36+00:00","dateModified":"2025-03-27T17:30:41+00:00","author":{"@id":"https:\/\/macite.tg\/#\/schema\/person\/e9f2de7e5dbbe7770a9402c7ce82f5c2"},"breadcrumb":{"@id":"https:\/\/macite.tg\/?p=20969#breadcrumb"},"inLanguage":"fr-FR","potentialAction":[{"@type":"ReadAction","target":["https:\/\/macite.tg\/?p=20969"]}]},{"@type":"ImageObject","inLanguage":"fr-FR","@id":"https:\/\/macite.tg\/?p=20969#primaryimage","url":"https:\/\/macite.tg\/wp-content\/uploads\/2025\/03\/securite-routiere.jpg","contentUrl":"https:\/\/macite.tg\/wp-content\/uploads\/2025\/03\/securite-routiere.jpg","width":500,"height":232},{"@type":"BreadcrumbList","@id":"https:\/\/macite.tg\/?p=20969#breadcrumb","itemListElement":[{"@type":"ListItem","position":1,"name":"Accueil","item":"https:\/\/macite.tg\/"},{"@type":"ListItem","position":2,"name":"UN COMMISSARIAT SPECIAL INAUGURE A LOME\u00a0: Vers une mobilit\u00e9 urbaine plus fluide et une s\u00e9curit\u00e9 renforc\u00e9e"}]},{"@type":"WebSite","@id":"https:\/\/macite.tg\/#website","url":"https:\/\/macite.tg\/","name":"","description":"L&#039;information, la bonne!!!","potentialAction":[{"@type":"SearchAction","target":{"@type":"EntryPoint","urlTemplate":"https:\/\/macite.tg\/?s={search_term_string}"},"query-input":{"@type":"PropertyValueSpecification","valueRequired":true,"valueName":"search_term_string"}}],"inLanguage":"fr-FR"},{"@type":"Person","@id":"https:\/\/macite.tg\/#\/schema\/person\/e9f2de7e5dbbe7770a9402c7ce82f5c2","name":"Jean Pierre BAWELA","image":{"@type":"ImageObject","inLanguage":"fr-FR","@id":"https:\/\/macite.tg\/wp-content\/uploads\/2023\/09\/WhatsApp-Image-2023-09-19-at-14.44.41-122x122.jpeg","url":"https:\/\/macite.tg\/wp-content\/uploads\/2023\/09\/WhatsApp-Image-2023-09-19-at-14.44.41-122x122.jpeg","contentUrl":"https:\/\/macite.tg\/wp-content\/uploads\/2023\/09\/WhatsApp-Image-2023-09-19-at-14.44.41-122x122.jpeg","caption":"Jean Pierre BAWELA"},"url":"https:\/\/macite.tg\/?author=2"}]}},"_links":{"self":[{"href":"https:\/\/macite.tg\/index.php?rest_route=\/wp\/v2\/posts\/20969","targetHints":{"allow":["GET"]}}],"collection":[{"href":"https:\/\/macite.tg\/index.php?rest_route=\/wp\/v2\/posts"}],"about":[{"href":"https:\/\/macite.tg\/index.php?rest_route=\/wp\/v2\/types\/post"}],"author":[{"embeddable":true,"href":"https:\/\/macite.tg\/index.php?rest_route=\/wp\/v2\/users\/2"}],"replies":[{"embeddable":true,"href":"https:\/\/macite.tg\/index.php?rest_route=%2Fwp%2Fv2%2Fcomments&post=20969"}],"version-history":[{"count":0,"href":"https:\/\/macite.tg\/index.php?rest_route=\/wp\/v2\/posts\/20969\/revisions"}],"wp:featuredmedia":[{"embeddable":true,"href":"https:\/\/macite.tg\/index.php?rest_route=\/wp\/v2\/media\/20970"}],"wp:attachment":[{"href":"https:\/\/macite.tg\/index.php?rest_route=%2Fwp%2Fv2%2Fmedia&parent=20969"}],"wp:term":[{"taxonomy":"category","embeddable":true,"href":"https:\/\/macite.tg\/index.php?rest_route=%2Fwp%2Fv2%2Fcategories&post=20969"},{"taxonomy":"post_tag","embeddable":true,"href":"https:\/\/macite.tg\/index.php?rest_route=%2Fwp%2Fv2%2Ftags&post=20969"}],"curies":[{"name":"wp","href":"https:\/\/api.w.org\/{rel}","templated":true}]}}