{"id":20962,"date":"2025-03-27T15:50:01","date_gmt":"2025-03-27T15:50:01","guid":{"rendered":"https:\/\/macite.tg\/?p=20962"},"modified":"2025-03-27T15:50:20","modified_gmt":"2025-03-27T15:50:20","slug":"la-menopause-en-parler-pour-etre-mieux-prepare","status":"publish","type":"post","link":"https:\/\/macite.tg\/?p=20962","title":{"rendered":"LA MENOPAUSE\u00a0: En parler pour \u00eatre mieux pr\u00e9par\u00e9"},"content":{"rendered":"\n<p class=\"wp-block-paragraph\"><strong><em>1,2 milliard, c&rsquo;est selon l&rsquo;Organisation mondiale de la sant\u00e9, le nombre de femmes qui, jusqu&rsquo;en 2030, seront \u00e2g\u00e9es de 50 ans et donc dans une phase de leur vie qui correspond \u00e0 la m\u00e9nopause.<\/em><\/strong><\/p>\n\n\n\n<p class=\"wp-block-paragraph\">Chez certaines femmes, elle commence relativement t\u00f4t, entre 40 et 45 ans, parfois m\u00eame avant\u2026 Chez d&rsquo;autres, ce n&rsquo;est qu&rsquo;\u00e0 partir de la cinquantaine, voire m\u00eame plus tard que les premiers signes apparaissent. Comme quoi, il n&rsquo;y a pas d&rsquo;\u00e2ge fig\u00e9e pour \u00eatre m\u00e9nopaus\u00e9e, c&rsquo;est-\u00e0-dire pour que les r\u00e8gles s&rsquo;arr\u00eatent.<\/p>\n\n\n\n<p class=\"wp-block-paragraph\"><strong>Des troubles, mais pas une maladie<\/strong><\/p>\n\n\n\n<p class=\"wp-block-paragraph\">Les femmes qui traversent cette p\u00e9riode se plaignent d&rsquo;un certain nombre de troubles.&nbsp;<em>\u00ab&nbsp;Moi, j&rsquo;ai d\u00e9j\u00e0 atteint la m\u00e9nopause. Je sens des fois comment les choses me piquent, des fois la fatigue&nbsp;\u00bb<\/em> t\u00e9moigne une femme quand une autre explique avoir <em>\u00ab&nbsp;des bouff\u00e9es de chaleur&nbsp;\u00bb<\/em> et ne pas avoir compris ce qui lui arrivait.<\/p>\n\n\n<div class=\"wp-block-image\">\n<figure class=\"aligncenter size-large is-resized\"><img loading=\"lazy\" decoding=\"async\" width=\"1024\" height=\"1024\" src=\"https:\/\/macite.tg\/wp-content\/uploads\/2025\/03\/OTR_TVM2-1024x1024.jpg\" alt=\"\" class=\"wp-image-20895\" style=\"width:568px;height:auto\" srcset=\"https:\/\/macite.tg\/wp-content\/uploads\/2025\/03\/OTR_TVM2-1024x1024.jpg 1024w, https:\/\/macite.tg\/wp-content\/uploads\/2025\/03\/OTR_TVM2-300x300.jpg 300w, https:\/\/macite.tg\/wp-content\/uploads\/2025\/03\/OTR_TVM2-150x150.jpg 150w, https:\/\/macite.tg\/wp-content\/uploads\/2025\/03\/OTR_TVM2-768x768.jpg 768w, https:\/\/macite.tg\/wp-content\/uploads\/2025\/03\/OTR_TVM2-1536x1536.jpg 1536w, https:\/\/macite.tg\/wp-content\/uploads\/2025\/03\/OTR_TVM2-122x122.jpg 122w, https:\/\/macite.tg\/wp-content\/uploads\/2025\/03\/OTR_TVM2.jpg 1600w\" sizes=\"auto, (max-width: 1024px) 100vw, 1024px\" \/><\/figure>\n<\/div>\n\n\n<p class=\"wp-block-paragraph\">Des sensations qui peuvent \u00eatre g\u00eanantes au quotidien, mais le docteur Simon Pierre Njindam Tchoungui, gyn\u00e9cologue, rappelle que la m\u00e9nopause n&rsquo;est pas une maladie.<\/p>\n\n\n\n<p class=\"wp-block-paragraph\">La m\u00e9nopause est un ph\u00e9nom\u00e8ne physiologique.Il s&rsquo;agit donc d&rsquo;une <em>\u00ab&nbsp;autre p\u00e9riode de la vie de la femme qui peut \u00eatre greff\u00e9e \u00e0 certains effets secondaires. On peut parler de ce qu&rsquo;on appelle le syndrome climat\u00e9rique (sympt\u00f4mes qui accompagnent les modifications hormonales associ\u00e9es \u00e0 l&rsquo;arr\u00eat de la fonction ovarienne. ndlr). Ce syndrome va comprendre quatre pathologies principales : bouff\u00e9e de chaleur, sueur nocturne, on a aussi le syndrome g\u00e9nito-urinaire et des arthralgies, c&rsquo;est-\u00e0-dire des douleurs des articulations&nbsp;\u00bb<\/em> pr\u00e9cise le m\u00e9decin.<\/p>\n\n\n<div class=\"wp-block-image\">\n<figure class=\"aligncenter size-full\"><img loading=\"lazy\" decoding=\"async\" width=\"851\" height=\"315\" src=\"https:\/\/macite.tg\/wp-content\/uploads\/2025\/03\/OTR_Ferer-pour-batir-1-1.jpg\" alt=\"\" class=\"wp-image-20746\" srcset=\"https:\/\/macite.tg\/wp-content\/uploads\/2025\/03\/OTR_Ferer-pour-batir-1-1.jpg 851w, https:\/\/macite.tg\/wp-content\/uploads\/2025\/03\/OTR_Ferer-pour-batir-1-1-300x111.jpg 300w, https:\/\/macite.tg\/wp-content\/uploads\/2025\/03\/OTR_Ferer-pour-batir-1-1-768x284.jpg 768w\" sizes=\"auto, (max-width: 851px) 100vw, 851px\" \/><\/figure>\n<\/div>\n\n\n<p class=\"wp-block-paragraph\">Il explique par ailleurs que \u00ab\u00a0<em>la femme ressent un tr\u00e8s vif d\u00e9sir d&rsquo;aller uriner imm\u00e9diatement. Mais aussi des s\u00e9cheresses vaginales qui peuvent \u00eatre la cause de certaines difficult\u00e9s \u00e0 avoir des rapports sexuels.\u00a0\u00bb<\/em><\/p>\n\n\n\n<p class=\"wp-block-paragraph\"><strong>Un impact physique et psychologique<\/strong><\/p>\n\n\n\n<p class=\"wp-block-paragraph\">La m\u00e9nopause provoque une baisse significative d&rsquo;\u0153strog\u00e8nes, qui sont des hormones sexuelles, ce qui peut augmenter le risque de maladies li\u00e9es \u00e0 la thyro\u00efde, des risques cardiovasculaires, des cas de cancer et d&rsquo;autres affections, comme l&rsquo;ost\u00e9oporose, qui touche plus les femmes.<\/p>\n\n\n\n<p class=\"wp-block-paragraph\">L&rsquo;arr\u00eat de la s\u00e9cr\u00e9tion des hormones sexuelles a par ailleurs \u00e9galement, chez certaines femmes, un impact psychologique, comme par exemple une modification du caract\u00e8re, des sautes d&rsquo;humeur, une baisse d&rsquo;\u00e9nergie\u2026<\/p>\n\n\n<div class=\"wp-block-image\">\n<figure class=\"aligncenter size-large is-resized\"><img loading=\"lazy\" decoding=\"async\" width=\"1024\" height=\"1024\" src=\"https:\/\/macite.tg\/wp-content\/uploads\/2025\/03\/OTR_TVM-1024x1024.jpg\" alt=\"\" class=\"wp-image-20894\" style=\"width:532px;height:auto\" srcset=\"https:\/\/macite.tg\/wp-content\/uploads\/2025\/03\/OTR_TVM-1024x1024.jpg 1024w, https:\/\/macite.tg\/wp-content\/uploads\/2025\/03\/OTR_TVM-300x300.jpg 300w, https:\/\/macite.tg\/wp-content\/uploads\/2025\/03\/OTR_TVM-150x150.jpg 150w, https:\/\/macite.tg\/wp-content\/uploads\/2025\/03\/OTR_TVM-768x768.jpg 768w, https:\/\/macite.tg\/wp-content\/uploads\/2025\/03\/OTR_TVM-1536x1536.jpg 1536w, https:\/\/macite.tg\/wp-content\/uploads\/2025\/03\/OTR_TVM-122x122.jpg 122w, https:\/\/macite.tg\/wp-content\/uploads\/2025\/03\/OTR_TVM.jpg 1600w\" sizes=\"auto, (max-width: 1024px) 100vw, 1024px\" \/><\/figure>\n<\/div>\n\n\n<p class=\"wp-block-paragraph\">Un point positif toutefois : tout finit par rentrer dans l&rsquo;ordre quand les troubles s&rsquo;estompent. Les femmes retrouvent alors un nouvel \u00e9quilibre hormonal et la dur\u00e9e \u00e9galement de ce processus d\u00e9pend de chaque femme.<\/p>\n\n\n\n<p class=\"wp-block-paragraph\"><em>(<strong>Auteur: Carole Assignon<\/strong>)<\/em><\/p>\n\n\n\n<p class=\"wp-block-paragraph\"><strong><em>@macite.tg&nbsp;&nbsp;&nbsp;&nbsp;&nbsp;&nbsp;&nbsp;&nbsp;<\/em><\/strong><\/p>\n\n\n\n<p class=\"wp-block-paragraph\"><strong><em>E-mail&nbsp;: <\/em><\/strong><a href=\"mailto:maciteinfo@gmail.com\"><strong><em>maciteinfo@gmail.com<\/em><\/strong><\/a><strong><em>; <\/em><\/strong><a href=\"mailto:bawela1@gmail.com\"><strong><em>bawela1@gmail.com<\/em><\/strong><\/a><strong><em><\/em><\/strong><\/p>\n\n\n\n<p class=\"wp-block-paragraph\"><strong><em>Pour vos annonces, (publi)reportages, etc., joignez-nous au (00228)91515309\/<strong>79872224 <\/strong>www.macite.tg, L\u2019information, la bonne&nbsp;!<\/em><\/strong><\/p>\n\n\n\n<p class=\"wp-block-paragraph\"><\/p>\n","protected":false},"excerpt":{"rendered":"<p class=\"text-justify mb-2\" >1,2 milliard, c&rsquo;est selon l&rsquo;Organisation mondiale de la sant\u00e9, le nombre de femmes qui, jusqu&rsquo;en 2030, seront \u00e2g\u00e9es de 50 ans et donc dans une phase de leur vie qui correspond \u00e0 la m\u00e9nopause. Chez certaines femmes, elle commence relativement t\u00f4t, entre 40 et 45 [&hellip;]<\/p>\n","protected":false},"author":2,"featured_media":20963,"comment_status":"open","ping_status":"open","sticky":false,"template":"","format":"standard","meta":{"footnotes":""},"categories":[20,5],"tags":[],"class_list":["post-20962","post","type-post","status-publish","format-standard","has-post-thumbnail","hentry","category-actualite","category-sante"],"yoast_head":"<!-- This site is optimized with the Yoast SEO plugin v28.4 - https:\/\/yoast.com\/product\/yoast-seo-wordpress\/ -->\n<title>LA MENOPAUSE\u00a0: En parler pour \u00eatre mieux pr\u00e9par\u00e9 -<\/title>\n<meta name=\"robots\" content=\"index, follow, max-snippet:-1, max-image-preview:large, max-video-preview:-1\" \/>\n<link rel=\"canonical\" href=\"https:\/\/macite.tg\/?p=20962\" \/>\n<meta property=\"og:locale\" content=\"fr_FR\" \/>\n<meta property=\"og:type\" content=\"article\" \/>\n<meta property=\"og:title\" content=\"LA MENOPAUSE\u00a0: En parler pour \u00eatre mieux pr\u00e9par\u00e9 -\" \/>\n<meta property=\"og:description\" content=\"1,2 milliard, c&rsquo;est selon l&rsquo;Organisation mondiale de la sant\u00e9, le nombre de femmes qui, jusqu&rsquo;en 2030, seront \u00e2g\u00e9es de 50 ans et donc dans une phase de leur vie qui correspond \u00e0 la m\u00e9nopause. Chez certaines femmes, elle commence relativement t\u00f4t, entre 40 et 45 [&hellip;]\" \/>\n<meta property=\"og:url\" content=\"https:\/\/macite.tg\/?p=20962\" \/>\n<meta property=\"article:published_time\" content=\"2025-03-27T15:50:01+00:00\" \/>\n<meta property=\"article:modified_time\" content=\"2025-03-27T15:50:20+00:00\" \/>\n<meta property=\"og:image\" content=\"https:\/\/macite.tg\/wp-content\/uploads\/2025\/03\/image-72.png\" \/>\n\t<meta property=\"og:image:width\" content=\"398\" \/>\n\t<meta property=\"og:image:height\" content=\"237\" \/>\n\t<meta property=\"og:image:type\" content=\"image\/png\" \/>\n<meta name=\"author\" content=\"Jean Pierre BAWELA\" \/>\n<meta name=\"twitter:card\" content=\"summary_large_image\" \/>\n<meta name=\"twitter:label1\" content=\"\u00c9crit par\" \/>\n\t<meta name=\"twitter:data1\" content=\"Jean Pierre BAWELA\" \/>\n\t<meta name=\"twitter:label2\" content=\"Dur\u00e9e de lecture estim\u00e9e\" \/>\n\t<meta name=\"twitter:data2\" content=\"3 minutes\" \/>\n<script type=\"application\/ld+json\" class=\"yoast-schema-graph\">{\"@context\":\"https:\\\/\\\/schema.org\",\"@graph\":[{\"@type\":\"Article\",\"@id\":\"https:\\\/\\\/macite.tg\\\/?p=20962#article\",\"isPartOf\":{\"@id\":\"https:\\\/\\\/macite.tg\\\/?p=20962\"},\"author\":{\"name\":\"Jean Pierre BAWELA\",\"@id\":\"https:\\\/\\\/macite.tg\\\/#\\\/schema\\\/person\\\/e9f2de7e5dbbe7770a9402c7ce82f5c2\"},\"headline\":\"LA MENOPAUSE\u00a0: En parler pour \u00eatre mieux pr\u00e9par\u00e9\",\"datePublished\":\"2025-03-27T15:50:01+00:00\",\"dateModified\":\"2025-03-27T15:50:20+00:00\",\"mainEntityOfPage\":{\"@id\":\"https:\\\/\\\/macite.tg\\\/?p=20962\"},\"wordCount\":506,\"commentCount\":0,\"image\":{\"@id\":\"https:\\\/\\\/macite.tg\\\/?p=20962#primaryimage\"},\"thumbnailUrl\":\"https:\\\/\\\/macite.tg\\\/wp-content\\\/uploads\\\/2025\\\/03\\\/image-72.png\",\"articleSection\":[\"ACTUALITE\",\"SANTE\"],\"inLanguage\":\"fr-FR\",\"potentialAction\":[{\"@type\":\"CommentAction\",\"name\":\"Comment\",\"target\":[\"https:\\\/\\\/macite.tg\\\/?p=20962#respond\"]}]},{\"@type\":\"WebPage\",\"@id\":\"https:\\\/\\\/macite.tg\\\/?p=20962\",\"url\":\"https:\\\/\\\/macite.tg\\\/?p=20962\",\"name\":\"LA MENOPAUSE\u00a0: En parler pour \u00eatre mieux pr\u00e9par\u00e9 -\",\"isPartOf\":{\"@id\":\"https:\\\/\\\/macite.tg\\\/#website\"},\"primaryImageOfPage\":{\"@id\":\"https:\\\/\\\/macite.tg\\\/?p=20962#primaryimage\"},\"image\":{\"@id\":\"https:\\\/\\\/macite.tg\\\/?p=20962#primaryimage\"},\"thumbnailUrl\":\"https:\\\/\\\/macite.tg\\\/wp-content\\\/uploads\\\/2025\\\/03\\\/image-72.png\",\"datePublished\":\"2025-03-27T15:50:01+00:00\",\"dateModified\":\"2025-03-27T15:50:20+00:00\",\"author\":{\"@id\":\"https:\\\/\\\/macite.tg\\\/#\\\/schema\\\/person\\\/e9f2de7e5dbbe7770a9402c7ce82f5c2\"},\"breadcrumb\":{\"@id\":\"https:\\\/\\\/macite.tg\\\/?p=20962#breadcrumb\"},\"inLanguage\":\"fr-FR\",\"potentialAction\":[{\"@type\":\"ReadAction\",\"target\":[\"https:\\\/\\\/macite.tg\\\/?p=20962\"]}]},{\"@type\":\"ImageObject\",\"inLanguage\":\"fr-FR\",\"@id\":\"https:\\\/\\\/macite.tg\\\/?p=20962#primaryimage\",\"url\":\"https:\\\/\\\/macite.tg\\\/wp-content\\\/uploads\\\/2025\\\/03\\\/image-72.png\",\"contentUrl\":\"https:\\\/\\\/macite.tg\\\/wp-content\\\/uploads\\\/2025\\\/03\\\/image-72.png\",\"width\":398,\"height\":237,\"caption\":\"Une femme en situation\"},{\"@type\":\"BreadcrumbList\",\"@id\":\"https:\\\/\\\/macite.tg\\\/?p=20962#breadcrumb\",\"itemListElement\":[{\"@type\":\"ListItem\",\"position\":1,\"name\":\"Accueil\",\"item\":\"https:\\\/\\\/macite.tg\\\/\"},{\"@type\":\"ListItem\",\"position\":2,\"name\":\"LA MENOPAUSE\u00a0: En parler pour \u00eatre mieux pr\u00e9par\u00e9\"}]},{\"@type\":\"WebSite\",\"@id\":\"https:\\\/\\\/macite.tg\\\/#website\",\"url\":\"https:\\\/\\\/macite.tg\\\/\",\"name\":\"\",\"description\":\"L&#039;information, la bonne!!!\",\"potentialAction\":[{\"@type\":\"SearchAction\",\"target\":{\"@type\":\"EntryPoint\",\"urlTemplate\":\"https:\\\/\\\/macite.tg\\\/?s={search_term_string}\"},\"query-input\":{\"@type\":\"PropertyValueSpecification\",\"valueRequired\":true,\"valueName\":\"search_term_string\"}}],\"inLanguage\":\"fr-FR\"},{\"@type\":\"Person\",\"@id\":\"https:\\\/\\\/macite.tg\\\/#\\\/schema\\\/person\\\/e9f2de7e5dbbe7770a9402c7ce82f5c2\",\"name\":\"Jean Pierre BAWELA\",\"image\":{\"@type\":\"ImageObject\",\"inLanguage\":\"fr-FR\",\"@id\":\"https:\\\/\\\/macite.tg\\\/wp-content\\\/uploads\\\/2023\\\/09\\\/WhatsApp-Image-2023-09-19-at-14.44.41-122x122.jpeg\",\"url\":\"https:\\\/\\\/macite.tg\\\/wp-content\\\/uploads\\\/2023\\\/09\\\/WhatsApp-Image-2023-09-19-at-14.44.41-122x122.jpeg\",\"contentUrl\":\"https:\\\/\\\/macite.tg\\\/wp-content\\\/uploads\\\/2023\\\/09\\\/WhatsApp-Image-2023-09-19-at-14.44.41-122x122.jpeg\",\"caption\":\"Jean Pierre BAWELA\"},\"url\":\"https:\\\/\\\/macite.tg\\\/?author=2\"}]}<\/script>\n<!-- \/ Yoast SEO plugin. -->","yoast_head_json":{"title":"LA MENOPAUSE\u00a0: En parler pour \u00eatre mieux pr\u00e9par\u00e9 -","robots":{"index":"index","follow":"follow","max-snippet":"max-snippet:-1","max-image-preview":"max-image-preview:large","max-video-preview":"max-video-preview:-1"},"canonical":"https:\/\/macite.tg\/?p=20962","og_locale":"fr_FR","og_type":"article","og_title":"LA MENOPAUSE\u00a0: En parler pour \u00eatre mieux pr\u00e9par\u00e9 -","og_description":"1,2 milliard, c&rsquo;est selon l&rsquo;Organisation mondiale de la sant\u00e9, le nombre de femmes qui, jusqu&rsquo;en 2030, seront \u00e2g\u00e9es de 50 ans et donc dans une phase de leur vie qui correspond \u00e0 la m\u00e9nopause. Chez certaines femmes, elle commence relativement t\u00f4t, entre 40 et 45 [&hellip;]","og_url":"https:\/\/macite.tg\/?p=20962","article_published_time":"2025-03-27T15:50:01+00:00","article_modified_time":"2025-03-27T15:50:20+00:00","og_image":[{"width":398,"height":237,"url":"https:\/\/macite.tg\/wp-content\/uploads\/2025\/03\/image-72.png","type":"image\/png"}],"author":"Jean Pierre BAWELA","twitter_card":"summary_large_image","twitter_misc":{"\u00c9crit par":"Jean Pierre BAWELA","Dur\u00e9e de lecture estim\u00e9e":"3 minutes"},"schema":{"@context":"https:\/\/schema.org","@graph":[{"@type":"Article","@id":"https:\/\/macite.tg\/?p=20962#article","isPartOf":{"@id":"https:\/\/macite.tg\/?p=20962"},"author":{"name":"Jean Pierre BAWELA","@id":"https:\/\/macite.tg\/#\/schema\/person\/e9f2de7e5dbbe7770a9402c7ce82f5c2"},"headline":"LA MENOPAUSE\u00a0: En parler pour \u00eatre mieux pr\u00e9par\u00e9","datePublished":"2025-03-27T15:50:01+00:00","dateModified":"2025-03-27T15:50:20+00:00","mainEntityOfPage":{"@id":"https:\/\/macite.tg\/?p=20962"},"wordCount":506,"commentCount":0,"image":{"@id":"https:\/\/macite.tg\/?p=20962#primaryimage"},"thumbnailUrl":"https:\/\/macite.tg\/wp-content\/uploads\/2025\/03\/image-72.png","articleSection":["ACTUALITE","SANTE"],"inLanguage":"fr-FR","potentialAction":[{"@type":"CommentAction","name":"Comment","target":["https:\/\/macite.tg\/?p=20962#respond"]}]},{"@type":"WebPage","@id":"https:\/\/macite.tg\/?p=20962","url":"https:\/\/macite.tg\/?p=20962","name":"LA MENOPAUSE\u00a0: En parler pour \u00eatre mieux pr\u00e9par\u00e9 -","isPartOf":{"@id":"https:\/\/macite.tg\/#website"},"primaryImageOfPage":{"@id":"https:\/\/macite.tg\/?p=20962#primaryimage"},"image":{"@id":"https:\/\/macite.tg\/?p=20962#primaryimage"},"thumbnailUrl":"https:\/\/macite.tg\/wp-content\/uploads\/2025\/03\/image-72.png","datePublished":"2025-03-27T15:50:01+00:00","dateModified":"2025-03-27T15:50:20+00:00","author":{"@id":"https:\/\/macite.tg\/#\/schema\/person\/e9f2de7e5dbbe7770a9402c7ce82f5c2"},"breadcrumb":{"@id":"https:\/\/macite.tg\/?p=20962#breadcrumb"},"inLanguage":"fr-FR","potentialAction":[{"@type":"ReadAction","target":["https:\/\/macite.tg\/?p=20962"]}]},{"@type":"ImageObject","inLanguage":"fr-FR","@id":"https:\/\/macite.tg\/?p=20962#primaryimage","url":"https:\/\/macite.tg\/wp-content\/uploads\/2025\/03\/image-72.png","contentUrl":"https:\/\/macite.tg\/wp-content\/uploads\/2025\/03\/image-72.png","width":398,"height":237,"caption":"Une femme en situation"},{"@type":"BreadcrumbList","@id":"https:\/\/macite.tg\/?p=20962#breadcrumb","itemListElement":[{"@type":"ListItem","position":1,"name":"Accueil","item":"https:\/\/macite.tg\/"},{"@type":"ListItem","position":2,"name":"LA MENOPAUSE\u00a0: En parler pour \u00eatre mieux pr\u00e9par\u00e9"}]},{"@type":"WebSite","@id":"https:\/\/macite.tg\/#website","url":"https:\/\/macite.tg\/","name":"","description":"L&#039;information, la bonne!!!","potentialAction":[{"@type":"SearchAction","target":{"@type":"EntryPoint","urlTemplate":"https:\/\/macite.tg\/?s={search_term_string}"},"query-input":{"@type":"PropertyValueSpecification","valueRequired":true,"valueName":"search_term_string"}}],"inLanguage":"fr-FR"},{"@type":"Person","@id":"https:\/\/macite.tg\/#\/schema\/person\/e9f2de7e5dbbe7770a9402c7ce82f5c2","name":"Jean Pierre BAWELA","image":{"@type":"ImageObject","inLanguage":"fr-FR","@id":"https:\/\/macite.tg\/wp-content\/uploads\/2023\/09\/WhatsApp-Image-2023-09-19-at-14.44.41-122x122.jpeg","url":"https:\/\/macite.tg\/wp-content\/uploads\/2023\/09\/WhatsApp-Image-2023-09-19-at-14.44.41-122x122.jpeg","contentUrl":"https:\/\/macite.tg\/wp-content\/uploads\/2023\/09\/WhatsApp-Image-2023-09-19-at-14.44.41-122x122.jpeg","caption":"Jean Pierre BAWELA"},"url":"https:\/\/macite.tg\/?author=2"}]}},"_links":{"self":[{"href":"https:\/\/macite.tg\/index.php?rest_route=\/wp\/v2\/posts\/20962","targetHints":{"allow":["GET"]}}],"collection":[{"href":"https:\/\/macite.tg\/index.php?rest_route=\/wp\/v2\/posts"}],"about":[{"href":"https:\/\/macite.tg\/index.php?rest_route=\/wp\/v2\/types\/post"}],"author":[{"embeddable":true,"href":"https:\/\/macite.tg\/index.php?rest_route=\/wp\/v2\/users\/2"}],"replies":[{"embeddable":true,"href":"https:\/\/macite.tg\/index.php?rest_route=%2Fwp%2Fv2%2Fcomments&post=20962"}],"version-history":[{"count":0,"href":"https:\/\/macite.tg\/index.php?rest_route=\/wp\/v2\/posts\/20962\/revisions"}],"wp:featuredmedia":[{"embeddable":true,"href":"https:\/\/macite.tg\/index.php?rest_route=\/wp\/v2\/media\/20963"}],"wp:attachment":[{"href":"https:\/\/macite.tg\/index.php?rest_route=%2Fwp%2Fv2%2Fmedia&parent=20962"}],"wp:term":[{"taxonomy":"category","embeddable":true,"href":"https:\/\/macite.tg\/index.php?rest_route=%2Fwp%2Fv2%2Fcategories&post=20962"},{"taxonomy":"post_tag","embeddable":true,"href":"https:\/\/macite.tg\/index.php?rest_route=%2Fwp%2Fv2%2Ftags&post=20962"}],"curies":[{"name":"wp","href":"https:\/\/api.w.org\/{rel}","templated":true}]}}