{"id":20953,"date":"2025-03-27T13:47:59","date_gmt":"2025-03-27T13:47:59","guid":{"rendered":"https:\/\/macite.tg\/?p=20953"},"modified":"2025-03-27T13:49:33","modified_gmt":"2025-03-27T13:49:33","slug":"hommage-au-pere-de-la-nation-decorations-des-fds-et-une-conference-scientifique-au-menu-du-25-mars-dernier-a-lome","status":"publish","type":"post","link":"https:\/\/macite.tg\/?p=20953","title":{"rendered":"HOMMAGE AU PERE DE LA NATION\u00a0: D\u00e9corations des FDS et une conf\u00e9rence scientifique au menu d&rsquo;une c\u00e9r\u00e9monie \u00e0 Lom\u00e9"},"content":{"rendered":"\n<p class=\"wp-block-paragraph\"><strong><em>Un double \u00e9v\u00e9nement a eu lieu, le mardi 25 mars dernier au camp G\u00e9n\u00e9ral Gnassingb\u00e9 Eyad\u00e9ma de Lom\u00e9. Une c\u00e9r\u00e9monie d\u2019hommage au P\u00e8re de la Nation, marqu\u00e9e par une conf\u00e9rence scientifique, coupl\u00e9e d\u2019une c\u00e9r\u00e9monie de d\u00e9coration des forces de d\u00e9fense et de s\u00e9curit\u00e9. C\u2019\u00e9tait en pr\u00e9sence du Chef d l\u2019Etat, Faure Gnassingb\u00e9, comme invit\u00e9 d\u2019honneur.<\/em><\/strong><\/p>\n\n\n\n<p class=\"wp-block-paragraph\">Les activit\u00e9s marquant les 20 ans du rappel \u00e0 Dieu du Pr\u00e9sident Gnassingb\u00e9 Eyad\u00e9ma, se poursuivent encore. Le mardi 25 mars dernier, une conf\u00e9rence scientifique a eu lieu la poursuite de l\u2019hommage au Camp G\u00e9n\u00e9ral Gnassingb\u00e9 Eyad\u00e9ma.<\/p>\n\n\n\n<p class=\"wp-block-paragraph\">Au menu de cette conf\u00e9rence, deux communications portant, respectivement, sur les th\u00e8mes<em>&nbsp;\u00ab Gnassingb\u00e9 Eyad\u00e9ma : du soldat de rang au G\u00e9n\u00e9ral \u00bb <\/em>et <em>\u00ab Gnassingb\u00e9 Eyad\u00e9ma, b\u00e2tisseur de l\u2019arm\u00e9e togolaise&nbsp;\u00bb, <\/em>anim\u00e9e par des enseignants-chercheurs.<\/p>\n\n\n<div class=\"wp-block-image\">\n<figure class=\"aligncenter size-large is-resized\"><img loading=\"lazy\" decoding=\"async\" width=\"1024\" height=\"1024\" src=\"https:\/\/macite.tg\/wp-content\/uploads\/2025\/03\/OTR_TVM2-1024x1024.jpg\" alt=\"\" class=\"wp-image-20895\" style=\"width:504px;height:auto\" srcset=\"https:\/\/macite.tg\/wp-content\/uploads\/2025\/03\/OTR_TVM2-1024x1024.jpg 1024w, https:\/\/macite.tg\/wp-content\/uploads\/2025\/03\/OTR_TVM2-300x300.jpg 300w, https:\/\/macite.tg\/wp-content\/uploads\/2025\/03\/OTR_TVM2-150x150.jpg 150w, https:\/\/macite.tg\/wp-content\/uploads\/2025\/03\/OTR_TVM2-768x768.jpg 768w, https:\/\/macite.tg\/wp-content\/uploads\/2025\/03\/OTR_TVM2-1536x1536.jpg 1536w, https:\/\/macite.tg\/wp-content\/uploads\/2025\/03\/OTR_TVM2-122x122.jpg 122w, https:\/\/macite.tg\/wp-content\/uploads\/2025\/03\/OTR_TVM2.jpg 1600w\" sizes=\"auto, (max-width: 1024px) 100vw, 1024px\" \/><\/figure>\n<\/div>\n\n\n<p class=\"wp-block-paragraph\">Cette rencontre a \u00e9t\u00e9 une occasion pour les diff\u00e9rents orateurs de retracer le parcours de l\u2019illustre disparu, depuis son enr\u00f4lement dans l\u2019arm\u00e9e fran\u00e7aise jusqu\u2019\u00e0 la consolidation de l\u2019outil de d\u00e9fense national. Parcours qui t\u00e9moigne de la r\u00e9silience de l\u2019homme, la loyaut\u00e9 de l\u2019arm\u00e9e derri\u00e8re son leader, et l\u2019engagement du Pr\u00e9sident de la R\u00e9publique, Faure Gnassingb\u00e9, \u00e0 renforcer la paix et l\u2019unit\u00e9 nationale.<\/p>\n\n\n\n<p class=\"wp-block-paragraph\">Cette conf\u00e9rence a \u00e9t\u00e9 pr\u00e9c\u00e9d\u00e9e d\u2019une c\u00e9r\u00e9monie de d\u00e9corations des forces de s\u00e9curit\u00e9 et de d\u00e9fense, ceci dans le cadre de la comm\u00e9moration du 32<sup>\u00e8me<\/sup> anniversaire de l\u2019attaque terroriste de mars 1993.<\/p>\n\n\n\n<p class=\"wp-block-paragraph\">A cette occasion, des officiers sup\u00e9rieurs, subalternes, sous-officiers et des soldats de rang ont \u00e9t\u00e9 d\u00e9cor\u00e9s, ceci en reconnaissance de leur m\u00e9rite, engagement et contribution pour la Nation. Ainsi, plusieurs personnalit\u00e9s militaires ont \u00e9t\u00e9 faits respectivement Commandeurs de l\u2019ordre du Mono, de l\u2019Ordre national du m\u00e9rite, d\u2019Officiers de l\u2019ordre du Mono, d\u2019Officiers de l\u2019ordre national du m\u00e9rite, de Chevaliers de l\u2019ordre du Mono, de Chevaliers de l\u2019ordre national du m\u00e9rite. D\u2019autres se sont vu d\u00e9cerner des m\u00e9dailles du m\u00e9rite militaire.<\/p>\n\n\n\n<p class=\"wp-block-paragraph\">Rappelons que le jeudi 25 mars 1993, aux environs de 3 h, une attaque aux armes automatiques a vis\u00e9 la r\u00e9sidence du Pr\u00e9sident de la R\u00e9publique d\u2019alors, qui r\u00e9sidait au Camp du R\u00e9giment Interarmes. Face \u00e0 cette attaque soudaine, faisant preuve d\u2019un courage exceptionnel, le G\u00e9n\u00e9ral Eyad\u00e9ma, port\u00e9 par son instinct de chef militaire, a su organiser la riposte, ceci sous le sifflement des balles. Un acte de bravoure qui a mis en d\u00e9route les assaillants qui, avant de battre en retraite, ont port\u00e9 d\u2019immenses pertes aux forces arm\u00e9es togolaises malheureusement.<\/p>\n\n\n<div class=\"wp-block-image\">\n<figure class=\"aligncenter size-large is-resized\"><img loading=\"lazy\" decoding=\"async\" width=\"1024\" height=\"1024\" src=\"https:\/\/macite.tg\/wp-content\/uploads\/2025\/03\/OTR_TVM-1024x1024.jpg\" alt=\"\" class=\"wp-image-20894\" style=\"width:510px;height:auto\" srcset=\"https:\/\/macite.tg\/wp-content\/uploads\/2025\/03\/OTR_TVM-1024x1024.jpg 1024w, https:\/\/macite.tg\/wp-content\/uploads\/2025\/03\/OTR_TVM-300x300.jpg 300w, https:\/\/macite.tg\/wp-content\/uploads\/2025\/03\/OTR_TVM-150x150.jpg 150w, https:\/\/macite.tg\/wp-content\/uploads\/2025\/03\/OTR_TVM-768x768.jpg 768w, https:\/\/macite.tg\/wp-content\/uploads\/2025\/03\/OTR_TVM-1536x1536.jpg 1536w, https:\/\/macite.tg\/wp-content\/uploads\/2025\/03\/OTR_TVM-122x122.jpg 122w, https:\/\/macite.tg\/wp-content\/uploads\/2025\/03\/OTR_TVM.jpg 1600w\" sizes=\"auto, (max-width: 1024px) 100vw, 1024px\" \/><\/figure>\n<\/div>\n\n\n<p class=\"wp-block-paragraph\">Le ministre de l\u2019Administration territoriale, Awat\u00e9 Hodabalo, pr\u00e9sident du comit\u00e9 d\u2019organisation des hommages pour les 20 ans du rappel \u00e0 Dieu du G\u00e9n\u00e9ral Gnassingb\u00e9 Eyad\u00e9ma, a salu\u00e9 l\u2019engagement du Pr\u00e9sident Faure, en faveur de la modernisation des forces de d\u00e9fense, notamment par la mise \u00e0 disposition de moyens adapt\u00e9s \u00e0 la lutte efficace contre le terrorisme.<\/p>\n\n\n\n<p class=\"wp-block-paragraph\"><strong>JPB<\/strong><\/p>\n\n\n\n<p class=\"wp-block-paragraph\"><a><strong><em>@macite.tg&nbsp;&nbsp;&nbsp;&nbsp;&nbsp;&nbsp;&nbsp;&nbsp;<\/em><\/strong><\/a><\/p>\n\n\n\n<p class=\"wp-block-paragraph\"><strong><em>E-mail&nbsp;: <\/em><\/strong><a href=\"mailto:maciteinfo@gmail.com\"><strong><em>maciteinfo@gmail.com<\/em><\/strong><\/a><strong><em>; <\/em><\/strong><a href=\"mailto:bawela1@gmail.com\"><strong><em>bawela1@gmail.com<\/em><\/strong><\/a><strong><em><\/em><\/strong><\/p>\n\n\n\n<p class=\"wp-block-paragraph\"><strong><em>Pour vos annonces, (publi)reportages, etc., joignez-nous au (00228)91515309\/<strong>79872224 <\/strong>www.macite.tg, L\u2019information, la bonne&nbsp;!<\/em><\/strong><\/p>\n\n\n\n<p class=\"wp-block-paragraph\"><\/p>\n","protected":false},"excerpt":{"rendered":"<p class=\"text-justify mb-2\" >Un double \u00e9v\u00e9nement a eu lieu, le mardi 25 mars dernier au camp G\u00e9n\u00e9ral Gnassingb\u00e9 Eyad\u00e9ma de Lom\u00e9. Une c\u00e9r\u00e9monie d\u2019hommage au P\u00e8re de la Nation, marqu\u00e9e par une conf\u00e9rence scientifique, coupl\u00e9e d\u2019une c\u00e9r\u00e9monie de d\u00e9coration des forces de d\u00e9fense et de s\u00e9curit\u00e9. C\u2019\u00e9tait en [&hellip;]<\/p>\n","protected":false},"author":2,"featured_media":20955,"comment_status":"open","ping_status":"open","sticky":false,"template":"","format":"standard","meta":{"footnotes":""},"categories":[20,62],"tags":[],"class_list":["post-20953","post","type-post","status-publish","format-standard","has-post-thumbnail","hentry","category-actualite","category-hommage"],"yoast_head":"<!-- This site is optimized with the Yoast SEO plugin v28.4 - https:\/\/yoast.com\/product\/yoast-seo-wordpress\/ -->\n<title>HOMMAGE AU PERE DE LA NATION\u00a0: D\u00e9corations des FDS et une conf\u00e9rence scientifique au menu d&#039;une c\u00e9r\u00e9monie \u00e0 Lom\u00e9 -<\/title>\n<meta name=\"robots\" content=\"index, follow, max-snippet:-1, max-image-preview:large, max-video-preview:-1\" \/>\n<link rel=\"canonical\" href=\"https:\/\/macite.tg\/?p=20953\" \/>\n<meta property=\"og:locale\" content=\"fr_FR\" \/>\n<meta property=\"og:type\" content=\"article\" \/>\n<meta property=\"og:title\" content=\"HOMMAGE AU PERE DE LA NATION\u00a0: D\u00e9corations des FDS et une conf\u00e9rence scientifique au menu d&#039;une c\u00e9r\u00e9monie \u00e0 Lom\u00e9 -\" \/>\n<meta property=\"og:description\" content=\"Un double \u00e9v\u00e9nement a eu lieu, le mardi 25 mars dernier au camp G\u00e9n\u00e9ral Gnassingb\u00e9 Eyad\u00e9ma de Lom\u00e9. Une c\u00e9r\u00e9monie d\u2019hommage au P\u00e8re de la Nation, marqu\u00e9e par une conf\u00e9rence scientifique, coupl\u00e9e d\u2019une c\u00e9r\u00e9monie de d\u00e9coration des forces de d\u00e9fense et de s\u00e9curit\u00e9. C\u2019\u00e9tait en [&hellip;]\" \/>\n<meta property=\"og:url\" content=\"https:\/\/macite.tg\/?p=20953\" \/>\n<meta property=\"article:published_time\" content=\"2025-03-27T13:47:59+00:00\" \/>\n<meta property=\"article:modified_time\" content=\"2025-03-27T13:49:33+00:00\" \/>\n<meta property=\"og:image\" content=\"https:\/\/macite.tg\/wp-content\/uploads\/2025\/03\/AAA-2.jpg\" \/>\n\t<meta property=\"og:image:width\" content=\"500\" \/>\n\t<meta property=\"og:image:height\" content=\"164\" \/>\n\t<meta property=\"og:image:type\" content=\"image\/jpeg\" \/>\n<meta name=\"author\" content=\"Jean Pierre BAWELA\" \/>\n<meta name=\"twitter:card\" content=\"summary_large_image\" \/>\n<meta name=\"twitter:label1\" content=\"\u00c9crit par\" \/>\n\t<meta name=\"twitter:data1\" content=\"Jean Pierre BAWELA\" \/>\n\t<meta name=\"twitter:label2\" content=\"Dur\u00e9e de lecture estim\u00e9e\" \/>\n\t<meta name=\"twitter:data2\" content=\"3 minutes\" \/>\n<script type=\"application\/ld+json\" class=\"yoast-schema-graph\">{\"@context\":\"https:\\\/\\\/schema.org\",\"@graph\":[{\"@type\":\"Article\",\"@id\":\"https:\\\/\\\/macite.tg\\\/?p=20953#article\",\"isPartOf\":{\"@id\":\"https:\\\/\\\/macite.tg\\\/?p=20953\"},\"author\":{\"name\":\"Jean Pierre BAWELA\",\"@id\":\"https:\\\/\\\/macite.tg\\\/#\\\/schema\\\/person\\\/e9f2de7e5dbbe7770a9402c7ce82f5c2\"},\"headline\":\"HOMMAGE AU PERE DE LA NATION\u00a0: D\u00e9corations des FDS et une conf\u00e9rence scientifique au menu d&rsquo;une c\u00e9r\u00e9monie \u00e0 Lom\u00e9\",\"datePublished\":\"2025-03-27T13:47:59+00:00\",\"dateModified\":\"2025-03-27T13:49:33+00:00\",\"mainEntityOfPage\":{\"@id\":\"https:\\\/\\\/macite.tg\\\/?p=20953\"},\"wordCount\":602,\"commentCount\":0,\"image\":{\"@id\":\"https:\\\/\\\/macite.tg\\\/?p=20953#primaryimage\"},\"thumbnailUrl\":\"https:\\\/\\\/macite.tg\\\/wp-content\\\/uploads\\\/2025\\\/03\\\/AAA-2.jpg\",\"articleSection\":[\"ACTUALITE\",\"HOMMAGE\"],\"inLanguage\":\"fr-FR\",\"potentialAction\":[{\"@type\":\"CommentAction\",\"name\":\"Comment\",\"target\":[\"https:\\\/\\\/macite.tg\\\/?p=20953#respond\"]}]},{\"@type\":\"WebPage\",\"@id\":\"https:\\\/\\\/macite.tg\\\/?p=20953\",\"url\":\"https:\\\/\\\/macite.tg\\\/?p=20953\",\"name\":\"HOMMAGE AU PERE DE LA NATION\u00a0: D\u00e9corations des FDS et une conf\u00e9rence scientifique au menu d'une c\u00e9r\u00e9monie \u00e0 Lom\u00e9 -\",\"isPartOf\":{\"@id\":\"https:\\\/\\\/macite.tg\\\/#website\"},\"primaryImageOfPage\":{\"@id\":\"https:\\\/\\\/macite.tg\\\/?p=20953#primaryimage\"},\"image\":{\"@id\":\"https:\\\/\\\/macite.tg\\\/?p=20953#primaryimage\"},\"thumbnailUrl\":\"https:\\\/\\\/macite.tg\\\/wp-content\\\/uploads\\\/2025\\\/03\\\/AAA-2.jpg\",\"datePublished\":\"2025-03-27T13:47:59+00:00\",\"dateModified\":\"2025-03-27T13:49:33+00:00\",\"author\":{\"@id\":\"https:\\\/\\\/macite.tg\\\/#\\\/schema\\\/person\\\/e9f2de7e5dbbe7770a9402c7ce82f5c2\"},\"breadcrumb\":{\"@id\":\"https:\\\/\\\/macite.tg\\\/?p=20953#breadcrumb\"},\"inLanguage\":\"fr-FR\",\"potentialAction\":[{\"@type\":\"ReadAction\",\"target\":[\"https:\\\/\\\/macite.tg\\\/?p=20953\"]}]},{\"@type\":\"ImageObject\",\"inLanguage\":\"fr-FR\",\"@id\":\"https:\\\/\\\/macite.tg\\\/?p=20953#primaryimage\",\"url\":\"https:\\\/\\\/macite.tg\\\/wp-content\\\/uploads\\\/2025\\\/03\\\/AAA-2.jpg\",\"contentUrl\":\"https:\\\/\\\/macite.tg\\\/wp-content\\\/uploads\\\/2025\\\/03\\\/AAA-2.jpg\",\"width\":500,\"height\":164},{\"@type\":\"BreadcrumbList\",\"@id\":\"https:\\\/\\\/macite.tg\\\/?p=20953#breadcrumb\",\"itemListElement\":[{\"@type\":\"ListItem\",\"position\":1,\"name\":\"Accueil\",\"item\":\"https:\\\/\\\/macite.tg\\\/\"},{\"@type\":\"ListItem\",\"position\":2,\"name\":\"HOMMAGE AU PERE DE LA NATION\u00a0: D\u00e9corations des FDS et une conf\u00e9rence scientifique au menu d&rsquo;une c\u00e9r\u00e9monie \u00e0 Lom\u00e9\"}]},{\"@type\":\"WebSite\",\"@id\":\"https:\\\/\\\/macite.tg\\\/#website\",\"url\":\"https:\\\/\\\/macite.tg\\\/\",\"name\":\"\",\"description\":\"L&#039;information, la bonne!!!\",\"potentialAction\":[{\"@type\":\"SearchAction\",\"target\":{\"@type\":\"EntryPoint\",\"urlTemplate\":\"https:\\\/\\\/macite.tg\\\/?s={search_term_string}\"},\"query-input\":{\"@type\":\"PropertyValueSpecification\",\"valueRequired\":true,\"valueName\":\"search_term_string\"}}],\"inLanguage\":\"fr-FR\"},{\"@type\":\"Person\",\"@id\":\"https:\\\/\\\/macite.tg\\\/#\\\/schema\\\/person\\\/e9f2de7e5dbbe7770a9402c7ce82f5c2\",\"name\":\"Jean Pierre BAWELA\",\"image\":{\"@type\":\"ImageObject\",\"inLanguage\":\"fr-FR\",\"@id\":\"https:\\\/\\\/macite.tg\\\/wp-content\\\/uploads\\\/2023\\\/09\\\/WhatsApp-Image-2023-09-19-at-14.44.41-122x122.jpeg\",\"url\":\"https:\\\/\\\/macite.tg\\\/wp-content\\\/uploads\\\/2023\\\/09\\\/WhatsApp-Image-2023-09-19-at-14.44.41-122x122.jpeg\",\"contentUrl\":\"https:\\\/\\\/macite.tg\\\/wp-content\\\/uploads\\\/2023\\\/09\\\/WhatsApp-Image-2023-09-19-at-14.44.41-122x122.jpeg\",\"caption\":\"Jean Pierre BAWELA\"},\"url\":\"https:\\\/\\\/macite.tg\\\/?author=2\"}]}<\/script>\n<!-- \/ Yoast SEO plugin. -->","yoast_head_json":{"title":"HOMMAGE AU PERE DE LA NATION\u00a0: D\u00e9corations des FDS et une conf\u00e9rence scientifique au menu d'une c\u00e9r\u00e9monie \u00e0 Lom\u00e9 -","robots":{"index":"index","follow":"follow","max-snippet":"max-snippet:-1","max-image-preview":"max-image-preview:large","max-video-preview":"max-video-preview:-1"},"canonical":"https:\/\/macite.tg\/?p=20953","og_locale":"fr_FR","og_type":"article","og_title":"HOMMAGE AU PERE DE LA NATION\u00a0: D\u00e9corations des FDS et une conf\u00e9rence scientifique au menu d'une c\u00e9r\u00e9monie \u00e0 Lom\u00e9 -","og_description":"Un double \u00e9v\u00e9nement a eu lieu, le mardi 25 mars dernier au camp G\u00e9n\u00e9ral Gnassingb\u00e9 Eyad\u00e9ma de Lom\u00e9. Une c\u00e9r\u00e9monie d\u2019hommage au P\u00e8re de la Nation, marqu\u00e9e par une conf\u00e9rence scientifique, coupl\u00e9e d\u2019une c\u00e9r\u00e9monie de d\u00e9coration des forces de d\u00e9fense et de s\u00e9curit\u00e9. C\u2019\u00e9tait en [&hellip;]","og_url":"https:\/\/macite.tg\/?p=20953","article_published_time":"2025-03-27T13:47:59+00:00","article_modified_time":"2025-03-27T13:49:33+00:00","og_image":[{"width":500,"height":164,"url":"https:\/\/macite.tg\/wp-content\/uploads\/2025\/03\/AAA-2.jpg","type":"image\/jpeg"}],"author":"Jean Pierre BAWELA","twitter_card":"summary_large_image","twitter_misc":{"\u00c9crit par":"Jean Pierre BAWELA","Dur\u00e9e de lecture estim\u00e9e":"3 minutes"},"schema":{"@context":"https:\/\/schema.org","@graph":[{"@type":"Article","@id":"https:\/\/macite.tg\/?p=20953#article","isPartOf":{"@id":"https:\/\/macite.tg\/?p=20953"},"author":{"name":"Jean Pierre BAWELA","@id":"https:\/\/macite.tg\/#\/schema\/person\/e9f2de7e5dbbe7770a9402c7ce82f5c2"},"headline":"HOMMAGE AU PERE DE LA NATION\u00a0: D\u00e9corations des FDS et une conf\u00e9rence scientifique au menu d&rsquo;une c\u00e9r\u00e9monie \u00e0 Lom\u00e9","datePublished":"2025-03-27T13:47:59+00:00","dateModified":"2025-03-27T13:49:33+00:00","mainEntityOfPage":{"@id":"https:\/\/macite.tg\/?p=20953"},"wordCount":602,"commentCount":0,"image":{"@id":"https:\/\/macite.tg\/?p=20953#primaryimage"},"thumbnailUrl":"https:\/\/macite.tg\/wp-content\/uploads\/2025\/03\/AAA-2.jpg","articleSection":["ACTUALITE","HOMMAGE"],"inLanguage":"fr-FR","potentialAction":[{"@type":"CommentAction","name":"Comment","target":["https:\/\/macite.tg\/?p=20953#respond"]}]},{"@type":"WebPage","@id":"https:\/\/macite.tg\/?p=20953","url":"https:\/\/macite.tg\/?p=20953","name":"HOMMAGE AU PERE DE LA NATION\u00a0: D\u00e9corations des FDS et une conf\u00e9rence scientifique au menu d'une c\u00e9r\u00e9monie \u00e0 Lom\u00e9 -","isPartOf":{"@id":"https:\/\/macite.tg\/#website"},"primaryImageOfPage":{"@id":"https:\/\/macite.tg\/?p=20953#primaryimage"},"image":{"@id":"https:\/\/macite.tg\/?p=20953#primaryimage"},"thumbnailUrl":"https:\/\/macite.tg\/wp-content\/uploads\/2025\/03\/AAA-2.jpg","datePublished":"2025-03-27T13:47:59+00:00","dateModified":"2025-03-27T13:49:33+00:00","author":{"@id":"https:\/\/macite.tg\/#\/schema\/person\/e9f2de7e5dbbe7770a9402c7ce82f5c2"},"breadcrumb":{"@id":"https:\/\/macite.tg\/?p=20953#breadcrumb"},"inLanguage":"fr-FR","potentialAction":[{"@type":"ReadAction","target":["https:\/\/macite.tg\/?p=20953"]}]},{"@type":"ImageObject","inLanguage":"fr-FR","@id":"https:\/\/macite.tg\/?p=20953#primaryimage","url":"https:\/\/macite.tg\/wp-content\/uploads\/2025\/03\/AAA-2.jpg","contentUrl":"https:\/\/macite.tg\/wp-content\/uploads\/2025\/03\/AAA-2.jpg","width":500,"height":164},{"@type":"BreadcrumbList","@id":"https:\/\/macite.tg\/?p=20953#breadcrumb","itemListElement":[{"@type":"ListItem","position":1,"name":"Accueil","item":"https:\/\/macite.tg\/"},{"@type":"ListItem","position":2,"name":"HOMMAGE AU PERE DE LA NATION\u00a0: D\u00e9corations des FDS et une conf\u00e9rence scientifique au menu d&rsquo;une c\u00e9r\u00e9monie \u00e0 Lom\u00e9"}]},{"@type":"WebSite","@id":"https:\/\/macite.tg\/#website","url":"https:\/\/macite.tg\/","name":"","description":"L&#039;information, la bonne!!!","potentialAction":[{"@type":"SearchAction","target":{"@type":"EntryPoint","urlTemplate":"https:\/\/macite.tg\/?s={search_term_string}"},"query-input":{"@type":"PropertyValueSpecification","valueRequired":true,"valueName":"search_term_string"}}],"inLanguage":"fr-FR"},{"@type":"Person","@id":"https:\/\/macite.tg\/#\/schema\/person\/e9f2de7e5dbbe7770a9402c7ce82f5c2","name":"Jean Pierre BAWELA","image":{"@type":"ImageObject","inLanguage":"fr-FR","@id":"https:\/\/macite.tg\/wp-content\/uploads\/2023\/09\/WhatsApp-Image-2023-09-19-at-14.44.41-122x122.jpeg","url":"https:\/\/macite.tg\/wp-content\/uploads\/2023\/09\/WhatsApp-Image-2023-09-19-at-14.44.41-122x122.jpeg","contentUrl":"https:\/\/macite.tg\/wp-content\/uploads\/2023\/09\/WhatsApp-Image-2023-09-19-at-14.44.41-122x122.jpeg","caption":"Jean Pierre BAWELA"},"url":"https:\/\/macite.tg\/?author=2"}]}},"_links":{"self":[{"href":"https:\/\/macite.tg\/index.php?rest_route=\/wp\/v2\/posts\/20953","targetHints":{"allow":["GET"]}}],"collection":[{"href":"https:\/\/macite.tg\/index.php?rest_route=\/wp\/v2\/posts"}],"about":[{"href":"https:\/\/macite.tg\/index.php?rest_route=\/wp\/v2\/types\/post"}],"author":[{"embeddable":true,"href":"https:\/\/macite.tg\/index.php?rest_route=\/wp\/v2\/users\/2"}],"replies":[{"embeddable":true,"href":"https:\/\/macite.tg\/index.php?rest_route=%2Fwp%2Fv2%2Fcomments&post=20953"}],"version-history":[{"count":0,"href":"https:\/\/macite.tg\/index.php?rest_route=\/wp\/v2\/posts\/20953\/revisions"}],"wp:featuredmedia":[{"embeddable":true,"href":"https:\/\/macite.tg\/index.php?rest_route=\/wp\/v2\/media\/20955"}],"wp:attachment":[{"href":"https:\/\/macite.tg\/index.php?rest_route=%2Fwp%2Fv2%2Fmedia&parent=20953"}],"wp:term":[{"taxonomy":"category","embeddable":true,"href":"https:\/\/macite.tg\/index.php?rest_route=%2Fwp%2Fv2%2Fcategories&post=20953"},{"taxonomy":"post_tag","embeddable":true,"href":"https:\/\/macite.tg\/index.php?rest_route=%2Fwp%2Fv2%2Ftags&post=20953"}],"curies":[{"name":"wp","href":"https:\/\/api.w.org\/{rel}","templated":true}]}}