{"id":20946,"date":"2025-03-27T12:13:41","date_gmt":"2025-03-27T12:13:41","guid":{"rendered":"https:\/\/macite.tg\/?p=20946"},"modified":"2025-03-27T12:21:41","modified_gmt":"2025-03-27T12:21:41","slug":"data-journalisme-les-medias-togolais-appeler-a-se-mettre-au-pas","status":"publish","type":"post","link":"https:\/\/macite.tg\/?p=20946","title":{"rendered":"DATA JOURNALISME : Les m\u00e9dias togolais appel\u00e9s \u00e0 se mettre au pas\u2026"},"content":{"rendered":"\n<p class=\"wp-block-paragraph\"><strong><em>Dans le cadre de la mise en \u0153uvre du projet \u00ab&nbsp;Promouvoir la libert\u00e9 d\u2019expression et des m\u00e9dias, et prot\u00e9ger les d\u00e9fenseurs des droits de l\u2019homme au Togo&nbsp;\u00bb, port\u00e9 par l\u2019Institut Panos Afrique de l\u2019Ouest (IPAO) en partenariat avec l\u2019Observatoire Togolais des M\u00e9dias (OTM) et FAMEDEV, une session de formation a r\u00e9uni, le 25 mars dernier \u00e0 Lom\u00e9, une vingtaine de professionnels des m\u00e9dias.<\/em><\/strong><\/p>\n\n\n\n<p class=\"wp-block-paragraph\">A l\u2019\u00e8re de l\u2019Internet, des r\u00e9seaux sociaux mais aussi de l\u2019Intelligence artificielle (IA), la pratique journalistique requiert de nouvelles orientations dans l\u2019optique de s\u2019adapter au nouvel environnement. Une dynamique qui impose une nouvelle fa\u00e7on de pr\u00e9senter l\u2019information, notamment le journalisme de donn\u00e9es ou data journalisme.<\/p>\n\n\n<div class=\"wp-block-image\">\n<figure class=\"aligncenter size-full\"><img loading=\"lazy\" decoding=\"async\" width=\"500\" height=\"273\" src=\"https:\/\/macite.tg\/wp-content\/uploads\/2025\/03\/able-OTM_Data-journalisme.jpg\" alt=\"\" class=\"wp-image-20950\" srcset=\"https:\/\/macite.tg\/wp-content\/uploads\/2025\/03\/able-OTM_Data-journalisme.jpg 500w, https:\/\/macite.tg\/wp-content\/uploads\/2025\/03\/able-OTM_Data-journalisme-300x164.jpg 300w\" sizes=\"auto, (max-width: 500px) 100vw, 500px\" \/><figcaption class=\"wp-element-caption\"><strong><em>La table \u00e0 l&rsquo;ouverture des travaux de l&rsquo;atelier.<\/em><\/strong><\/figcaption><\/figure>\n<\/div>\n\n\n<p class=\"wp-block-paragraph\">Il s\u2019agit-l\u00e0 d\u2019une <em>\u00ab&nbsp;mani\u00e8re d\u2019am\u00e9liorer les reportages et la r\u00e9daction de nouvelles gr\u00e2ce \u00e0 l\u2019utilisation et \u00e0 l\u2019examen de statistiques afin de fournir un aper\u00e7u plus approfondi d\u2019un article d\u2019actualit\u00e9 et de mettre en \u00e9vidence les donn\u00e9es pertinentes&nbsp;\u00bb,<\/em> donc irr\u00e9futables, indiquent les porteurs de cette nouvelle id\u00e9ologie, notamment Antonopoulos et Karyotakis.<\/p>\n\n\n\n<p class=\"wp-block-paragraph\"><em>\u00ab&nbsp;Pratique du journalisme de donn\u00e9es (data journalisme) face au d\u00e9fi de l\u2019acc\u00e8s \u00e0 l\u2019information au Togo&nbsp;\u00bb,<\/em> tel est le th\u00e8me de cette session de sensibilisation des acteurs des m\u00e9dias \u00e0 une meilleure compr\u00e9hension des enjeux du journalisme de donn\u00e9es, sous le regard \u00e9thique et de la d\u00e9ontologie des journalistes. Sans nul doute que la <em>\u00ab&nbsp;ma\u00eetrise de nouveaux moyens et techniques de pratique du journalisme qui demeure un d\u00e9fi de renforcement de capacit\u00e9s mais \u00e9galement un atout majeur de cr\u00e9dibilit\u00e9 des professionnels des m\u00e9dias&nbsp;\u00bb.<\/em><\/p>\n\n\n\n<p class=\"wp-block-paragraph\"><em>\u00ab&nbsp;Cet atelier, \u00e0 l\u2019endroit des journalistes jeunes, vise \u00e0 aborder cette question d\u00e9licate et int\u00e9ressante pour notre profession. Ceci vient s\u2019ajouter aux autres activit\u00e9s&nbsp;\u00bb<\/em> men\u00e9es dans le cadre dudit projet a expliqu\u00e9, \u00e0 l\u2019ouverture des travaux, le pr\u00e9sident de l\u2019OTM, Fabrice P\u00e9tch\u00e9zi.<\/p>\n\n\n<div class=\"wp-block-image\">\n<figure class=\"aligncenter size-full\"><img loading=\"lazy\" decoding=\"async\" width=\"851\" height=\"315\" src=\"https:\/\/macite.tg\/wp-content\/uploads\/2025\/03\/OTR_Ferer-pour-batir-1-1.jpg\" alt=\"\" class=\"wp-image-20746\" srcset=\"https:\/\/macite.tg\/wp-content\/uploads\/2025\/03\/OTR_Ferer-pour-batir-1-1.jpg 851w, https:\/\/macite.tg\/wp-content\/uploads\/2025\/03\/OTR_Ferer-pour-batir-1-1-300x111.jpg 300w, https:\/\/macite.tg\/wp-content\/uploads\/2025\/03\/OTR_Ferer-pour-batir-1-1-768x284.jpg 768w\" sizes=\"auto, (max-width: 851px) 100vw, 851px\" \/><\/figure>\n<\/div>\n\n\n<p class=\"wp-block-paragraph\">Plusieurs modules \u00e9taient au programme, \u00e0 savoir&nbsp;: <em>\u00ab&nbsp;Les fondamentaux du data journalisme&nbsp;\u00bb, \u00ab&nbsp;Pratiques de collecte et de nettoyage de donn\u00e9es&nbsp;\u00bb, \u00ab&nbsp;Les techniques d\u2019analyse de donn\u00e9es pour les journalistes&nbsp;\u00bb, \u00ab&nbsp;les outils et logiciels d\u2019analyse de donn\u00e9es&nbsp;\u00bb<\/em> et la <em>\u00ab&nbsp;pr\u00e9sentation de donn\u00e9es&nbsp;\u00bb, \u00ab&nbsp;Ethique et d\u00e9ontologie et d\u00e9fis juridiques du data journalisme&nbsp;\u00bb, <\/em>entre autres.<\/p>\n\n\n\n<p class=\"wp-block-paragraph\">Notons que le journalisme de donn\u00e9es se veut de relater les faits sous une autre dimension, contrairement au journalisme traditionnel qui se contente de commenter ou de produire simplement les statistiques ou informations chiffr\u00e9es. Il s\u2019agit, selon les expliquent les experts, d\u00e9sormais de&nbsp;<em>\u00ab&nbsp;collecter, classer et analyser des donn\u00e9es chiffr\u00e9es afin de faire ressortir l\u2019information&nbsp;\u00bb.<\/em><\/p>\n\n\n\n<p class=\"wp-block-paragraph\">Cette nouvelle forme de journalisme donne la <em>\u00ab&nbsp;possibilit\u00e9 de choix d\u2019angles d\u2019approches diff\u00e9rentes pour raconter des histoires, analyser les chiffres pour donner une nouvelle pr\u00e9sentation de l\u2019information \u00e0 travers un meilleur design et l\u2019utilisation des outils infographiques&nbsp;\u00bb, <\/em>explique-t-on.<\/p>\n\n\n<div class=\"wp-block-image\">\n<figure class=\"aligncenter size-large is-resized\"><img loading=\"lazy\" decoding=\"async\" width=\"1024\" height=\"1024\" src=\"https:\/\/macite.tg\/wp-content\/uploads\/2025\/03\/OTR_TVM2-1024x1024.jpg\" alt=\"\" class=\"wp-image-20895\" style=\"width:502px;height:auto\" srcset=\"https:\/\/macite.tg\/wp-content\/uploads\/2025\/03\/OTR_TVM2-1024x1024.jpg 1024w, https:\/\/macite.tg\/wp-content\/uploads\/2025\/03\/OTR_TVM2-300x300.jpg 300w, https:\/\/macite.tg\/wp-content\/uploads\/2025\/03\/OTR_TVM2-150x150.jpg 150w, https:\/\/macite.tg\/wp-content\/uploads\/2025\/03\/OTR_TVM2-768x768.jpg 768w, https:\/\/macite.tg\/wp-content\/uploads\/2025\/03\/OTR_TVM2-1536x1536.jpg 1536w, https:\/\/macite.tg\/wp-content\/uploads\/2025\/03\/OTR_TVM2-122x122.jpg 122w, https:\/\/macite.tg\/wp-content\/uploads\/2025\/03\/OTR_TVM2.jpg 1600w\" sizes=\"auto, (max-width: 1024px) 100vw, 1024px\" \/><\/figure>\n<\/div>\n\n\n<p class=\"wp-block-paragraph\">Et le formateur Richard Folly de souligner que <em>\u00ab&nbsp;(\u2026) dans le monde num\u00e9rique, il n\u2019y a pas autre chose qui relates les faits mieux que les donn\u00e9es. Les faire intervenir dans les articles et autres transforme la fa\u00e7on dont on raconte ces faits et faire interagir le public&nbsp;\u00bb.<\/em><\/p>\n\n\n\n<p class=\"wp-block-paragraph\"><strong>JPB<\/strong><\/p>\n\n\n\n<p class=\"wp-block-paragraph\"><a><strong><em>@macite.tg&nbsp;&nbsp;&nbsp;&nbsp;&nbsp;&nbsp;&nbsp;&nbsp;<\/em><\/strong><\/a><\/p>\n\n\n\n<p class=\"wp-block-paragraph\"><strong><em>E-mail&nbsp;: <\/em><\/strong><a href=\"mailto:maciteinfo@gmail.com\"><strong><em>maciteinfo@gmail.com<\/em><\/strong><\/a><strong><em>; <\/em><\/strong><a href=\"mailto:bawela1@gmail.com\"><strong><em>bawela1@gmail.com<\/em><\/strong><\/a><strong><em><\/em><\/strong><\/p>\n\n\n\n<p class=\"wp-block-paragraph\"><strong><em>Pour vos annonces, (publi)reportages, etc., joignez-nous au (00228)91515309\/<strong>79872224 <\/strong>www.macite.tg, L\u2019information, la bonne&nbsp;!<\/em><\/strong><\/p>\n\n\n\n<p class=\"wp-block-paragraph\"><\/p>\n","protected":false},"excerpt":{"rendered":"<p class=\"text-justify mb-2\" >Dans le cadre de la mise en \u0153uvre du projet \u00ab&nbsp;Promouvoir la libert\u00e9 d\u2019expression et des m\u00e9dias, et prot\u00e9ger les d\u00e9fenseurs des droits de l\u2019homme au Togo&nbsp;\u00bb, port\u00e9 par l\u2019Institut Panos Afrique de l\u2019Ouest (IPAO) en partenariat avec l\u2019Observatoire Togolais des M\u00e9dias (OTM) et FAMEDEV, [&hellip;]<\/p>\n","protected":false},"author":2,"featured_media":20949,"comment_status":"open","ping_status":"open","sticky":false,"template":"","format":"standard","meta":{"footnotes":""},"categories":[20,14],"tags":[],"class_list":["post-20946","post","type-post","status-publish","format-standard","has-post-thumbnail","hentry","category-actualite","category-medias"],"yoast_head":"<!-- This site is optimized with the Yoast SEO plugin v28.4 - https:\/\/yoast.com\/product\/yoast-seo-wordpress\/ -->\n<title>DATA JOURNALISME : Les m\u00e9dias togolais appel\u00e9s \u00e0 se mettre au pas\u2026 -<\/title>\n<meta name=\"robots\" content=\"index, follow, max-snippet:-1, max-image-preview:large, max-video-preview:-1\" \/>\n<link rel=\"canonical\" href=\"https:\/\/macite.tg\/?p=20946\" \/>\n<meta property=\"og:locale\" content=\"fr_FR\" \/>\n<meta property=\"og:type\" content=\"article\" \/>\n<meta property=\"og:title\" content=\"DATA JOURNALISME : Les m\u00e9dias togolais appel\u00e9s \u00e0 se mettre au pas\u2026 -\" \/>\n<meta property=\"og:description\" content=\"Dans le cadre de la mise en \u0153uvre du projet \u00ab&nbsp;Promouvoir la libert\u00e9 d\u2019expression et des m\u00e9dias, et prot\u00e9ger les d\u00e9fenseurs des droits de l\u2019homme au Togo&nbsp;\u00bb, port\u00e9 par l\u2019Institut Panos Afrique de l\u2019Ouest (IPAO) en partenariat avec l\u2019Observatoire Togolais des M\u00e9dias (OTM) et FAMEDEV, [&hellip;]\" \/>\n<meta property=\"og:url\" content=\"https:\/\/macite.tg\/?p=20946\" \/>\n<meta property=\"article:published_time\" content=\"2025-03-27T12:13:41+00:00\" \/>\n<meta property=\"article:modified_time\" content=\"2025-03-27T12:21:41+00:00\" \/>\n<meta property=\"og:image\" content=\"https:\/\/macite.tg\/wp-content\/uploads\/2025\/03\/Data-Journa_Otm.jpg\" \/>\n\t<meta property=\"og:image:width\" content=\"500\" \/>\n\t<meta property=\"og:image:height\" content=\"283\" \/>\n\t<meta property=\"og:image:type\" content=\"image\/jpeg\" \/>\n<meta name=\"author\" content=\"Jean Pierre BAWELA\" \/>\n<meta name=\"twitter:card\" content=\"summary_large_image\" \/>\n<meta name=\"twitter:label1\" content=\"\u00c9crit par\" \/>\n\t<meta name=\"twitter:data1\" content=\"Jean Pierre BAWELA\" \/>\n\t<meta name=\"twitter:label2\" content=\"Dur\u00e9e de lecture estim\u00e9e\" \/>\n\t<meta name=\"twitter:data2\" content=\"4 minutes\" \/>\n<script type=\"application\/ld+json\" class=\"yoast-schema-graph\">{\"@context\":\"https:\\\/\\\/schema.org\",\"@graph\":[{\"@type\":\"Article\",\"@id\":\"https:\\\/\\\/macite.tg\\\/?p=20946#article\",\"isPartOf\":{\"@id\":\"https:\\\/\\\/macite.tg\\\/?p=20946\"},\"author\":{\"name\":\"Jean Pierre BAWELA\",\"@id\":\"https:\\\/\\\/macite.tg\\\/#\\\/schema\\\/person\\\/e9f2de7e5dbbe7770a9402c7ce82f5c2\"},\"headline\":\"DATA JOURNALISME : Les m\u00e9dias togolais appel\u00e9s \u00e0 se mettre au pas\u2026\",\"datePublished\":\"2025-03-27T12:13:41+00:00\",\"dateModified\":\"2025-03-27T12:21:41+00:00\",\"mainEntityOfPage\":{\"@id\":\"https:\\\/\\\/macite.tg\\\/?p=20946\"},\"wordCount\":638,\"commentCount\":0,\"image\":{\"@id\":\"https:\\\/\\\/macite.tg\\\/?p=20946#primaryimage\"},\"thumbnailUrl\":\"https:\\\/\\\/macite.tg\\\/wp-content\\\/uploads\\\/2025\\\/03\\\/Data-Journa_Otm.jpg\",\"articleSection\":[\"ACTUALITE\",\"MEDIAS\"],\"inLanguage\":\"fr-FR\",\"potentialAction\":[{\"@type\":\"CommentAction\",\"name\":\"Comment\",\"target\":[\"https:\\\/\\\/macite.tg\\\/?p=20946#respond\"]}]},{\"@type\":\"WebPage\",\"@id\":\"https:\\\/\\\/macite.tg\\\/?p=20946\",\"url\":\"https:\\\/\\\/macite.tg\\\/?p=20946\",\"name\":\"DATA JOURNALISME : Les m\u00e9dias togolais appel\u00e9s \u00e0 se mettre au pas\u2026 -\",\"isPartOf\":{\"@id\":\"https:\\\/\\\/macite.tg\\\/#website\"},\"primaryImageOfPage\":{\"@id\":\"https:\\\/\\\/macite.tg\\\/?p=20946#primaryimage\"},\"image\":{\"@id\":\"https:\\\/\\\/macite.tg\\\/?p=20946#primaryimage\"},\"thumbnailUrl\":\"https:\\\/\\\/macite.tg\\\/wp-content\\\/uploads\\\/2025\\\/03\\\/Data-Journa_Otm.jpg\",\"datePublished\":\"2025-03-27T12:13:41+00:00\",\"dateModified\":\"2025-03-27T12:21:41+00:00\",\"author\":{\"@id\":\"https:\\\/\\\/macite.tg\\\/#\\\/schema\\\/person\\\/e9f2de7e5dbbe7770a9402c7ce82f5c2\"},\"breadcrumb\":{\"@id\":\"https:\\\/\\\/macite.tg\\\/?p=20946#breadcrumb\"},\"inLanguage\":\"fr-FR\",\"potentialAction\":[{\"@type\":\"ReadAction\",\"target\":[\"https:\\\/\\\/macite.tg\\\/?p=20946\"]}]},{\"@type\":\"ImageObject\",\"inLanguage\":\"fr-FR\",\"@id\":\"https:\\\/\\\/macite.tg\\\/?p=20946#primaryimage\",\"url\":\"https:\\\/\\\/macite.tg\\\/wp-content\\\/uploads\\\/2025\\\/03\\\/Data-Journa_Otm.jpg\",\"contentUrl\":\"https:\\\/\\\/macite.tg\\\/wp-content\\\/uploads\\\/2025\\\/03\\\/Data-Journa_Otm.jpg\",\"width\":500,\"height\":283},{\"@type\":\"BreadcrumbList\",\"@id\":\"https:\\\/\\\/macite.tg\\\/?p=20946#breadcrumb\",\"itemListElement\":[{\"@type\":\"ListItem\",\"position\":1,\"name\":\"Accueil\",\"item\":\"https:\\\/\\\/macite.tg\\\/\"},{\"@type\":\"ListItem\",\"position\":2,\"name\":\"DATA JOURNALISME : Les m\u00e9dias togolais appel\u00e9s \u00e0 se mettre au pas\u2026\"}]},{\"@type\":\"WebSite\",\"@id\":\"https:\\\/\\\/macite.tg\\\/#website\",\"url\":\"https:\\\/\\\/macite.tg\\\/\",\"name\":\"\",\"description\":\"L&#039;information, la bonne!!!\",\"potentialAction\":[{\"@type\":\"SearchAction\",\"target\":{\"@type\":\"EntryPoint\",\"urlTemplate\":\"https:\\\/\\\/macite.tg\\\/?s={search_term_string}\"},\"query-input\":{\"@type\":\"PropertyValueSpecification\",\"valueRequired\":true,\"valueName\":\"search_term_string\"}}],\"inLanguage\":\"fr-FR\"},{\"@type\":\"Person\",\"@id\":\"https:\\\/\\\/macite.tg\\\/#\\\/schema\\\/person\\\/e9f2de7e5dbbe7770a9402c7ce82f5c2\",\"name\":\"Jean Pierre BAWELA\",\"image\":{\"@type\":\"ImageObject\",\"inLanguage\":\"fr-FR\",\"@id\":\"https:\\\/\\\/macite.tg\\\/wp-content\\\/uploads\\\/2023\\\/09\\\/WhatsApp-Image-2023-09-19-at-14.44.41-122x122.jpeg\",\"url\":\"https:\\\/\\\/macite.tg\\\/wp-content\\\/uploads\\\/2023\\\/09\\\/WhatsApp-Image-2023-09-19-at-14.44.41-122x122.jpeg\",\"contentUrl\":\"https:\\\/\\\/macite.tg\\\/wp-content\\\/uploads\\\/2023\\\/09\\\/WhatsApp-Image-2023-09-19-at-14.44.41-122x122.jpeg\",\"caption\":\"Jean Pierre BAWELA\"},\"url\":\"https:\\\/\\\/macite.tg\\\/?author=2\"}]}<\/script>\n<!-- \/ Yoast SEO plugin. -->","yoast_head_json":{"title":"DATA JOURNALISME : Les m\u00e9dias togolais appel\u00e9s \u00e0 se mettre au pas\u2026 -","robots":{"index":"index","follow":"follow","max-snippet":"max-snippet:-1","max-image-preview":"max-image-preview:large","max-video-preview":"max-video-preview:-1"},"canonical":"https:\/\/macite.tg\/?p=20946","og_locale":"fr_FR","og_type":"article","og_title":"DATA JOURNALISME : Les m\u00e9dias togolais appel\u00e9s \u00e0 se mettre au pas\u2026 -","og_description":"Dans le cadre de la mise en \u0153uvre du projet \u00ab&nbsp;Promouvoir la libert\u00e9 d\u2019expression et des m\u00e9dias, et prot\u00e9ger les d\u00e9fenseurs des droits de l\u2019homme au Togo&nbsp;\u00bb, port\u00e9 par l\u2019Institut Panos Afrique de l\u2019Ouest (IPAO) en partenariat avec l\u2019Observatoire Togolais des M\u00e9dias (OTM) et FAMEDEV, [&hellip;]","og_url":"https:\/\/macite.tg\/?p=20946","article_published_time":"2025-03-27T12:13:41+00:00","article_modified_time":"2025-03-27T12:21:41+00:00","og_image":[{"width":500,"height":283,"url":"https:\/\/macite.tg\/wp-content\/uploads\/2025\/03\/Data-Journa_Otm.jpg","type":"image\/jpeg"}],"author":"Jean Pierre BAWELA","twitter_card":"summary_large_image","twitter_misc":{"\u00c9crit par":"Jean Pierre BAWELA","Dur\u00e9e de lecture estim\u00e9e":"4 minutes"},"schema":{"@context":"https:\/\/schema.org","@graph":[{"@type":"Article","@id":"https:\/\/macite.tg\/?p=20946#article","isPartOf":{"@id":"https:\/\/macite.tg\/?p=20946"},"author":{"name":"Jean Pierre BAWELA","@id":"https:\/\/macite.tg\/#\/schema\/person\/e9f2de7e5dbbe7770a9402c7ce82f5c2"},"headline":"DATA JOURNALISME : Les m\u00e9dias togolais appel\u00e9s \u00e0 se mettre au pas\u2026","datePublished":"2025-03-27T12:13:41+00:00","dateModified":"2025-03-27T12:21:41+00:00","mainEntityOfPage":{"@id":"https:\/\/macite.tg\/?p=20946"},"wordCount":638,"commentCount":0,"image":{"@id":"https:\/\/macite.tg\/?p=20946#primaryimage"},"thumbnailUrl":"https:\/\/macite.tg\/wp-content\/uploads\/2025\/03\/Data-Journa_Otm.jpg","articleSection":["ACTUALITE","MEDIAS"],"inLanguage":"fr-FR","potentialAction":[{"@type":"CommentAction","name":"Comment","target":["https:\/\/macite.tg\/?p=20946#respond"]}]},{"@type":"WebPage","@id":"https:\/\/macite.tg\/?p=20946","url":"https:\/\/macite.tg\/?p=20946","name":"DATA JOURNALISME : Les m\u00e9dias togolais appel\u00e9s \u00e0 se mettre au pas\u2026 -","isPartOf":{"@id":"https:\/\/macite.tg\/#website"},"primaryImageOfPage":{"@id":"https:\/\/macite.tg\/?p=20946#primaryimage"},"image":{"@id":"https:\/\/macite.tg\/?p=20946#primaryimage"},"thumbnailUrl":"https:\/\/macite.tg\/wp-content\/uploads\/2025\/03\/Data-Journa_Otm.jpg","datePublished":"2025-03-27T12:13:41+00:00","dateModified":"2025-03-27T12:21:41+00:00","author":{"@id":"https:\/\/macite.tg\/#\/schema\/person\/e9f2de7e5dbbe7770a9402c7ce82f5c2"},"breadcrumb":{"@id":"https:\/\/macite.tg\/?p=20946#breadcrumb"},"inLanguage":"fr-FR","potentialAction":[{"@type":"ReadAction","target":["https:\/\/macite.tg\/?p=20946"]}]},{"@type":"ImageObject","inLanguage":"fr-FR","@id":"https:\/\/macite.tg\/?p=20946#primaryimage","url":"https:\/\/macite.tg\/wp-content\/uploads\/2025\/03\/Data-Journa_Otm.jpg","contentUrl":"https:\/\/macite.tg\/wp-content\/uploads\/2025\/03\/Data-Journa_Otm.jpg","width":500,"height":283},{"@type":"BreadcrumbList","@id":"https:\/\/macite.tg\/?p=20946#breadcrumb","itemListElement":[{"@type":"ListItem","position":1,"name":"Accueil","item":"https:\/\/macite.tg\/"},{"@type":"ListItem","position":2,"name":"DATA JOURNALISME : Les m\u00e9dias togolais appel\u00e9s \u00e0 se mettre au pas\u2026"}]},{"@type":"WebSite","@id":"https:\/\/macite.tg\/#website","url":"https:\/\/macite.tg\/","name":"","description":"L&#039;information, la bonne!!!","potentialAction":[{"@type":"SearchAction","target":{"@type":"EntryPoint","urlTemplate":"https:\/\/macite.tg\/?s={search_term_string}"},"query-input":{"@type":"PropertyValueSpecification","valueRequired":true,"valueName":"search_term_string"}}],"inLanguage":"fr-FR"},{"@type":"Person","@id":"https:\/\/macite.tg\/#\/schema\/person\/e9f2de7e5dbbe7770a9402c7ce82f5c2","name":"Jean Pierre BAWELA","image":{"@type":"ImageObject","inLanguage":"fr-FR","@id":"https:\/\/macite.tg\/wp-content\/uploads\/2023\/09\/WhatsApp-Image-2023-09-19-at-14.44.41-122x122.jpeg","url":"https:\/\/macite.tg\/wp-content\/uploads\/2023\/09\/WhatsApp-Image-2023-09-19-at-14.44.41-122x122.jpeg","contentUrl":"https:\/\/macite.tg\/wp-content\/uploads\/2023\/09\/WhatsApp-Image-2023-09-19-at-14.44.41-122x122.jpeg","caption":"Jean Pierre BAWELA"},"url":"https:\/\/macite.tg\/?author=2"}]}},"_links":{"self":[{"href":"https:\/\/macite.tg\/index.php?rest_route=\/wp\/v2\/posts\/20946","targetHints":{"allow":["GET"]}}],"collection":[{"href":"https:\/\/macite.tg\/index.php?rest_route=\/wp\/v2\/posts"}],"about":[{"href":"https:\/\/macite.tg\/index.php?rest_route=\/wp\/v2\/types\/post"}],"author":[{"embeddable":true,"href":"https:\/\/macite.tg\/index.php?rest_route=\/wp\/v2\/users\/2"}],"replies":[{"embeddable":true,"href":"https:\/\/macite.tg\/index.php?rest_route=%2Fwp%2Fv2%2Fcomments&post=20946"}],"version-history":[{"count":0,"href":"https:\/\/macite.tg\/index.php?rest_route=\/wp\/v2\/posts\/20946\/revisions"}],"wp:featuredmedia":[{"embeddable":true,"href":"https:\/\/macite.tg\/index.php?rest_route=\/wp\/v2\/media\/20949"}],"wp:attachment":[{"href":"https:\/\/macite.tg\/index.php?rest_route=%2Fwp%2Fv2%2Fmedia&parent=20946"}],"wp:term":[{"taxonomy":"category","embeddable":true,"href":"https:\/\/macite.tg\/index.php?rest_route=%2Fwp%2Fv2%2Fcategories&post=20946"},{"taxonomy":"post_tag","embeddable":true,"href":"https:\/\/macite.tg\/index.php?rest_route=%2Fwp%2Fv2%2Ftags&post=20946"}],"curies":[{"name":"wp","href":"https:\/\/api.w.org\/{rel}","templated":true}]}}