{"id":20941,"date":"2025-03-26T19:43:30","date_gmt":"2025-03-26T19:43:30","guid":{"rendered":"https:\/\/macite.tg\/?p=20941"},"modified":"2025-03-26T19:43:43","modified_gmt":"2025-03-26T19:43:43","slug":"taniere-des-lions-de-la-teranga-les-verites-del-hadji-diouf-sur-les-convocations-en-selection-nationale","status":"publish","type":"post","link":"https:\/\/macite.tg\/?p=20941","title":{"rendered":"TANIERE DES LIONS DE LA TERANGA : Les v\u00e9rit\u00e9s d\u2019El Hadji Diouf sur les convocations en s\u00e9lection nationale"},"content":{"rendered":"\n<p class=\"wp-block-paragraph\"><strong><em>Une place en \u00e9quipe nationale ne se r\u00e9clame pas, mais elle se m\u00e9rite par les performances en club. C\u2019est ce que l\u2019on peut retenir des propos d\u2019El Hadji Diouf concernant les joueurs qui ont exprim\u00e9 leur frustration de ne pas avoir \u00e9t\u00e9 s\u00e9lectionn\u00e9s par Pape Thiaw.<\/em><\/strong> <\/p>\n\n\n\n<p class=\"wp-block-paragraph\">Lors du deuxi\u00e8me galop d\u2019entra\u00eenement de Pape Thiaw et de ses hommes, mardi dernier, au terrain annexe du Stade Abdoulaye Wade, El Hadji Diouf&nbsp;a \u00e9t\u00e9 interrog\u00e9 sur la question. Le double Ballon d\u2019Or africain n\u2019a pas m\u00e2ch\u00e9 ses mots et a recadr\u00e9 fermement les jeunes joueurs m\u00e9contents.<\/p>\n\n\n\n<p class=\"wp-block-paragraph\">Diouf a mis les choses au clair pour les footballeurs s\u00e9n\u00e9galais qui ont publiquement exprim\u00e9 leur m\u00e9contentement apr\u00e8s la publication de la liste des convoqu\u00e9s pour les deux prochaines rencontres des Lions contre le Soudan et le Togo.<\/p>\n\n\n<div class=\"wp-block-image\">\n<figure class=\"aligncenter size-large is-resized\"><img loading=\"lazy\" decoding=\"async\" width=\"1024\" height=\"1024\" src=\"https:\/\/macite.tg\/wp-content\/uploads\/2025\/03\/OTR_TVM2-1024x1024.jpg\" alt=\"\" class=\"wp-image-20895\" style=\"width:554px;height:auto\" srcset=\"https:\/\/macite.tg\/wp-content\/uploads\/2025\/03\/OTR_TVM2-1024x1024.jpg 1024w, https:\/\/macite.tg\/wp-content\/uploads\/2025\/03\/OTR_TVM2-300x300.jpg 300w, https:\/\/macite.tg\/wp-content\/uploads\/2025\/03\/OTR_TVM2-150x150.jpg 150w, https:\/\/macite.tg\/wp-content\/uploads\/2025\/03\/OTR_TVM2-768x768.jpg 768w, https:\/\/macite.tg\/wp-content\/uploads\/2025\/03\/OTR_TVM2-1536x1536.jpg 1536w, https:\/\/macite.tg\/wp-content\/uploads\/2025\/03\/OTR_TVM2-122x122.jpg 122w, https:\/\/macite.tg\/wp-content\/uploads\/2025\/03\/OTR_TVM2.jpg 1600w\" sizes=\"auto, (max-width: 1024px) 100vw, 1024px\" \/><\/figure>\n<\/div>\n\n\n<p class=\"wp-block-paragraph\">De nombreux joueurs avaient r\u00e9agi vivement, r\u00e9clamant leur place dans l\u2019\u00e9quipe nationale. Pr\u00e9sent lors de l\u2019entra\u00eenement, El Hadji Diouf n\u2019a pas h\u00e9sit\u00e9 \u00e0 leur rappeler que, dans le football, la s\u00e9lection ne se fait pas sur des caprices, mais sur des performances concr\u00e8tes.<\/p>\n\n\n\n<p class=\"wp-block-paragraph\"><em>\u00ab Dans ce groupe, on a la chance d\u2019avoir des joueurs intelligents qui adh\u00e8rent \u00e0 n\u2019importe quel discours de l\u2019entra\u00eeneur. Aujourd\u2019hui, Pape fait du bon travail et il est \u00e9vident que le groupe vit bien \u00bb,<\/em> a indiqu\u00e9 El Hadji Diouf.<\/p>\n\n\n\n<p class=\"wp-block-paragraph\"><em>\u00ab Il y a quelqu\u2019un qui d\u00e9cide et qui s\u2019appelle Pape Thiaw, avec son staff. Les joueurs doivent performer dans leur club. Moi, je n\u2019ai jamais demand\u00e9 \u00e0 venir en \u00e9quipe nationale, c\u2019est sur le terrain que cela se passe. Sadio, Gana ne l\u2019ont jamais fait. Donc, les joueurs frustr\u00e9s de ne pas \u00eatre appel\u00e9s doivent attendre leur heure. Ils doivent travailler dur et donner le meilleur d\u2019eux-m\u00eames. Pape Thiaw ne fait pas d\u2019amalgames, il choisira toujours les meilleurs pour nous faire gagner. \u00bb<\/em><\/p>\n\n\n<div class=\"wp-block-image\">\n<figure class=\"aligncenter size-full\"><img loading=\"lazy\" decoding=\"async\" width=\"526\" height=\"526\" src=\"https:\/\/macite.tg\/wp-content\/uploads\/2025\/03\/OTR_Jeune-1.jpg\" alt=\"\" class=\"wp-image-20795\" srcset=\"https:\/\/macite.tg\/wp-content\/uploads\/2025\/03\/OTR_Jeune-1.jpg 526w, https:\/\/macite.tg\/wp-content\/uploads\/2025\/03\/OTR_Jeune-1-300x300.jpg 300w, https:\/\/macite.tg\/wp-content\/uploads\/2025\/03\/OTR_Jeune-1-150x150.jpg 150w, https:\/\/macite.tg\/wp-content\/uploads\/2025\/03\/OTR_Jeune-1-122x122.jpg 122w\" sizes=\"auto, (max-width: 526px) 100vw, 526px\" \/><\/figure>\n<\/div>\n\n\n<p class=\"wp-block-paragraph\">El Hadji Diouf a \u00e9galement soulign\u00e9 la qualit\u00e9 des nouvelles recrues. <em>\u00ab Les nouveaux joueurs qui sont l\u00e0 sont venus apporter quelque chose \u00e0 l\u2019\u00e9quipe. Ce sont de tr\u00e8s grands joueurs ; s\u2019ils sont appel\u00e9s en \u00e9quipe nationale, c\u2019est parce qu\u2019ils le m\u00e9ritent \u00bb,<\/em> a-t-il affirm\u00e9. Il a notamment mentionn\u00e9 Richard Sagna, le seul joueur local \u00e9voluant en Ligue 2, qu\u2019il a encourag\u00e9 \u00e0 se d\u00e9complexer et \u00e0 ne pas avoir peur de s\u2019exprimer sur le terrain.<\/p>\n\n\n\n<p class=\"wp-block-paragraph\"><em>\u00ab Ce que j\u2019ai dit \u00e0 Richard Sagna, c\u2019est qu\u2019il faut se d\u00e9complexer, ne pas \u00eatre timide. Il ne faut pas avoir peur de demander des conseils aupr\u00e8s des anciens, comme Sadio, Koulibaly, ou Mendy. Sur le terrain, il faut s\u2019exprimer \u00bb,<\/em> a pr\u00e9cis\u00e9 El Hadji Diouf.<\/p>\n\n\n\n<p class=\"wp-block-paragraph\">Il a conclu en soulignant que les nouvelles recrues apportent un renfort pr\u00e9cieux \u00e0 l\u2019\u00e9quipe, et a insist\u00e9 sur le fait que Yehvann Diouf, un jeune gardien surveill\u00e9 de pr\u00e8s depuis longtemps, fait partie de l\u2019avenir du football s\u00e9n\u00e9galais. <em>\u00ab C\u2019est un grand gardien et il fait partie de l\u2019avenir du football s\u00e9n\u00e9galais. \u00bb<\/em><\/p>\n\n\n<div class=\"wp-block-image\">\n<figure class=\"aligncenter size-large is-resized\"><img loading=\"lazy\" decoding=\"async\" width=\"1024\" height=\"1024\" src=\"https:\/\/macite.tg\/wp-content\/uploads\/2025\/03\/OTR_TVM-1024x1024.jpg\" alt=\"\" class=\"wp-image-20894\" style=\"width:554px;height:auto\" srcset=\"https:\/\/macite.tg\/wp-content\/uploads\/2025\/03\/OTR_TVM-1024x1024.jpg 1024w, https:\/\/macite.tg\/wp-content\/uploads\/2025\/03\/OTR_TVM-300x300.jpg 300w, https:\/\/macite.tg\/wp-content\/uploads\/2025\/03\/OTR_TVM-150x150.jpg 150w, https:\/\/macite.tg\/wp-content\/uploads\/2025\/03\/OTR_TVM-768x768.jpg 768w, https:\/\/macite.tg\/wp-content\/uploads\/2025\/03\/OTR_TVM-1536x1536.jpg 1536w, https:\/\/macite.tg\/wp-content\/uploads\/2025\/03\/OTR_TVM-122x122.jpg 122w, https:\/\/macite.tg\/wp-content\/uploads\/2025\/03\/OTR_TVM.jpg 1600w\" sizes=\"auto, (max-width: 1024px) 100vw, 1024px\" \/><\/figure>\n<\/div>\n\n\n<p class=\"wp-block-paragraph\">Pour El Hadji Diouf, les jeunes joueurs doivent rester patients et concentr\u00e9s sur leur travail en club pour m\u00e9riter leur place en \u00e9quipe nationale, car, comme il le rappelle, seul le terrain parle.<\/p>\n\n\n\n<p class=\"wp-block-paragraph\"><strong>SeneNews<\/strong><\/p>\n\n\n\n<p class=\"wp-block-paragraph\"><a><strong><em>@macite.tg&nbsp;&nbsp;&nbsp;&nbsp;&nbsp;&nbsp;&nbsp;&nbsp;<\/em><\/strong><\/a><\/p>\n\n\n\n<p class=\"wp-block-paragraph\"><strong><em>E-mail&nbsp;: <\/em><\/strong><a href=\"mailto:maciteinfo@gmail.com\"><strong><em>maciteinfo@gmail.com<\/em><\/strong><\/a><strong><em>; <\/em><\/strong><a href=\"mailto:bawela1@gmail.com\"><strong><em>bawela1@gmail.com<\/em><\/strong><\/a><strong><em> <\/em><\/strong><strong><em><\/em><\/strong><\/p>\n\n\n\n<p class=\"wp-block-paragraph\"><strong><em>Pour vos annonces, (publi)reportages, etc., joignez-nous au (00228)91515309\/<strong>79872224 <\/strong>www.macite.tg, L\u2019information, la bonne&nbsp;!<\/em><\/strong><\/p>\n\n\n\n<p class=\"wp-block-paragraph\"><\/p>\n","protected":false},"excerpt":{"rendered":"<p class=\"text-justify mb-2\" >Une place en \u00e9quipe nationale ne se r\u00e9clame pas, mais elle se m\u00e9rite par les performances en club. C\u2019est ce que l\u2019on peut retenir des propos d\u2019El Hadji Diouf concernant les joueurs qui ont exprim\u00e9 leur frustration de ne pas avoir \u00e9t\u00e9 s\u00e9lectionn\u00e9s par Pape [&hellip;]<\/p>\n","protected":false},"author":2,"featured_media":20942,"comment_status":"open","ping_status":"open","sticky":false,"template":"","format":"standard","meta":{"footnotes":""},"categories":[20,63,7],"tags":[],"class_list":["post-20941","post","type-post","status-publish","format-standard","has-post-thumbnail","hentry","category-actualite","category-football","category-sports"],"yoast_head":"<!-- This site is optimized with the Yoast SEO plugin v28.4 - https:\/\/yoast.com\/product\/yoast-seo-wordpress\/ -->\n<title>TANIERE DES LIONS DE LA TERANGA : Les v\u00e9rit\u00e9s d\u2019El Hadji Diouf sur les convocations en s\u00e9lection nationale -<\/title>\n<meta name=\"robots\" content=\"index, follow, max-snippet:-1, max-image-preview:large, max-video-preview:-1\" \/>\n<link rel=\"canonical\" href=\"https:\/\/macite.tg\/?p=20941\" \/>\n<meta property=\"og:locale\" content=\"fr_FR\" \/>\n<meta property=\"og:type\" content=\"article\" \/>\n<meta property=\"og:title\" content=\"TANIERE DES LIONS DE LA TERANGA : Les v\u00e9rit\u00e9s d\u2019El Hadji Diouf sur les convocations en s\u00e9lection nationale -\" \/>\n<meta property=\"og:description\" content=\"Une place en \u00e9quipe nationale ne se r\u00e9clame pas, mais elle se m\u00e9rite par les performances en club. C\u2019est ce que l\u2019on peut retenir des propos d\u2019El Hadji Diouf concernant les joueurs qui ont exprim\u00e9 leur frustration de ne pas avoir \u00e9t\u00e9 s\u00e9lectionn\u00e9s par Pape [&hellip;]\" \/>\n<meta property=\"og:url\" content=\"https:\/\/macite.tg\/?p=20941\" \/>\n<meta property=\"article:published_time\" content=\"2025-03-26T19:43:30+00:00\" \/>\n<meta property=\"article:modified_time\" content=\"2025-03-26T19:43:43+00:00\" \/>\n<meta property=\"og:image\" content=\"https:\/\/macite.tg\/wp-content\/uploads\/2025\/03\/image-69.png\" \/>\n\t<meta property=\"og:image:width\" content=\"427\" \/>\n\t<meta property=\"og:image:height\" content=\"266\" \/>\n\t<meta property=\"og:image:type\" content=\"image\/png\" \/>\n<meta name=\"author\" content=\"Jean Pierre BAWELA\" \/>\n<meta name=\"twitter:card\" content=\"summary_large_image\" \/>\n<meta name=\"twitter:label1\" content=\"\u00c9crit par\" \/>\n\t<meta name=\"twitter:data1\" content=\"Jean Pierre BAWELA\" \/>\n\t<meta name=\"twitter:label2\" content=\"Dur\u00e9e de lecture estim\u00e9e\" \/>\n\t<meta name=\"twitter:data2\" content=\"4 minutes\" \/>\n<script type=\"application\/ld+json\" class=\"yoast-schema-graph\">{\"@context\":\"https:\\\/\\\/schema.org\",\"@graph\":[{\"@type\":\"Article\",\"@id\":\"https:\\\/\\\/macite.tg\\\/?p=20941#article\",\"isPartOf\":{\"@id\":\"https:\\\/\\\/macite.tg\\\/?p=20941\"},\"author\":{\"name\":\"Jean Pierre BAWELA\",\"@id\":\"https:\\\/\\\/macite.tg\\\/#\\\/schema\\\/person\\\/e9f2de7e5dbbe7770a9402c7ce82f5c2\"},\"headline\":\"TANIERE DES LIONS DE LA TERANGA : Les v\u00e9rit\u00e9s d\u2019El Hadji Diouf sur les convocations en s\u00e9lection nationale\",\"datePublished\":\"2025-03-26T19:43:30+00:00\",\"dateModified\":\"2025-03-26T19:43:43+00:00\",\"mainEntityOfPage\":{\"@id\":\"https:\\\/\\\/macite.tg\\\/?p=20941\"},\"wordCount\":623,\"commentCount\":0,\"image\":{\"@id\":\"https:\\\/\\\/macite.tg\\\/?p=20941#primaryimage\"},\"thumbnailUrl\":\"https:\\\/\\\/macite.tg\\\/wp-content\\\/uploads\\\/2025\\\/03\\\/image-69.png\",\"articleSection\":[\"ACTUALITE\",\"FOOTBALL\",\"SPORTS\"],\"inLanguage\":\"fr-FR\",\"potentialAction\":[{\"@type\":\"CommentAction\",\"name\":\"Comment\",\"target\":[\"https:\\\/\\\/macite.tg\\\/?p=20941#respond\"]}]},{\"@type\":\"WebPage\",\"@id\":\"https:\\\/\\\/macite.tg\\\/?p=20941\",\"url\":\"https:\\\/\\\/macite.tg\\\/?p=20941\",\"name\":\"TANIERE DES LIONS DE LA TERANGA : Les v\u00e9rit\u00e9s d\u2019El Hadji Diouf sur les convocations en s\u00e9lection nationale -\",\"isPartOf\":{\"@id\":\"https:\\\/\\\/macite.tg\\\/#website\"},\"primaryImageOfPage\":{\"@id\":\"https:\\\/\\\/macite.tg\\\/?p=20941#primaryimage\"},\"image\":{\"@id\":\"https:\\\/\\\/macite.tg\\\/?p=20941#primaryimage\"},\"thumbnailUrl\":\"https:\\\/\\\/macite.tg\\\/wp-content\\\/uploads\\\/2025\\\/03\\\/image-69.png\",\"datePublished\":\"2025-03-26T19:43:30+00:00\",\"dateModified\":\"2025-03-26T19:43:43+00:00\",\"author\":{\"@id\":\"https:\\\/\\\/macite.tg\\\/#\\\/schema\\\/person\\\/e9f2de7e5dbbe7770a9402c7ce82f5c2\"},\"breadcrumb\":{\"@id\":\"https:\\\/\\\/macite.tg\\\/?p=20941#breadcrumb\"},\"inLanguage\":\"fr-FR\",\"potentialAction\":[{\"@type\":\"ReadAction\",\"target\":[\"https:\\\/\\\/macite.tg\\\/?p=20941\"]}]},{\"@type\":\"ImageObject\",\"inLanguage\":\"fr-FR\",\"@id\":\"https:\\\/\\\/macite.tg\\\/?p=20941#primaryimage\",\"url\":\"https:\\\/\\\/macite.tg\\\/wp-content\\\/uploads\\\/2025\\\/03\\\/image-69.png\",\"contentUrl\":\"https:\\\/\\\/macite.tg\\\/wp-content\\\/uploads\\\/2025\\\/03\\\/image-69.png\",\"width\":427,\"height\":266},{\"@type\":\"BreadcrumbList\",\"@id\":\"https:\\\/\\\/macite.tg\\\/?p=20941#breadcrumb\",\"itemListElement\":[{\"@type\":\"ListItem\",\"position\":1,\"name\":\"Accueil\",\"item\":\"https:\\\/\\\/macite.tg\\\/\"},{\"@type\":\"ListItem\",\"position\":2,\"name\":\"TANIERE DES LIONS DE LA TERANGA : Les v\u00e9rit\u00e9s d\u2019El Hadji Diouf sur les convocations en s\u00e9lection nationale\"}]},{\"@type\":\"WebSite\",\"@id\":\"https:\\\/\\\/macite.tg\\\/#website\",\"url\":\"https:\\\/\\\/macite.tg\\\/\",\"name\":\"\",\"description\":\"L&#039;information, la bonne!!!\",\"potentialAction\":[{\"@type\":\"SearchAction\",\"target\":{\"@type\":\"EntryPoint\",\"urlTemplate\":\"https:\\\/\\\/macite.tg\\\/?s={search_term_string}\"},\"query-input\":{\"@type\":\"PropertyValueSpecification\",\"valueRequired\":true,\"valueName\":\"search_term_string\"}}],\"inLanguage\":\"fr-FR\"},{\"@type\":\"Person\",\"@id\":\"https:\\\/\\\/macite.tg\\\/#\\\/schema\\\/person\\\/e9f2de7e5dbbe7770a9402c7ce82f5c2\",\"name\":\"Jean Pierre BAWELA\",\"image\":{\"@type\":\"ImageObject\",\"inLanguage\":\"fr-FR\",\"@id\":\"https:\\\/\\\/macite.tg\\\/wp-content\\\/uploads\\\/2023\\\/09\\\/WhatsApp-Image-2023-09-19-at-14.44.41-122x122.jpeg\",\"url\":\"https:\\\/\\\/macite.tg\\\/wp-content\\\/uploads\\\/2023\\\/09\\\/WhatsApp-Image-2023-09-19-at-14.44.41-122x122.jpeg\",\"contentUrl\":\"https:\\\/\\\/macite.tg\\\/wp-content\\\/uploads\\\/2023\\\/09\\\/WhatsApp-Image-2023-09-19-at-14.44.41-122x122.jpeg\",\"caption\":\"Jean Pierre BAWELA\"},\"url\":\"https:\\\/\\\/macite.tg\\\/?author=2\"}]}<\/script>\n<!-- \/ Yoast SEO plugin. -->","yoast_head_json":{"title":"TANIERE DES LIONS DE LA TERANGA : Les v\u00e9rit\u00e9s d\u2019El Hadji Diouf sur les convocations en s\u00e9lection nationale -","robots":{"index":"index","follow":"follow","max-snippet":"max-snippet:-1","max-image-preview":"max-image-preview:large","max-video-preview":"max-video-preview:-1"},"canonical":"https:\/\/macite.tg\/?p=20941","og_locale":"fr_FR","og_type":"article","og_title":"TANIERE DES LIONS DE LA TERANGA : Les v\u00e9rit\u00e9s d\u2019El Hadji Diouf sur les convocations en s\u00e9lection nationale -","og_description":"Une place en \u00e9quipe nationale ne se r\u00e9clame pas, mais elle se m\u00e9rite par les performances en club. C\u2019est ce que l\u2019on peut retenir des propos d\u2019El Hadji Diouf concernant les joueurs qui ont exprim\u00e9 leur frustration de ne pas avoir \u00e9t\u00e9 s\u00e9lectionn\u00e9s par Pape [&hellip;]","og_url":"https:\/\/macite.tg\/?p=20941","article_published_time":"2025-03-26T19:43:30+00:00","article_modified_time":"2025-03-26T19:43:43+00:00","og_image":[{"width":427,"height":266,"url":"https:\/\/macite.tg\/wp-content\/uploads\/2025\/03\/image-69.png","type":"image\/png"}],"author":"Jean Pierre BAWELA","twitter_card":"summary_large_image","twitter_misc":{"\u00c9crit par":"Jean Pierre BAWELA","Dur\u00e9e de lecture estim\u00e9e":"4 minutes"},"schema":{"@context":"https:\/\/schema.org","@graph":[{"@type":"Article","@id":"https:\/\/macite.tg\/?p=20941#article","isPartOf":{"@id":"https:\/\/macite.tg\/?p=20941"},"author":{"name":"Jean Pierre BAWELA","@id":"https:\/\/macite.tg\/#\/schema\/person\/e9f2de7e5dbbe7770a9402c7ce82f5c2"},"headline":"TANIERE DES LIONS DE LA TERANGA : Les v\u00e9rit\u00e9s d\u2019El Hadji Diouf sur les convocations en s\u00e9lection nationale","datePublished":"2025-03-26T19:43:30+00:00","dateModified":"2025-03-26T19:43:43+00:00","mainEntityOfPage":{"@id":"https:\/\/macite.tg\/?p=20941"},"wordCount":623,"commentCount":0,"image":{"@id":"https:\/\/macite.tg\/?p=20941#primaryimage"},"thumbnailUrl":"https:\/\/macite.tg\/wp-content\/uploads\/2025\/03\/image-69.png","articleSection":["ACTUALITE","FOOTBALL","SPORTS"],"inLanguage":"fr-FR","potentialAction":[{"@type":"CommentAction","name":"Comment","target":["https:\/\/macite.tg\/?p=20941#respond"]}]},{"@type":"WebPage","@id":"https:\/\/macite.tg\/?p=20941","url":"https:\/\/macite.tg\/?p=20941","name":"TANIERE DES LIONS DE LA TERANGA : Les v\u00e9rit\u00e9s d\u2019El Hadji Diouf sur les convocations en s\u00e9lection nationale -","isPartOf":{"@id":"https:\/\/macite.tg\/#website"},"primaryImageOfPage":{"@id":"https:\/\/macite.tg\/?p=20941#primaryimage"},"image":{"@id":"https:\/\/macite.tg\/?p=20941#primaryimage"},"thumbnailUrl":"https:\/\/macite.tg\/wp-content\/uploads\/2025\/03\/image-69.png","datePublished":"2025-03-26T19:43:30+00:00","dateModified":"2025-03-26T19:43:43+00:00","author":{"@id":"https:\/\/macite.tg\/#\/schema\/person\/e9f2de7e5dbbe7770a9402c7ce82f5c2"},"breadcrumb":{"@id":"https:\/\/macite.tg\/?p=20941#breadcrumb"},"inLanguage":"fr-FR","potentialAction":[{"@type":"ReadAction","target":["https:\/\/macite.tg\/?p=20941"]}]},{"@type":"ImageObject","inLanguage":"fr-FR","@id":"https:\/\/macite.tg\/?p=20941#primaryimage","url":"https:\/\/macite.tg\/wp-content\/uploads\/2025\/03\/image-69.png","contentUrl":"https:\/\/macite.tg\/wp-content\/uploads\/2025\/03\/image-69.png","width":427,"height":266},{"@type":"BreadcrumbList","@id":"https:\/\/macite.tg\/?p=20941#breadcrumb","itemListElement":[{"@type":"ListItem","position":1,"name":"Accueil","item":"https:\/\/macite.tg\/"},{"@type":"ListItem","position":2,"name":"TANIERE DES LIONS DE LA TERANGA : Les v\u00e9rit\u00e9s d\u2019El Hadji Diouf sur les convocations en s\u00e9lection nationale"}]},{"@type":"WebSite","@id":"https:\/\/macite.tg\/#website","url":"https:\/\/macite.tg\/","name":"","description":"L&#039;information, la bonne!!!","potentialAction":[{"@type":"SearchAction","target":{"@type":"EntryPoint","urlTemplate":"https:\/\/macite.tg\/?s={search_term_string}"},"query-input":{"@type":"PropertyValueSpecification","valueRequired":true,"valueName":"search_term_string"}}],"inLanguage":"fr-FR"},{"@type":"Person","@id":"https:\/\/macite.tg\/#\/schema\/person\/e9f2de7e5dbbe7770a9402c7ce82f5c2","name":"Jean Pierre BAWELA","image":{"@type":"ImageObject","inLanguage":"fr-FR","@id":"https:\/\/macite.tg\/wp-content\/uploads\/2023\/09\/WhatsApp-Image-2023-09-19-at-14.44.41-122x122.jpeg","url":"https:\/\/macite.tg\/wp-content\/uploads\/2023\/09\/WhatsApp-Image-2023-09-19-at-14.44.41-122x122.jpeg","contentUrl":"https:\/\/macite.tg\/wp-content\/uploads\/2023\/09\/WhatsApp-Image-2023-09-19-at-14.44.41-122x122.jpeg","caption":"Jean Pierre BAWELA"},"url":"https:\/\/macite.tg\/?author=2"}]}},"_links":{"self":[{"href":"https:\/\/macite.tg\/index.php?rest_route=\/wp\/v2\/posts\/20941","targetHints":{"allow":["GET"]}}],"collection":[{"href":"https:\/\/macite.tg\/index.php?rest_route=\/wp\/v2\/posts"}],"about":[{"href":"https:\/\/macite.tg\/index.php?rest_route=\/wp\/v2\/types\/post"}],"author":[{"embeddable":true,"href":"https:\/\/macite.tg\/index.php?rest_route=\/wp\/v2\/users\/2"}],"replies":[{"embeddable":true,"href":"https:\/\/macite.tg\/index.php?rest_route=%2Fwp%2Fv2%2Fcomments&post=20941"}],"version-history":[{"count":0,"href":"https:\/\/macite.tg\/index.php?rest_route=\/wp\/v2\/posts\/20941\/revisions"}],"wp:featuredmedia":[{"embeddable":true,"href":"https:\/\/macite.tg\/index.php?rest_route=\/wp\/v2\/media\/20942"}],"wp:attachment":[{"href":"https:\/\/macite.tg\/index.php?rest_route=%2Fwp%2Fv2%2Fmedia&parent=20941"}],"wp:term":[{"taxonomy":"category","embeddable":true,"href":"https:\/\/macite.tg\/index.php?rest_route=%2Fwp%2Fv2%2Fcategories&post=20941"},{"taxonomy":"post_tag","embeddable":true,"href":"https:\/\/macite.tg\/index.php?rest_route=%2Fwp%2Fv2%2Ftags&post=20941"}],"curies":[{"name":"wp","href":"https:\/\/api.w.org\/{rel}","templated":true}]}}