{"id":20936,"date":"2025-03-26T19:15:53","date_gmt":"2025-03-26T19:15:53","guid":{"rendered":"https:\/\/macite.tg\/?p=20936"},"modified":"2025-03-26T19:16:08","modified_gmt":"2025-03-26T19:16:08","slug":"9-millions-de-jeunes-plants-mis-en-terre-en-2024-le-togo-opte-pour-un-developpement-plus-vert-et-inclusif","status":"publish","type":"post","link":"https:\/\/macite.tg\/?p=20936","title":{"rendered":"9 MILLIONS DE JEUNES PLANTS MIS EN TERRE EN 2024\u00a0: Le Togo opte pour un d\u00e9veloppement plus vert et inclusif"},"content":{"rendered":"\n<p class=\"wp-block-paragraph\"><strong><em>Le programme de la reforestation et de la restauration des \u00e9cosyst\u00e8mes nationaux poursuit son bonhomme de chemin. En 2022, 5 millions d&rsquo;arbres ont \u00e9t\u00e9 plant\u00e9s. En 2023, on comptait 7, 089 millions de plans mis en terre sur une superficie de 10376 Ha et en 2024, ce sont 9, 042 millions de plants sur une superficie de 11 544 ha qui ont \u00e9t\u00e9 enregistr\u00e9s. Sur les deux derni\u00e8res ann\u00e9es, on note une augmentation au moins de 2 millions de plans mis en terre.<\/em><\/strong> <\/p>\n\n\n\n<p class=\"wp-block-paragraph\">Dans tous les domaines, le Togo poursuit avec ambition, sa transition vers un d\u00e9veloppement plus vert et inclusif. Dans cette dynamique, deux projets majeurs ont \u00e9t\u00e9 lanc\u00e9s le 28 f\u00e9vrier 2025 pour renforcer la r\u00e9silience des populations face au changement climatique et am\u00e9liorer les conditions socio\u00e9conomiques en milieu rural.<\/p>\n\n\n\n<p class=\"wp-block-paragraph\">Ces initiatives, fruit d&rsquo;une collaboration entre le gouvernement togolais et l&rsquo;Institut mondial pour la croissance verte (GGGI), sont financ\u00e9es \u00e0 hauteur de 5,7 millions de dollars US (plus de 3 milliards de francs CFA) par le gouvernement sud-cor\u00e9en. Concr\u00e8tement, il s&rsquo;agit des projets<em> \u00ab&nbsp;Renforcement de la r\u00e9silience des populations au changement climatique, gr\u00e2ce \u00e0 une gestion durable des ressources foresti\u00e8res&nbsp;\u00bb <\/em>et <em>\u00ab&nbsp;D\u00e9veloppement des infrastructures socio\u00e9conomiques pour soutenir les communaut\u00e9s rurales au Togo&nbsp;\u00bb, <\/em>qui viennent en r\u00e9ponse aux d\u00e9fis climatiques et \u00e9conomiques pressants.<\/p>\n\n\n<div class=\"wp-block-image\">\n<figure class=\"aligncenter size-large is-resized\"><img loading=\"lazy\" decoding=\"async\" width=\"1024\" height=\"1024\" src=\"https:\/\/macite.tg\/wp-content\/uploads\/2025\/03\/OTR_TVM2-1024x1024.jpg\" alt=\"\" class=\"wp-image-20895\" style=\"width:542px;height:auto\" srcset=\"https:\/\/macite.tg\/wp-content\/uploads\/2025\/03\/OTR_TVM2-1024x1024.jpg 1024w, https:\/\/macite.tg\/wp-content\/uploads\/2025\/03\/OTR_TVM2-300x300.jpg 300w, https:\/\/macite.tg\/wp-content\/uploads\/2025\/03\/OTR_TVM2-150x150.jpg 150w, https:\/\/macite.tg\/wp-content\/uploads\/2025\/03\/OTR_TVM2-768x768.jpg 768w, https:\/\/macite.tg\/wp-content\/uploads\/2025\/03\/OTR_TVM2-1536x1536.jpg 1536w, https:\/\/macite.tg\/wp-content\/uploads\/2025\/03\/OTR_TVM2-122x122.jpg 122w, https:\/\/macite.tg\/wp-content\/uploads\/2025\/03\/OTR_TVM2.jpg 1600w\" sizes=\"auto, (max-width: 1024px) 100vw, 1024px\" \/><\/figure>\n<\/div>\n\n\n<p class=\"wp-block-paragraph\"><strong>Moderniser les infrastructures rurales et promouvoir une \u00e9conomie verte<\/strong><\/p>\n\n\n\n<p class=\"wp-block-paragraph\">Le premier projet, dot\u00e9 de 3,5 millions de dollars, vise \u00e0 moderniser les infrastructures rurales et \u00e0 promouvoir une \u00e9conomie verte. Cela passe par la mise en place de solutions post-r\u00e9colte et de modules solaires pour transformer les produits agricoles, r\u00e9duisant ainsi les pertes et valorisant la production locale.&nbsp; De plus, des infrastructures \u00e9cologiques et des installations d&rsquo;eau potable seront d\u00e9velopp\u00e9es pour am\u00e9liorer le cadre de vie des populations. En parall\u00e8le, les jeunes et les femmes seront form\u00e9s \u00e0 la gestion d&rsquo;entreprises vertes.<\/p>\n\n\n\n<p class=\"wp-block-paragraph\">Le second projet, intitul\u00e9 \u00ab\u00a0Renforcement de la r\u00e9silience au changement climatique des populations vuln\u00e9rables \u00e0 travers la gestion durable des ressources foresti\u00e8res\u00a0\u00bb, b\u00e9n\u00e9ficie quant \u00e0 lui d&rsquo;un financement de 2,2 millions de dollars US (pr\u00e8s de 1,5 milliard de francs CFA) et s&rsquo;articule autour de plusieurs actions essentielles : la gestion durable des parcs \u00e0 karit\u00e9, en renfor\u00e7ant la gouvernance locale et en optimisant l&rsquo;exploitation de cette ressource pr\u00e9cieuse ; le reboisement avec des plants de karit\u00e9 de haute qualit\u00e9 et l&rsquo;am\u00e9lioration des syst\u00e8mes post-r\u00e9colte afin de garantir une meilleure rentabilit\u00e9 aux producteurs ; L&rsquo;implication active des coop\u00e9ratives de femmes et de jeunes dans le processus pour favoriser l&rsquo;autonomisation \u00e9conomique et l&rsquo;adaptation climatique des communaut\u00e9s rurales.<\/p>\n\n\n\n<p class=\"wp-block-paragraph\">Selon le gouvernement, ces initiatives s&rsquo;inscrivent dans la continuit\u00e9 d&rsquo;une politique environnementale que le Togo d\u00e9ploie depuis plusieurs d\u00e9cennies. Premi\u00e8rement, le pays dispose d&rsquo;une architecture l\u00e9gislative qui soutient l&rsquo;action environnementale et facilite la mise en \u0153uvre des projets de pr\u00e9servation des \u00e9cosyst\u00e8mes.<\/p>\n\n\n\n<p class=\"wp-block-paragraph\">La loi portant lutte contre les changements climatiques vient d&rsquo;\u00eatre vot\u00e9e par l&rsquo;Assembl\u00e9e nationale. Le vote de cette loi traduit l&rsquo;engagement du Togo \u00e0 mettre en \u0153uvre, des actions pour r\u00e9duire les impacts des changements climatiques tel que recommand\u00e9 par la Convention-cadre des Nations Unies de 1995 sur les changements climatiques.<\/p>\n\n\n\n<p class=\"wp-block-paragraph\"><strong>Vers une transition \u00e9nerg\u00e9tique et une mobilit\u00e9 plus verte<\/strong><\/p>\n\n\n\n<p class=\"wp-block-paragraph\">Sur le terrain, des actions concr\u00e8tes sont pos\u00e9es. Par exemple, le Togo est signataire de plusieurs conventions majeures, telles que celles de B\u00e2le et de Bamako, renfor\u00e7ant son engagement en faveur d&rsquo;une gestion responsable des d\u00e9chets et d&rsquo;une r\u00e9duction des \u00e9missions de gaz \u00e0 effet de serre (GES). C&rsquo;est ainsi que la part des v\u00e9hicules \u00e9lectriques dans le parc automobile national est aujourd&rsquo;hui de 6 % et ne cesse de cro\u00eetre. Le pays acc\u00e9l\u00e8re aussi son virage vers les \u00e9nergies renouvelables, avec une ambition forte : un objectif de 50 % d&rsquo;\u00e9nergie verte dans le mix \u00e9nerg\u00e9tique national d&rsquo;ici 2030.<\/p>\n\n\n<div class=\"wp-block-image\">\n<figure class=\"aligncenter size-large is-resized\"><img loading=\"lazy\" decoding=\"async\" width=\"1024\" height=\"1024\" src=\"https:\/\/macite.tg\/wp-content\/uploads\/2025\/03\/OTR_TVM-1024x1024.jpg\" alt=\"\" class=\"wp-image-20894\" style=\"width:542px;height:auto\" srcset=\"https:\/\/macite.tg\/wp-content\/uploads\/2025\/03\/OTR_TVM-1024x1024.jpg 1024w, https:\/\/macite.tg\/wp-content\/uploads\/2025\/03\/OTR_TVM-300x300.jpg 300w, https:\/\/macite.tg\/wp-content\/uploads\/2025\/03\/OTR_TVM-150x150.jpg 150w, https:\/\/macite.tg\/wp-content\/uploads\/2025\/03\/OTR_TVM-768x768.jpg 768w, https:\/\/macite.tg\/wp-content\/uploads\/2025\/03\/OTR_TVM-1536x1536.jpg 1536w, https:\/\/macite.tg\/wp-content\/uploads\/2025\/03\/OTR_TVM-122x122.jpg 122w, https:\/\/macite.tg\/wp-content\/uploads\/2025\/03\/OTR_TVM.jpg 1600w\" sizes=\"auto, (max-width: 1024px) 100vw, 1024px\" \/><\/figure>\n<\/div>\n\n\n<p class=\"wp-block-paragraph\">Il faut indiquer que la loi portant lutte contre les changements climatiques d\u00e9finit et d\u00e9veloppe des outils et m\u00e9canismes d&rsquo;adaptation aux changements climatiques et d&rsquo;att\u00e9nuation des \u00e9missions de gaz \u00e0 effet de serre, valorise durablement le potentiel \u00e9conomique des services \u00e9cosyst\u00e9miques et du capital naturel, renforce les politiques de protection de l&rsquo;environnement et de transition \u00e9cologique, favorise des investissements massifs dans les \u00e9nergies renouvelables et continue \u00e0 l&rsquo;efficacit\u00e9 \u00e9nerg\u00e9tique.<\/p>\n\n\n\n<p class=\"wp-block-paragraph\"><strong>A.S. (In LE MEDIUM n\u00b0645 du 25 au 31 Mars 2025)<\/strong><\/p>\n\n\n\n<p class=\"wp-block-paragraph\"><strong><em>@macite.tg&nbsp;&nbsp;&nbsp;&nbsp;&nbsp;&nbsp;&nbsp;&nbsp;<\/em><\/strong><\/p>\n\n\n\n<p class=\"wp-block-paragraph\"><strong><em>E-mail&nbsp;: <\/em><\/strong><a href=\"mailto:maciteinfo@gmail.com\"><strong><em>maciteinfo@gmail.com<\/em><\/strong><\/a><strong><em>; <\/em><\/strong><a href=\"mailto:bawela1@gmail.com\"><strong><em>bawela1@gmail.com<\/em><\/strong><\/a><strong><em><\/em><\/strong><\/p>\n\n\n\n<p class=\"wp-block-paragraph\"><strong><em>Pour vos annonces, (publi)reportages, etc., joignez-nous au (00228)91515309\/<strong>79872224 <\/strong>www.macite.tg, L\u2019information, la bonne&nbsp;!<\/em><\/strong><\/p>\n\n\n\n<p class=\"wp-block-paragraph\"><\/p>\n","protected":false},"excerpt":{"rendered":"<p class=\"text-justify mb-2\" >Le programme de la reforestation et de la restauration des \u00e9cosyst\u00e8mes nationaux poursuit son bonhomme de chemin. En 2022, 5 millions d&rsquo;arbres ont \u00e9t\u00e9 plant\u00e9s. En 2023, on comptait 7, 089 millions de plans mis en terre sur une superficie de 10376 Ha et en [&hellip;]<\/p>\n","protected":false},"author":2,"featured_media":20939,"comment_status":"open","ping_status":"open","sticky":false,"template":"","format":"standard","meta":{"footnotes":""},"categories":[20,19],"tags":[],"class_list":["post-20936","post","type-post","status-publish","format-standard","has-post-thumbnail","hentry","category-actualite","category-environnement"],"yoast_head":"<!-- This site is optimized with the Yoast SEO plugin v28.4 - https:\/\/yoast.com\/product\/yoast-seo-wordpress\/ -->\n<title>9 MILLIONS DE JEUNES PLANTS MIS EN TERRE EN 2024\u00a0: Le Togo opte pour un d\u00e9veloppement plus vert et inclusif -<\/title>\n<meta name=\"robots\" content=\"index, follow, max-snippet:-1, max-image-preview:large, max-video-preview:-1\" \/>\n<link rel=\"canonical\" href=\"https:\/\/macite.tg\/?p=20936\" \/>\n<meta property=\"og:locale\" content=\"fr_FR\" \/>\n<meta property=\"og:type\" content=\"article\" \/>\n<meta property=\"og:title\" content=\"9 MILLIONS DE JEUNES PLANTS MIS EN TERRE EN 2024\u00a0: Le Togo opte pour un d\u00e9veloppement plus vert et inclusif -\" \/>\n<meta property=\"og:description\" content=\"Le programme de la reforestation et de la restauration des \u00e9cosyst\u00e8mes nationaux poursuit son bonhomme de chemin. En 2022, 5 millions d&rsquo;arbres ont \u00e9t\u00e9 plant\u00e9s. En 2023, on comptait 7, 089 millions de plans mis en terre sur une superficie de 10376 Ha et en [&hellip;]\" \/>\n<meta property=\"og:url\" content=\"https:\/\/macite.tg\/?p=20936\" \/>\n<meta property=\"article:published_time\" content=\"2025-03-26T19:15:53+00:00\" \/>\n<meta property=\"article:modified_time\" content=\"2025-03-26T19:16:08+00:00\" \/>\n<meta property=\"og:image\" content=\"https:\/\/macite.tg\/wp-content\/uploads\/2025\/03\/image-68.png\" \/>\n\t<meta property=\"og:image:width\" content=\"438\" \/>\n\t<meta property=\"og:image:height\" content=\"291\" \/>\n\t<meta property=\"og:image:type\" content=\"image\/png\" \/>\n<meta name=\"author\" content=\"Jean Pierre BAWELA\" \/>\n<meta name=\"twitter:card\" content=\"summary_large_image\" \/>\n<meta name=\"twitter:label1\" content=\"\u00c9crit par\" \/>\n\t<meta name=\"twitter:data1\" content=\"Jean Pierre BAWELA\" \/>\n\t<meta name=\"twitter:label2\" content=\"Dur\u00e9e de lecture estim\u00e9e\" \/>\n\t<meta name=\"twitter:data2\" content=\"5 minutes\" \/>\n<script type=\"application\/ld+json\" class=\"yoast-schema-graph\">{\"@context\":\"https:\\\/\\\/schema.org\",\"@graph\":[{\"@type\":\"Article\",\"@id\":\"https:\\\/\\\/macite.tg\\\/?p=20936#article\",\"isPartOf\":{\"@id\":\"https:\\\/\\\/macite.tg\\\/?p=20936\"},\"author\":{\"name\":\"Jean Pierre BAWELA\",\"@id\":\"https:\\\/\\\/macite.tg\\\/#\\\/schema\\\/person\\\/e9f2de7e5dbbe7770a9402c7ce82f5c2\"},\"headline\":\"9 MILLIONS DE JEUNES PLANTS MIS EN TERRE EN 2024\u00a0: Le Togo opte pour un d\u00e9veloppement plus vert et inclusif\",\"datePublished\":\"2025-03-26T19:15:53+00:00\",\"dateModified\":\"2025-03-26T19:16:08+00:00\",\"mainEntityOfPage\":{\"@id\":\"https:\\\/\\\/macite.tg\\\/?p=20936\"},\"wordCount\":818,\"commentCount\":0,\"image\":{\"@id\":\"https:\\\/\\\/macite.tg\\\/?p=20936#primaryimage\"},\"thumbnailUrl\":\"https:\\\/\\\/macite.tg\\\/wp-content\\\/uploads\\\/2025\\\/03\\\/image-68.png\",\"articleSection\":[\"ACTUALITE\",\"ENVIRONNEMENT\"],\"inLanguage\":\"fr-FR\",\"potentialAction\":[{\"@type\":\"CommentAction\",\"name\":\"Comment\",\"target\":[\"https:\\\/\\\/macite.tg\\\/?p=20936#respond\"]}]},{\"@type\":\"WebPage\",\"@id\":\"https:\\\/\\\/macite.tg\\\/?p=20936\",\"url\":\"https:\\\/\\\/macite.tg\\\/?p=20936\",\"name\":\"9 MILLIONS DE JEUNES PLANTS MIS EN TERRE EN 2024\u00a0: Le Togo opte pour un d\u00e9veloppement plus vert et inclusif -\",\"isPartOf\":{\"@id\":\"https:\\\/\\\/macite.tg\\\/#website\"},\"primaryImageOfPage\":{\"@id\":\"https:\\\/\\\/macite.tg\\\/?p=20936#primaryimage\"},\"image\":{\"@id\":\"https:\\\/\\\/macite.tg\\\/?p=20936#primaryimage\"},\"thumbnailUrl\":\"https:\\\/\\\/macite.tg\\\/wp-content\\\/uploads\\\/2025\\\/03\\\/image-68.png\",\"datePublished\":\"2025-03-26T19:15:53+00:00\",\"dateModified\":\"2025-03-26T19:16:08+00:00\",\"author\":{\"@id\":\"https:\\\/\\\/macite.tg\\\/#\\\/schema\\\/person\\\/e9f2de7e5dbbe7770a9402c7ce82f5c2\"},\"breadcrumb\":{\"@id\":\"https:\\\/\\\/macite.tg\\\/?p=20936#breadcrumb\"},\"inLanguage\":\"fr-FR\",\"potentialAction\":[{\"@type\":\"ReadAction\",\"target\":[\"https:\\\/\\\/macite.tg\\\/?p=20936\"]}]},{\"@type\":\"ImageObject\",\"inLanguage\":\"fr-FR\",\"@id\":\"https:\\\/\\\/macite.tg\\\/?p=20936#primaryimage\",\"url\":\"https:\\\/\\\/macite.tg\\\/wp-content\\\/uploads\\\/2025\\\/03\\\/image-68.png\",\"contentUrl\":\"https:\\\/\\\/macite.tg\\\/wp-content\\\/uploads\\\/2025\\\/03\\\/image-68.png\",\"width\":438,\"height\":291,\"caption\":\"De jeunes plans (Photo archives)\"},{\"@type\":\"BreadcrumbList\",\"@id\":\"https:\\\/\\\/macite.tg\\\/?p=20936#breadcrumb\",\"itemListElement\":[{\"@type\":\"ListItem\",\"position\":1,\"name\":\"Accueil\",\"item\":\"https:\\\/\\\/macite.tg\\\/\"},{\"@type\":\"ListItem\",\"position\":2,\"name\":\"9 MILLIONS DE JEUNES PLANTS MIS EN TERRE EN 2024\u00a0: Le Togo opte pour un d\u00e9veloppement plus vert et inclusif\"}]},{\"@type\":\"WebSite\",\"@id\":\"https:\\\/\\\/macite.tg\\\/#website\",\"url\":\"https:\\\/\\\/macite.tg\\\/\",\"name\":\"\",\"description\":\"L&#039;information, la bonne!!!\",\"potentialAction\":[{\"@type\":\"SearchAction\",\"target\":{\"@type\":\"EntryPoint\",\"urlTemplate\":\"https:\\\/\\\/macite.tg\\\/?s={search_term_string}\"},\"query-input\":{\"@type\":\"PropertyValueSpecification\",\"valueRequired\":true,\"valueName\":\"search_term_string\"}}],\"inLanguage\":\"fr-FR\"},{\"@type\":\"Person\",\"@id\":\"https:\\\/\\\/macite.tg\\\/#\\\/schema\\\/person\\\/e9f2de7e5dbbe7770a9402c7ce82f5c2\",\"name\":\"Jean Pierre BAWELA\",\"image\":{\"@type\":\"ImageObject\",\"inLanguage\":\"fr-FR\",\"@id\":\"https:\\\/\\\/macite.tg\\\/wp-content\\\/uploads\\\/2023\\\/09\\\/WhatsApp-Image-2023-09-19-at-14.44.41-122x122.jpeg\",\"url\":\"https:\\\/\\\/macite.tg\\\/wp-content\\\/uploads\\\/2023\\\/09\\\/WhatsApp-Image-2023-09-19-at-14.44.41-122x122.jpeg\",\"contentUrl\":\"https:\\\/\\\/macite.tg\\\/wp-content\\\/uploads\\\/2023\\\/09\\\/WhatsApp-Image-2023-09-19-at-14.44.41-122x122.jpeg\",\"caption\":\"Jean Pierre BAWELA\"},\"url\":\"https:\\\/\\\/macite.tg\\\/?author=2\"}]}<\/script>\n<!-- \/ Yoast SEO plugin. -->","yoast_head_json":{"title":"9 MILLIONS DE JEUNES PLANTS MIS EN TERRE EN 2024\u00a0: Le Togo opte pour un d\u00e9veloppement plus vert et inclusif -","robots":{"index":"index","follow":"follow","max-snippet":"max-snippet:-1","max-image-preview":"max-image-preview:large","max-video-preview":"max-video-preview:-1"},"canonical":"https:\/\/macite.tg\/?p=20936","og_locale":"fr_FR","og_type":"article","og_title":"9 MILLIONS DE JEUNES PLANTS MIS EN TERRE EN 2024\u00a0: Le Togo opte pour un d\u00e9veloppement plus vert et inclusif -","og_description":"Le programme de la reforestation et de la restauration des \u00e9cosyst\u00e8mes nationaux poursuit son bonhomme de chemin. En 2022, 5 millions d&rsquo;arbres ont \u00e9t\u00e9 plant\u00e9s. En 2023, on comptait 7, 089 millions de plans mis en terre sur une superficie de 10376 Ha et en [&hellip;]","og_url":"https:\/\/macite.tg\/?p=20936","article_published_time":"2025-03-26T19:15:53+00:00","article_modified_time":"2025-03-26T19:16:08+00:00","og_image":[{"width":438,"height":291,"url":"https:\/\/macite.tg\/wp-content\/uploads\/2025\/03\/image-68.png","type":"image\/png"}],"author":"Jean Pierre BAWELA","twitter_card":"summary_large_image","twitter_misc":{"\u00c9crit par":"Jean Pierre BAWELA","Dur\u00e9e de lecture estim\u00e9e":"5 minutes"},"schema":{"@context":"https:\/\/schema.org","@graph":[{"@type":"Article","@id":"https:\/\/macite.tg\/?p=20936#article","isPartOf":{"@id":"https:\/\/macite.tg\/?p=20936"},"author":{"name":"Jean Pierre BAWELA","@id":"https:\/\/macite.tg\/#\/schema\/person\/e9f2de7e5dbbe7770a9402c7ce82f5c2"},"headline":"9 MILLIONS DE JEUNES PLANTS MIS EN TERRE EN 2024\u00a0: Le Togo opte pour un d\u00e9veloppement plus vert et inclusif","datePublished":"2025-03-26T19:15:53+00:00","dateModified":"2025-03-26T19:16:08+00:00","mainEntityOfPage":{"@id":"https:\/\/macite.tg\/?p=20936"},"wordCount":818,"commentCount":0,"image":{"@id":"https:\/\/macite.tg\/?p=20936#primaryimage"},"thumbnailUrl":"https:\/\/macite.tg\/wp-content\/uploads\/2025\/03\/image-68.png","articleSection":["ACTUALITE","ENVIRONNEMENT"],"inLanguage":"fr-FR","potentialAction":[{"@type":"CommentAction","name":"Comment","target":["https:\/\/macite.tg\/?p=20936#respond"]}]},{"@type":"WebPage","@id":"https:\/\/macite.tg\/?p=20936","url":"https:\/\/macite.tg\/?p=20936","name":"9 MILLIONS DE JEUNES PLANTS MIS EN TERRE EN 2024\u00a0: Le Togo opte pour un d\u00e9veloppement plus vert et inclusif -","isPartOf":{"@id":"https:\/\/macite.tg\/#website"},"primaryImageOfPage":{"@id":"https:\/\/macite.tg\/?p=20936#primaryimage"},"image":{"@id":"https:\/\/macite.tg\/?p=20936#primaryimage"},"thumbnailUrl":"https:\/\/macite.tg\/wp-content\/uploads\/2025\/03\/image-68.png","datePublished":"2025-03-26T19:15:53+00:00","dateModified":"2025-03-26T19:16:08+00:00","author":{"@id":"https:\/\/macite.tg\/#\/schema\/person\/e9f2de7e5dbbe7770a9402c7ce82f5c2"},"breadcrumb":{"@id":"https:\/\/macite.tg\/?p=20936#breadcrumb"},"inLanguage":"fr-FR","potentialAction":[{"@type":"ReadAction","target":["https:\/\/macite.tg\/?p=20936"]}]},{"@type":"ImageObject","inLanguage":"fr-FR","@id":"https:\/\/macite.tg\/?p=20936#primaryimage","url":"https:\/\/macite.tg\/wp-content\/uploads\/2025\/03\/image-68.png","contentUrl":"https:\/\/macite.tg\/wp-content\/uploads\/2025\/03\/image-68.png","width":438,"height":291,"caption":"De jeunes plans (Photo archives)"},{"@type":"BreadcrumbList","@id":"https:\/\/macite.tg\/?p=20936#breadcrumb","itemListElement":[{"@type":"ListItem","position":1,"name":"Accueil","item":"https:\/\/macite.tg\/"},{"@type":"ListItem","position":2,"name":"9 MILLIONS DE JEUNES PLANTS MIS EN TERRE EN 2024\u00a0: Le Togo opte pour un d\u00e9veloppement plus vert et inclusif"}]},{"@type":"WebSite","@id":"https:\/\/macite.tg\/#website","url":"https:\/\/macite.tg\/","name":"","description":"L&#039;information, la bonne!!!","potentialAction":[{"@type":"SearchAction","target":{"@type":"EntryPoint","urlTemplate":"https:\/\/macite.tg\/?s={search_term_string}"},"query-input":{"@type":"PropertyValueSpecification","valueRequired":true,"valueName":"search_term_string"}}],"inLanguage":"fr-FR"},{"@type":"Person","@id":"https:\/\/macite.tg\/#\/schema\/person\/e9f2de7e5dbbe7770a9402c7ce82f5c2","name":"Jean Pierre BAWELA","image":{"@type":"ImageObject","inLanguage":"fr-FR","@id":"https:\/\/macite.tg\/wp-content\/uploads\/2023\/09\/WhatsApp-Image-2023-09-19-at-14.44.41-122x122.jpeg","url":"https:\/\/macite.tg\/wp-content\/uploads\/2023\/09\/WhatsApp-Image-2023-09-19-at-14.44.41-122x122.jpeg","contentUrl":"https:\/\/macite.tg\/wp-content\/uploads\/2023\/09\/WhatsApp-Image-2023-09-19-at-14.44.41-122x122.jpeg","caption":"Jean Pierre BAWELA"},"url":"https:\/\/macite.tg\/?author=2"}]}},"_links":{"self":[{"href":"https:\/\/macite.tg\/index.php?rest_route=\/wp\/v2\/posts\/20936","targetHints":{"allow":["GET"]}}],"collection":[{"href":"https:\/\/macite.tg\/index.php?rest_route=\/wp\/v2\/posts"}],"about":[{"href":"https:\/\/macite.tg\/index.php?rest_route=\/wp\/v2\/types\/post"}],"author":[{"embeddable":true,"href":"https:\/\/macite.tg\/index.php?rest_route=\/wp\/v2\/users\/2"}],"replies":[{"embeddable":true,"href":"https:\/\/macite.tg\/index.php?rest_route=%2Fwp%2Fv2%2Fcomments&post=20936"}],"version-history":[{"count":0,"href":"https:\/\/macite.tg\/index.php?rest_route=\/wp\/v2\/posts\/20936\/revisions"}],"wp:featuredmedia":[{"embeddable":true,"href":"https:\/\/macite.tg\/index.php?rest_route=\/wp\/v2\/media\/20939"}],"wp:attachment":[{"href":"https:\/\/macite.tg\/index.php?rest_route=%2Fwp%2Fv2%2Fmedia&parent=20936"}],"wp:term":[{"taxonomy":"category","embeddable":true,"href":"https:\/\/macite.tg\/index.php?rest_route=%2Fwp%2Fv2%2Fcategories&post=20936"},{"taxonomy":"post_tag","embeddable":true,"href":"https:\/\/macite.tg\/index.php?rest_route=%2Fwp%2Fv2%2Ftags&post=20936"}],"curies":[{"name":"wp","href":"https:\/\/api.w.org\/{rel}","templated":true}]}}