{"id":20898,"date":"2025-03-25T08:44:50","date_gmt":"2025-03-25T08:44:50","guid":{"rendered":"https:\/\/macite.tg\/?p=20898"},"modified":"2025-03-25T08:45:04","modified_gmt":"2025-03-25T08:45:04","slug":"senegal-1er-anniversaire-du-duo-au-pouvoir-pour-bassirou-diomaye-faye-ici-tout-commence","status":"publish","type":"post","link":"https:\/\/macite.tg\/?p=20898","title":{"rendered":"SENEGAL\u00a0\/1ER ANNIVERSAIRE DU DUO AU POUVOIR\u00a0: Pour Bassirou Diomaye Faye, ici tout commence"},"content":{"rendered":"\n<p class=\"wp-block-paragraph\"><strong><em>En douze mois, le charismatique duo Faye-Sonko a occup\u00e9 l\u2019espace politique avec le lancement de nombreux audits et chantiers. Mais, au-del\u00e0 de la communication, le S\u00e9n\u00e9gal attend les r\u00e9sultats, particuli\u00e8rement sur le plan \u00e9conomique.<\/em><\/strong><em><\/em><\/p>\n\n\n\n<p class=\"wp-block-paragraph\">Le tourbillon de l\u2019urgence r\u00e9siste-t-il \u00e0 la routine de la gouvernance&nbsp;? Voil\u00e0 un an, jour pour jour, que le pouvoir bic\u00e9phale de&nbsp;<a href=\"https:\/\/www.jeuneafrique.com\/personnalites\/bassirou-diomaye-faye\/?utm_source=microsoft&amp;utm_medium=feeds&amp;utm_campaign=feeds-microsoft-v1\" target=\"_blank\" rel=\"noreferrer noopener\">Bassirou Diomaye Faye<\/a>&nbsp;et&nbsp;<a href=\"https:\/\/www.jeuneafrique.com\/personnalites\/ousmane-sonko\/?utm_source=microsoft&amp;utm_medium=feeds&amp;utm_campaign=feeds-microsoft-v1\" target=\"_blank\" rel=\"noreferrer noopener\">Ousmane Sonko<\/a>&nbsp;s\u2019est install\u00e9 au sommet de la pyramide politique au&nbsp;<a href=\"https:\/\/www.jeuneafrique.com\/pays\/senegal\/?utm_source=microsoft&amp;utm_medium=feeds&amp;utm_campaign=feeds-microsoft-v1\" target=\"_blank\" rel=\"noreferrer noopener\">S\u00e9n\u00e9gal<\/a>. Ils promettaient la \u00ab&nbsp;<a href=\"https:\/\/www.jeuneafrique.com\/1551671\/politique\/au-senegal-bassirou-diomaye-faye-president-de-la-rupture\/?utm_source=microsoft&amp;utm_medium=feeds&amp;utm_campaign=feeds-microsoft-v1\" target=\"_blank\" rel=\"noreferrer noopener\">rupture<\/a>&nbsp;\u00bb et, d\u00e9sormais aux manettes, Faye et Sonko ne pouvaient qu\u2019ouvrir de nombreux chantiers, le danger \u00e9tant, comme pour tout candidat \u00e0 la r\u00e9volution, de s\u2019assoupir sous les ors de la R\u00e9publique.<\/p>\n\n\n\n<p class=\"wp-block-paragraph\">Dans ce projet d\u2019acc\u00e9l\u00e9ration de la locomotive s\u00e9n\u00e9galaise, les r\u00f4les ont \u00e9t\u00e9 aussi parfaitement r\u00e9partis qu\u2019entre deux policiers dans une salle de garde \u00e0 vue. Ce n\u2019est pas seulement parce qu\u2019il \u00e9tait le plan B de l\u2019\u00e9lection pr\u00e9sidentielle que Bassirou Diomaye Faye appara\u00eet plus sobre que celui qui dispose d\u2019un rang protocolaire pourtant moins \u00e9lev\u00e9. Si le pr\u00e9sident semble jouer la carte de la pond\u00e9ration, c\u2019est une mani\u00e8re de prendre la hauteur que lui conf\u00e8re sa fonction, tandis que le chef de gouvernement \u2013 plus extraverti de nature \u2013 garde les mains dans le cambouis politicien, notamment \u00e0 travers&nbsp;<a href=\"https:\/\/www.jeuneafrique.com\/1648078\/politique\/senegal-qui-dousmane-sonko-ou-de-pastef-tient-lautre\/?utm_source=microsoft&amp;utm_medium=feeds&amp;utm_campaign=feeds-microsoft-v1\" target=\"_blank\" rel=\"noreferrer noopener\">les instances du parti Pastef<\/a>.<\/p>\n\n\n<div class=\"wp-block-image\">\n<figure class=\"aligncenter size-large is-resized\"><img loading=\"lazy\" decoding=\"async\" width=\"1024\" height=\"1024\" src=\"https:\/\/macite.tg\/wp-content\/uploads\/2025\/03\/OTR_TVM2-1024x1024.jpg\" alt=\"\" class=\"wp-image-20895\" style=\"width:574px;height:auto\" srcset=\"https:\/\/macite.tg\/wp-content\/uploads\/2025\/03\/OTR_TVM2-1024x1024.jpg 1024w, https:\/\/macite.tg\/wp-content\/uploads\/2025\/03\/OTR_TVM2-300x300.jpg 300w, https:\/\/macite.tg\/wp-content\/uploads\/2025\/03\/OTR_TVM2-150x150.jpg 150w, https:\/\/macite.tg\/wp-content\/uploads\/2025\/03\/OTR_TVM2-768x768.jpg 768w, https:\/\/macite.tg\/wp-content\/uploads\/2025\/03\/OTR_TVM2-1536x1536.jpg 1536w, https:\/\/macite.tg\/wp-content\/uploads\/2025\/03\/OTR_TVM2-122x122.jpg 122w, https:\/\/macite.tg\/wp-content\/uploads\/2025\/03\/OTR_TVM2.jpg 1600w\" sizes=\"auto, (max-width: 1024px) 100vw, 1024px\" \/><\/figure>\n<\/div>\n\n\n<p class=\"wp-block-paragraph\">C\u2019est donc une autorit\u00e9 publique aussi polyandre que son chef est&nbsp;<a href=\"https:\/\/www.jeuneafrique.com\/1553644\/politique\/au-senegal-une-presidence-bicephale-et-polygame\/?utm_source=microsoft&amp;utm_medium=feeds&amp;utm_campaign=feeds-microsoft-v1\" target=\"_blank\" rel=\"noreferrer noopener\">polygyne<\/a>&nbsp;qui a lanc\u00e9 des jalons politiques dans de nombreuses directions. Les observateurs retiennent le domaine r\u00e9serv\u00e9 du pr\u00e9sident, une politique internationale qui fleure bon le souverainisme annonc\u00e9, avec l\u00e0 aussi une temp\u00e9rance qui tranche avec l\u2019attitude des chefs d\u2019\u00c9tat ouest-africains arriv\u00e9s au pouvoir par la force. Comme il m\u00e9nage la ch\u00e8vre du costume-cravate et le chou des tenues traditionnelles, c\u2019est sans outrance que Bassirou Diomaye Faye a remis en cause les&nbsp;<a href=\"https:\/\/www.jeuneafrique.com\/1638649\/politique\/pourquoi-les-militaires-francais-sont-indesirables-au-senegal-et-au-tchad\/?utm_source=microsoft&amp;utm_medium=feeds&amp;utm_campaign=feeds-microsoft-v1\" target=\"_blank\" rel=\"noreferrer noopener\">accords de d\u00e9fense sign\u00e9s avec Paris<\/a>&nbsp;ou celui paraph\u00e9, dans le&nbsp;<a href=\"https:\/\/www.jeuneafrique.com\/1631856\/economie-entreprises\/fin-des-accords-de-peche-ue-afrique-apres-le-senegal-a-qui-le-tour\/?utm_source=microsoft&amp;utm_medium=feeds&amp;utm_campaign=feeds-microsoft-v1\" target=\"_blank\" rel=\"noreferrer noopener\">domaine de la p\u00eache, avec l\u2019Union europ\u00e9enne<\/a>.<\/p>\n\n\n\n<p class=\"wp-block-paragraph\">Le r\u00e9gime s\u00e9n\u00e9galais a \u00e9galement rapidement organis\u00e9 des assises de la justice. Une justice que le pr\u00e9sident souhaite, soit dit en passant, voir convoquer son pr\u00e9d\u00e9cesseur\u00a0<a href=\"https:\/\/www.jeuneafrique.com\/personnalites\/macky-sall\/?utm_source=microsoft&amp;utm_medium=feeds&amp;utm_campaign=feeds-microsoft-v1\" target=\"_blank\" rel=\"noreferrer noopener\">Macky Sall<\/a>. <\/p>\n\n\n<div class=\"wp-block-image\">\n<figure class=\"aligncenter size-full\"><img loading=\"lazy\" decoding=\"async\" width=\"526\" height=\"526\" src=\"https:\/\/macite.tg\/wp-content\/uploads\/2025\/03\/OTR_La-minute-fiscale.jpg\" alt=\"\" class=\"wp-image-20852\" srcset=\"https:\/\/macite.tg\/wp-content\/uploads\/2025\/03\/OTR_La-minute-fiscale.jpg 526w, https:\/\/macite.tg\/wp-content\/uploads\/2025\/03\/OTR_La-minute-fiscale-300x300.jpg 300w, https:\/\/macite.tg\/wp-content\/uploads\/2025\/03\/OTR_La-minute-fiscale-150x150.jpg 150w, https:\/\/macite.tg\/wp-content\/uploads\/2025\/03\/OTR_La-minute-fiscale-122x122.jpg 122w\" sizes=\"auto, (max-width: 526px) 100vw, 526px\" \/><\/figure>\n<\/div>\n\n\n<p class=\"wp-block-paragraph\">Cette volont\u00e9 de purge des mauvaises pratiques donne du grain \u00e0 moudre \u00e0 une opposition en qu\u00eate d\u2019accroches strat\u00e9giques. L\u2019accusation de chasse aux sorci\u00e8res et un point de d\u00e9part fr\u00e9quent dans le travail de sape d\u2019un \u00e9tat de gr\u00e2ce.<\/p>\n\n\n\n<p class=\"wp-block-paragraph\"><strong>Au final, l\u2019\u00e9conomie<\/strong><\/p>\n\n\n\n<p class=\"wp-block-paragraph\">Le point d\u2019arriv\u00e9e, cette fois, de l\u2019\u00e9ventuelle d\u00e9sillusion devrait \u2013 l\u00e0 aussi, sans surprise \u2013 s\u2019articuler autour des questions auxquelles reviennent toujours les \u00e9lecteurs, celles qui concernent l\u2019\u00e9conomie. L\u2019ancien inspecteur des finances publiques, Bassirou Diomaye Faye, ne saurait \u00eatre surpris par la vigilance particuli\u00e8re des citoyens en mati\u00e8re d\u2019entrepreneuriat des jeunes, de pouvoir d\u2019achat, de gestion de la dette et de&nbsp;<a href=\"https:\/\/www.jeuneafrique.com\/1557672\/economie-entreprises\/kako-nubukpo-au-senegal-leconomie-va-forcement-etre-au-centre-du-mandat-de-bassirou-diomaye-faye\/?utm_source=microsoft&amp;utm_medium=feeds&amp;utm_campaign=feeds-microsoft-v1\" target=\"_blank\" rel=\"noreferrer noopener\">sortie du franc CFA<\/a>. Sur les deux premiers points, des opposants crient d\u00e9j\u00e0 leur d\u00e9ception, malgr\u00e9 l\u2019annonce, en juin dernier, de la baisse des prix de denr\u00e9es alimentaires. Sur la question de la dette, le r\u00e9cent rapport de la Cour des comptes est alarmiste. Sur le franc CFA, les plus volontaristes des r\u00e9volutionnaires antisyst\u00e8mes savent que le dossier ne saurait \u00eatre purg\u00e9 en un jour.<\/p>\n\n\n<div class=\"wp-block-image\">\n<figure class=\"aligncenter size-large is-resized\"><img loading=\"lazy\" decoding=\"async\" width=\"1024\" height=\"1024\" src=\"https:\/\/macite.tg\/wp-content\/uploads\/2025\/03\/OTR_TVM-1024x1024.jpg\" alt=\"\" class=\"wp-image-20894\" style=\"width:560px;height:auto\" srcset=\"https:\/\/macite.tg\/wp-content\/uploads\/2025\/03\/OTR_TVM-1024x1024.jpg 1024w, https:\/\/macite.tg\/wp-content\/uploads\/2025\/03\/OTR_TVM-300x300.jpg 300w, https:\/\/macite.tg\/wp-content\/uploads\/2025\/03\/OTR_TVM-150x150.jpg 150w, https:\/\/macite.tg\/wp-content\/uploads\/2025\/03\/OTR_TVM-768x768.jpg 768w, https:\/\/macite.tg\/wp-content\/uploads\/2025\/03\/OTR_TVM-1536x1536.jpg 1536w, https:\/\/macite.tg\/wp-content\/uploads\/2025\/03\/OTR_TVM-122x122.jpg 122w, https:\/\/macite.tg\/wp-content\/uploads\/2025\/03\/OTR_TVM.jpg 1600w\" sizes=\"auto, (max-width: 1024px) 100vw, 1024px\" \/><\/figure>\n<\/div>\n\n\n<p class=\"wp-block-paragraph\">C\u2019est classiquement \u00e0 une n\u00e9cessaire patience que les tenants du tout jeune r\u00e9gime s\u00e9n\u00e9galais appellent, mettant en avant un souci officiel de transparence. Apr\u00e8s douze mois, on peut encore accuser les pr\u00e9d\u00e9cesseurs, ressasser les chantiers en cours ou invoquer le temps de traitement de la soixantaine d\u2019audits lanc\u00e9s. Si son mandat est \u00e0 peine entam\u00e9, Bassirou Diomaye Faye sait que mieux vaut garder, en mati\u00e8re de promesses, une poire pour la soif. Le temps des nouvelles campagnes revient plus vite qu\u2019on ne le pense.<\/p>\n\n\n\n<p class=\"wp-block-paragraph\"><strong>MSN<\/strong><\/p>\n\n\n\n<p class=\"wp-block-paragraph\"><a><strong><em>@macite.tg&nbsp;&nbsp;&nbsp;&nbsp;&nbsp;&nbsp;&nbsp;&nbsp;<\/em><\/strong><\/a><\/p>\n\n\n\n<p class=\"wp-block-paragraph\"><strong><em>E-mail&nbsp;: <\/em><\/strong><a href=\"mailto:maciteinfo@gmail.com\"><strong><em>maciteinfo@gmail.com<\/em><\/strong><\/a><strong><em>; <\/em><\/strong><a href=\"mailto:bawela1@gmail.com\"><strong><em>bawela1@gmail.com<\/em><\/strong><\/a><strong><em><\/em><\/strong><\/p>\n\n\n\n<p class=\"wp-block-paragraph\"><strong><em>Pour vos annonces, (publi)reportages, etc., joignez-nous au (00228)91515309\/<strong>79872224 <\/strong>www.macite.tg, L\u2019information, la bonne&nbsp;!<\/em><\/strong><\/p>\n","protected":false},"excerpt":{"rendered":"<p class=\"text-justify mb-2\" >En douze mois, le charismatique duo Faye-Sonko a occup\u00e9 l\u2019espace politique avec le lancement de nombreux audits et chantiers. Mais, au-del\u00e0 de la communication, le S\u00e9n\u00e9gal attend les r\u00e9sultats, particuli\u00e8rement sur le plan \u00e9conomique. Le tourbillon de l\u2019urgence r\u00e9siste-t-il \u00e0 la routine de la gouvernance&nbsp;? [&hellip;]<\/p>\n","protected":false},"author":2,"featured_media":20903,"comment_status":"open","ping_status":"open","sticky":false,"template":"","format":"standard","meta":{"footnotes":""},"categories":[20,1],"tags":[],"class_list":["post-20898","post","type-post","status-publish","format-standard","has-post-thumbnail","hentry","category-actualite","category-politique"],"yoast_head":"<!-- This site is optimized with the Yoast SEO plugin v28.4 - https:\/\/yoast.com\/product\/yoast-seo-wordpress\/ -->\n<title>SENEGAL\u00a0\/1ER ANNIVERSAIRE DU DUO AU POUVOIR\u00a0: Pour Bassirou Diomaye Faye, ici tout commence -<\/title>\n<meta name=\"robots\" content=\"index, follow, max-snippet:-1, max-image-preview:large, max-video-preview:-1\" \/>\n<link rel=\"canonical\" href=\"https:\/\/macite.tg\/?p=20898\" \/>\n<meta property=\"og:locale\" content=\"fr_FR\" \/>\n<meta property=\"og:type\" content=\"article\" \/>\n<meta property=\"og:title\" content=\"SENEGAL\u00a0\/1ER ANNIVERSAIRE DU DUO AU POUVOIR\u00a0: Pour Bassirou Diomaye Faye, ici tout commence -\" \/>\n<meta property=\"og:description\" content=\"En douze mois, le charismatique duo Faye-Sonko a occup\u00e9 l\u2019espace politique avec le lancement de nombreux audits et chantiers. Mais, au-del\u00e0 de la communication, le S\u00e9n\u00e9gal attend les r\u00e9sultats, particuli\u00e8rement sur le plan \u00e9conomique. Le tourbillon de l\u2019urgence r\u00e9siste-t-il \u00e0 la routine de la gouvernance&nbsp;? [&hellip;]\" \/>\n<meta property=\"og:url\" content=\"https:\/\/macite.tg\/?p=20898\" \/>\n<meta property=\"article:published_time\" content=\"2025-03-25T08:44:50+00:00\" \/>\n<meta property=\"article:modified_time\" content=\"2025-03-25T08:45:04+00:00\" \/>\n<meta property=\"og:image\" content=\"https:\/\/macite.tg\/wp-content\/uploads\/2025\/03\/faye-SOnko.jpg\" \/>\n\t<meta property=\"og:image:width\" content=\"500\" \/>\n\t<meta property=\"og:image:height\" content=\"250\" \/>\n\t<meta property=\"og:image:type\" content=\"image\/jpeg\" \/>\n<meta name=\"author\" content=\"Jean Pierre BAWELA\" \/>\n<meta name=\"twitter:card\" content=\"summary_large_image\" \/>\n<meta name=\"twitter:label1\" content=\"\u00c9crit par\" \/>\n\t<meta name=\"twitter:data1\" content=\"Jean Pierre BAWELA\" \/>\n\t<meta name=\"twitter:label2\" content=\"Dur\u00e9e de lecture estim\u00e9e\" \/>\n\t<meta name=\"twitter:data2\" content=\"4 minutes\" \/>\n<script type=\"application\/ld+json\" class=\"yoast-schema-graph\">{\"@context\":\"https:\\\/\\\/schema.org\",\"@graph\":[{\"@type\":\"Article\",\"@id\":\"https:\\\/\\\/macite.tg\\\/?p=20898#article\",\"isPartOf\":{\"@id\":\"https:\\\/\\\/macite.tg\\\/?p=20898\"},\"author\":{\"name\":\"Jean Pierre BAWELA\",\"@id\":\"https:\\\/\\\/macite.tg\\\/#\\\/schema\\\/person\\\/e9f2de7e5dbbe7770a9402c7ce82f5c2\"},\"headline\":\"SENEGAL\u00a0\\\/1ER ANNIVERSAIRE DU DUO AU POUVOIR\u00a0: Pour Bassirou Diomaye Faye, ici tout commence\",\"datePublished\":\"2025-03-25T08:44:50+00:00\",\"dateModified\":\"2025-03-25T08:45:04+00:00\",\"mainEntityOfPage\":{\"@id\":\"https:\\\/\\\/macite.tg\\\/?p=20898\"},\"wordCount\":740,\"commentCount\":0,\"image\":{\"@id\":\"https:\\\/\\\/macite.tg\\\/?p=20898#primaryimage\"},\"thumbnailUrl\":\"https:\\\/\\\/macite.tg\\\/wp-content\\\/uploads\\\/2025\\\/03\\\/faye-SOnko.jpg\",\"articleSection\":[\"ACTUALITE\",\"POLITIQUE\"],\"inLanguage\":\"fr-FR\",\"potentialAction\":[{\"@type\":\"CommentAction\",\"name\":\"Comment\",\"target\":[\"https:\\\/\\\/macite.tg\\\/?p=20898#respond\"]}]},{\"@type\":\"WebPage\",\"@id\":\"https:\\\/\\\/macite.tg\\\/?p=20898\",\"url\":\"https:\\\/\\\/macite.tg\\\/?p=20898\",\"name\":\"SENEGAL\u00a0\\\/1ER ANNIVERSAIRE DU DUO AU POUVOIR\u00a0: Pour Bassirou Diomaye Faye, ici tout commence -\",\"isPartOf\":{\"@id\":\"https:\\\/\\\/macite.tg\\\/#website\"},\"primaryImageOfPage\":{\"@id\":\"https:\\\/\\\/macite.tg\\\/?p=20898#primaryimage\"},\"image\":{\"@id\":\"https:\\\/\\\/macite.tg\\\/?p=20898#primaryimage\"},\"thumbnailUrl\":\"https:\\\/\\\/macite.tg\\\/wp-content\\\/uploads\\\/2025\\\/03\\\/faye-SOnko.jpg\",\"datePublished\":\"2025-03-25T08:44:50+00:00\",\"dateModified\":\"2025-03-25T08:45:04+00:00\",\"author\":{\"@id\":\"https:\\\/\\\/macite.tg\\\/#\\\/schema\\\/person\\\/e9f2de7e5dbbe7770a9402c7ce82f5c2\"},\"breadcrumb\":{\"@id\":\"https:\\\/\\\/macite.tg\\\/?p=20898#breadcrumb\"},\"inLanguage\":\"fr-FR\",\"potentialAction\":[{\"@type\":\"ReadAction\",\"target\":[\"https:\\\/\\\/macite.tg\\\/?p=20898\"]}]},{\"@type\":\"ImageObject\",\"inLanguage\":\"fr-FR\",\"@id\":\"https:\\\/\\\/macite.tg\\\/?p=20898#primaryimage\",\"url\":\"https:\\\/\\\/macite.tg\\\/wp-content\\\/uploads\\\/2025\\\/03\\\/faye-SOnko.jpg\",\"contentUrl\":\"https:\\\/\\\/macite.tg\\\/wp-content\\\/uploads\\\/2025\\\/03\\\/faye-SOnko.jpg\",\"width\":500,\"height\":250},{\"@type\":\"BreadcrumbList\",\"@id\":\"https:\\\/\\\/macite.tg\\\/?p=20898#breadcrumb\",\"itemListElement\":[{\"@type\":\"ListItem\",\"position\":1,\"name\":\"Accueil\",\"item\":\"https:\\\/\\\/macite.tg\\\/\"},{\"@type\":\"ListItem\",\"position\":2,\"name\":\"SENEGAL\u00a0\\\/1ER ANNIVERSAIRE DU DUO AU POUVOIR\u00a0: Pour Bassirou Diomaye Faye, ici tout commence\"}]},{\"@type\":\"WebSite\",\"@id\":\"https:\\\/\\\/macite.tg\\\/#website\",\"url\":\"https:\\\/\\\/macite.tg\\\/\",\"name\":\"\",\"description\":\"L&#039;information, la bonne!!!\",\"potentialAction\":[{\"@type\":\"SearchAction\",\"target\":{\"@type\":\"EntryPoint\",\"urlTemplate\":\"https:\\\/\\\/macite.tg\\\/?s={search_term_string}\"},\"query-input\":{\"@type\":\"PropertyValueSpecification\",\"valueRequired\":true,\"valueName\":\"search_term_string\"}}],\"inLanguage\":\"fr-FR\"},{\"@type\":\"Person\",\"@id\":\"https:\\\/\\\/macite.tg\\\/#\\\/schema\\\/person\\\/e9f2de7e5dbbe7770a9402c7ce82f5c2\",\"name\":\"Jean Pierre BAWELA\",\"image\":{\"@type\":\"ImageObject\",\"inLanguage\":\"fr-FR\",\"@id\":\"https:\\\/\\\/macite.tg\\\/wp-content\\\/uploads\\\/2023\\\/09\\\/WhatsApp-Image-2023-09-19-at-14.44.41-122x122.jpeg\",\"url\":\"https:\\\/\\\/macite.tg\\\/wp-content\\\/uploads\\\/2023\\\/09\\\/WhatsApp-Image-2023-09-19-at-14.44.41-122x122.jpeg\",\"contentUrl\":\"https:\\\/\\\/macite.tg\\\/wp-content\\\/uploads\\\/2023\\\/09\\\/WhatsApp-Image-2023-09-19-at-14.44.41-122x122.jpeg\",\"caption\":\"Jean Pierre BAWELA\"},\"url\":\"https:\\\/\\\/macite.tg\\\/?author=2\"}]}<\/script>\n<!-- \/ Yoast SEO plugin. -->","yoast_head_json":{"title":"SENEGAL\u00a0\/1ER ANNIVERSAIRE DU DUO AU POUVOIR\u00a0: Pour Bassirou Diomaye Faye, ici tout commence -","robots":{"index":"index","follow":"follow","max-snippet":"max-snippet:-1","max-image-preview":"max-image-preview:large","max-video-preview":"max-video-preview:-1"},"canonical":"https:\/\/macite.tg\/?p=20898","og_locale":"fr_FR","og_type":"article","og_title":"SENEGAL\u00a0\/1ER ANNIVERSAIRE DU DUO AU POUVOIR\u00a0: Pour Bassirou Diomaye Faye, ici tout commence -","og_description":"En douze mois, le charismatique duo Faye-Sonko a occup\u00e9 l\u2019espace politique avec le lancement de nombreux audits et chantiers. Mais, au-del\u00e0 de la communication, le S\u00e9n\u00e9gal attend les r\u00e9sultats, particuli\u00e8rement sur le plan \u00e9conomique. Le tourbillon de l\u2019urgence r\u00e9siste-t-il \u00e0 la routine de la gouvernance&nbsp;? [&hellip;]","og_url":"https:\/\/macite.tg\/?p=20898","article_published_time":"2025-03-25T08:44:50+00:00","article_modified_time":"2025-03-25T08:45:04+00:00","og_image":[{"width":500,"height":250,"url":"https:\/\/macite.tg\/wp-content\/uploads\/2025\/03\/faye-SOnko.jpg","type":"image\/jpeg"}],"author":"Jean Pierre BAWELA","twitter_card":"summary_large_image","twitter_misc":{"\u00c9crit par":"Jean Pierre BAWELA","Dur\u00e9e de lecture estim\u00e9e":"4 minutes"},"schema":{"@context":"https:\/\/schema.org","@graph":[{"@type":"Article","@id":"https:\/\/macite.tg\/?p=20898#article","isPartOf":{"@id":"https:\/\/macite.tg\/?p=20898"},"author":{"name":"Jean Pierre BAWELA","@id":"https:\/\/macite.tg\/#\/schema\/person\/e9f2de7e5dbbe7770a9402c7ce82f5c2"},"headline":"SENEGAL\u00a0\/1ER ANNIVERSAIRE DU DUO AU POUVOIR\u00a0: Pour Bassirou Diomaye Faye, ici tout commence","datePublished":"2025-03-25T08:44:50+00:00","dateModified":"2025-03-25T08:45:04+00:00","mainEntityOfPage":{"@id":"https:\/\/macite.tg\/?p=20898"},"wordCount":740,"commentCount":0,"image":{"@id":"https:\/\/macite.tg\/?p=20898#primaryimage"},"thumbnailUrl":"https:\/\/macite.tg\/wp-content\/uploads\/2025\/03\/faye-SOnko.jpg","articleSection":["ACTUALITE","POLITIQUE"],"inLanguage":"fr-FR","potentialAction":[{"@type":"CommentAction","name":"Comment","target":["https:\/\/macite.tg\/?p=20898#respond"]}]},{"@type":"WebPage","@id":"https:\/\/macite.tg\/?p=20898","url":"https:\/\/macite.tg\/?p=20898","name":"SENEGAL\u00a0\/1ER ANNIVERSAIRE DU DUO AU POUVOIR\u00a0: Pour Bassirou Diomaye Faye, ici tout commence -","isPartOf":{"@id":"https:\/\/macite.tg\/#website"},"primaryImageOfPage":{"@id":"https:\/\/macite.tg\/?p=20898#primaryimage"},"image":{"@id":"https:\/\/macite.tg\/?p=20898#primaryimage"},"thumbnailUrl":"https:\/\/macite.tg\/wp-content\/uploads\/2025\/03\/faye-SOnko.jpg","datePublished":"2025-03-25T08:44:50+00:00","dateModified":"2025-03-25T08:45:04+00:00","author":{"@id":"https:\/\/macite.tg\/#\/schema\/person\/e9f2de7e5dbbe7770a9402c7ce82f5c2"},"breadcrumb":{"@id":"https:\/\/macite.tg\/?p=20898#breadcrumb"},"inLanguage":"fr-FR","potentialAction":[{"@type":"ReadAction","target":["https:\/\/macite.tg\/?p=20898"]}]},{"@type":"ImageObject","inLanguage":"fr-FR","@id":"https:\/\/macite.tg\/?p=20898#primaryimage","url":"https:\/\/macite.tg\/wp-content\/uploads\/2025\/03\/faye-SOnko.jpg","contentUrl":"https:\/\/macite.tg\/wp-content\/uploads\/2025\/03\/faye-SOnko.jpg","width":500,"height":250},{"@type":"BreadcrumbList","@id":"https:\/\/macite.tg\/?p=20898#breadcrumb","itemListElement":[{"@type":"ListItem","position":1,"name":"Accueil","item":"https:\/\/macite.tg\/"},{"@type":"ListItem","position":2,"name":"SENEGAL\u00a0\/1ER ANNIVERSAIRE DU DUO AU POUVOIR\u00a0: Pour Bassirou Diomaye Faye, ici tout commence"}]},{"@type":"WebSite","@id":"https:\/\/macite.tg\/#website","url":"https:\/\/macite.tg\/","name":"","description":"L&#039;information, la bonne!!!","potentialAction":[{"@type":"SearchAction","target":{"@type":"EntryPoint","urlTemplate":"https:\/\/macite.tg\/?s={search_term_string}"},"query-input":{"@type":"PropertyValueSpecification","valueRequired":true,"valueName":"search_term_string"}}],"inLanguage":"fr-FR"},{"@type":"Person","@id":"https:\/\/macite.tg\/#\/schema\/person\/e9f2de7e5dbbe7770a9402c7ce82f5c2","name":"Jean Pierre BAWELA","image":{"@type":"ImageObject","inLanguage":"fr-FR","@id":"https:\/\/macite.tg\/wp-content\/uploads\/2023\/09\/WhatsApp-Image-2023-09-19-at-14.44.41-122x122.jpeg","url":"https:\/\/macite.tg\/wp-content\/uploads\/2023\/09\/WhatsApp-Image-2023-09-19-at-14.44.41-122x122.jpeg","contentUrl":"https:\/\/macite.tg\/wp-content\/uploads\/2023\/09\/WhatsApp-Image-2023-09-19-at-14.44.41-122x122.jpeg","caption":"Jean Pierre BAWELA"},"url":"https:\/\/macite.tg\/?author=2"}]}},"_links":{"self":[{"href":"https:\/\/macite.tg\/index.php?rest_route=\/wp\/v2\/posts\/20898","targetHints":{"allow":["GET"]}}],"collection":[{"href":"https:\/\/macite.tg\/index.php?rest_route=\/wp\/v2\/posts"}],"about":[{"href":"https:\/\/macite.tg\/index.php?rest_route=\/wp\/v2\/types\/post"}],"author":[{"embeddable":true,"href":"https:\/\/macite.tg\/index.php?rest_route=\/wp\/v2\/users\/2"}],"replies":[{"embeddable":true,"href":"https:\/\/macite.tg\/index.php?rest_route=%2Fwp%2Fv2%2Fcomments&post=20898"}],"version-history":[{"count":0,"href":"https:\/\/macite.tg\/index.php?rest_route=\/wp\/v2\/posts\/20898\/revisions"}],"wp:featuredmedia":[{"embeddable":true,"href":"https:\/\/macite.tg\/index.php?rest_route=\/wp\/v2\/media\/20903"}],"wp:attachment":[{"href":"https:\/\/macite.tg\/index.php?rest_route=%2Fwp%2Fv2%2Fmedia&parent=20898"}],"wp:term":[{"taxonomy":"category","embeddable":true,"href":"https:\/\/macite.tg\/index.php?rest_route=%2Fwp%2Fv2%2Fcategories&post=20898"},{"taxonomy":"post_tag","embeddable":true,"href":"https:\/\/macite.tg\/index.php?rest_route=%2Fwp%2Fv2%2Ftags&post=20898"}],"curies":[{"name":"wp","href":"https:\/\/api.w.org\/{rel}","templated":true}]}}