{"id":20525,"date":"2025-03-10T11:08:44","date_gmt":"2025-03-10T11:08:44","guid":{"rendered":"https:\/\/macite.tg\/?p=20525"},"modified":"2025-03-10T11:11:45","modified_gmt":"2025-03-10T11:11:45","slug":"region-des-savanes-des-vivres-aux-musulmans-en-ce-temps-de-ramadan","status":"publish","type":"post","link":"https:\/\/macite.tg\/?p=20525","title":{"rendered":"REGION DES SAVANES : Des vivres aux musulmans en ce temps de Ramadan\u2026"},"content":{"rendered":"\n<p class=\"wp-block-paragraph\"><strong><em>La communaut\u00e9 musulmane de la r\u00e9gion des Savanes est aux anges. Et pour cause\u00a0! Elle a re\u00e7u un don de vivres d\u2019une valeur de 40 millions de nos francs. Une \u0153uvre de g\u00e9n\u00e9rosit\u00e9 qui porte une signature : le Pr\u00e9sident de la R\u00e9publique, Faure Essozimna Gnassingb\u00e9.<\/em><\/strong><\/p>\n\n\n\n<p class=\"wp-block-paragraph\">Le vendredi 07 mars dernier, une c\u00e9r\u00e9monie de remise de don \u00e0 la communaut\u00e9 musulmane de la r\u00e9gion des Savanes, a eu lieu sur l\u2019esplanade du Gouvernorat de ladite r\u00e9gion. Elle a \u00e9t\u00e9 pr\u00e9sid\u00e9e par Affoh Atcha-D\u00e9dji, Gouverneur de la r\u00e9gion des Savanes, en pr\u00e9sence du ministre d\u2019Etat, ministre en charge des Ressources halieutiques et de la Transhumance, des autorit\u00e9s locales (pr\u00e9fets, maires) des repr\u00e9sentants religieux, dont l\u2019imam de la grande mosqu\u00e9e de Dapaong, El Hadj Ousmane Douti.<\/p>\n\n\n<div class=\"wp-block-image\">\n<figure class=\"aligncenter size-large is-resized\"><img loading=\"lazy\" decoding=\"async\" width=\"1024\" height=\"1024\" src=\"https:\/\/macite.tg\/wp-content\/uploads\/2025\/03\/d4c3a8a5-b555-493c-b116-93e62f3746c8-1024x1024.jpg\" alt=\"\" class=\"wp-image-20436\" style=\"width:540px;height:auto\" srcset=\"https:\/\/macite.tg\/wp-content\/uploads\/2025\/03\/d4c3a8a5-b555-493c-b116-93e62f3746c8-1024x1024.jpg 1024w, https:\/\/macite.tg\/wp-content\/uploads\/2025\/03\/d4c3a8a5-b555-493c-b116-93e62f3746c8-300x300.jpg 300w, https:\/\/macite.tg\/wp-content\/uploads\/2025\/03\/d4c3a8a5-b555-493c-b116-93e62f3746c8-150x150.jpg 150w, https:\/\/macite.tg\/wp-content\/uploads\/2025\/03\/d4c3a8a5-b555-493c-b116-93e62f3746c8-768x768.jpg 768w, https:\/\/macite.tg\/wp-content\/uploads\/2025\/03\/d4c3a8a5-b555-493c-b116-93e62f3746c8-122x122.jpg 122w, https:\/\/macite.tg\/wp-content\/uploads\/2025\/03\/d4c3a8a5-b555-493c-b116-93e62f3746c8.jpg 1080w\" sizes=\"auto, (max-width: 1024px) 100vw, 1024px\" \/><\/figure>\n<\/div>\n\n\n<p class=\"wp-block-paragraph\">Compos\u00e9 de 450 sacs de riz, 90 cartons de sucre, 280 sacs de sucre, 300 cartons huile v\u00e9g\u00e9tal de 4 bidons de 5L et 240 cartons de lait Peak, ce don vise \u00e0 permettre aux fid\u00e8les de Mahomet d\u2019observer le mois sacr\u00e9 de Ramadan dans de meilleures conditions. Ce don t\u00e9moigne de l\u2019attention particuli\u00e8re qu\u2019accordent les plus hautes autorit\u00e9s aux communaut\u00e9s musulmanes en ce p\u00e9riode toute particuli\u00e8re de je\u00fbne et de pri\u00e8res.<\/p>\n\n\n\n<p class=\"wp-block-paragraph\">Cette c\u00e9r\u00e9monie a \u00e9t\u00e9 une occasion pour le Gouverneur Atcha-D\u00e9dji d\u2019encourager les b\u00e9n\u00e9ficiaires \u00e0 prier pour la paix dans la r\u00e9gion et pour la vie du donateur, le Chef de l\u2019Etat.<\/p>\n\n\n\n<p class=\"wp-block-paragraph\">L\u2019Imam de la grande mosqu\u00e9e de Dapaong, El Hadj Ousmane Douti, a, au nom des b\u00e9n\u00e9ficiaires, exprim\u00e9 sa gratitude au Pr\u00e9sident de la R\u00e9publique pour ce geste de solidarit\u00e9, devenu d\u2019ailleurs une tradition bien ancr\u00e9e.<\/p>\n\n\n<div class=\"wp-block-image\">\n<figure class=\"aligncenter size-large is-resized\"><img loading=\"lazy\" decoding=\"async\" width=\"741\" height=\"1024\" src=\"https:\/\/macite.tg\/wp-content\/uploads\/2025\/03\/af6081af-0494-47bd-bdb4-8ce225ad640d-741x1024.jpg\" alt=\"\" class=\"wp-image-20391\" style=\"width:617px;height:auto\" srcset=\"https:\/\/macite.tg\/wp-content\/uploads\/2025\/03\/af6081af-0494-47bd-bdb4-8ce225ad640d-741x1024.jpg 741w, https:\/\/macite.tg\/wp-content\/uploads\/2025\/03\/af6081af-0494-47bd-bdb4-8ce225ad640d-217x300.jpg 217w, https:\/\/macite.tg\/wp-content\/uploads\/2025\/03\/af6081af-0494-47bd-bdb4-8ce225ad640d-768x1061.jpg 768w, https:\/\/macite.tg\/wp-content\/uploads\/2025\/03\/af6081af-0494-47bd-bdb4-8ce225ad640d.jpg 782w\" sizes=\"auto, (max-width: 741px) 100vw, 741px\" \/><\/figure>\n<\/div>\n\n\n<p class=\"wp-block-paragraph\">Notons que le mois sacr\u00e9 de Ramadan est une p\u00e9riode de privations, de pri\u00e8res et de r\u00e9flexion spirituelle ayant lieu chaque ann\u00e9e pendant le neuvi\u00e8me mois du calendrier islamique.&nbsp;<\/p>\n\n\n\n<p class=\"wp-block-paragraph\"><strong>JPB<\/strong><\/p>\n\n\n\n<p class=\"wp-block-paragraph\"><a><strong><em>@macite.tg&nbsp;&nbsp;&nbsp;&nbsp;&nbsp;&nbsp;&nbsp;&nbsp;<\/em><\/strong><\/a><\/p>\n\n\n\n<p class=\"wp-block-paragraph\"><strong><em>E-mail&nbsp;: <\/em><\/strong><a href=\"mailto:maciteinfo@gmail.com\"><strong><em>maciteinfo@gmail.com<\/em><\/strong><\/a><strong><em>; <\/em><\/strong><a href=\"mailto:bawela1@gmail.com\"><strong><em>bawela1@gmail.com<\/em><\/strong><\/a><strong><em><\/em><\/strong><\/p>\n\n\n\n<p class=\"wp-block-paragraph\"><strong><em>Pour vos annonces, (publi)reportages, etc., joignez-nous au (00228)91515309\/<strong>79872224 <\/strong>www.macite.tg, L\u2019information, la bonne&nbsp;!<\/em><\/strong><\/p>\n","protected":false},"excerpt":{"rendered":"<p class=\"text-justify mb-2\" >La communaut\u00e9 musulmane de la r\u00e9gion des Savanes est aux anges. Et pour cause\u00a0! Elle a re\u00e7u un don de vivres d\u2019une valeur de 40 millions de nos francs. Une \u0153uvre de g\u00e9n\u00e9rosit\u00e9 qui porte une signature : le Pr\u00e9sident de la R\u00e9publique, Faure Essozimna [&hellip;]<\/p>\n","protected":false},"author":2,"featured_media":20532,"comment_status":"open","ping_status":"open","sticky":false,"template":"","format":"standard","meta":{"footnotes":""},"categories":[20,55],"tags":[],"class_list":["post-20525","post","type-post","status-publish","format-standard","has-post-thumbnail","hentry","category-actualite","category-humanitaire"],"yoast_head":"<!-- This site is optimized with the Yoast SEO plugin v28.4 - https:\/\/yoast.com\/product\/yoast-seo-wordpress\/ -->\n<title>REGION DES SAVANES : Des vivres aux musulmans en ce temps de Ramadan\u2026 -<\/title>\n<meta name=\"robots\" content=\"index, follow, max-snippet:-1, max-image-preview:large, max-video-preview:-1\" \/>\n<link rel=\"canonical\" href=\"https:\/\/macite.tg\/?p=20525\" \/>\n<meta property=\"og:locale\" content=\"fr_FR\" \/>\n<meta property=\"og:type\" content=\"article\" \/>\n<meta property=\"og:title\" content=\"REGION DES SAVANES : Des vivres aux musulmans en ce temps de Ramadan\u2026 -\" \/>\n<meta property=\"og:description\" content=\"La communaut\u00e9 musulmane de la r\u00e9gion des Savanes est aux anges. Et pour cause\u00a0! Elle a re\u00e7u un don de vivres d\u2019une valeur de 40 millions de nos francs. Une \u0153uvre de g\u00e9n\u00e9rosit\u00e9 qui porte une signature : le Pr\u00e9sident de la R\u00e9publique, Faure Essozimna [&hellip;]\" \/>\n<meta property=\"og:url\" content=\"https:\/\/macite.tg\/?p=20525\" \/>\n<meta property=\"article:published_time\" content=\"2025-03-10T11:08:44+00:00\" \/>\n<meta property=\"article:modified_time\" content=\"2025-03-10T11:11:45+00:00\" \/>\n<meta property=\"og:image\" content=\"https:\/\/macite.tg\/wp-content\/uploads\/2025\/03\/Don-savanes.jpg\" \/>\n\t<meta property=\"og:image:width\" content=\"500\" \/>\n\t<meta property=\"og:image:height\" content=\"213\" \/>\n\t<meta property=\"og:image:type\" content=\"image\/jpeg\" \/>\n<meta name=\"author\" content=\"Jean Pierre BAWELA\" \/>\n<meta name=\"twitter:card\" content=\"summary_large_image\" \/>\n<meta name=\"twitter:label1\" content=\"\u00c9crit par\" \/>\n\t<meta name=\"twitter:data1\" content=\"Jean Pierre BAWELA\" \/>\n\t<meta name=\"twitter:label2\" content=\"Dur\u00e9e de lecture estim\u00e9e\" \/>\n\t<meta name=\"twitter:data2\" content=\"2 minutes\" \/>\n<script type=\"application\/ld+json\" class=\"yoast-schema-graph\">{\"@context\":\"https:\\\/\\\/schema.org\",\"@graph\":[{\"@type\":\"Article\",\"@id\":\"https:\\\/\\\/macite.tg\\\/?p=20525#article\",\"isPartOf\":{\"@id\":\"https:\\\/\\\/macite.tg\\\/?p=20525\"},\"author\":{\"name\":\"Jean Pierre BAWELA\",\"@id\":\"https:\\\/\\\/macite.tg\\\/#\\\/schema\\\/person\\\/e9f2de7e5dbbe7770a9402c7ce82f5c2\"},\"headline\":\"REGION DES SAVANES : Des vivres aux musulmans en ce temps de Ramadan\u2026\",\"datePublished\":\"2025-03-10T11:08:44+00:00\",\"dateModified\":\"2025-03-10T11:11:45+00:00\",\"mainEntityOfPage\":{\"@id\":\"https:\\\/\\\/macite.tg\\\/?p=20525\"},\"wordCount\":385,\"commentCount\":0,\"image\":{\"@id\":\"https:\\\/\\\/macite.tg\\\/?p=20525#primaryimage\"},\"thumbnailUrl\":\"https:\\\/\\\/macite.tg\\\/wp-content\\\/uploads\\\/2025\\\/03\\\/Don-savanes.jpg\",\"articleSection\":[\"ACTUALITE\",\"HUMANITAIRE\"],\"inLanguage\":\"fr-FR\",\"potentialAction\":[{\"@type\":\"CommentAction\",\"name\":\"Comment\",\"target\":[\"https:\\\/\\\/macite.tg\\\/?p=20525#respond\"]}]},{\"@type\":\"WebPage\",\"@id\":\"https:\\\/\\\/macite.tg\\\/?p=20525\",\"url\":\"https:\\\/\\\/macite.tg\\\/?p=20525\",\"name\":\"REGION DES SAVANES : Des vivres aux musulmans en ce temps de Ramadan\u2026 -\",\"isPartOf\":{\"@id\":\"https:\\\/\\\/macite.tg\\\/#website\"},\"primaryImageOfPage\":{\"@id\":\"https:\\\/\\\/macite.tg\\\/?p=20525#primaryimage\"},\"image\":{\"@id\":\"https:\\\/\\\/macite.tg\\\/?p=20525#primaryimage\"},\"thumbnailUrl\":\"https:\\\/\\\/macite.tg\\\/wp-content\\\/uploads\\\/2025\\\/03\\\/Don-savanes.jpg\",\"datePublished\":\"2025-03-10T11:08:44+00:00\",\"dateModified\":\"2025-03-10T11:11:45+00:00\",\"author\":{\"@id\":\"https:\\\/\\\/macite.tg\\\/#\\\/schema\\\/person\\\/e9f2de7e5dbbe7770a9402c7ce82f5c2\"},\"breadcrumb\":{\"@id\":\"https:\\\/\\\/macite.tg\\\/?p=20525#breadcrumb\"},\"inLanguage\":\"fr-FR\",\"potentialAction\":[{\"@type\":\"ReadAction\",\"target\":[\"https:\\\/\\\/macite.tg\\\/?p=20525\"]}]},{\"@type\":\"ImageObject\",\"inLanguage\":\"fr-FR\",\"@id\":\"https:\\\/\\\/macite.tg\\\/?p=20525#primaryimage\",\"url\":\"https:\\\/\\\/macite.tg\\\/wp-content\\\/uploads\\\/2025\\\/03\\\/Don-savanes.jpg\",\"contentUrl\":\"https:\\\/\\\/macite.tg\\\/wp-content\\\/uploads\\\/2025\\\/03\\\/Don-savanes.jpg\",\"width\":500,\"height\":213},{\"@type\":\"BreadcrumbList\",\"@id\":\"https:\\\/\\\/macite.tg\\\/?p=20525#breadcrumb\",\"itemListElement\":[{\"@type\":\"ListItem\",\"position\":1,\"name\":\"Accueil\",\"item\":\"https:\\\/\\\/macite.tg\\\/\"},{\"@type\":\"ListItem\",\"position\":2,\"name\":\"REGION DES SAVANES : Des vivres aux musulmans en ce temps de Ramadan\u2026\"}]},{\"@type\":\"WebSite\",\"@id\":\"https:\\\/\\\/macite.tg\\\/#website\",\"url\":\"https:\\\/\\\/macite.tg\\\/\",\"name\":\"\",\"description\":\"L&#039;information, la bonne!!!\",\"potentialAction\":[{\"@type\":\"SearchAction\",\"target\":{\"@type\":\"EntryPoint\",\"urlTemplate\":\"https:\\\/\\\/macite.tg\\\/?s={search_term_string}\"},\"query-input\":{\"@type\":\"PropertyValueSpecification\",\"valueRequired\":true,\"valueName\":\"search_term_string\"}}],\"inLanguage\":\"fr-FR\"},{\"@type\":\"Person\",\"@id\":\"https:\\\/\\\/macite.tg\\\/#\\\/schema\\\/person\\\/e9f2de7e5dbbe7770a9402c7ce82f5c2\",\"name\":\"Jean Pierre BAWELA\",\"image\":{\"@type\":\"ImageObject\",\"inLanguage\":\"fr-FR\",\"@id\":\"https:\\\/\\\/macite.tg\\\/wp-content\\\/uploads\\\/2023\\\/09\\\/WhatsApp-Image-2023-09-19-at-14.44.41-122x122.jpeg\",\"url\":\"https:\\\/\\\/macite.tg\\\/wp-content\\\/uploads\\\/2023\\\/09\\\/WhatsApp-Image-2023-09-19-at-14.44.41-122x122.jpeg\",\"contentUrl\":\"https:\\\/\\\/macite.tg\\\/wp-content\\\/uploads\\\/2023\\\/09\\\/WhatsApp-Image-2023-09-19-at-14.44.41-122x122.jpeg\",\"caption\":\"Jean Pierre BAWELA\"},\"url\":\"https:\\\/\\\/macite.tg\\\/?author=2\"}]}<\/script>\n<!-- \/ Yoast SEO plugin. -->","yoast_head_json":{"title":"REGION DES SAVANES : Des vivres aux musulmans en ce temps de Ramadan\u2026 -","robots":{"index":"index","follow":"follow","max-snippet":"max-snippet:-1","max-image-preview":"max-image-preview:large","max-video-preview":"max-video-preview:-1"},"canonical":"https:\/\/macite.tg\/?p=20525","og_locale":"fr_FR","og_type":"article","og_title":"REGION DES SAVANES : Des vivres aux musulmans en ce temps de Ramadan\u2026 -","og_description":"La communaut\u00e9 musulmane de la r\u00e9gion des Savanes est aux anges. Et pour cause\u00a0! Elle a re\u00e7u un don de vivres d\u2019une valeur de 40 millions de nos francs. Une \u0153uvre de g\u00e9n\u00e9rosit\u00e9 qui porte une signature : le Pr\u00e9sident de la R\u00e9publique, Faure Essozimna [&hellip;]","og_url":"https:\/\/macite.tg\/?p=20525","article_published_time":"2025-03-10T11:08:44+00:00","article_modified_time":"2025-03-10T11:11:45+00:00","og_image":[{"width":500,"height":213,"url":"https:\/\/macite.tg\/wp-content\/uploads\/2025\/03\/Don-savanes.jpg","type":"image\/jpeg"}],"author":"Jean Pierre BAWELA","twitter_card":"summary_large_image","twitter_misc":{"\u00c9crit par":"Jean Pierre BAWELA","Dur\u00e9e de lecture estim\u00e9e":"2 minutes"},"schema":{"@context":"https:\/\/schema.org","@graph":[{"@type":"Article","@id":"https:\/\/macite.tg\/?p=20525#article","isPartOf":{"@id":"https:\/\/macite.tg\/?p=20525"},"author":{"name":"Jean Pierre BAWELA","@id":"https:\/\/macite.tg\/#\/schema\/person\/e9f2de7e5dbbe7770a9402c7ce82f5c2"},"headline":"REGION DES SAVANES : Des vivres aux musulmans en ce temps de Ramadan\u2026","datePublished":"2025-03-10T11:08:44+00:00","dateModified":"2025-03-10T11:11:45+00:00","mainEntityOfPage":{"@id":"https:\/\/macite.tg\/?p=20525"},"wordCount":385,"commentCount":0,"image":{"@id":"https:\/\/macite.tg\/?p=20525#primaryimage"},"thumbnailUrl":"https:\/\/macite.tg\/wp-content\/uploads\/2025\/03\/Don-savanes.jpg","articleSection":["ACTUALITE","HUMANITAIRE"],"inLanguage":"fr-FR","potentialAction":[{"@type":"CommentAction","name":"Comment","target":["https:\/\/macite.tg\/?p=20525#respond"]}]},{"@type":"WebPage","@id":"https:\/\/macite.tg\/?p=20525","url":"https:\/\/macite.tg\/?p=20525","name":"REGION DES SAVANES : Des vivres aux musulmans en ce temps de Ramadan\u2026 -","isPartOf":{"@id":"https:\/\/macite.tg\/#website"},"primaryImageOfPage":{"@id":"https:\/\/macite.tg\/?p=20525#primaryimage"},"image":{"@id":"https:\/\/macite.tg\/?p=20525#primaryimage"},"thumbnailUrl":"https:\/\/macite.tg\/wp-content\/uploads\/2025\/03\/Don-savanes.jpg","datePublished":"2025-03-10T11:08:44+00:00","dateModified":"2025-03-10T11:11:45+00:00","author":{"@id":"https:\/\/macite.tg\/#\/schema\/person\/e9f2de7e5dbbe7770a9402c7ce82f5c2"},"breadcrumb":{"@id":"https:\/\/macite.tg\/?p=20525#breadcrumb"},"inLanguage":"fr-FR","potentialAction":[{"@type":"ReadAction","target":["https:\/\/macite.tg\/?p=20525"]}]},{"@type":"ImageObject","inLanguage":"fr-FR","@id":"https:\/\/macite.tg\/?p=20525#primaryimage","url":"https:\/\/macite.tg\/wp-content\/uploads\/2025\/03\/Don-savanes.jpg","contentUrl":"https:\/\/macite.tg\/wp-content\/uploads\/2025\/03\/Don-savanes.jpg","width":500,"height":213},{"@type":"BreadcrumbList","@id":"https:\/\/macite.tg\/?p=20525#breadcrumb","itemListElement":[{"@type":"ListItem","position":1,"name":"Accueil","item":"https:\/\/macite.tg\/"},{"@type":"ListItem","position":2,"name":"REGION DES SAVANES : Des vivres aux musulmans en ce temps de Ramadan\u2026"}]},{"@type":"WebSite","@id":"https:\/\/macite.tg\/#website","url":"https:\/\/macite.tg\/","name":"","description":"L&#039;information, la bonne!!!","potentialAction":[{"@type":"SearchAction","target":{"@type":"EntryPoint","urlTemplate":"https:\/\/macite.tg\/?s={search_term_string}"},"query-input":{"@type":"PropertyValueSpecification","valueRequired":true,"valueName":"search_term_string"}}],"inLanguage":"fr-FR"},{"@type":"Person","@id":"https:\/\/macite.tg\/#\/schema\/person\/e9f2de7e5dbbe7770a9402c7ce82f5c2","name":"Jean Pierre BAWELA","image":{"@type":"ImageObject","inLanguage":"fr-FR","@id":"https:\/\/macite.tg\/wp-content\/uploads\/2023\/09\/WhatsApp-Image-2023-09-19-at-14.44.41-122x122.jpeg","url":"https:\/\/macite.tg\/wp-content\/uploads\/2023\/09\/WhatsApp-Image-2023-09-19-at-14.44.41-122x122.jpeg","contentUrl":"https:\/\/macite.tg\/wp-content\/uploads\/2023\/09\/WhatsApp-Image-2023-09-19-at-14.44.41-122x122.jpeg","caption":"Jean Pierre BAWELA"},"url":"https:\/\/macite.tg\/?author=2"}]}},"_links":{"self":[{"href":"https:\/\/macite.tg\/index.php?rest_route=\/wp\/v2\/posts\/20525","targetHints":{"allow":["GET"]}}],"collection":[{"href":"https:\/\/macite.tg\/index.php?rest_route=\/wp\/v2\/posts"}],"about":[{"href":"https:\/\/macite.tg\/index.php?rest_route=\/wp\/v2\/types\/post"}],"author":[{"embeddable":true,"href":"https:\/\/macite.tg\/index.php?rest_route=\/wp\/v2\/users\/2"}],"replies":[{"embeddable":true,"href":"https:\/\/macite.tg\/index.php?rest_route=%2Fwp%2Fv2%2Fcomments&post=20525"}],"version-history":[{"count":0,"href":"https:\/\/macite.tg\/index.php?rest_route=\/wp\/v2\/posts\/20525\/revisions"}],"wp:featuredmedia":[{"embeddable":true,"href":"https:\/\/macite.tg\/index.php?rest_route=\/wp\/v2\/media\/20532"}],"wp:attachment":[{"href":"https:\/\/macite.tg\/index.php?rest_route=%2Fwp%2Fv2%2Fmedia&parent=20525"}],"wp:term":[{"taxonomy":"category","embeddable":true,"href":"https:\/\/macite.tg\/index.php?rest_route=%2Fwp%2Fv2%2Fcategories&post=20525"},{"taxonomy":"post_tag","embeddable":true,"href":"https:\/\/macite.tg\/index.php?rest_route=%2Fwp%2Fv2%2Ftags&post=20525"}],"curies":[{"name":"wp","href":"https:\/\/api.w.org\/{rel}","templated":true}]}}