{"id":20522,"date":"2025-03-07T13:48:39","date_gmt":"2025-03-07T13:48:39","guid":{"rendered":"https:\/\/macite.tg\/?p=20522"},"modified":"2025-03-10T15:46:18","modified_gmt":"2025-03-10T15:46:18","slug":"plan-contre-les-inondations-les-acteurs-impliques-font-le-point-dans-le-grand-lome","status":"publish","type":"post","link":"https:\/\/macite.tg\/?p=20522","title":{"rendered":"PLAN CONTRE LES INONDATIONS: Les acteurs impliqu\u00e9s font le point dans le Grand Lom\u00e9"},"content":{"rendered":"\n<p class=\"wp-block-paragraph\"><strong><em>Dans le cadre de la mise en \u0153uvre du Plan de pr\u00e9paration et de r\u00e9ponse (PPR) aux inondations, notamment dans le Grand Lom\u00e9, les acteurs impliqu\u00e9s \u00e9taient en r\u00e9union, le mardi 04 mars dernier, \u00e0 la Primature. L\u2019objectif \u00e9tait de faire le bilan des actions mises en \u0153uvre l\u2019an dernier, et d\u00e9finir les mesures \u00e0 renforcer pour cette ann\u00e9e, ceci en pr\u00e9vision de la p\u00e9riode des pluies.<\/em><\/strong><\/p>\n\n\n\n<p class=\"wp-block-paragraph\">A cette rencontre pr\u00e9sid\u00e9e par la cheffe du gouvernement et \u00e0 laquelle ont pris part les ministres, pr\u00e9fets, maires et organes charg\u00e9s de la gestion des risques, il \u00e9tait question de dresser le bilan des actions mises en \u0153uvre en 2024, dans le cadre du Plan de pr\u00e9paration et de r\u00e9ponse (PPR) aux inondations, et d\u00e9finir ensemble les mesures \u00e0 renforcer pour l\u2019ann\u00e9e 2025.<\/p>\n\n\n\n<p class=\"wp-block-paragraph\">Ainsi, sur les 38 activit\u00e9s au programme du PPR, 37 ont \u00e9t\u00e9 r\u00e9alis\u00e9es, avec un financement de 50 millions FCFA compl\u00e9t\u00e9 par un appui additionnel de 1,69 milliard FCFA.<\/p>\n\n\n<div class=\"wp-block-image\">\n<figure class=\"aligncenter size-full\"><img loading=\"lazy\" decoding=\"async\" width=\"851\" height=\"315\" src=\"https:\/\/macite.tg\/wp-content\/uploads\/2025\/03\/OTR_Ferer-pour-batir-1.jpg\" alt=\"\" class=\"wp-image-20513\" srcset=\"https:\/\/macite.tg\/wp-content\/uploads\/2025\/03\/OTR_Ferer-pour-batir-1.jpg 851w, https:\/\/macite.tg\/wp-content\/uploads\/2025\/03\/OTR_Ferer-pour-batir-1-300x111.jpg 300w, https:\/\/macite.tg\/wp-content\/uploads\/2025\/03\/OTR_Ferer-pour-batir-1-768x284.jpg 768w\" sizes=\"auto, (max-width: 851px) 100vw, 851px\" \/><\/figure>\n<\/div>\n\n\n<p class=\"wp-block-paragraph\">Au rang de ces activit\u00e9s, outre les campagnes de sensibilisation men\u00e9es \u00e0 travers les m\u00e9dias et sur le terrain pour l\u2019adoption de comportements pr\u00e9ventifs, l\u2019on peut citer, l\u2019\u00e9valuation des sites d\u2019accueil des sinistr\u00e9s, l\u2019entretien des \u00e9quipements d\u2019intervention, l\u2019acquisition de motopompes et de la mise en place d\u2019un dispositif de drainage des eaux.<\/p>\n\n\n\n<p class=\"wp-block-paragraph\">Pour ce qui est des mesures additives en pr\u00e9vision de la prochaine saison des pluies, 26 nouvelles actions viennent s\u2019ajouter \u00e0 celles au programme. Il s\u2019agit notamment de l\u2019intensification des travaux d\u2019assinissmeent, l\u2019am\u00e9nagement du mat\u00e9riel d\u2019intervention et le renforcement des activit\u00e9s de sensibilisation. \u00c9galement au programme de ces nouvelles actions, le curage des caniveaux, le dragage des bassins de r\u00e9tention et l\u2019installation d\u2019\u00e9quipements de pompage figurent parmi les priorit\u00e9s identifi\u00e9es.<\/p>\n\n\n\n<p class=\"wp-block-paragraph\">En attendant qu\u2019un comit\u00e9 de suivi soit mis en place dans l\u2019optique d\u2019assure la coordination des interventions, Mme Victoire Tom\u00e9gah-Dogb\u00e9 a invit\u00e9 les acteurs \u00e0 \u00ab&nbsp;<em>agir avec anticipation, engagement collectif et r\u00e9activit\u00e9&nbsp;\u00bb. <\/em>Elle a rappel\u00e9 que <em>\u00ab&nbsp;des mesures pr\u00e9ventives robustes doivent \u00eatre mises en place pour renforcer la r\u00e9silience du pays face aux inondations&nbsp;<\/em>\u00bb.<\/p>\n\n\n<div class=\"wp-block-image\">\n<figure class=\"aligncenter size-large is-resized\"><img loading=\"lazy\" decoding=\"async\" width=\"741\" height=\"1024\" src=\"https:\/\/macite.tg\/wp-content\/uploads\/2025\/03\/af6081af-0494-47bd-bdb4-8ce225ad640d-741x1024.jpg\" alt=\"\" class=\"wp-image-20391\" style=\"width:631px;height:auto\" srcset=\"https:\/\/macite.tg\/wp-content\/uploads\/2025\/03\/af6081af-0494-47bd-bdb4-8ce225ad640d-741x1024.jpg 741w, https:\/\/macite.tg\/wp-content\/uploads\/2025\/03\/af6081af-0494-47bd-bdb4-8ce225ad640d-217x300.jpg 217w, https:\/\/macite.tg\/wp-content\/uploads\/2025\/03\/af6081af-0494-47bd-bdb4-8ce225ad640d-768x1061.jpg 768w, https:\/\/macite.tg\/wp-content\/uploads\/2025\/03\/af6081af-0494-47bd-bdb4-8ce225ad640d.jpg 782w\" sizes=\"auto, (max-width: 741px) 100vw, 741px\" \/><\/figure>\n<\/div>\n\n\n<p class=\"wp-block-paragraph\">Dans cette optique, une synergie d\u2019actions doit \u00eatre de mise pour une meilleure implications des acteurs impliqu\u00e9s, notamment l\u2019Agence nationale pour la protection civile (ANPC), l\u2019Agence nationale d\u2019assainissement et de salubrit\u00e9 publique (ANASAP) et l\u2019Agence nationale de la m\u00e9t\u00e9orologie (ANAMET).<\/p>\n\n\n\n<p class=\"wp-block-paragraph\"><strong>Mab\u00e9 B.<\/strong><\/p>\n\n\n\n<p class=\"wp-block-paragraph\"><a><strong><em>@macite.tg&nbsp;&nbsp;&nbsp;&nbsp;&nbsp;&nbsp;&nbsp;&nbsp;<\/em><\/strong><\/a><\/p>\n\n\n\n<p class=\"wp-block-paragraph\"><strong><em>E-mail&nbsp;: <\/em><\/strong><a href=\"mailto:maciteinfo@gmail.com\"><strong><em>maciteinfo@gmail.com<\/em><\/strong><\/a><strong><em>; <\/em><\/strong><a href=\"mailto:bawela1@gmail.com\"><strong><em>bawela1@gmail.com<\/em><\/strong><\/a><strong><em><\/em><\/strong><\/p>\n\n\n\n<p class=\"wp-block-paragraph\"><strong><em>Pour vos annonces, (publi)reportages, etc., joignez-nous au (00228)91515309\/<strong>79872224 <\/strong>www.macite.tg, L\u2019information, la bonne&nbsp;!<\/em><\/strong><\/p>\n","protected":false},"excerpt":{"rendered":"<p class=\"text-justify mb-2\" >Dans le cadre de la mise en \u0153uvre du Plan de pr\u00e9paration et de r\u00e9ponse (PPR) aux inondations, notamment dans le Grand Lom\u00e9, les acteurs impliqu\u00e9s \u00e9taient en r\u00e9union, le mardi 04 mars dernier, \u00e0 la Primature. L\u2019objectif \u00e9tait de faire le bilan des actions [&hellip;]<\/p>\n","protected":false},"author":2,"featured_media":20523,"comment_status":"open","ping_status":"open","sticky":false,"template":"","format":"standard","meta":{"footnotes":""},"categories":[20,19],"tags":[],"class_list":["post-20522","post","type-post","status-publish","format-standard","has-post-thumbnail","hentry","category-actualite","category-environnement"],"yoast_head":"<!-- This site is optimized with the Yoast SEO plugin v28.4 - https:\/\/yoast.com\/product\/yoast-seo-wordpress\/ -->\n<title>PLAN CONTRE LES INONDATIONS: Les acteurs impliqu\u00e9s font le point dans le Grand Lom\u00e9 -<\/title>\n<meta name=\"robots\" content=\"index, follow, max-snippet:-1, max-image-preview:large, max-video-preview:-1\" \/>\n<link rel=\"canonical\" href=\"https:\/\/macite.tg\/?p=20522\" \/>\n<meta property=\"og:locale\" content=\"fr_FR\" \/>\n<meta property=\"og:type\" content=\"article\" \/>\n<meta property=\"og:title\" content=\"PLAN CONTRE LES INONDATIONS: Les acteurs impliqu\u00e9s font le point dans le Grand Lom\u00e9 -\" \/>\n<meta property=\"og:description\" content=\"Dans le cadre de la mise en \u0153uvre du Plan de pr\u00e9paration et de r\u00e9ponse (PPR) aux inondations, notamment dans le Grand Lom\u00e9, les acteurs impliqu\u00e9s \u00e9taient en r\u00e9union, le mardi 04 mars dernier, \u00e0 la Primature. L\u2019objectif \u00e9tait de faire le bilan des actions [&hellip;]\" \/>\n<meta property=\"og:url\" content=\"https:\/\/macite.tg\/?p=20522\" \/>\n<meta property=\"article:published_time\" content=\"2025-03-07T13:48:39+00:00\" \/>\n<meta property=\"article:modified_time\" content=\"2025-03-10T15:46:18+00:00\" \/>\n<meta property=\"og:image\" content=\"https:\/\/macite.tg\/wp-content\/uploads\/2025\/03\/image-15.png\" \/>\n\t<meta property=\"og:image:width\" content=\"263\" \/>\n\t<meta property=\"og:image:height\" content=\"213\" \/>\n\t<meta property=\"og:image:type\" content=\"image\/png\" \/>\n<meta name=\"author\" content=\"Jean Pierre BAWELA\" \/>\n<meta name=\"twitter:card\" content=\"summary_large_image\" \/>\n<meta name=\"twitter:label1\" content=\"\u00c9crit par\" \/>\n\t<meta name=\"twitter:data1\" content=\"Jean Pierre BAWELA\" \/>\n\t<meta name=\"twitter:label2\" content=\"Dur\u00e9e de lecture estim\u00e9e\" \/>\n\t<meta name=\"twitter:data2\" content=\"3 minutes\" \/>\n<script type=\"application\/ld+json\" class=\"yoast-schema-graph\">{\"@context\":\"https:\\\/\\\/schema.org\",\"@graph\":[{\"@type\":\"Article\",\"@id\":\"https:\\\/\\\/macite.tg\\\/?p=20522#article\",\"isPartOf\":{\"@id\":\"https:\\\/\\\/macite.tg\\\/?p=20522\"},\"author\":{\"name\":\"Jean Pierre BAWELA\",\"@id\":\"https:\\\/\\\/macite.tg\\\/#\\\/schema\\\/person\\\/e9f2de7e5dbbe7770a9402c7ce82f5c2\"},\"headline\":\"PLAN CONTRE LES INONDATIONS: Les acteurs impliqu\u00e9s font le point dans le Grand Lom\u00e9\",\"datePublished\":\"2025-03-07T13:48:39+00:00\",\"dateModified\":\"2025-03-10T15:46:18+00:00\",\"mainEntityOfPage\":{\"@id\":\"https:\\\/\\\/macite.tg\\\/?p=20522\"},\"wordCount\":482,\"commentCount\":0,\"image\":{\"@id\":\"https:\\\/\\\/macite.tg\\\/?p=20522#primaryimage\"},\"thumbnailUrl\":\"https:\\\/\\\/macite.tg\\\/wp-content\\\/uploads\\\/2025\\\/03\\\/image-15.png\",\"articleSection\":[\"ACTUALITE\",\"ENVIRONNEMENT\"],\"inLanguage\":\"fr-FR\",\"potentialAction\":[{\"@type\":\"CommentAction\",\"name\":\"Comment\",\"target\":[\"https:\\\/\\\/macite.tg\\\/?p=20522#respond\"]}]},{\"@type\":\"WebPage\",\"@id\":\"https:\\\/\\\/macite.tg\\\/?p=20522\",\"url\":\"https:\\\/\\\/macite.tg\\\/?p=20522\",\"name\":\"PLAN CONTRE LES INONDATIONS: Les acteurs impliqu\u00e9s font le point dans le Grand Lom\u00e9 -\",\"isPartOf\":{\"@id\":\"https:\\\/\\\/macite.tg\\\/#website\"},\"primaryImageOfPage\":{\"@id\":\"https:\\\/\\\/macite.tg\\\/?p=20522#primaryimage\"},\"image\":{\"@id\":\"https:\\\/\\\/macite.tg\\\/?p=20522#primaryimage\"},\"thumbnailUrl\":\"https:\\\/\\\/macite.tg\\\/wp-content\\\/uploads\\\/2025\\\/03\\\/image-15.png\",\"datePublished\":\"2025-03-07T13:48:39+00:00\",\"dateModified\":\"2025-03-10T15:46:18+00:00\",\"author\":{\"@id\":\"https:\\\/\\\/macite.tg\\\/#\\\/schema\\\/person\\\/e9f2de7e5dbbe7770a9402c7ce82f5c2\"},\"breadcrumb\":{\"@id\":\"https:\\\/\\\/macite.tg\\\/?p=20522#breadcrumb\"},\"inLanguage\":\"fr-FR\",\"potentialAction\":[{\"@type\":\"ReadAction\",\"target\":[\"https:\\\/\\\/macite.tg\\\/?p=20522\"]}]},{\"@type\":\"ImageObject\",\"inLanguage\":\"fr-FR\",\"@id\":\"https:\\\/\\\/macite.tg\\\/?p=20522#primaryimage\",\"url\":\"https:\\\/\\\/macite.tg\\\/wp-content\\\/uploads\\\/2025\\\/03\\\/image-15.png\",\"contentUrl\":\"https:\\\/\\\/macite.tg\\\/wp-content\\\/uploads\\\/2025\\\/03\\\/image-15.png\",\"width\":263,\"height\":213},{\"@type\":\"BreadcrumbList\",\"@id\":\"https:\\\/\\\/macite.tg\\\/?p=20522#breadcrumb\",\"itemListElement\":[{\"@type\":\"ListItem\",\"position\":1,\"name\":\"Accueil\",\"item\":\"https:\\\/\\\/macite.tg\\\/\"},{\"@type\":\"ListItem\",\"position\":2,\"name\":\"PLAN CONTRE LES INONDATIONS: Les acteurs impliqu\u00e9s font le point dans le Grand Lom\u00e9\"}]},{\"@type\":\"WebSite\",\"@id\":\"https:\\\/\\\/macite.tg\\\/#website\",\"url\":\"https:\\\/\\\/macite.tg\\\/\",\"name\":\"\",\"description\":\"L&#039;information, la bonne!!!\",\"potentialAction\":[{\"@type\":\"SearchAction\",\"target\":{\"@type\":\"EntryPoint\",\"urlTemplate\":\"https:\\\/\\\/macite.tg\\\/?s={search_term_string}\"},\"query-input\":{\"@type\":\"PropertyValueSpecification\",\"valueRequired\":true,\"valueName\":\"search_term_string\"}}],\"inLanguage\":\"fr-FR\"},{\"@type\":\"Person\",\"@id\":\"https:\\\/\\\/macite.tg\\\/#\\\/schema\\\/person\\\/e9f2de7e5dbbe7770a9402c7ce82f5c2\",\"name\":\"Jean Pierre BAWELA\",\"image\":{\"@type\":\"ImageObject\",\"inLanguage\":\"fr-FR\",\"@id\":\"https:\\\/\\\/macite.tg\\\/wp-content\\\/uploads\\\/2023\\\/09\\\/WhatsApp-Image-2023-09-19-at-14.44.41-122x122.jpeg\",\"url\":\"https:\\\/\\\/macite.tg\\\/wp-content\\\/uploads\\\/2023\\\/09\\\/WhatsApp-Image-2023-09-19-at-14.44.41-122x122.jpeg\",\"contentUrl\":\"https:\\\/\\\/macite.tg\\\/wp-content\\\/uploads\\\/2023\\\/09\\\/WhatsApp-Image-2023-09-19-at-14.44.41-122x122.jpeg\",\"caption\":\"Jean Pierre BAWELA\"},\"url\":\"https:\\\/\\\/macite.tg\\\/?author=2\"}]}<\/script>\n<!-- \/ Yoast SEO plugin. -->","yoast_head_json":{"title":"PLAN CONTRE LES INONDATIONS: Les acteurs impliqu\u00e9s font le point dans le Grand Lom\u00e9 -","robots":{"index":"index","follow":"follow","max-snippet":"max-snippet:-1","max-image-preview":"max-image-preview:large","max-video-preview":"max-video-preview:-1"},"canonical":"https:\/\/macite.tg\/?p=20522","og_locale":"fr_FR","og_type":"article","og_title":"PLAN CONTRE LES INONDATIONS: Les acteurs impliqu\u00e9s font le point dans le Grand Lom\u00e9 -","og_description":"Dans le cadre de la mise en \u0153uvre du Plan de pr\u00e9paration et de r\u00e9ponse (PPR) aux inondations, notamment dans le Grand Lom\u00e9, les acteurs impliqu\u00e9s \u00e9taient en r\u00e9union, le mardi 04 mars dernier, \u00e0 la Primature. L\u2019objectif \u00e9tait de faire le bilan des actions [&hellip;]","og_url":"https:\/\/macite.tg\/?p=20522","article_published_time":"2025-03-07T13:48:39+00:00","article_modified_time":"2025-03-10T15:46:18+00:00","og_image":[{"width":263,"height":213,"url":"https:\/\/macite.tg\/wp-content\/uploads\/2025\/03\/image-15.png","type":"image\/png"}],"author":"Jean Pierre BAWELA","twitter_card":"summary_large_image","twitter_misc":{"\u00c9crit par":"Jean Pierre BAWELA","Dur\u00e9e de lecture estim\u00e9e":"3 minutes"},"schema":{"@context":"https:\/\/schema.org","@graph":[{"@type":"Article","@id":"https:\/\/macite.tg\/?p=20522#article","isPartOf":{"@id":"https:\/\/macite.tg\/?p=20522"},"author":{"name":"Jean Pierre BAWELA","@id":"https:\/\/macite.tg\/#\/schema\/person\/e9f2de7e5dbbe7770a9402c7ce82f5c2"},"headline":"PLAN CONTRE LES INONDATIONS: Les acteurs impliqu\u00e9s font le point dans le Grand Lom\u00e9","datePublished":"2025-03-07T13:48:39+00:00","dateModified":"2025-03-10T15:46:18+00:00","mainEntityOfPage":{"@id":"https:\/\/macite.tg\/?p=20522"},"wordCount":482,"commentCount":0,"image":{"@id":"https:\/\/macite.tg\/?p=20522#primaryimage"},"thumbnailUrl":"https:\/\/macite.tg\/wp-content\/uploads\/2025\/03\/image-15.png","articleSection":["ACTUALITE","ENVIRONNEMENT"],"inLanguage":"fr-FR","potentialAction":[{"@type":"CommentAction","name":"Comment","target":["https:\/\/macite.tg\/?p=20522#respond"]}]},{"@type":"WebPage","@id":"https:\/\/macite.tg\/?p=20522","url":"https:\/\/macite.tg\/?p=20522","name":"PLAN CONTRE LES INONDATIONS: Les acteurs impliqu\u00e9s font le point dans le Grand Lom\u00e9 -","isPartOf":{"@id":"https:\/\/macite.tg\/#website"},"primaryImageOfPage":{"@id":"https:\/\/macite.tg\/?p=20522#primaryimage"},"image":{"@id":"https:\/\/macite.tg\/?p=20522#primaryimage"},"thumbnailUrl":"https:\/\/macite.tg\/wp-content\/uploads\/2025\/03\/image-15.png","datePublished":"2025-03-07T13:48:39+00:00","dateModified":"2025-03-10T15:46:18+00:00","author":{"@id":"https:\/\/macite.tg\/#\/schema\/person\/e9f2de7e5dbbe7770a9402c7ce82f5c2"},"breadcrumb":{"@id":"https:\/\/macite.tg\/?p=20522#breadcrumb"},"inLanguage":"fr-FR","potentialAction":[{"@type":"ReadAction","target":["https:\/\/macite.tg\/?p=20522"]}]},{"@type":"ImageObject","inLanguage":"fr-FR","@id":"https:\/\/macite.tg\/?p=20522#primaryimage","url":"https:\/\/macite.tg\/wp-content\/uploads\/2025\/03\/image-15.png","contentUrl":"https:\/\/macite.tg\/wp-content\/uploads\/2025\/03\/image-15.png","width":263,"height":213},{"@type":"BreadcrumbList","@id":"https:\/\/macite.tg\/?p=20522#breadcrumb","itemListElement":[{"@type":"ListItem","position":1,"name":"Accueil","item":"https:\/\/macite.tg\/"},{"@type":"ListItem","position":2,"name":"PLAN CONTRE LES INONDATIONS: Les acteurs impliqu\u00e9s font le point dans le Grand Lom\u00e9"}]},{"@type":"WebSite","@id":"https:\/\/macite.tg\/#website","url":"https:\/\/macite.tg\/","name":"","description":"L&#039;information, la bonne!!!","potentialAction":[{"@type":"SearchAction","target":{"@type":"EntryPoint","urlTemplate":"https:\/\/macite.tg\/?s={search_term_string}"},"query-input":{"@type":"PropertyValueSpecification","valueRequired":true,"valueName":"search_term_string"}}],"inLanguage":"fr-FR"},{"@type":"Person","@id":"https:\/\/macite.tg\/#\/schema\/person\/e9f2de7e5dbbe7770a9402c7ce82f5c2","name":"Jean Pierre BAWELA","image":{"@type":"ImageObject","inLanguage":"fr-FR","@id":"https:\/\/macite.tg\/wp-content\/uploads\/2023\/09\/WhatsApp-Image-2023-09-19-at-14.44.41-122x122.jpeg","url":"https:\/\/macite.tg\/wp-content\/uploads\/2023\/09\/WhatsApp-Image-2023-09-19-at-14.44.41-122x122.jpeg","contentUrl":"https:\/\/macite.tg\/wp-content\/uploads\/2023\/09\/WhatsApp-Image-2023-09-19-at-14.44.41-122x122.jpeg","caption":"Jean Pierre BAWELA"},"url":"https:\/\/macite.tg\/?author=2"}]}},"_links":{"self":[{"href":"https:\/\/macite.tg\/index.php?rest_route=\/wp\/v2\/posts\/20522","targetHints":{"allow":["GET"]}}],"collection":[{"href":"https:\/\/macite.tg\/index.php?rest_route=\/wp\/v2\/posts"}],"about":[{"href":"https:\/\/macite.tg\/index.php?rest_route=\/wp\/v2\/types\/post"}],"author":[{"embeddable":true,"href":"https:\/\/macite.tg\/index.php?rest_route=\/wp\/v2\/users\/2"}],"replies":[{"embeddable":true,"href":"https:\/\/macite.tg\/index.php?rest_route=%2Fwp%2Fv2%2Fcomments&post=20522"}],"version-history":[{"count":0,"href":"https:\/\/macite.tg\/index.php?rest_route=\/wp\/v2\/posts\/20522\/revisions"}],"wp:featuredmedia":[{"embeddable":true,"href":"https:\/\/macite.tg\/index.php?rest_route=\/wp\/v2\/media\/20523"}],"wp:attachment":[{"href":"https:\/\/macite.tg\/index.php?rest_route=%2Fwp%2Fv2%2Fmedia&parent=20522"}],"wp:term":[{"taxonomy":"category","embeddable":true,"href":"https:\/\/macite.tg\/index.php?rest_route=%2Fwp%2Fv2%2Fcategories&post=20522"},{"taxonomy":"post_tag","embeddable":true,"href":"https:\/\/macite.tg\/index.php?rest_route=%2Fwp%2Fv2%2Ftags&post=20522"}],"curies":[{"name":"wp","href":"https:\/\/api.w.org\/{rel}","templated":true}]}}