{"id":20511,"date":"2025-03-07T11:42:19","date_gmt":"2025-03-07T11:42:19","guid":{"rendered":"https:\/\/macite.tg\/?p=20511"},"modified":"2025-03-07T11:42:33","modified_gmt":"2025-03-07T11:42:33","slug":"togo-le-senat-desormais-operationnel-evenement-historique-un-tournant-decisif-acte","status":"publish","type":"post","link":"https:\/\/macite.tg\/?p=20511","title":{"rendered":"TOGO \/ LE SENAT DESORMAIS OPERATIONNEL\u00a0: Ev\u00e9nement historique\u2026 un tournant d\u00e9cisif act\u00e9"},"content":{"rendered":"\n<p class=\"wp-block-paragraph\"><strong><em>Les 61 membres de la seconde chambre du Parlement, le S\u00e9nat, sont d\u00e9sormais install\u00e9s. C\u2019\u00e9tait, hier jeudi 06 mars, \u00e0 l\u2019issue de la premi\u00e8re session de droit de cette chambre. Cet \u00e9v\u00e9nement historique pr\u00e9sid\u00e9 par le doyen d\u2019\u00e2ge, Dogo Koudjolou, a \u00e9t\u00e9 consacr\u00e9 \u00e0 l\u2019\u00e9laboration et l\u2019adoption du r\u00e8glement int\u00e9rieur, et \u00e0 l\u2019\u00e9lection du bureau de ladite Chambre.<\/em><\/strong><\/p>\n\n\n\n<p class=\"wp-block-paragraph\">\u00ab&nbsp;<em>En ce jour, nous \u00e9crivons une page solennelle de l\u2019histoire du Togo. Notre pays ose en effet poser un jalon majeur dans sa grande qu\u00eate d\u2019une r\u00e9ponse institutionnelle adapt\u00e9e \u00e0 ses ambitions. Ce moment n\u2019est pas une simple c\u00e9r\u00e9monie, c\u2019est l\u2019aboutissement d\u2019un cheminement d\u00e9mocratique&nbsp;\u00bb, <\/em>a d\u00e9clar\u00e9, en ouverture des travaux, hier jeudi, le doyen d\u2019\u00e2ge du s\u00e9nat, Dogo Koudjolou.<\/p>\n\n\n\n<p class=\"wp-block-paragraph\">Cette c\u00e9r\u00e9monie qui a connu la pr\u00e9sence des personnalit\u00e9s politiques du pays (Premier ministre, Pr\u00e9sident de l\u2019Assembl\u00e9e, les pr\u00e9sidents des institutions de la R\u00e9publique, des membres du gouvernement et des corps diplomatiques, marque un tournant d\u00e9cisif pour le pays.<\/p>\n\n\n<div class=\"wp-block-image\">\n<figure class=\"aligncenter size-full\"><img loading=\"lazy\" decoding=\"async\" width=\"851\" height=\"315\" src=\"https:\/\/macite.tg\/wp-content\/uploads\/2025\/03\/OTR_Ferer-pour-batir-1.jpg\" alt=\"\" class=\"wp-image-20513\" srcset=\"https:\/\/macite.tg\/wp-content\/uploads\/2025\/03\/OTR_Ferer-pour-batir-1.jpg 851w, https:\/\/macite.tg\/wp-content\/uploads\/2025\/03\/OTR_Ferer-pour-batir-1-300x111.jpg 300w, https:\/\/macite.tg\/wp-content\/uploads\/2025\/03\/OTR_Ferer-pour-batir-1-768x284.jpg 768w\" sizes=\"auto, (max-width: 851px) 100vw, 851px\" \/><\/figure>\n<\/div>\n\n\n<p class=\"wp-block-paragraph\">Elle inaugure, comme l\u2019a si bien dit le ministre charg\u00e9 des relations avec les Institutions de la R\u00e9publique, Pac\u00f4me Adjourouvi, \u00ab&nbsp;<em>le bicam\u00e9ralisme au niveau du pays, qui va permettre aux l\u00e9gislateurs des deux chambres de pouvoir l\u00e9gif\u00e9rer au service des Togolais&nbsp;\u00bb.<\/em><\/p>\n\n\n\n<p class=\"wp-block-paragraph\">C\u2019est une \u00ab&nbsp;nouvelle page institutionnelle qui s\u2019ouvre au Togo&nbsp;\u00bb, a indiqu\u00e9 le pr\u00e9sident du Mouvement Citoyen pour la R\u00e9publique (MCR), Me Mouhamed Tchassona-Traor\u00e9, membre de cette institution. ET d\u2019ajouter&nbsp;: <em>\u00ab&nbsp;Nous avons conscience des d\u00e9bats qui ont entour\u00e9 la cr\u00e9ation du S\u00e9nat. Il nous appartient d\u00e9sormais de prouver aux citoyens que cette institution a un r\u00f4le fondamental \u00e0 jouer dans l\u2019am\u00e9lioration de la gouvernance et la consolidation de notre d\u00e9mocratie \u00bb,<\/em> a-t-il martel\u00e9.<\/p>\n\n\n\n<p class=\"wp-block-paragraph\">Avec l\u2019op\u00e9rationnalisation du S\u00e9nat, c\u2019est une nouvelle page institutionnelle qui s\u2019ouvre pour le Togo. La prochaine \u00e9tape est assur\u00e9ment l\u2019\u00e9lection du Pr\u00e9sident du S\u00e9nat, puis suivra celle du Pr\u00e9sident du Conseil des ministres. Un moment que les Togolais attendent avec impatience.<\/p>\n\n\n<div class=\"wp-block-image\">\n<figure class=\"aligncenter size-large is-resized\"><img loading=\"lazy\" decoding=\"async\" width=\"741\" height=\"1024\" src=\"https:\/\/macite.tg\/wp-content\/uploads\/2025\/03\/af6081af-0494-47bd-bdb4-8ce225ad640d-741x1024.jpg\" alt=\"\" class=\"wp-image-20391\" style=\"width:515px;height:auto\" srcset=\"https:\/\/macite.tg\/wp-content\/uploads\/2025\/03\/af6081af-0494-47bd-bdb4-8ce225ad640d-741x1024.jpg 741w, https:\/\/macite.tg\/wp-content\/uploads\/2025\/03\/af6081af-0494-47bd-bdb4-8ce225ad640d-217x300.jpg 217w, https:\/\/macite.tg\/wp-content\/uploads\/2025\/03\/af6081af-0494-47bd-bdb4-8ce225ad640d-768x1061.jpg 768w, https:\/\/macite.tg\/wp-content\/uploads\/2025\/03\/af6081af-0494-47bd-bdb4-8ce225ad640d.jpg 782w\" sizes=\"auto, (max-width: 741px) 100vw, 741px\" \/><\/figure>\n<\/div>\n\n\n<p class=\"wp-block-paragraph\">Rappelons au passage que cette seconde chambre du Parlement est compos\u00e9 de 61 membres, dont 41 \u00e9lus (le 15 f\u00e9vrier dernier) et 20 nomm\u00e9s (le 05 mars dernier) par le Pr\u00e9sident de la R\u00e9publique.<\/p>\n\n\n\n<p class=\"wp-block-paragraph\"><strong>JPB<\/strong><\/p>\n\n\n\n<p class=\"wp-block-paragraph\"><a><strong><em>@macite.tg&nbsp;&nbsp;&nbsp;&nbsp;&nbsp;&nbsp;&nbsp;&nbsp;<\/em><\/strong><\/a><\/p>\n\n\n\n<p class=\"wp-block-paragraph\"><strong><em>E-mail&nbsp;: <\/em><\/strong><a href=\"mailto:maciteinfo@gmail.com\"><strong><em>maciteinfo@gmail.com<\/em><\/strong><\/a><strong><em>; <\/em><\/strong><a href=\"mailto:bawela1@gmail.com\"><strong><em>bawela1@gmail.com<\/em><\/strong><\/a><strong><em><\/em><\/strong><\/p>\n\n\n\n<p class=\"wp-block-paragraph\"><strong><em>Pour vos annonces, (publi)reportages, etc., joignez-nous au (00228)91515309\/<strong>79872224 <\/strong>www.macite.tg, L\u2019information, la bonne&nbsp;!<\/em><\/strong><\/p>\n","protected":false},"excerpt":{"rendered":"<p class=\"text-justify mb-2\" >Les 61 membres de la seconde chambre du Parlement, le S\u00e9nat, sont d\u00e9sormais install\u00e9s. C\u2019\u00e9tait, hier jeudi 06 mars, \u00e0 l\u2019issue de la premi\u00e8re session de droit de cette chambre. Cet \u00e9v\u00e9nement historique pr\u00e9sid\u00e9 par le doyen d\u2019\u00e2ge, Dogo Koudjolou, a \u00e9t\u00e9 consacr\u00e9 \u00e0 l\u2019\u00e9laboration [&hellip;]<\/p>\n","protected":false},"author":2,"featured_media":20516,"comment_status":"open","ping_status":"open","sticky":false,"template":"","format":"standard","meta":{"footnotes":""},"categories":[20,1],"tags":[],"class_list":["post-20511","post","type-post","status-publish","format-standard","has-post-thumbnail","hentry","category-actualite","category-politique"],"yoast_head":"<!-- This site is optimized with the Yoast SEO plugin v28.4 - https:\/\/yoast.com\/product\/yoast-seo-wordpress\/ -->\n<title>TOGO \/ LE SENAT DESORMAIS OPERATIONNEL\u00a0: Ev\u00e9nement historique\u2026 un tournant d\u00e9cisif act\u00e9 -<\/title>\n<meta name=\"robots\" content=\"index, follow, max-snippet:-1, max-image-preview:large, max-video-preview:-1\" \/>\n<link rel=\"canonical\" href=\"https:\/\/macite.tg\/?p=20511\" \/>\n<meta property=\"og:locale\" content=\"fr_FR\" \/>\n<meta property=\"og:type\" content=\"article\" \/>\n<meta property=\"og:title\" content=\"TOGO \/ LE SENAT DESORMAIS OPERATIONNEL\u00a0: Ev\u00e9nement historique\u2026 un tournant d\u00e9cisif act\u00e9 -\" \/>\n<meta property=\"og:description\" content=\"Les 61 membres de la seconde chambre du Parlement, le S\u00e9nat, sont d\u00e9sormais install\u00e9s. C\u2019\u00e9tait, hier jeudi 06 mars, \u00e0 l\u2019issue de la premi\u00e8re session de droit de cette chambre. Cet \u00e9v\u00e9nement historique pr\u00e9sid\u00e9 par le doyen d\u2019\u00e2ge, Dogo Koudjolou, a \u00e9t\u00e9 consacr\u00e9 \u00e0 l\u2019\u00e9laboration [&hellip;]\" \/>\n<meta property=\"og:url\" content=\"https:\/\/macite.tg\/?p=20511\" \/>\n<meta property=\"article:published_time\" content=\"2025-03-07T11:42:19+00:00\" \/>\n<meta property=\"article:modified_time\" content=\"2025-03-07T11:42:33+00:00\" \/>\n<meta property=\"og:image\" content=\"https:\/\/macite.tg\/wp-content\/uploads\/2025\/03\/1ere-session-Senat-.jpg\" \/>\n\t<meta property=\"og:image:width\" content=\"500\" \/>\n\t<meta property=\"og:image:height\" content=\"427\" \/>\n\t<meta property=\"og:image:type\" content=\"image\/jpeg\" \/>\n<meta name=\"author\" content=\"Jean Pierre BAWELA\" \/>\n<meta name=\"twitter:card\" content=\"summary_large_image\" \/>\n<meta name=\"twitter:label1\" content=\"\u00c9crit par\" \/>\n\t<meta name=\"twitter:data1\" content=\"Jean Pierre BAWELA\" \/>\n\t<meta name=\"twitter:label2\" content=\"Dur\u00e9e de lecture estim\u00e9e\" \/>\n\t<meta name=\"twitter:data2\" content=\"3 minutes\" \/>\n<script type=\"application\/ld+json\" class=\"yoast-schema-graph\">{\"@context\":\"https:\\\/\\\/schema.org\",\"@graph\":[{\"@type\":\"Article\",\"@id\":\"https:\\\/\\\/macite.tg\\\/?p=20511#article\",\"isPartOf\":{\"@id\":\"https:\\\/\\\/macite.tg\\\/?p=20511\"},\"author\":{\"name\":\"Jean Pierre BAWELA\",\"@id\":\"https:\\\/\\\/macite.tg\\\/#\\\/schema\\\/person\\\/e9f2de7e5dbbe7770a9402c7ce82f5c2\"},\"headline\":\"TOGO \\\/ LE SENAT DESORMAIS OPERATIONNEL\u00a0: Ev\u00e9nement historique\u2026 un tournant d\u00e9cisif act\u00e9\",\"datePublished\":\"2025-03-07T11:42:19+00:00\",\"dateModified\":\"2025-03-07T11:42:33+00:00\",\"mainEntityOfPage\":{\"@id\":\"https:\\\/\\\/macite.tg\\\/?p=20511\"},\"wordCount\":460,\"commentCount\":0,\"image\":{\"@id\":\"https:\\\/\\\/macite.tg\\\/?p=20511#primaryimage\"},\"thumbnailUrl\":\"https:\\\/\\\/macite.tg\\\/wp-content\\\/uploads\\\/2025\\\/03\\\/1ere-session-Senat-.jpg\",\"articleSection\":[\"ACTUALITE\",\"POLITIQUE\"],\"inLanguage\":\"fr-FR\",\"potentialAction\":[{\"@type\":\"CommentAction\",\"name\":\"Comment\",\"target\":[\"https:\\\/\\\/macite.tg\\\/?p=20511#respond\"]}]},{\"@type\":\"WebPage\",\"@id\":\"https:\\\/\\\/macite.tg\\\/?p=20511\",\"url\":\"https:\\\/\\\/macite.tg\\\/?p=20511\",\"name\":\"TOGO \\\/ LE SENAT DESORMAIS OPERATIONNEL\u00a0: Ev\u00e9nement historique\u2026 un tournant d\u00e9cisif act\u00e9 -\",\"isPartOf\":{\"@id\":\"https:\\\/\\\/macite.tg\\\/#website\"},\"primaryImageOfPage\":{\"@id\":\"https:\\\/\\\/macite.tg\\\/?p=20511#primaryimage\"},\"image\":{\"@id\":\"https:\\\/\\\/macite.tg\\\/?p=20511#primaryimage\"},\"thumbnailUrl\":\"https:\\\/\\\/macite.tg\\\/wp-content\\\/uploads\\\/2025\\\/03\\\/1ere-session-Senat-.jpg\",\"datePublished\":\"2025-03-07T11:42:19+00:00\",\"dateModified\":\"2025-03-07T11:42:33+00:00\",\"author\":{\"@id\":\"https:\\\/\\\/macite.tg\\\/#\\\/schema\\\/person\\\/e9f2de7e5dbbe7770a9402c7ce82f5c2\"},\"breadcrumb\":{\"@id\":\"https:\\\/\\\/macite.tg\\\/?p=20511#breadcrumb\"},\"inLanguage\":\"fr-FR\",\"potentialAction\":[{\"@type\":\"ReadAction\",\"target\":[\"https:\\\/\\\/macite.tg\\\/?p=20511\"]}]},{\"@type\":\"ImageObject\",\"inLanguage\":\"fr-FR\",\"@id\":\"https:\\\/\\\/macite.tg\\\/?p=20511#primaryimage\",\"url\":\"https:\\\/\\\/macite.tg\\\/wp-content\\\/uploads\\\/2025\\\/03\\\/1ere-session-Senat-.jpg\",\"contentUrl\":\"https:\\\/\\\/macite.tg\\\/wp-content\\\/uploads\\\/2025\\\/03\\\/1ere-session-Senat-.jpg\",\"width\":500,\"height\":427,\"caption\":\"Quelques temps forts de la c\u00e9r\u00e9monie\"},{\"@type\":\"BreadcrumbList\",\"@id\":\"https:\\\/\\\/macite.tg\\\/?p=20511#breadcrumb\",\"itemListElement\":[{\"@type\":\"ListItem\",\"position\":1,\"name\":\"Accueil\",\"item\":\"https:\\\/\\\/macite.tg\\\/\"},{\"@type\":\"ListItem\",\"position\":2,\"name\":\"TOGO \\\/ LE SENAT DESORMAIS OPERATIONNEL\u00a0: Ev\u00e9nement historique\u2026 un tournant d\u00e9cisif act\u00e9\"}]},{\"@type\":\"WebSite\",\"@id\":\"https:\\\/\\\/macite.tg\\\/#website\",\"url\":\"https:\\\/\\\/macite.tg\\\/\",\"name\":\"\",\"description\":\"L&#039;information, la bonne!!!\",\"potentialAction\":[{\"@type\":\"SearchAction\",\"target\":{\"@type\":\"EntryPoint\",\"urlTemplate\":\"https:\\\/\\\/macite.tg\\\/?s={search_term_string}\"},\"query-input\":{\"@type\":\"PropertyValueSpecification\",\"valueRequired\":true,\"valueName\":\"search_term_string\"}}],\"inLanguage\":\"fr-FR\"},{\"@type\":\"Person\",\"@id\":\"https:\\\/\\\/macite.tg\\\/#\\\/schema\\\/person\\\/e9f2de7e5dbbe7770a9402c7ce82f5c2\",\"name\":\"Jean Pierre BAWELA\",\"image\":{\"@type\":\"ImageObject\",\"inLanguage\":\"fr-FR\",\"@id\":\"https:\\\/\\\/macite.tg\\\/wp-content\\\/uploads\\\/2023\\\/09\\\/WhatsApp-Image-2023-09-19-at-14.44.41-122x122.jpeg\",\"url\":\"https:\\\/\\\/macite.tg\\\/wp-content\\\/uploads\\\/2023\\\/09\\\/WhatsApp-Image-2023-09-19-at-14.44.41-122x122.jpeg\",\"contentUrl\":\"https:\\\/\\\/macite.tg\\\/wp-content\\\/uploads\\\/2023\\\/09\\\/WhatsApp-Image-2023-09-19-at-14.44.41-122x122.jpeg\",\"caption\":\"Jean Pierre BAWELA\"},\"url\":\"https:\\\/\\\/macite.tg\\\/?author=2\"}]}<\/script>\n<!-- \/ Yoast SEO plugin. -->","yoast_head_json":{"title":"TOGO \/ LE SENAT DESORMAIS OPERATIONNEL\u00a0: Ev\u00e9nement historique\u2026 un tournant d\u00e9cisif act\u00e9 -","robots":{"index":"index","follow":"follow","max-snippet":"max-snippet:-1","max-image-preview":"max-image-preview:large","max-video-preview":"max-video-preview:-1"},"canonical":"https:\/\/macite.tg\/?p=20511","og_locale":"fr_FR","og_type":"article","og_title":"TOGO \/ LE SENAT DESORMAIS OPERATIONNEL\u00a0: Ev\u00e9nement historique\u2026 un tournant d\u00e9cisif act\u00e9 -","og_description":"Les 61 membres de la seconde chambre du Parlement, le S\u00e9nat, sont d\u00e9sormais install\u00e9s. C\u2019\u00e9tait, hier jeudi 06 mars, \u00e0 l\u2019issue de la premi\u00e8re session de droit de cette chambre. Cet \u00e9v\u00e9nement historique pr\u00e9sid\u00e9 par le doyen d\u2019\u00e2ge, Dogo Koudjolou, a \u00e9t\u00e9 consacr\u00e9 \u00e0 l\u2019\u00e9laboration [&hellip;]","og_url":"https:\/\/macite.tg\/?p=20511","article_published_time":"2025-03-07T11:42:19+00:00","article_modified_time":"2025-03-07T11:42:33+00:00","og_image":[{"width":500,"height":427,"url":"https:\/\/macite.tg\/wp-content\/uploads\/2025\/03\/1ere-session-Senat-.jpg","type":"image\/jpeg"}],"author":"Jean Pierre BAWELA","twitter_card":"summary_large_image","twitter_misc":{"\u00c9crit par":"Jean Pierre BAWELA","Dur\u00e9e de lecture estim\u00e9e":"3 minutes"},"schema":{"@context":"https:\/\/schema.org","@graph":[{"@type":"Article","@id":"https:\/\/macite.tg\/?p=20511#article","isPartOf":{"@id":"https:\/\/macite.tg\/?p=20511"},"author":{"name":"Jean Pierre BAWELA","@id":"https:\/\/macite.tg\/#\/schema\/person\/e9f2de7e5dbbe7770a9402c7ce82f5c2"},"headline":"TOGO \/ LE SENAT DESORMAIS OPERATIONNEL\u00a0: Ev\u00e9nement historique\u2026 un tournant d\u00e9cisif act\u00e9","datePublished":"2025-03-07T11:42:19+00:00","dateModified":"2025-03-07T11:42:33+00:00","mainEntityOfPage":{"@id":"https:\/\/macite.tg\/?p=20511"},"wordCount":460,"commentCount":0,"image":{"@id":"https:\/\/macite.tg\/?p=20511#primaryimage"},"thumbnailUrl":"https:\/\/macite.tg\/wp-content\/uploads\/2025\/03\/1ere-session-Senat-.jpg","articleSection":["ACTUALITE","POLITIQUE"],"inLanguage":"fr-FR","potentialAction":[{"@type":"CommentAction","name":"Comment","target":["https:\/\/macite.tg\/?p=20511#respond"]}]},{"@type":"WebPage","@id":"https:\/\/macite.tg\/?p=20511","url":"https:\/\/macite.tg\/?p=20511","name":"TOGO \/ LE SENAT DESORMAIS OPERATIONNEL\u00a0: Ev\u00e9nement historique\u2026 un tournant d\u00e9cisif act\u00e9 -","isPartOf":{"@id":"https:\/\/macite.tg\/#website"},"primaryImageOfPage":{"@id":"https:\/\/macite.tg\/?p=20511#primaryimage"},"image":{"@id":"https:\/\/macite.tg\/?p=20511#primaryimage"},"thumbnailUrl":"https:\/\/macite.tg\/wp-content\/uploads\/2025\/03\/1ere-session-Senat-.jpg","datePublished":"2025-03-07T11:42:19+00:00","dateModified":"2025-03-07T11:42:33+00:00","author":{"@id":"https:\/\/macite.tg\/#\/schema\/person\/e9f2de7e5dbbe7770a9402c7ce82f5c2"},"breadcrumb":{"@id":"https:\/\/macite.tg\/?p=20511#breadcrumb"},"inLanguage":"fr-FR","potentialAction":[{"@type":"ReadAction","target":["https:\/\/macite.tg\/?p=20511"]}]},{"@type":"ImageObject","inLanguage":"fr-FR","@id":"https:\/\/macite.tg\/?p=20511#primaryimage","url":"https:\/\/macite.tg\/wp-content\/uploads\/2025\/03\/1ere-session-Senat-.jpg","contentUrl":"https:\/\/macite.tg\/wp-content\/uploads\/2025\/03\/1ere-session-Senat-.jpg","width":500,"height":427,"caption":"Quelques temps forts de la c\u00e9r\u00e9monie"},{"@type":"BreadcrumbList","@id":"https:\/\/macite.tg\/?p=20511#breadcrumb","itemListElement":[{"@type":"ListItem","position":1,"name":"Accueil","item":"https:\/\/macite.tg\/"},{"@type":"ListItem","position":2,"name":"TOGO \/ LE SENAT DESORMAIS OPERATIONNEL\u00a0: Ev\u00e9nement historique\u2026 un tournant d\u00e9cisif act\u00e9"}]},{"@type":"WebSite","@id":"https:\/\/macite.tg\/#website","url":"https:\/\/macite.tg\/","name":"","description":"L&#039;information, la bonne!!!","potentialAction":[{"@type":"SearchAction","target":{"@type":"EntryPoint","urlTemplate":"https:\/\/macite.tg\/?s={search_term_string}"},"query-input":{"@type":"PropertyValueSpecification","valueRequired":true,"valueName":"search_term_string"}}],"inLanguage":"fr-FR"},{"@type":"Person","@id":"https:\/\/macite.tg\/#\/schema\/person\/e9f2de7e5dbbe7770a9402c7ce82f5c2","name":"Jean Pierre BAWELA","image":{"@type":"ImageObject","inLanguage":"fr-FR","@id":"https:\/\/macite.tg\/wp-content\/uploads\/2023\/09\/WhatsApp-Image-2023-09-19-at-14.44.41-122x122.jpeg","url":"https:\/\/macite.tg\/wp-content\/uploads\/2023\/09\/WhatsApp-Image-2023-09-19-at-14.44.41-122x122.jpeg","contentUrl":"https:\/\/macite.tg\/wp-content\/uploads\/2023\/09\/WhatsApp-Image-2023-09-19-at-14.44.41-122x122.jpeg","caption":"Jean Pierre BAWELA"},"url":"https:\/\/macite.tg\/?author=2"}]}},"_links":{"self":[{"href":"https:\/\/macite.tg\/index.php?rest_route=\/wp\/v2\/posts\/20511","targetHints":{"allow":["GET"]}}],"collection":[{"href":"https:\/\/macite.tg\/index.php?rest_route=\/wp\/v2\/posts"}],"about":[{"href":"https:\/\/macite.tg\/index.php?rest_route=\/wp\/v2\/types\/post"}],"author":[{"embeddable":true,"href":"https:\/\/macite.tg\/index.php?rest_route=\/wp\/v2\/users\/2"}],"replies":[{"embeddable":true,"href":"https:\/\/macite.tg\/index.php?rest_route=%2Fwp%2Fv2%2Fcomments&post=20511"}],"version-history":[{"count":0,"href":"https:\/\/macite.tg\/index.php?rest_route=\/wp\/v2\/posts\/20511\/revisions"}],"wp:featuredmedia":[{"embeddable":true,"href":"https:\/\/macite.tg\/index.php?rest_route=\/wp\/v2\/media\/20516"}],"wp:attachment":[{"href":"https:\/\/macite.tg\/index.php?rest_route=%2Fwp%2Fv2%2Fmedia&parent=20511"}],"wp:term":[{"taxonomy":"category","embeddable":true,"href":"https:\/\/macite.tg\/index.php?rest_route=%2Fwp%2Fv2%2Fcategories&post=20511"},{"taxonomy":"post_tag","embeddable":true,"href":"https:\/\/macite.tg\/index.php?rest_route=%2Fwp%2Fv2%2Ftags&post=20511"}],"curies":[{"name":"wp","href":"https:\/\/api.w.org\/{rel}","templated":true}]}}