{"id":20507,"date":"2025-03-06T20:07:47","date_gmt":"2025-03-06T20:07:47","guid":{"rendered":"https:\/\/macite.tg\/?p=20507"},"modified":"2025-03-06T20:07:59","modified_gmt":"2025-03-06T20:07:59","slug":"insolite-il-decouvre-avec-horreur-sa-propre-mort-dans-le-journal","status":"publish","type":"post","link":"https:\/\/macite.tg\/?p=20507","title":{"rendered":"INSOLITE\u00a0: Il d\u00e9couvre avec horreur sa propre mort dans le journal\u2026"},"content":{"rendered":"\n<p class=\"wp-block-paragraph\"><strong><em>Patrick Hamm, un habitant du Bas-Rhin (en Alsace), n\u2019en a pas cru ses yeux lorsqu\u2019il a lu, dans son journal local, qu\u2019il \u00e9tait d\u00e9c\u00e9d\u00e9. Certains de ses proches se sont m\u00eame rendus \u00e0 ses fun\u00e9railles.&nbsp;<\/em><\/strong><em><\/em><\/p>\n\n\n\n<p class=\"wp-block-paragraph\">En lisant la rubrique n\u00e9crologique du journal&nbsp;<em>Les Derni\u00e8res Nouvelles d&rsquo;Alsace<\/em>, cet auteur-illustrateur et collectionneur de 64 ans a appris qu\u2019il \u00e9tait d\u00e9c\u00e9d\u00e9 le 13 f\u00e9vrier dernier \u00e0&nbsp;<strong>Illkirch-Graffenstaden<\/strong>, dans sa ville natale.&nbsp;<em>\u201cTout collait, difficile de croire que ce n\u2019\u00e9tait pas moi\u201d<\/em>, confie le sexag\u00e9naire \u00e0&nbsp;<em>Ouest France.<\/em><\/p>\n\n\n<div class=\"wp-block-image\">\n<figure class=\"aligncenter size-full is-resized\"><img loading=\"lazy\" decoding=\"async\" width=\"690\" height=\"170\" src=\"https:\/\/macite.tg\/wp-content\/uploads\/2025\/03\/IMG-20240313-WA0013.jpg\" alt=\"\" class=\"wp-image-20348\" style=\"width:788px;height:auto\" srcset=\"https:\/\/macite.tg\/wp-content\/uploads\/2025\/03\/IMG-20240313-WA0013.jpg 690w, https:\/\/macite.tg\/wp-content\/uploads\/2025\/03\/IMG-20240313-WA0013-300x74.jpg 300w\" sizes=\"auto, (max-width: 690px) 100vw, 690px\" \/><\/figure>\n<\/div>\n\n\n<p class=\"wp-block-paragraph\">Devant cette situation hallucinante,&nbsp;<strong>Patrick Hamm&nbsp;<\/strong>a pris contact avec son entourage pour alerter et rassurer. Probl\u00e8me ? Ses fun\u00e9railles avaient d\u00e9j\u00e0 eu lieu, certains de ses proches s\u2019\u00e9tant m\u00eame rendus aux obs\u00e8ques.&nbsp;<\/p>\n\n\n\n<p class=\"wp-block-paragraph\"><strong>Mais comment est-ce possible ?&nbsp;<\/strong><\/p>\n\n\n\n<p class=\"wp-block-paragraph\">C\u2019est un homonyme qui est mort, un homme qui est n\u00e9 quelques mois seulement apr\u00e8s Patrick. L\u2019avis de d\u00e9c\u00e8s retrouv\u00e9 dans le journal \u00e9tait donc bel et bien correct. <\/p>\n\n\n<div class=\"wp-block-image\">\n<figure class=\"aligncenter size-large is-resized\"><img loading=\"lazy\" decoding=\"async\" width=\"741\" height=\"1024\" src=\"https:\/\/macite.tg\/wp-content\/uploads\/2025\/03\/af6081af-0494-47bd-bdb4-8ce225ad640d-741x1024.jpg\" alt=\"\" class=\"wp-image-20391\" style=\"width:651px;height:auto\" srcset=\"https:\/\/macite.tg\/wp-content\/uploads\/2025\/03\/af6081af-0494-47bd-bdb4-8ce225ad640d-741x1024.jpg 741w, https:\/\/macite.tg\/wp-content\/uploads\/2025\/03\/af6081af-0494-47bd-bdb4-8ce225ad640d-217x300.jpg 217w, https:\/\/macite.tg\/wp-content\/uploads\/2025\/03\/af6081af-0494-47bd-bdb4-8ce225ad640d-768x1061.jpg 768w, https:\/\/macite.tg\/wp-content\/uploads\/2025\/03\/af6081af-0494-47bd-bdb4-8ce225ad640d.jpg 782w\" sizes=\"auto, (max-width: 741px) 100vw, 741px\" \/><\/figure>\n<\/div>\n\n\n<p class=\"wp-block-paragraph\">C\u2019est ainsi que l\u2019Alsacien a compris la confusion de ses proches. Et comme le pr\u00e9cise\u00a0<em>DNA<\/em>, Hamm est un nom populaire dans la r\u00e9gion.\u00a0<\/p>\n\n\n\n<p class=\"wp-block-paragraph\"><strong>Source : Demotivateur<\/strong><\/p>\n\n\n\n<p class=\"wp-block-paragraph\"><strong><em>@macite.tg&nbsp;&nbsp;&nbsp;&nbsp;&nbsp;&nbsp;&nbsp;&nbsp;<\/em><\/strong><\/p>\n\n\n\n<p class=\"wp-block-paragraph\"><strong><em>E-mail&nbsp;: <\/em><\/strong><a href=\"mailto:maciteinfo@gmail.com\"><strong><em>maciteinfo@gmail.com<\/em><\/strong><\/a><strong><em>; <\/em><\/strong><a href=\"mailto:bawela1@gmail.com\"><strong><em>bawela1@gmail.com<\/em><\/strong><\/a><strong><em><\/em><\/strong><\/p>\n\n\n\n<p class=\"wp-block-paragraph\"><strong><em>Pour vos annonces, (publi)reportages, etc., joignez-nous au (00228)91515309\/<strong>79872224 <\/strong>www.macite.tg, L\u2019information, la bonne&nbsp;!<\/em><\/strong><\/p>\n","protected":false},"excerpt":{"rendered":"<p class=\"text-justify mb-2\" >Patrick Hamm, un habitant du Bas-Rhin (en Alsace), n\u2019en a pas cru ses yeux lorsqu\u2019il a lu, dans son journal local, qu\u2019il \u00e9tait d\u00e9c\u00e9d\u00e9. Certains de ses proches se sont m\u00eame rendus \u00e0 ses fun\u00e9railles.&nbsp; En lisant la rubrique n\u00e9crologique du journal&nbsp;Les Derni\u00e8res Nouvelles d&rsquo;Alsace, [&hellip;]<\/p>\n","protected":false},"author":2,"featured_media":20508,"comment_status":"open","ping_status":"open","sticky":false,"template":"","format":"standard","meta":{"footnotes":""},"categories":[20,52],"tags":[],"class_list":["post-20507","post","type-post","status-publish","format-standard","has-post-thumbnail","hentry","category-actualite","category-insolite"],"yoast_head":"<!-- This site is optimized with the Yoast SEO plugin v28.4 - https:\/\/yoast.com\/product\/yoast-seo-wordpress\/ -->\n<title>INSOLITE\u00a0: Il d\u00e9couvre avec horreur sa propre mort dans le journal\u2026 -<\/title>\n<meta name=\"robots\" content=\"index, follow, max-snippet:-1, max-image-preview:large, max-video-preview:-1\" \/>\n<link rel=\"canonical\" href=\"https:\/\/macite.tg\/?p=20507\" \/>\n<meta property=\"og:locale\" content=\"fr_FR\" \/>\n<meta property=\"og:type\" content=\"article\" \/>\n<meta property=\"og:title\" content=\"INSOLITE\u00a0: Il d\u00e9couvre avec horreur sa propre mort dans le journal\u2026 -\" \/>\n<meta property=\"og:description\" content=\"Patrick Hamm, un habitant du Bas-Rhin (en Alsace), n\u2019en a pas cru ses yeux lorsqu\u2019il a lu, dans son journal local, qu\u2019il \u00e9tait d\u00e9c\u00e9d\u00e9. Certains de ses proches se sont m\u00eame rendus \u00e0 ses fun\u00e9railles.&nbsp; En lisant la rubrique n\u00e9crologique du journal&nbsp;Les Derni\u00e8res Nouvelles d&rsquo;Alsace, [&hellip;]\" \/>\n<meta property=\"og:url\" content=\"https:\/\/macite.tg\/?p=20507\" \/>\n<meta property=\"article:published_time\" content=\"2025-03-06T20:07:47+00:00\" \/>\n<meta property=\"article:modified_time\" content=\"2025-03-06T20:07:59+00:00\" \/>\n<meta property=\"og:image\" content=\"https:\/\/macite.tg\/wp-content\/uploads\/2025\/03\/Mort.jpg\" \/>\n\t<meta property=\"og:image:width\" content=\"500\" \/>\n\t<meta property=\"og:image:height\" content=\"333\" \/>\n\t<meta property=\"og:image:type\" content=\"image\/jpeg\" \/>\n<meta name=\"author\" content=\"Jean Pierre BAWELA\" \/>\n<meta name=\"twitter:card\" content=\"summary_large_image\" \/>\n<meta name=\"twitter:label1\" content=\"\u00c9crit par\" \/>\n\t<meta name=\"twitter:data1\" content=\"Jean Pierre BAWELA\" \/>\n\t<meta name=\"twitter:label2\" content=\"Dur\u00e9e de lecture estim\u00e9e\" \/>\n\t<meta name=\"twitter:data2\" content=\"2 minutes\" \/>\n<script type=\"application\/ld+json\" class=\"yoast-schema-graph\">{\"@context\":\"https:\\\/\\\/schema.org\",\"@graph\":[{\"@type\":\"Article\",\"@id\":\"https:\\\/\\\/macite.tg\\\/?p=20507#article\",\"isPartOf\":{\"@id\":\"https:\\\/\\\/macite.tg\\\/?p=20507\"},\"author\":{\"name\":\"Jean Pierre BAWELA\",\"@id\":\"https:\\\/\\\/macite.tg\\\/#\\\/schema\\\/person\\\/e9f2de7e5dbbe7770a9402c7ce82f5c2\"},\"headline\":\"INSOLITE\u00a0: Il d\u00e9couvre avec horreur sa propre mort dans le journal\u2026\",\"datePublished\":\"2025-03-06T20:07:47+00:00\",\"dateModified\":\"2025-03-06T20:07:59+00:00\",\"mainEntityOfPage\":{\"@id\":\"https:\\\/\\\/macite.tg\\\/?p=20507\"},\"wordCount\":256,\"commentCount\":0,\"image\":{\"@id\":\"https:\\\/\\\/macite.tg\\\/?p=20507#primaryimage\"},\"thumbnailUrl\":\"https:\\\/\\\/macite.tg\\\/wp-content\\\/uploads\\\/2025\\\/03\\\/Mort.jpg\",\"articleSection\":[\"ACTUALITE\",\"INSOLITE\"],\"inLanguage\":\"fr-FR\",\"potentialAction\":[{\"@type\":\"CommentAction\",\"name\":\"Comment\",\"target\":[\"https:\\\/\\\/macite.tg\\\/?p=20507#respond\"]}]},{\"@type\":\"WebPage\",\"@id\":\"https:\\\/\\\/macite.tg\\\/?p=20507\",\"url\":\"https:\\\/\\\/macite.tg\\\/?p=20507\",\"name\":\"INSOLITE\u00a0: Il d\u00e9couvre avec horreur sa propre mort dans le journal\u2026 -\",\"isPartOf\":{\"@id\":\"https:\\\/\\\/macite.tg\\\/#website\"},\"primaryImageOfPage\":{\"@id\":\"https:\\\/\\\/macite.tg\\\/?p=20507#primaryimage\"},\"image\":{\"@id\":\"https:\\\/\\\/macite.tg\\\/?p=20507#primaryimage\"},\"thumbnailUrl\":\"https:\\\/\\\/macite.tg\\\/wp-content\\\/uploads\\\/2025\\\/03\\\/Mort.jpg\",\"datePublished\":\"2025-03-06T20:07:47+00:00\",\"dateModified\":\"2025-03-06T20:07:59+00:00\",\"author\":{\"@id\":\"https:\\\/\\\/macite.tg\\\/#\\\/schema\\\/person\\\/e9f2de7e5dbbe7770a9402c7ce82f5c2\"},\"breadcrumb\":{\"@id\":\"https:\\\/\\\/macite.tg\\\/?p=20507#breadcrumb\"},\"inLanguage\":\"fr-FR\",\"potentialAction\":[{\"@type\":\"ReadAction\",\"target\":[\"https:\\\/\\\/macite.tg\\\/?p=20507\"]}]},{\"@type\":\"ImageObject\",\"inLanguage\":\"fr-FR\",\"@id\":\"https:\\\/\\\/macite.tg\\\/?p=20507#primaryimage\",\"url\":\"https:\\\/\\\/macite.tg\\\/wp-content\\\/uploads\\\/2025\\\/03\\\/Mort.jpg\",\"contentUrl\":\"https:\\\/\\\/macite.tg\\\/wp-content\\\/uploads\\\/2025\\\/03\\\/Mort.jpg\",\"width\":500,\"height\":333},{\"@type\":\"BreadcrumbList\",\"@id\":\"https:\\\/\\\/macite.tg\\\/?p=20507#breadcrumb\",\"itemListElement\":[{\"@type\":\"ListItem\",\"position\":1,\"name\":\"Accueil\",\"item\":\"https:\\\/\\\/macite.tg\\\/\"},{\"@type\":\"ListItem\",\"position\":2,\"name\":\"INSOLITE\u00a0: Il d\u00e9couvre avec horreur sa propre mort dans le journal\u2026\"}]},{\"@type\":\"WebSite\",\"@id\":\"https:\\\/\\\/macite.tg\\\/#website\",\"url\":\"https:\\\/\\\/macite.tg\\\/\",\"name\":\"\",\"description\":\"L&#039;information, la bonne!!!\",\"potentialAction\":[{\"@type\":\"SearchAction\",\"target\":{\"@type\":\"EntryPoint\",\"urlTemplate\":\"https:\\\/\\\/macite.tg\\\/?s={search_term_string}\"},\"query-input\":{\"@type\":\"PropertyValueSpecification\",\"valueRequired\":true,\"valueName\":\"search_term_string\"}}],\"inLanguage\":\"fr-FR\"},{\"@type\":\"Person\",\"@id\":\"https:\\\/\\\/macite.tg\\\/#\\\/schema\\\/person\\\/e9f2de7e5dbbe7770a9402c7ce82f5c2\",\"name\":\"Jean Pierre BAWELA\",\"image\":{\"@type\":\"ImageObject\",\"inLanguage\":\"fr-FR\",\"@id\":\"https:\\\/\\\/macite.tg\\\/wp-content\\\/uploads\\\/2023\\\/09\\\/WhatsApp-Image-2023-09-19-at-14.44.41-122x122.jpeg\",\"url\":\"https:\\\/\\\/macite.tg\\\/wp-content\\\/uploads\\\/2023\\\/09\\\/WhatsApp-Image-2023-09-19-at-14.44.41-122x122.jpeg\",\"contentUrl\":\"https:\\\/\\\/macite.tg\\\/wp-content\\\/uploads\\\/2023\\\/09\\\/WhatsApp-Image-2023-09-19-at-14.44.41-122x122.jpeg\",\"caption\":\"Jean Pierre BAWELA\"},\"url\":\"https:\\\/\\\/macite.tg\\\/?author=2\"}]}<\/script>\n<!-- \/ Yoast SEO plugin. -->","yoast_head_json":{"title":"INSOLITE\u00a0: Il d\u00e9couvre avec horreur sa propre mort dans le journal\u2026 -","robots":{"index":"index","follow":"follow","max-snippet":"max-snippet:-1","max-image-preview":"max-image-preview:large","max-video-preview":"max-video-preview:-1"},"canonical":"https:\/\/macite.tg\/?p=20507","og_locale":"fr_FR","og_type":"article","og_title":"INSOLITE\u00a0: Il d\u00e9couvre avec horreur sa propre mort dans le journal\u2026 -","og_description":"Patrick Hamm, un habitant du Bas-Rhin (en Alsace), n\u2019en a pas cru ses yeux lorsqu\u2019il a lu, dans son journal local, qu\u2019il \u00e9tait d\u00e9c\u00e9d\u00e9. Certains de ses proches se sont m\u00eame rendus \u00e0 ses fun\u00e9railles.&nbsp; En lisant la rubrique n\u00e9crologique du journal&nbsp;Les Derni\u00e8res Nouvelles d&rsquo;Alsace, [&hellip;]","og_url":"https:\/\/macite.tg\/?p=20507","article_published_time":"2025-03-06T20:07:47+00:00","article_modified_time":"2025-03-06T20:07:59+00:00","og_image":[{"width":500,"height":333,"url":"https:\/\/macite.tg\/wp-content\/uploads\/2025\/03\/Mort.jpg","type":"image\/jpeg"}],"author":"Jean Pierre BAWELA","twitter_card":"summary_large_image","twitter_misc":{"\u00c9crit par":"Jean Pierre BAWELA","Dur\u00e9e de lecture estim\u00e9e":"2 minutes"},"schema":{"@context":"https:\/\/schema.org","@graph":[{"@type":"Article","@id":"https:\/\/macite.tg\/?p=20507#article","isPartOf":{"@id":"https:\/\/macite.tg\/?p=20507"},"author":{"name":"Jean Pierre BAWELA","@id":"https:\/\/macite.tg\/#\/schema\/person\/e9f2de7e5dbbe7770a9402c7ce82f5c2"},"headline":"INSOLITE\u00a0: Il d\u00e9couvre avec horreur sa propre mort dans le journal\u2026","datePublished":"2025-03-06T20:07:47+00:00","dateModified":"2025-03-06T20:07:59+00:00","mainEntityOfPage":{"@id":"https:\/\/macite.tg\/?p=20507"},"wordCount":256,"commentCount":0,"image":{"@id":"https:\/\/macite.tg\/?p=20507#primaryimage"},"thumbnailUrl":"https:\/\/macite.tg\/wp-content\/uploads\/2025\/03\/Mort.jpg","articleSection":["ACTUALITE","INSOLITE"],"inLanguage":"fr-FR","potentialAction":[{"@type":"CommentAction","name":"Comment","target":["https:\/\/macite.tg\/?p=20507#respond"]}]},{"@type":"WebPage","@id":"https:\/\/macite.tg\/?p=20507","url":"https:\/\/macite.tg\/?p=20507","name":"INSOLITE\u00a0: Il d\u00e9couvre avec horreur sa propre mort dans le journal\u2026 -","isPartOf":{"@id":"https:\/\/macite.tg\/#website"},"primaryImageOfPage":{"@id":"https:\/\/macite.tg\/?p=20507#primaryimage"},"image":{"@id":"https:\/\/macite.tg\/?p=20507#primaryimage"},"thumbnailUrl":"https:\/\/macite.tg\/wp-content\/uploads\/2025\/03\/Mort.jpg","datePublished":"2025-03-06T20:07:47+00:00","dateModified":"2025-03-06T20:07:59+00:00","author":{"@id":"https:\/\/macite.tg\/#\/schema\/person\/e9f2de7e5dbbe7770a9402c7ce82f5c2"},"breadcrumb":{"@id":"https:\/\/macite.tg\/?p=20507#breadcrumb"},"inLanguage":"fr-FR","potentialAction":[{"@type":"ReadAction","target":["https:\/\/macite.tg\/?p=20507"]}]},{"@type":"ImageObject","inLanguage":"fr-FR","@id":"https:\/\/macite.tg\/?p=20507#primaryimage","url":"https:\/\/macite.tg\/wp-content\/uploads\/2025\/03\/Mort.jpg","contentUrl":"https:\/\/macite.tg\/wp-content\/uploads\/2025\/03\/Mort.jpg","width":500,"height":333},{"@type":"BreadcrumbList","@id":"https:\/\/macite.tg\/?p=20507#breadcrumb","itemListElement":[{"@type":"ListItem","position":1,"name":"Accueil","item":"https:\/\/macite.tg\/"},{"@type":"ListItem","position":2,"name":"INSOLITE\u00a0: Il d\u00e9couvre avec horreur sa propre mort dans le journal\u2026"}]},{"@type":"WebSite","@id":"https:\/\/macite.tg\/#website","url":"https:\/\/macite.tg\/","name":"","description":"L&#039;information, la bonne!!!","potentialAction":[{"@type":"SearchAction","target":{"@type":"EntryPoint","urlTemplate":"https:\/\/macite.tg\/?s={search_term_string}"},"query-input":{"@type":"PropertyValueSpecification","valueRequired":true,"valueName":"search_term_string"}}],"inLanguage":"fr-FR"},{"@type":"Person","@id":"https:\/\/macite.tg\/#\/schema\/person\/e9f2de7e5dbbe7770a9402c7ce82f5c2","name":"Jean Pierre BAWELA","image":{"@type":"ImageObject","inLanguage":"fr-FR","@id":"https:\/\/macite.tg\/wp-content\/uploads\/2023\/09\/WhatsApp-Image-2023-09-19-at-14.44.41-122x122.jpeg","url":"https:\/\/macite.tg\/wp-content\/uploads\/2023\/09\/WhatsApp-Image-2023-09-19-at-14.44.41-122x122.jpeg","contentUrl":"https:\/\/macite.tg\/wp-content\/uploads\/2023\/09\/WhatsApp-Image-2023-09-19-at-14.44.41-122x122.jpeg","caption":"Jean Pierre BAWELA"},"url":"https:\/\/macite.tg\/?author=2"}]}},"_links":{"self":[{"href":"https:\/\/macite.tg\/index.php?rest_route=\/wp\/v2\/posts\/20507","targetHints":{"allow":["GET"]}}],"collection":[{"href":"https:\/\/macite.tg\/index.php?rest_route=\/wp\/v2\/posts"}],"about":[{"href":"https:\/\/macite.tg\/index.php?rest_route=\/wp\/v2\/types\/post"}],"author":[{"embeddable":true,"href":"https:\/\/macite.tg\/index.php?rest_route=\/wp\/v2\/users\/2"}],"replies":[{"embeddable":true,"href":"https:\/\/macite.tg\/index.php?rest_route=%2Fwp%2Fv2%2Fcomments&post=20507"}],"version-history":[{"count":0,"href":"https:\/\/macite.tg\/index.php?rest_route=\/wp\/v2\/posts\/20507\/revisions"}],"wp:featuredmedia":[{"embeddable":true,"href":"https:\/\/macite.tg\/index.php?rest_route=\/wp\/v2\/media\/20508"}],"wp:attachment":[{"href":"https:\/\/macite.tg\/index.php?rest_route=%2Fwp%2Fv2%2Fmedia&parent=20507"}],"wp:term":[{"taxonomy":"category","embeddable":true,"href":"https:\/\/macite.tg\/index.php?rest_route=%2Fwp%2Fv2%2Fcategories&post=20507"},{"taxonomy":"post_tag","embeddable":true,"href":"https:\/\/macite.tg\/index.php?rest_route=%2Fwp%2Fv2%2Ftags&post=20507"}],"curies":[{"name":"wp","href":"https:\/\/api.w.org\/{rel}","templated":true}]}}