{"id":20332,"date":"2025-02-20T10:21:35","date_gmt":"2025-02-20T10:21:35","guid":{"rendered":"https:\/\/macite.tg\/?p=20332"},"modified":"2025-02-20T10:21:45","modified_gmt":"2025-02-20T10:21:45","slug":"developpement-inclusif-et-durable-projet-savanes-motaog-un-modele","status":"publish","type":"post","link":"https:\/\/macite.tg\/?p=20332","title":{"rendered":"DEVELOPPEMENT INCLUSIF\u00a0ET DURABLE : Projet Savanes Motaog, un mod\u00e8le\u2026"},"content":{"rendered":"\n<p class=\"wp-block-paragraph\"><strong><em>Longtemps confront\u00e9e \u00e0 des d\u00e9fis \u00e9conomiques et sociaux, la r\u00e9gion des Savanes conna\u00eet une v\u00e9ritable m\u00e9tamorphose ces derni\u00e8res ann\u00e9es, gr\u00e2ce \u00e0 des initiatives. Parmi elles, le projet Savanes Motaog, lanc\u00e9 en 2020, se positionne comme un mod\u00e8le de d\u00e9veloppement inclusif et durable.<\/em><\/strong><\/p>\n\n\n\n<p class=\"wp-block-paragraph\">Apr\u00e8s 4 ann\u00e9es, les r\u00e9sultats sont \u00e9loquents. Des milliers de jeunes et de femmes ont \u00e9t\u00e9 form\u00e9s, des entreprises ont \u00e9merg\u00e9 et l&rsquo;\u00e9conomie locale s&rsquo;est dynamis\u00e9e. Avec un budget de 1,76 milliard de francs CFA, financ\u00e9 \u00e0 90 % par l&rsquo;Union europ\u00e9enne et \u00e0 10 % par Plan International Su\u00e8de, Savanes Motaog visait \u00e0 renforcer l&rsquo;autonomie \u00e9conomique et sociale des jeunes et des femmes dans la r\u00e9gion des Savanes.<\/p>\n\n\n\n<p class=\"wp-block-paragraph\"><strong>Autonomie \u00e9conomique<\/strong><\/p>\n\n\n\n<p class=\"wp-block-paragraph\">\u00c0 son terme, le projet a permis la formation de 7.232 jeunes, dont 5 732 femmes, aux comp\u00e9tences entrepreneuriales, \u00e0 l&#8217;employabilit\u00e9 et \u00e0 la gestion d&rsquo;activit\u00e9s g\u00e9n\u00e9ratrices de revenus (AGR). La dynamique cr\u00e9\u00e9e ne s&rsquo;est pas arr\u00eat\u00e9e \u00e0 l&rsquo;individu, mais a aussi touch\u00e9 les communaut\u00e9s locales.<\/p>\n\n\n<div class=\"wp-block-image\">\n<figure class=\"aligncenter size-large is-resized\"><img loading=\"lazy\" decoding=\"async\" width=\"1024\" height=\"1024\" src=\"https:\/\/macite.tg\/wp-content\/uploads\/2025\/02\/d4c3a8a5-b555-493c-b116-93e62f3746c8-1024x1024.jpg\" alt=\"\" class=\"wp-image-20275\" style=\"width:580px;height:auto\" srcset=\"https:\/\/macite.tg\/wp-content\/uploads\/2025\/02\/d4c3a8a5-b555-493c-b116-93e62f3746c8-1024x1024.jpg 1024w, https:\/\/macite.tg\/wp-content\/uploads\/2025\/02\/d4c3a8a5-b555-493c-b116-93e62f3746c8-300x300.jpg 300w, https:\/\/macite.tg\/wp-content\/uploads\/2025\/02\/d4c3a8a5-b555-493c-b116-93e62f3746c8-150x150.jpg 150w, https:\/\/macite.tg\/wp-content\/uploads\/2025\/02\/d4c3a8a5-b555-493c-b116-93e62f3746c8-768x768.jpg 768w, https:\/\/macite.tg\/wp-content\/uploads\/2025\/02\/d4c3a8a5-b555-493c-b116-93e62f3746c8-122x122.jpg 122w, https:\/\/macite.tg\/wp-content\/uploads\/2025\/02\/d4c3a8a5-b555-493c-b116-93e62f3746c8.jpg 1080w\" sizes=\"auto, (max-width: 1024px) 100vw, 1024px\" \/><\/figure>\n<\/div>\n\n\n<p class=\"wp-block-paragraph\">Initialement pr\u00e9vu pour cr\u00e9er 350 groupes d&rsquo;\u00e9pargne, le programme en a finalement mis en place 1 018, mobilisant ainsi une \u00e9pargne collective de 1,4 milliard de francs CFA. Cette solidarit\u00e9 financi\u00e8re a renforc\u00e9 l&rsquo;autonomie \u00e9conomique des b\u00e9n\u00e9ficiaires et permis \u00e0 90 % des femmes impliqu\u00e9es d&rsquo;am\u00e9liorer leur situation \u00e9conomique.<\/p>\n\n\n\n<p class=\"wp-block-paragraph\"><strong>Impact social et inclusif<\/strong><\/p>\n\n\n\n<p class=\"wp-block-paragraph\">Mais plus encore, il a \u00e9galement favoris\u00e9 l&rsquo;inclusion sociale et la participation citoyenne, touchant directement 50.902 personnes, dont 37.858 femmes et 273 personnes en situation de handicap. Un des r\u00e9sultats les plus significatifs a \u00e9t\u00e9 l&rsquo;implication croissante des femmes dans les d\u00e9cisions communautaires, notamment en ce qui concerne la gestion fonci\u00e8re. Elles revendiquent d\u00e9sormais une place l\u00e9gitime dans les discussions sur la r\u00e9partition des terres.<\/p>\n\n\n\n<p class=\"wp-block-paragraph\">En m\u00eame temps que le projet touche \u00e0 sa fin, le minist\u00e8re de l&rsquo;Action sociale, de la Solidarit\u00e9 et de la Promotion de la femme a indiqu\u00e9 qu&rsquo;en 2024, pas moins de 237.456 personnes ont \u00e9t\u00e9 directement impact\u00e9es par les initiatives gouvernementales et d&rsquo;autres venant des partenaires. Les femmes et les filles ont \u00e9t\u00e9 les principales b\u00e9n\u00e9ficiaires des actions sociales, repr\u00e9sentant 58,62 % des b\u00e9n\u00e9ficiaires.<\/p>\n\n\n<div class=\"wp-block-image\">\n<figure class=\"aligncenter size-full\"><img loading=\"lazy\" decoding=\"async\" width=\"851\" height=\"315\" src=\"https:\/\/macite.tg\/wp-content\/uploads\/2025\/02\/OTR_Renseignements-1.jpg\" alt=\"\" class=\"wp-image-20215\" srcset=\"https:\/\/macite.tg\/wp-content\/uploads\/2025\/02\/OTR_Renseignements-1.jpg 851w, https:\/\/macite.tg\/wp-content\/uploads\/2025\/02\/OTR_Renseignements-1-300x111.jpg 300w, https:\/\/macite.tg\/wp-content\/uploads\/2025\/02\/OTR_Renseignements-1-768x284.jpg 768w\" sizes=\"auto, (max-width: 851px) 100vw, 851px\" \/><\/figure>\n<\/div>\n\n\n<p class=\"wp-block-paragraph\"><strong>Un autre levier de transformation<\/strong><\/p>\n\n\n\n<p class=\"wp-block-paragraph\">Dans cette m\u00eame logique, le Projet d&rsquo;appui \u00e0 l&rsquo;inclusion financi\u00e8re des femmes vuln\u00e9rables (PAIFFV), initi\u00e9 en 2016 avec le soutien de la Banque africaine de d\u00e9veloppement (BAD), a enregistr\u00e9 des performances impressionnantes, comme l&rsquo;indiquent les chiffres.<\/p>\n\n\n\n<p class=\"wp-block-paragraph\">\u00c0 fin 2022, ce programme avait b\u00e9n\u00e9fici\u00e9 \u00e0 plus de 13.500 femmes, r\u00e9parties dans les r\u00e9gions Maritime, Kara et Savanes, leur accordant plus de 15.000 cr\u00e9dits sur un objectif initial de 10.000 femmes. Il a particuli\u00e8rement cibl\u00e9 les femmes handicap\u00e9es, les filles-m\u00e8res \u00e0 faibles revenus, ainsi que les victimes de traite et d&rsquo;exploitation sexuelle.<\/p>\n\n\n<div class=\"wp-block-image\">\n<figure class=\"aligncenter size-full\"><img loading=\"lazy\" decoding=\"async\" width=\"500\" height=\"500\" src=\"https:\/\/macite.tg\/wp-content\/uploads\/2025\/02\/OTR_-Page-TikTok.jpg\" alt=\"\" class=\"wp-image-20330\" srcset=\"https:\/\/macite.tg\/wp-content\/uploads\/2025\/02\/OTR_-Page-TikTok.jpg 500w, https:\/\/macite.tg\/wp-content\/uploads\/2025\/02\/OTR_-Page-TikTok-300x300.jpg 300w, https:\/\/macite.tg\/wp-content\/uploads\/2025\/02\/OTR_-Page-TikTok-150x150.jpg 150w, https:\/\/macite.tg\/wp-content\/uploads\/2025\/02\/OTR_-Page-TikTok-122x122.jpg 122w\" sizes=\"auto, (max-width: 500px) 100vw, 500px\" \/><\/figure>\n<\/div>\n\n\n<p class=\"wp-block-paragraph\">En tout, environ 600 millions de francs CFA ont \u00e9t\u00e9 distribu\u00e9s sous forme de cr\u00e9dits, favorisant la cr\u00e9ation de plus de 8.000 micro et tr\u00e8s petites entreprises avec, des taux de rentabilit\u00e9 moyens de 26,5 %. Gr\u00e2ce aux multiples programmes et \u00e0 la synergie entre les acteurs publics et les partenaires internationaux, le Togo continue de marquer des avanc\u00e9es significatives dans l&rsquo;autonomisation des populations vuln\u00e9rables. Qu&rsquo;il s&rsquo;agisse de la jeunesse, des femmes ou des personnes en situation de handicap, ces initiatives offrent un espoir tangible.<\/p>\n\n\n\n<p class=\"wp-block-paragraph\"><strong>Koudjoukabalo (IN LE MEDIUM n640 du 18 au 24 F\u00e9vrier 2025)<\/strong><\/p>\n\n\n\n<p class=\"wp-block-paragraph\"><strong><em>@macite.tg&nbsp;&nbsp;&nbsp;&nbsp;&nbsp;&nbsp;&nbsp;&nbsp;<\/em><\/strong><\/p>\n\n\n\n<p class=\"wp-block-paragraph\"><strong><em>E-mail&nbsp;: <\/em><\/strong><a href=\"mailto:maciteinfo@gmail.com\"><strong><em>maciteinfo@gmail.com<\/em><\/strong><\/a><strong><em>; <\/em><\/strong><a href=\"mailto:bawela1@gmail.com\"><strong><em>bawela1@gmail.com<\/em><\/strong><\/a><strong><em><\/em><\/strong><\/p>\n\n\n\n<p class=\"wp-block-paragraph\"><strong><em>Pour vos annonces, (publi)reportages, etc., joignez-nous au (00228)91515309\/<strong>79872224 <\/strong>www.macite.tg, L\u2019information, la bonne&nbsp;!<\/em><\/strong><\/p>\n","protected":false},"excerpt":{"rendered":"<p class=\"text-justify mb-2\" >Longtemps confront\u00e9e \u00e0 des d\u00e9fis \u00e9conomiques et sociaux, la r\u00e9gion des Savanes conna\u00eet une v\u00e9ritable m\u00e9tamorphose ces derni\u00e8res ann\u00e9es, gr\u00e2ce \u00e0 des initiatives. Parmi elles, le projet Savanes Motaog, lanc\u00e9 en 2020, se positionne comme un mod\u00e8le de d\u00e9veloppement inclusif et durable. Apr\u00e8s 4 ann\u00e9es, [&hellip;]<\/p>\n","protected":false},"author":2,"featured_media":20334,"comment_status":"open","ping_status":"open","sticky":false,"template":"","format":"standard","meta":{"footnotes":""},"categories":[20,15],"tags":[],"class_list":["post-20332","post","type-post","status-publish","format-standard","has-post-thumbnail","hentry","category-actualite","category-developpement"],"yoast_head":"<!-- This site is optimized with the Yoast SEO plugin v28.4 - https:\/\/yoast.com\/product\/yoast-seo-wordpress\/ -->\n<title>DEVELOPPEMENT INCLUSIF\u00a0ET DURABLE : Projet Savanes Motaog, un mod\u00e8le\u2026 -<\/title>\n<meta name=\"robots\" content=\"index, follow, max-snippet:-1, max-image-preview:large, max-video-preview:-1\" \/>\n<link rel=\"canonical\" href=\"https:\/\/macite.tg\/?p=20332\" \/>\n<meta property=\"og:locale\" content=\"fr_FR\" \/>\n<meta property=\"og:type\" content=\"article\" \/>\n<meta property=\"og:title\" content=\"DEVELOPPEMENT INCLUSIF\u00a0ET DURABLE : Projet Savanes Motaog, un mod\u00e8le\u2026 -\" \/>\n<meta property=\"og:description\" content=\"Longtemps confront\u00e9e \u00e0 des d\u00e9fis \u00e9conomiques et sociaux, la r\u00e9gion des Savanes conna\u00eet une v\u00e9ritable m\u00e9tamorphose ces derni\u00e8res ann\u00e9es, gr\u00e2ce \u00e0 des initiatives. Parmi elles, le projet Savanes Motaog, lanc\u00e9 en 2020, se positionne comme un mod\u00e8le de d\u00e9veloppement inclusif et durable. Apr\u00e8s 4 ann\u00e9es, [&hellip;]\" \/>\n<meta property=\"og:url\" content=\"https:\/\/macite.tg\/?p=20332\" \/>\n<meta property=\"article:published_time\" content=\"2025-02-20T10:21:35+00:00\" \/>\n<meta property=\"article:modified_time\" content=\"2025-02-20T10:21:45+00:00\" \/>\n<meta property=\"og:image\" content=\"https:\/\/macite.tg\/wp-content\/uploads\/2025\/02\/Savanes-1.jpg\" \/>\n\t<meta property=\"og:image:width\" content=\"500\" \/>\n\t<meta property=\"og:image:height\" content=\"363\" \/>\n\t<meta property=\"og:image:type\" content=\"image\/jpeg\" \/>\n<meta name=\"author\" content=\"Jean Pierre BAWELA\" \/>\n<meta name=\"twitter:card\" content=\"summary_large_image\" \/>\n<meta name=\"twitter:label1\" content=\"\u00c9crit par\" \/>\n\t<meta name=\"twitter:data1\" content=\"Jean Pierre BAWELA\" \/>\n\t<meta name=\"twitter:label2\" content=\"Dur\u00e9e de lecture estim\u00e9e\" \/>\n\t<meta name=\"twitter:data2\" content=\"4 minutes\" \/>\n<script type=\"application\/ld+json\" class=\"yoast-schema-graph\">{\"@context\":\"https:\\\/\\\/schema.org\",\"@graph\":[{\"@type\":\"Article\",\"@id\":\"https:\\\/\\\/macite.tg\\\/?p=20332#article\",\"isPartOf\":{\"@id\":\"https:\\\/\\\/macite.tg\\\/?p=20332\"},\"author\":{\"name\":\"Jean Pierre BAWELA\",\"@id\":\"https:\\\/\\\/macite.tg\\\/#\\\/schema\\\/person\\\/e9f2de7e5dbbe7770a9402c7ce82f5c2\"},\"headline\":\"DEVELOPPEMENT INCLUSIF\u00a0ET DURABLE : Projet Savanes Motaog, un mod\u00e8le\u2026\",\"datePublished\":\"2025-02-20T10:21:35+00:00\",\"dateModified\":\"2025-02-20T10:21:45+00:00\",\"mainEntityOfPage\":{\"@id\":\"https:\\\/\\\/macite.tg\\\/?p=20332\"},\"wordCount\":617,\"commentCount\":0,\"image\":{\"@id\":\"https:\\\/\\\/macite.tg\\\/?p=20332#primaryimage\"},\"thumbnailUrl\":\"https:\\\/\\\/macite.tg\\\/wp-content\\\/uploads\\\/2025\\\/02\\\/Savanes-1.jpg\",\"articleSection\":[\"ACTUALITE\",\"DEVELOPPEMENT\"],\"inLanguage\":\"fr-FR\",\"potentialAction\":[{\"@type\":\"CommentAction\",\"name\":\"Comment\",\"target\":[\"https:\\\/\\\/macite.tg\\\/?p=20332#respond\"]}]},{\"@type\":\"WebPage\",\"@id\":\"https:\\\/\\\/macite.tg\\\/?p=20332\",\"url\":\"https:\\\/\\\/macite.tg\\\/?p=20332\",\"name\":\"DEVELOPPEMENT INCLUSIF\u00a0ET DURABLE : Projet Savanes Motaog, un mod\u00e8le\u2026 -\",\"isPartOf\":{\"@id\":\"https:\\\/\\\/macite.tg\\\/#website\"},\"primaryImageOfPage\":{\"@id\":\"https:\\\/\\\/macite.tg\\\/?p=20332#primaryimage\"},\"image\":{\"@id\":\"https:\\\/\\\/macite.tg\\\/?p=20332#primaryimage\"},\"thumbnailUrl\":\"https:\\\/\\\/macite.tg\\\/wp-content\\\/uploads\\\/2025\\\/02\\\/Savanes-1.jpg\",\"datePublished\":\"2025-02-20T10:21:35+00:00\",\"dateModified\":\"2025-02-20T10:21:45+00:00\",\"author\":{\"@id\":\"https:\\\/\\\/macite.tg\\\/#\\\/schema\\\/person\\\/e9f2de7e5dbbe7770a9402c7ce82f5c2\"},\"breadcrumb\":{\"@id\":\"https:\\\/\\\/macite.tg\\\/?p=20332#breadcrumb\"},\"inLanguage\":\"fr-FR\",\"potentialAction\":[{\"@type\":\"ReadAction\",\"target\":[\"https:\\\/\\\/macite.tg\\\/?p=20332\"]}]},{\"@type\":\"ImageObject\",\"inLanguage\":\"fr-FR\",\"@id\":\"https:\\\/\\\/macite.tg\\\/?p=20332#primaryimage\",\"url\":\"https:\\\/\\\/macite.tg\\\/wp-content\\\/uploads\\\/2025\\\/02\\\/Savanes-1.jpg\",\"contentUrl\":\"https:\\\/\\\/macite.tg\\\/wp-content\\\/uploads\\\/2025\\\/02\\\/Savanes-1.jpg\",\"width\":500,\"height\":363},{\"@type\":\"BreadcrumbList\",\"@id\":\"https:\\\/\\\/macite.tg\\\/?p=20332#breadcrumb\",\"itemListElement\":[{\"@type\":\"ListItem\",\"position\":1,\"name\":\"Accueil\",\"item\":\"https:\\\/\\\/macite.tg\\\/\"},{\"@type\":\"ListItem\",\"position\":2,\"name\":\"DEVELOPPEMENT INCLUSIF\u00a0ET DURABLE : Projet Savanes Motaog, un mod\u00e8le\u2026\"}]},{\"@type\":\"WebSite\",\"@id\":\"https:\\\/\\\/macite.tg\\\/#website\",\"url\":\"https:\\\/\\\/macite.tg\\\/\",\"name\":\"\",\"description\":\"L&#039;information, la bonne!!!\",\"potentialAction\":[{\"@type\":\"SearchAction\",\"target\":{\"@type\":\"EntryPoint\",\"urlTemplate\":\"https:\\\/\\\/macite.tg\\\/?s={search_term_string}\"},\"query-input\":{\"@type\":\"PropertyValueSpecification\",\"valueRequired\":true,\"valueName\":\"search_term_string\"}}],\"inLanguage\":\"fr-FR\"},{\"@type\":\"Person\",\"@id\":\"https:\\\/\\\/macite.tg\\\/#\\\/schema\\\/person\\\/e9f2de7e5dbbe7770a9402c7ce82f5c2\",\"name\":\"Jean Pierre BAWELA\",\"image\":{\"@type\":\"ImageObject\",\"inLanguage\":\"fr-FR\",\"@id\":\"https:\\\/\\\/macite.tg\\\/wp-content\\\/uploads\\\/2023\\\/09\\\/WhatsApp-Image-2023-09-19-at-14.44.41-122x122.jpeg\",\"url\":\"https:\\\/\\\/macite.tg\\\/wp-content\\\/uploads\\\/2023\\\/09\\\/WhatsApp-Image-2023-09-19-at-14.44.41-122x122.jpeg\",\"contentUrl\":\"https:\\\/\\\/macite.tg\\\/wp-content\\\/uploads\\\/2023\\\/09\\\/WhatsApp-Image-2023-09-19-at-14.44.41-122x122.jpeg\",\"caption\":\"Jean Pierre BAWELA\"},\"url\":\"https:\\\/\\\/macite.tg\\\/?author=2\"}]}<\/script>\n<!-- \/ Yoast SEO plugin. -->","yoast_head_json":{"title":"DEVELOPPEMENT INCLUSIF\u00a0ET DURABLE : Projet Savanes Motaog, un mod\u00e8le\u2026 -","robots":{"index":"index","follow":"follow","max-snippet":"max-snippet:-1","max-image-preview":"max-image-preview:large","max-video-preview":"max-video-preview:-1"},"canonical":"https:\/\/macite.tg\/?p=20332","og_locale":"fr_FR","og_type":"article","og_title":"DEVELOPPEMENT INCLUSIF\u00a0ET DURABLE : Projet Savanes Motaog, un mod\u00e8le\u2026 -","og_description":"Longtemps confront\u00e9e \u00e0 des d\u00e9fis \u00e9conomiques et sociaux, la r\u00e9gion des Savanes conna\u00eet une v\u00e9ritable m\u00e9tamorphose ces derni\u00e8res ann\u00e9es, gr\u00e2ce \u00e0 des initiatives. Parmi elles, le projet Savanes Motaog, lanc\u00e9 en 2020, se positionne comme un mod\u00e8le de d\u00e9veloppement inclusif et durable. Apr\u00e8s 4 ann\u00e9es, [&hellip;]","og_url":"https:\/\/macite.tg\/?p=20332","article_published_time":"2025-02-20T10:21:35+00:00","article_modified_time":"2025-02-20T10:21:45+00:00","og_image":[{"width":500,"height":363,"url":"https:\/\/macite.tg\/wp-content\/uploads\/2025\/02\/Savanes-1.jpg","type":"image\/jpeg"}],"author":"Jean Pierre BAWELA","twitter_card":"summary_large_image","twitter_misc":{"\u00c9crit par":"Jean Pierre BAWELA","Dur\u00e9e de lecture estim\u00e9e":"4 minutes"},"schema":{"@context":"https:\/\/schema.org","@graph":[{"@type":"Article","@id":"https:\/\/macite.tg\/?p=20332#article","isPartOf":{"@id":"https:\/\/macite.tg\/?p=20332"},"author":{"name":"Jean Pierre BAWELA","@id":"https:\/\/macite.tg\/#\/schema\/person\/e9f2de7e5dbbe7770a9402c7ce82f5c2"},"headline":"DEVELOPPEMENT INCLUSIF\u00a0ET DURABLE : Projet Savanes Motaog, un mod\u00e8le\u2026","datePublished":"2025-02-20T10:21:35+00:00","dateModified":"2025-02-20T10:21:45+00:00","mainEntityOfPage":{"@id":"https:\/\/macite.tg\/?p=20332"},"wordCount":617,"commentCount":0,"image":{"@id":"https:\/\/macite.tg\/?p=20332#primaryimage"},"thumbnailUrl":"https:\/\/macite.tg\/wp-content\/uploads\/2025\/02\/Savanes-1.jpg","articleSection":["ACTUALITE","DEVELOPPEMENT"],"inLanguage":"fr-FR","potentialAction":[{"@type":"CommentAction","name":"Comment","target":["https:\/\/macite.tg\/?p=20332#respond"]}]},{"@type":"WebPage","@id":"https:\/\/macite.tg\/?p=20332","url":"https:\/\/macite.tg\/?p=20332","name":"DEVELOPPEMENT INCLUSIF\u00a0ET DURABLE : Projet Savanes Motaog, un mod\u00e8le\u2026 -","isPartOf":{"@id":"https:\/\/macite.tg\/#website"},"primaryImageOfPage":{"@id":"https:\/\/macite.tg\/?p=20332#primaryimage"},"image":{"@id":"https:\/\/macite.tg\/?p=20332#primaryimage"},"thumbnailUrl":"https:\/\/macite.tg\/wp-content\/uploads\/2025\/02\/Savanes-1.jpg","datePublished":"2025-02-20T10:21:35+00:00","dateModified":"2025-02-20T10:21:45+00:00","author":{"@id":"https:\/\/macite.tg\/#\/schema\/person\/e9f2de7e5dbbe7770a9402c7ce82f5c2"},"breadcrumb":{"@id":"https:\/\/macite.tg\/?p=20332#breadcrumb"},"inLanguage":"fr-FR","potentialAction":[{"@type":"ReadAction","target":["https:\/\/macite.tg\/?p=20332"]}]},{"@type":"ImageObject","inLanguage":"fr-FR","@id":"https:\/\/macite.tg\/?p=20332#primaryimage","url":"https:\/\/macite.tg\/wp-content\/uploads\/2025\/02\/Savanes-1.jpg","contentUrl":"https:\/\/macite.tg\/wp-content\/uploads\/2025\/02\/Savanes-1.jpg","width":500,"height":363},{"@type":"BreadcrumbList","@id":"https:\/\/macite.tg\/?p=20332#breadcrumb","itemListElement":[{"@type":"ListItem","position":1,"name":"Accueil","item":"https:\/\/macite.tg\/"},{"@type":"ListItem","position":2,"name":"DEVELOPPEMENT INCLUSIF\u00a0ET DURABLE : Projet Savanes Motaog, un mod\u00e8le\u2026"}]},{"@type":"WebSite","@id":"https:\/\/macite.tg\/#website","url":"https:\/\/macite.tg\/","name":"","description":"L&#039;information, la bonne!!!","potentialAction":[{"@type":"SearchAction","target":{"@type":"EntryPoint","urlTemplate":"https:\/\/macite.tg\/?s={search_term_string}"},"query-input":{"@type":"PropertyValueSpecification","valueRequired":true,"valueName":"search_term_string"}}],"inLanguage":"fr-FR"},{"@type":"Person","@id":"https:\/\/macite.tg\/#\/schema\/person\/e9f2de7e5dbbe7770a9402c7ce82f5c2","name":"Jean Pierre BAWELA","image":{"@type":"ImageObject","inLanguage":"fr-FR","@id":"https:\/\/macite.tg\/wp-content\/uploads\/2023\/09\/WhatsApp-Image-2023-09-19-at-14.44.41-122x122.jpeg","url":"https:\/\/macite.tg\/wp-content\/uploads\/2023\/09\/WhatsApp-Image-2023-09-19-at-14.44.41-122x122.jpeg","contentUrl":"https:\/\/macite.tg\/wp-content\/uploads\/2023\/09\/WhatsApp-Image-2023-09-19-at-14.44.41-122x122.jpeg","caption":"Jean Pierre BAWELA"},"url":"https:\/\/macite.tg\/?author=2"}]}},"_links":{"self":[{"href":"https:\/\/macite.tg\/index.php?rest_route=\/wp\/v2\/posts\/20332","targetHints":{"allow":["GET"]}}],"collection":[{"href":"https:\/\/macite.tg\/index.php?rest_route=\/wp\/v2\/posts"}],"about":[{"href":"https:\/\/macite.tg\/index.php?rest_route=\/wp\/v2\/types\/post"}],"author":[{"embeddable":true,"href":"https:\/\/macite.tg\/index.php?rest_route=\/wp\/v2\/users\/2"}],"replies":[{"embeddable":true,"href":"https:\/\/macite.tg\/index.php?rest_route=%2Fwp%2Fv2%2Fcomments&post=20332"}],"version-history":[{"count":0,"href":"https:\/\/macite.tg\/index.php?rest_route=\/wp\/v2\/posts\/20332\/revisions"}],"wp:featuredmedia":[{"embeddable":true,"href":"https:\/\/macite.tg\/index.php?rest_route=\/wp\/v2\/media\/20334"}],"wp:attachment":[{"href":"https:\/\/macite.tg\/index.php?rest_route=%2Fwp%2Fv2%2Fmedia&parent=20332"}],"wp:term":[{"taxonomy":"category","embeddable":true,"href":"https:\/\/macite.tg\/index.php?rest_route=%2Fwp%2Fv2%2Fcategories&post=20332"},{"taxonomy":"post_tag","embeddable":true,"href":"https:\/\/macite.tg\/index.php?rest_route=%2Fwp%2Fv2%2Ftags&post=20332"}],"curies":[{"name":"wp","href":"https:\/\/api.w.org\/{rel}","templated":true}]}}