{"id":20326,"date":"2025-02-20T10:06:47","date_gmt":"2025-02-20T10:06:47","guid":{"rendered":"https:\/\/macite.tg\/?p=20326"},"modified":"2025-02-20T10:07:04","modified_gmt":"2025-02-20T10:07:04","slug":"agoe-nyive-une-centrale-solaire-de-plus-de-8-mw-bientot-erigee","status":"publish","type":"post","link":"https:\/\/macite.tg\/?p=20326","title":{"rendered":"AGOE-NYIVE : Une centrale solaire de plus de 8 MW bient\u00f4t \u00e9rig\u00e9e"},"content":{"rendered":"\n<p class=\"wp-block-paragraph\"><strong><em>La proximit\u00e9 de l\u2019Agence fran\u00e7aise de d\u00e9veloppement (AFD) aux c\u00f4t\u00e9s de l\u2019Etat togolais, s\u2019est une fois de plus mat\u00e9rialis\u00e9e positivement. En effet, l\u2019AFD va financer la construction d\u2019une centrale solaire dans la pr\u00e9fecture d\u2019Ago\u00e8-Nyiv\u00e9. C\u2019est ce qu\u2019on retient d\u2019une rencontre entre le Gouverneur du District autonome du Grand Lom\u00e9 (DAGL), Zour\u00e9hatou Kassah-Traor\u00e9, et la directrice de l\u2019institution, Zolika Bouabdallah.<\/em><\/strong><\/p>\n\n\n\n<p class=\"wp-block-paragraph\">En d\u00e9but de semaine, la Gouverneure du District autonome du Grand Lom\u00e9 (DAGL), Zour\u00e9hatou Kassah-Traor\u00e9, a eu un entretien avec la directrice de l\u2019Agence fran\u00e7aise de d\u00e9veloppement (AFD), ceci en pr\u00e9sence de l\u2019ambassadeur de France au Togo, Augustin Favereau. A l\u2019issue de cette rencontre, il a \u00e9t\u00e9 annonc\u00e9 la construction d\u2019une infrastructure \u00e9nerg\u00e9tique dans la pr\u00e9fecture d\u2019Ago\u00e8-Nyiv\u00e9.<\/p>\n\n\n<div class=\"wp-block-image\">\n<figure class=\"aligncenter size-large is-resized\"><img loading=\"lazy\" decoding=\"async\" width=\"1024\" height=\"1024\" src=\"https:\/\/macite.tg\/wp-content\/uploads\/2025\/02\/d4c3a8a5-b555-493c-b116-93e62f3746c8-1024x1024.jpg\" alt=\"\" class=\"wp-image-20275\" style=\"width:490px;height:auto\" srcset=\"https:\/\/macite.tg\/wp-content\/uploads\/2025\/02\/d4c3a8a5-b555-493c-b116-93e62f3746c8-1024x1024.jpg 1024w, https:\/\/macite.tg\/wp-content\/uploads\/2025\/02\/d4c3a8a5-b555-493c-b116-93e62f3746c8-300x300.jpg 300w, https:\/\/macite.tg\/wp-content\/uploads\/2025\/02\/d4c3a8a5-b555-493c-b116-93e62f3746c8-150x150.jpg 150w, https:\/\/macite.tg\/wp-content\/uploads\/2025\/02\/d4c3a8a5-b555-493c-b116-93e62f3746c8-768x768.jpg 768w, https:\/\/macite.tg\/wp-content\/uploads\/2025\/02\/d4c3a8a5-b555-493c-b116-93e62f3746c8-122x122.jpg 122w, https:\/\/macite.tg\/wp-content\/uploads\/2025\/02\/d4c3a8a5-b555-493c-b116-93e62f3746c8.jpg 1080w\" sizes=\"auto, (max-width: 1024px) 100vw, 1024px\" \/><\/figure>\n<\/div>\n\n\n<p class=\"wp-block-paragraph\">D\u2019une capacit\u00e9 comprise entre 8 et 10 m\u00e9gawatts (MW), cette centrale solaire devra permettre de soulager la Compagnie \u00e9nergie \u00e9lectrique du Togo (CEET), charg\u00e9e de g\u00e9rer cette \u00e9nergie suppl\u00e9mentaire. L\u2019initiative vise \u00e0 am\u00e9liorer l\u2019acc\u00e8s \u00e0 l\u2019\u00e9lectricit\u00e9 et \u00e0 r\u00e9duire la d\u00e9pendance aux \u00e9nergies fossiles.<\/p>\n\n\n\n<p class=\"wp-block-paragraph\">D\u2019un co\u00fbt de 10 millions d\u2019euros, environ 6,5 milliards de francs CFA, ce projet s\u2019inscrit dans la volont\u00e9 de l\u2019ex\u00e9cutif togolais de diversifier les sources d\u2019\u00e9nergie et promouvoir l\u2019utilisation des \u00e9nergies renouvelables.<\/p>\n\n\n\n<p class=\"wp-block-paragraph\">Notons que depuis plusieurs d\u00e9cennies d\u00e9j\u00e0, l\u2019AFD est aux c\u00f4t\u00e9s de l\u2019Etat togolais \u00e0 travers des interventions dans nombre de secteurs, notamment l\u2019agriculture, l\u2019\u00e9ducation, l\u2019eau, l\u2019assainissement, l\u2019\u00e9nergie, et la gestion des d\u00e9chets et l\u2019assainissement urbain.<\/p>\n\n\n<div class=\"wp-block-image\">\n<figure class=\"aligncenter size-full\"><img loading=\"lazy\" decoding=\"async\" width=\"500\" height=\"500\" src=\"https:\/\/macite.tg\/wp-content\/uploads\/2025\/02\/OTR_-Page-TikTok.jpg\" alt=\"\" class=\"wp-image-20330\" srcset=\"https:\/\/macite.tg\/wp-content\/uploads\/2025\/02\/OTR_-Page-TikTok.jpg 500w, https:\/\/macite.tg\/wp-content\/uploads\/2025\/02\/OTR_-Page-TikTok-300x300.jpg 300w, https:\/\/macite.tg\/wp-content\/uploads\/2025\/02\/OTR_-Page-TikTok-150x150.jpg 150w, https:\/\/macite.tg\/wp-content\/uploads\/2025\/02\/OTR_-Page-TikTok-122x122.jpg 122w\" sizes=\"auto, (max-width: 500px) 100vw, 500px\" \/><\/figure>\n<\/div>\n\n\n<p class=\"wp-block-paragraph\">C\u2019est bien dans ces deux derniers volets que l\u2019AFD s\u2019est le plus illustr\u00e9, notamment \u00e0 travers le Projet environnement urbain de Lom\u00e9 (PEUL), qui se veut d\u2019am\u00e9liorer durablement les conditions de vie des populations.<\/p>\n\n\n\n<p class=\"wp-block-paragraph\"><strong>JPB<\/strong><\/p>\n\n\n\n<p class=\"wp-block-paragraph\"><strong><em>@macite.tg&nbsp;&nbsp;&nbsp;&nbsp;&nbsp;&nbsp;&nbsp;&nbsp;<\/em><\/strong><\/p>\n\n\n\n<p class=\"wp-block-paragraph\"><strong><em>E-mail&nbsp;: <\/em><\/strong><a href=\"mailto:maciteinfo@gmail.com\"><strong><em>maciteinfo@gmail.com<\/em><\/strong><\/a><strong><em>; <\/em><\/strong><a href=\"mailto:bawela1@gmail.com\"><strong><em>bawela1@gmail.com<\/em><\/strong><\/a><strong><em><\/em><\/strong><\/p>\n\n\n\n<p class=\"wp-block-paragraph\"><strong><em>Pour vos annonces, (publi)reportages, etc., joignez-nous au (00228)91515309\/<strong>79872224 <\/strong>www.macite.tg, L\u2019information, la bonne&nbsp;!<\/em><\/strong><\/p>\n","protected":false},"excerpt":{"rendered":"<p class=\"text-justify mb-2\" >La proximit\u00e9 de l\u2019Agence fran\u00e7aise de d\u00e9veloppement (AFD) aux c\u00f4t\u00e9s de l\u2019Etat togolais, s\u2019est une fois de plus mat\u00e9rialis\u00e9e positivement. En effet, l\u2019AFD va financer la construction d\u2019une centrale solaire dans la pr\u00e9fecture d\u2019Ago\u00e8-Nyiv\u00e9. C\u2019est ce qu\u2019on retient d\u2019une rencontre entre le Gouverneur du District [&hellip;]<\/p>\n","protected":false},"author":2,"featured_media":20329,"comment_status":"open","ping_status":"open","sticky":false,"template":"","format":"standard","meta":{"footnotes":""},"categories":[20,38],"tags":[],"class_list":["post-20326","post","type-post","status-publish","format-standard","has-post-thumbnail","hentry","category-actualite","category-energie"],"yoast_head":"<!-- This site is optimized with the Yoast SEO plugin v28.4 - https:\/\/yoast.com\/product\/yoast-seo-wordpress\/ -->\n<title>AGOE-NYIVE : Une centrale solaire de plus de 8 MW bient\u00f4t \u00e9rig\u00e9e -<\/title>\n<meta name=\"robots\" content=\"index, follow, max-snippet:-1, max-image-preview:large, max-video-preview:-1\" \/>\n<link rel=\"canonical\" href=\"https:\/\/macite.tg\/?p=20326\" \/>\n<meta property=\"og:locale\" content=\"fr_FR\" \/>\n<meta property=\"og:type\" content=\"article\" \/>\n<meta property=\"og:title\" content=\"AGOE-NYIVE : Une centrale solaire de plus de 8 MW bient\u00f4t \u00e9rig\u00e9e -\" \/>\n<meta property=\"og:description\" content=\"La proximit\u00e9 de l\u2019Agence fran\u00e7aise de d\u00e9veloppement (AFD) aux c\u00f4t\u00e9s de l\u2019Etat togolais, s\u2019est une fois de plus mat\u00e9rialis\u00e9e positivement. En effet, l\u2019AFD va financer la construction d\u2019une centrale solaire dans la pr\u00e9fecture d\u2019Ago\u00e8-Nyiv\u00e9. C\u2019est ce qu\u2019on retient d\u2019une rencontre entre le Gouverneur du District [&hellip;]\" \/>\n<meta property=\"og:url\" content=\"https:\/\/macite.tg\/?p=20326\" \/>\n<meta property=\"article:published_time\" content=\"2025-02-20T10:06:47+00:00\" \/>\n<meta property=\"article:modified_time\" content=\"2025-02-20T10:07:04+00:00\" \/>\n<meta property=\"og:image\" content=\"https:\/\/macite.tg\/wp-content\/uploads\/2025\/02\/Agoe-Nyive.jpg\" \/>\n\t<meta property=\"og:image:width\" content=\"500\" \/>\n\t<meta property=\"og:image:height\" content=\"281\" \/>\n\t<meta property=\"og:image:type\" content=\"image\/jpeg\" \/>\n<meta name=\"author\" content=\"Jean Pierre BAWELA\" \/>\n<meta name=\"twitter:card\" content=\"summary_large_image\" \/>\n<meta name=\"twitter:label1\" content=\"\u00c9crit par\" \/>\n\t<meta name=\"twitter:data1\" content=\"Jean Pierre BAWELA\" \/>\n\t<meta name=\"twitter:label2\" content=\"Dur\u00e9e de lecture estim\u00e9e\" \/>\n\t<meta name=\"twitter:data2\" content=\"2 minutes\" \/>\n<script type=\"application\/ld+json\" class=\"yoast-schema-graph\">{\"@context\":\"https:\\\/\\\/schema.org\",\"@graph\":[{\"@type\":\"Article\",\"@id\":\"https:\\\/\\\/macite.tg\\\/?p=20326#article\",\"isPartOf\":{\"@id\":\"https:\\\/\\\/macite.tg\\\/?p=20326\"},\"author\":{\"name\":\"Jean Pierre BAWELA\",\"@id\":\"https:\\\/\\\/macite.tg\\\/#\\\/schema\\\/person\\\/e9f2de7e5dbbe7770a9402c7ce82f5c2\"},\"headline\":\"AGOE-NYIVE : Une centrale solaire de plus de 8 MW bient\u00f4t \u00e9rig\u00e9e\",\"datePublished\":\"2025-02-20T10:06:47+00:00\",\"dateModified\":\"2025-02-20T10:07:04+00:00\",\"mainEntityOfPage\":{\"@id\":\"https:\\\/\\\/macite.tg\\\/?p=20326\"},\"wordCount\":369,\"commentCount\":0,\"image\":{\"@id\":\"https:\\\/\\\/macite.tg\\\/?p=20326#primaryimage\"},\"thumbnailUrl\":\"https:\\\/\\\/macite.tg\\\/wp-content\\\/uploads\\\/2025\\\/02\\\/Agoe-Nyive.jpg\",\"articleSection\":[\"ACTUALITE\",\"ENERGIE\"],\"inLanguage\":\"fr-FR\",\"potentialAction\":[{\"@type\":\"CommentAction\",\"name\":\"Comment\",\"target\":[\"https:\\\/\\\/macite.tg\\\/?p=20326#respond\"]}]},{\"@type\":\"WebPage\",\"@id\":\"https:\\\/\\\/macite.tg\\\/?p=20326\",\"url\":\"https:\\\/\\\/macite.tg\\\/?p=20326\",\"name\":\"AGOE-NYIVE : Une centrale solaire de plus de 8 MW bient\u00f4t \u00e9rig\u00e9e -\",\"isPartOf\":{\"@id\":\"https:\\\/\\\/macite.tg\\\/#website\"},\"primaryImageOfPage\":{\"@id\":\"https:\\\/\\\/macite.tg\\\/?p=20326#primaryimage\"},\"image\":{\"@id\":\"https:\\\/\\\/macite.tg\\\/?p=20326#primaryimage\"},\"thumbnailUrl\":\"https:\\\/\\\/macite.tg\\\/wp-content\\\/uploads\\\/2025\\\/02\\\/Agoe-Nyive.jpg\",\"datePublished\":\"2025-02-20T10:06:47+00:00\",\"dateModified\":\"2025-02-20T10:07:04+00:00\",\"author\":{\"@id\":\"https:\\\/\\\/macite.tg\\\/#\\\/schema\\\/person\\\/e9f2de7e5dbbe7770a9402c7ce82f5c2\"},\"breadcrumb\":{\"@id\":\"https:\\\/\\\/macite.tg\\\/?p=20326#breadcrumb\"},\"inLanguage\":\"fr-FR\",\"potentialAction\":[{\"@type\":\"ReadAction\",\"target\":[\"https:\\\/\\\/macite.tg\\\/?p=20326\"]}]},{\"@type\":\"ImageObject\",\"inLanguage\":\"fr-FR\",\"@id\":\"https:\\\/\\\/macite.tg\\\/?p=20326#primaryimage\",\"url\":\"https:\\\/\\\/macite.tg\\\/wp-content\\\/uploads\\\/2025\\\/02\\\/Agoe-Nyive.jpg\",\"contentUrl\":\"https:\\\/\\\/macite.tg\\\/wp-content\\\/uploads\\\/2025\\\/02\\\/Agoe-Nyive.jpg\",\"width\":500,\"height\":281,\"caption\":\"Une vue de l'assistance lors de la rencontre.\"},{\"@type\":\"BreadcrumbList\",\"@id\":\"https:\\\/\\\/macite.tg\\\/?p=20326#breadcrumb\",\"itemListElement\":[{\"@type\":\"ListItem\",\"position\":1,\"name\":\"Accueil\",\"item\":\"https:\\\/\\\/macite.tg\\\/\"},{\"@type\":\"ListItem\",\"position\":2,\"name\":\"AGOE-NYIVE : Une centrale solaire de plus de 8 MW bient\u00f4t \u00e9rig\u00e9e\"}]},{\"@type\":\"WebSite\",\"@id\":\"https:\\\/\\\/macite.tg\\\/#website\",\"url\":\"https:\\\/\\\/macite.tg\\\/\",\"name\":\"\",\"description\":\"L&#039;information, la bonne!!!\",\"potentialAction\":[{\"@type\":\"SearchAction\",\"target\":{\"@type\":\"EntryPoint\",\"urlTemplate\":\"https:\\\/\\\/macite.tg\\\/?s={search_term_string}\"},\"query-input\":{\"@type\":\"PropertyValueSpecification\",\"valueRequired\":true,\"valueName\":\"search_term_string\"}}],\"inLanguage\":\"fr-FR\"},{\"@type\":\"Person\",\"@id\":\"https:\\\/\\\/macite.tg\\\/#\\\/schema\\\/person\\\/e9f2de7e5dbbe7770a9402c7ce82f5c2\",\"name\":\"Jean Pierre BAWELA\",\"image\":{\"@type\":\"ImageObject\",\"inLanguage\":\"fr-FR\",\"@id\":\"https:\\\/\\\/macite.tg\\\/wp-content\\\/uploads\\\/2023\\\/09\\\/WhatsApp-Image-2023-09-19-at-14.44.41-122x122.jpeg\",\"url\":\"https:\\\/\\\/macite.tg\\\/wp-content\\\/uploads\\\/2023\\\/09\\\/WhatsApp-Image-2023-09-19-at-14.44.41-122x122.jpeg\",\"contentUrl\":\"https:\\\/\\\/macite.tg\\\/wp-content\\\/uploads\\\/2023\\\/09\\\/WhatsApp-Image-2023-09-19-at-14.44.41-122x122.jpeg\",\"caption\":\"Jean Pierre BAWELA\"},\"url\":\"https:\\\/\\\/macite.tg\\\/?author=2\"}]}<\/script>\n<!-- \/ Yoast SEO plugin. -->","yoast_head_json":{"title":"AGOE-NYIVE : Une centrale solaire de plus de 8 MW bient\u00f4t \u00e9rig\u00e9e -","robots":{"index":"index","follow":"follow","max-snippet":"max-snippet:-1","max-image-preview":"max-image-preview:large","max-video-preview":"max-video-preview:-1"},"canonical":"https:\/\/macite.tg\/?p=20326","og_locale":"fr_FR","og_type":"article","og_title":"AGOE-NYIVE : Une centrale solaire de plus de 8 MW bient\u00f4t \u00e9rig\u00e9e -","og_description":"La proximit\u00e9 de l\u2019Agence fran\u00e7aise de d\u00e9veloppement (AFD) aux c\u00f4t\u00e9s de l\u2019Etat togolais, s\u2019est une fois de plus mat\u00e9rialis\u00e9e positivement. En effet, l\u2019AFD va financer la construction d\u2019une centrale solaire dans la pr\u00e9fecture d\u2019Ago\u00e8-Nyiv\u00e9. C\u2019est ce qu\u2019on retient d\u2019une rencontre entre le Gouverneur du District [&hellip;]","og_url":"https:\/\/macite.tg\/?p=20326","article_published_time":"2025-02-20T10:06:47+00:00","article_modified_time":"2025-02-20T10:07:04+00:00","og_image":[{"width":500,"height":281,"url":"https:\/\/macite.tg\/wp-content\/uploads\/2025\/02\/Agoe-Nyive.jpg","type":"image\/jpeg"}],"author":"Jean Pierre BAWELA","twitter_card":"summary_large_image","twitter_misc":{"\u00c9crit par":"Jean Pierre BAWELA","Dur\u00e9e de lecture estim\u00e9e":"2 minutes"},"schema":{"@context":"https:\/\/schema.org","@graph":[{"@type":"Article","@id":"https:\/\/macite.tg\/?p=20326#article","isPartOf":{"@id":"https:\/\/macite.tg\/?p=20326"},"author":{"name":"Jean Pierre BAWELA","@id":"https:\/\/macite.tg\/#\/schema\/person\/e9f2de7e5dbbe7770a9402c7ce82f5c2"},"headline":"AGOE-NYIVE : Une centrale solaire de plus de 8 MW bient\u00f4t \u00e9rig\u00e9e","datePublished":"2025-02-20T10:06:47+00:00","dateModified":"2025-02-20T10:07:04+00:00","mainEntityOfPage":{"@id":"https:\/\/macite.tg\/?p=20326"},"wordCount":369,"commentCount":0,"image":{"@id":"https:\/\/macite.tg\/?p=20326#primaryimage"},"thumbnailUrl":"https:\/\/macite.tg\/wp-content\/uploads\/2025\/02\/Agoe-Nyive.jpg","articleSection":["ACTUALITE","ENERGIE"],"inLanguage":"fr-FR","potentialAction":[{"@type":"CommentAction","name":"Comment","target":["https:\/\/macite.tg\/?p=20326#respond"]}]},{"@type":"WebPage","@id":"https:\/\/macite.tg\/?p=20326","url":"https:\/\/macite.tg\/?p=20326","name":"AGOE-NYIVE : Une centrale solaire de plus de 8 MW bient\u00f4t \u00e9rig\u00e9e -","isPartOf":{"@id":"https:\/\/macite.tg\/#website"},"primaryImageOfPage":{"@id":"https:\/\/macite.tg\/?p=20326#primaryimage"},"image":{"@id":"https:\/\/macite.tg\/?p=20326#primaryimage"},"thumbnailUrl":"https:\/\/macite.tg\/wp-content\/uploads\/2025\/02\/Agoe-Nyive.jpg","datePublished":"2025-02-20T10:06:47+00:00","dateModified":"2025-02-20T10:07:04+00:00","author":{"@id":"https:\/\/macite.tg\/#\/schema\/person\/e9f2de7e5dbbe7770a9402c7ce82f5c2"},"breadcrumb":{"@id":"https:\/\/macite.tg\/?p=20326#breadcrumb"},"inLanguage":"fr-FR","potentialAction":[{"@type":"ReadAction","target":["https:\/\/macite.tg\/?p=20326"]}]},{"@type":"ImageObject","inLanguage":"fr-FR","@id":"https:\/\/macite.tg\/?p=20326#primaryimage","url":"https:\/\/macite.tg\/wp-content\/uploads\/2025\/02\/Agoe-Nyive.jpg","contentUrl":"https:\/\/macite.tg\/wp-content\/uploads\/2025\/02\/Agoe-Nyive.jpg","width":500,"height":281,"caption":"Une vue de l'assistance lors de la rencontre."},{"@type":"BreadcrumbList","@id":"https:\/\/macite.tg\/?p=20326#breadcrumb","itemListElement":[{"@type":"ListItem","position":1,"name":"Accueil","item":"https:\/\/macite.tg\/"},{"@type":"ListItem","position":2,"name":"AGOE-NYIVE : Une centrale solaire de plus de 8 MW bient\u00f4t \u00e9rig\u00e9e"}]},{"@type":"WebSite","@id":"https:\/\/macite.tg\/#website","url":"https:\/\/macite.tg\/","name":"","description":"L&#039;information, la bonne!!!","potentialAction":[{"@type":"SearchAction","target":{"@type":"EntryPoint","urlTemplate":"https:\/\/macite.tg\/?s={search_term_string}"},"query-input":{"@type":"PropertyValueSpecification","valueRequired":true,"valueName":"search_term_string"}}],"inLanguage":"fr-FR"},{"@type":"Person","@id":"https:\/\/macite.tg\/#\/schema\/person\/e9f2de7e5dbbe7770a9402c7ce82f5c2","name":"Jean Pierre BAWELA","image":{"@type":"ImageObject","inLanguage":"fr-FR","@id":"https:\/\/macite.tg\/wp-content\/uploads\/2023\/09\/WhatsApp-Image-2023-09-19-at-14.44.41-122x122.jpeg","url":"https:\/\/macite.tg\/wp-content\/uploads\/2023\/09\/WhatsApp-Image-2023-09-19-at-14.44.41-122x122.jpeg","contentUrl":"https:\/\/macite.tg\/wp-content\/uploads\/2023\/09\/WhatsApp-Image-2023-09-19-at-14.44.41-122x122.jpeg","caption":"Jean Pierre BAWELA"},"url":"https:\/\/macite.tg\/?author=2"}]}},"_links":{"self":[{"href":"https:\/\/macite.tg\/index.php?rest_route=\/wp\/v2\/posts\/20326","targetHints":{"allow":["GET"]}}],"collection":[{"href":"https:\/\/macite.tg\/index.php?rest_route=\/wp\/v2\/posts"}],"about":[{"href":"https:\/\/macite.tg\/index.php?rest_route=\/wp\/v2\/types\/post"}],"author":[{"embeddable":true,"href":"https:\/\/macite.tg\/index.php?rest_route=\/wp\/v2\/users\/2"}],"replies":[{"embeddable":true,"href":"https:\/\/macite.tg\/index.php?rest_route=%2Fwp%2Fv2%2Fcomments&post=20326"}],"version-history":[{"count":0,"href":"https:\/\/macite.tg\/index.php?rest_route=\/wp\/v2\/posts\/20326\/revisions"}],"wp:featuredmedia":[{"embeddable":true,"href":"https:\/\/macite.tg\/index.php?rest_route=\/wp\/v2\/media\/20329"}],"wp:attachment":[{"href":"https:\/\/macite.tg\/index.php?rest_route=%2Fwp%2Fv2%2Fmedia&parent=20326"}],"wp:term":[{"taxonomy":"category","embeddable":true,"href":"https:\/\/macite.tg\/index.php?rest_route=%2Fwp%2Fv2%2Fcategories&post=20326"},{"taxonomy":"post_tag","embeddable":true,"href":"https:\/\/macite.tg\/index.php?rest_route=%2Fwp%2Fv2%2Ftags&post=20326"}],"curies":[{"name":"wp","href":"https:\/\/api.w.org\/{rel}","templated":true}]}}