{"id":20320,"date":"2025-02-19T21:23:40","date_gmt":"2025-02-19T21:23:40","guid":{"rendered":"https:\/\/macite.tg\/?p=20320"},"modified":"2025-02-19T21:26:01","modified_gmt":"2025-02-19T21:26:01","slug":"necrologie-deces-realisateur-souleymane-cisse-lun-des-peres-du-cinema-africain","status":"publish","type":"post","link":"https:\/\/macite.tg\/?p=20320","title":{"rendered":"NECROLOGIE : D\u00e9c\u00e8s du r\u00e9alisateur Souleymane Ciss\u00e9, l\u2019un des p\u00e8res du cin\u00e9ma africain"},"content":{"rendered":"\n<p class=\"wp-block-paragraph\"><strong><em>Le r\u00e9alisateur malien Souleymane Ciss\u00e9, figure embl\u00e9matique du cin\u00e9ma africain, est d\u00e9c\u00e9d\u00e9 ce mercredi 19 f\u00e9vrier 2025 \u00e0 Bamako, \u00e0 l\u2019\u00e2ge de 84 ans. La nouvelle a \u00e9t\u00e9 confirm\u00e9e par sa fille, Mariam Ciss\u00e9, \u00e0 l\u2019Agence France-Presse (AFP).<\/em><\/strong><\/p>\n\n\n\n<p class=\"wp-block-paragraph\"><em>\u00ab&nbsp;Papa est d\u00e9c\u00e9d\u00e9 aujourd\u2019hui \u00e0 Bamako. Nous sommes sous le choc. Toute sa vie, il l\u2019a consacr\u00e9e \u00e0 son pays, au cin\u00e9ma et \u00e0 l\u2019art<\/em>&nbsp;\u00bb, a-t-elle d\u00e9clar\u00e9.<\/p>\n\n\n\n<p class=\"wp-block-paragraph\">Souleymane Ciss\u00e9 \u00e9tait une ic\u00f4ne du septi\u00e8me art en Afrique, reconnu pour son engagement \u00e0 raconter des histoires ancr\u00e9es dans les r\u00e9alit\u00e9s africaines.<\/p>\n\n\n<div class=\"wp-block-image\">\n<figure class=\"aligncenter size-large is-resized\"><img loading=\"lazy\" decoding=\"async\" width=\"1024\" height=\"1024\" src=\"https:\/\/macite.tg\/wp-content\/uploads\/2025\/02\/d4c3a8a5-b555-493c-b116-93e62f3746c8-1024x1024.jpg\" alt=\"\" class=\"wp-image-20275\" style=\"width:490px;height:auto\" srcset=\"https:\/\/macite.tg\/wp-content\/uploads\/2025\/02\/d4c3a8a5-b555-493c-b116-93e62f3746c8-1024x1024.jpg 1024w, https:\/\/macite.tg\/wp-content\/uploads\/2025\/02\/d4c3a8a5-b555-493c-b116-93e62f3746c8-300x300.jpg 300w, https:\/\/macite.tg\/wp-content\/uploads\/2025\/02\/d4c3a8a5-b555-493c-b116-93e62f3746c8-150x150.jpg 150w, https:\/\/macite.tg\/wp-content\/uploads\/2025\/02\/d4c3a8a5-b555-493c-b116-93e62f3746c8-768x768.jpg 768w, https:\/\/macite.tg\/wp-content\/uploads\/2025\/02\/d4c3a8a5-b555-493c-b116-93e62f3746c8-122x122.jpg 122w, https:\/\/macite.tg\/wp-content\/uploads\/2025\/02\/d4c3a8a5-b555-493c-b116-93e62f3746c8.jpg 1080w\" sizes=\"auto, (max-width: 1024px) 100vw, 1024px\" \/><\/figure>\n<\/div>\n\n\n<p class=\"wp-block-paragraph\">Il avait marqu\u00e9 l\u2019histoire du Festival de Cannes en 1987 en remportant le Prix du Jury avec son film <em>\u00ab&nbsp;Yeelen&nbsp;\u00bb,<\/em> une \u0153uvre majeure du cin\u00e9ma mondial. Plus r\u00e9cemment, en 2023, il avait re\u00e7u le Carrosse d\u2019Or \u00e0 la Quinzaine des cin\u00e9astes, une distinction honorant l\u2019ensemble de sa carri\u00e8re.<\/p>\n\n\n<div class=\"wp-block-image\">\n<figure class=\"aligncenter size-large is-resized\"><img loading=\"lazy\" decoding=\"async\" width=\"1024\" height=\"1024\" src=\"https:\/\/macite.tg\/wp-content\/uploads\/2025\/02\/OTR_-whatsApp-1024x1024.jpg\" alt=\"\" class=\"wp-image-20228\" style=\"width:504px;height:auto\" srcset=\"https:\/\/macite.tg\/wp-content\/uploads\/2025\/02\/OTR_-whatsApp-1024x1024.jpg 1024w, https:\/\/macite.tg\/wp-content\/uploads\/2025\/02\/OTR_-whatsApp-300x300.jpg 300w, https:\/\/macite.tg\/wp-content\/uploads\/2025\/02\/OTR_-whatsApp-150x150.jpg 150w, https:\/\/macite.tg\/wp-content\/uploads\/2025\/02\/OTR_-whatsApp-768x768.jpg 768w, https:\/\/macite.tg\/wp-content\/uploads\/2025\/02\/OTR_-whatsApp-122x122.jpg 122w, https:\/\/macite.tg\/wp-content\/uploads\/2025\/02\/OTR_-whatsApp.jpg 1080w\" sizes=\"auto, (max-width: 1024px) 100vw, 1024px\" \/><\/figure>\n<\/div>\n\n\n<p class=\"wp-block-paragraph\">Le d\u00e9c\u00e8s de Souleymane Ciss\u00e9 repr\u00e9sente une grande perte pour le cin\u00e9ma africain et mondial, lui qui a inspir\u00e9 de nombreux r\u00e9alisateurs et port\u00e9 haut la voix du cin\u00e9ma malien sur la sc\u00e8ne internationale.<\/p>\n\n\n\n<p class=\"wp-block-paragraph\"><strong>SeneNews<\/strong><\/p>\n\n\n\n<p class=\"wp-block-paragraph\"><a><strong><em>@macite.tg&nbsp;&nbsp;&nbsp;&nbsp;&nbsp;&nbsp;&nbsp;&nbsp;<\/em><\/strong><\/a><\/p>\n\n\n\n<p class=\"wp-block-paragraph\"><strong><em>E-mail&nbsp;: <\/em><\/strong><a href=\"mailto:maciteinfo@gmail.com\"><strong><em>maciteinfo@gmail.com<\/em><\/strong><\/a><strong><em>; <\/em><\/strong><a href=\"mailto:bawela1@gmail.com\"><strong><em>bawela1@gmail.com<\/em><\/strong><\/a><strong><em><\/em><\/strong><\/p>\n\n\n\n<p class=\"wp-block-paragraph\"><strong><em>Pour vos annonces, (publi)reportages, etc., joignez-nous au (00228)91515309\/<strong>79872224 <\/strong>www.macite.tg, L\u2019information, la bonne&nbsp;!<\/em><\/strong><\/p>\n","protected":false},"excerpt":{"rendered":"<p class=\"text-justify mb-2\" >Le r\u00e9alisateur malien Souleymane Ciss\u00e9, figure embl\u00e9matique du cin\u00e9ma africain, est d\u00e9c\u00e9d\u00e9 ce mercredi 19 f\u00e9vrier 2025 \u00e0 Bamako, \u00e0 l\u2019\u00e2ge de 84 ans. La nouvelle a \u00e9t\u00e9 confirm\u00e9e par sa fille, Mariam Ciss\u00e9, \u00e0 l\u2019Agence France-Presse (AFP). \u00ab&nbsp;Papa est d\u00e9c\u00e9d\u00e9 aujourd\u2019hui \u00e0 Bamako. Nous [&hellip;]<\/p>\n","protected":false},"author":2,"featured_media":20321,"comment_status":"open","ping_status":"open","sticky":false,"template":"","format":"standard","meta":{"footnotes":""},"categories":[20,35],"tags":[],"class_list":["post-20320","post","type-post","status-publish","format-standard","has-post-thumbnail","hentry","category-actualite","category-necrologie"],"yoast_head":"<!-- This site is optimized with the Yoast SEO plugin v28.4 - https:\/\/yoast.com\/product\/yoast-seo-wordpress\/ -->\n<title>NECROLOGIE : D\u00e9c\u00e8s du r\u00e9alisateur Souleymane Ciss\u00e9, l\u2019un des p\u00e8res du cin\u00e9ma africain -<\/title>\n<meta name=\"robots\" content=\"index, follow, max-snippet:-1, max-image-preview:large, max-video-preview:-1\" \/>\n<link rel=\"canonical\" href=\"https:\/\/macite.tg\/?p=20320\" \/>\n<meta property=\"og:locale\" content=\"fr_FR\" \/>\n<meta property=\"og:type\" content=\"article\" \/>\n<meta property=\"og:title\" content=\"NECROLOGIE : D\u00e9c\u00e8s du r\u00e9alisateur Souleymane Ciss\u00e9, l\u2019un des p\u00e8res du cin\u00e9ma africain -\" \/>\n<meta property=\"og:description\" content=\"Le r\u00e9alisateur malien Souleymane Ciss\u00e9, figure embl\u00e9matique du cin\u00e9ma africain, est d\u00e9c\u00e9d\u00e9 ce mercredi 19 f\u00e9vrier 2025 \u00e0 Bamako, \u00e0 l\u2019\u00e2ge de 84 ans. La nouvelle a \u00e9t\u00e9 confirm\u00e9e par sa fille, Mariam Ciss\u00e9, \u00e0 l\u2019Agence France-Presse (AFP). \u00ab&nbsp;Papa est d\u00e9c\u00e9d\u00e9 aujourd\u2019hui \u00e0 Bamako. Nous [&hellip;]\" \/>\n<meta property=\"og:url\" content=\"https:\/\/macite.tg\/?p=20320\" \/>\n<meta property=\"article:published_time\" content=\"2025-02-19T21:23:40+00:00\" \/>\n<meta property=\"article:modified_time\" content=\"2025-02-19T21:26:01+00:00\" \/>\n<meta property=\"og:image\" content=\"https:\/\/macite.tg\/wp-content\/uploads\/2025\/02\/CISSE.jpg\" \/>\n\t<meta property=\"og:image:width\" content=\"500\" \/>\n\t<meta property=\"og:image:height\" content=\"339\" \/>\n\t<meta property=\"og:image:type\" content=\"image\/jpeg\" \/>\n<meta name=\"author\" content=\"Jean Pierre BAWELA\" \/>\n<meta name=\"twitter:card\" content=\"summary_large_image\" \/>\n<meta name=\"twitter:label1\" content=\"\u00c9crit par\" \/>\n\t<meta name=\"twitter:data1\" content=\"Jean Pierre BAWELA\" \/>\n\t<meta name=\"twitter:label2\" content=\"Dur\u00e9e de lecture estim\u00e9e\" \/>\n\t<meta name=\"twitter:data2\" content=\"2 minutes\" \/>\n<script type=\"application\/ld+json\" class=\"yoast-schema-graph\">{\"@context\":\"https:\\\/\\\/schema.org\",\"@graph\":[{\"@type\":\"Article\",\"@id\":\"https:\\\/\\\/macite.tg\\\/?p=20320#article\",\"isPartOf\":{\"@id\":\"https:\\\/\\\/macite.tg\\\/?p=20320\"},\"author\":{\"name\":\"Jean Pierre BAWELA\",\"@id\":\"https:\\\/\\\/macite.tg\\\/#\\\/schema\\\/person\\\/e9f2de7e5dbbe7770a9402c7ce82f5c2\"},\"headline\":\"NECROLOGIE : D\u00e9c\u00e8s du r\u00e9alisateur Souleymane Ciss\u00e9, l\u2019un des p\u00e8res du cin\u00e9ma africain\",\"datePublished\":\"2025-02-19T21:23:40+00:00\",\"dateModified\":\"2025-02-19T21:26:01+00:00\",\"mainEntityOfPage\":{\"@id\":\"https:\\\/\\\/macite.tg\\\/?p=20320\"},\"wordCount\":251,\"commentCount\":0,\"image\":{\"@id\":\"https:\\\/\\\/macite.tg\\\/?p=20320#primaryimage\"},\"thumbnailUrl\":\"https:\\\/\\\/macite.tg\\\/wp-content\\\/uploads\\\/2025\\\/02\\\/CISSE.jpg\",\"articleSection\":[\"ACTUALITE\",\"NECROLOGIE\"],\"inLanguage\":\"fr-FR\",\"potentialAction\":[{\"@type\":\"CommentAction\",\"name\":\"Comment\",\"target\":[\"https:\\\/\\\/macite.tg\\\/?p=20320#respond\"]}]},{\"@type\":\"WebPage\",\"@id\":\"https:\\\/\\\/macite.tg\\\/?p=20320\",\"url\":\"https:\\\/\\\/macite.tg\\\/?p=20320\",\"name\":\"NECROLOGIE : D\u00e9c\u00e8s du r\u00e9alisateur Souleymane Ciss\u00e9, l\u2019un des p\u00e8res du cin\u00e9ma africain -\",\"isPartOf\":{\"@id\":\"https:\\\/\\\/macite.tg\\\/#website\"},\"primaryImageOfPage\":{\"@id\":\"https:\\\/\\\/macite.tg\\\/?p=20320#primaryimage\"},\"image\":{\"@id\":\"https:\\\/\\\/macite.tg\\\/?p=20320#primaryimage\"},\"thumbnailUrl\":\"https:\\\/\\\/macite.tg\\\/wp-content\\\/uploads\\\/2025\\\/02\\\/CISSE.jpg\",\"datePublished\":\"2025-02-19T21:23:40+00:00\",\"dateModified\":\"2025-02-19T21:26:01+00:00\",\"author\":{\"@id\":\"https:\\\/\\\/macite.tg\\\/#\\\/schema\\\/person\\\/e9f2de7e5dbbe7770a9402c7ce82f5c2\"},\"breadcrumb\":{\"@id\":\"https:\\\/\\\/macite.tg\\\/?p=20320#breadcrumb\"},\"inLanguage\":\"fr-FR\",\"potentialAction\":[{\"@type\":\"ReadAction\",\"target\":[\"https:\\\/\\\/macite.tg\\\/?p=20320\"]}]},{\"@type\":\"ImageObject\",\"inLanguage\":\"fr-FR\",\"@id\":\"https:\\\/\\\/macite.tg\\\/?p=20320#primaryimage\",\"url\":\"https:\\\/\\\/macite.tg\\\/wp-content\\\/uploads\\\/2025\\\/02\\\/CISSE.jpg\",\"contentUrl\":\"https:\\\/\\\/macite.tg\\\/wp-content\\\/uploads\\\/2025\\\/02\\\/CISSE.jpg\",\"width\":500,\"height\":339,\"caption\":\"Le r\u00e9alisateur malien Souleymane Ciss\u00e9\"},{\"@type\":\"BreadcrumbList\",\"@id\":\"https:\\\/\\\/macite.tg\\\/?p=20320#breadcrumb\",\"itemListElement\":[{\"@type\":\"ListItem\",\"position\":1,\"name\":\"Accueil\",\"item\":\"https:\\\/\\\/macite.tg\\\/\"},{\"@type\":\"ListItem\",\"position\":2,\"name\":\"NECROLOGIE : D\u00e9c\u00e8s du r\u00e9alisateur Souleymane Ciss\u00e9, l\u2019un des p\u00e8res du cin\u00e9ma africain\"}]},{\"@type\":\"WebSite\",\"@id\":\"https:\\\/\\\/macite.tg\\\/#website\",\"url\":\"https:\\\/\\\/macite.tg\\\/\",\"name\":\"\",\"description\":\"L&#039;information, la bonne!!!\",\"potentialAction\":[{\"@type\":\"SearchAction\",\"target\":{\"@type\":\"EntryPoint\",\"urlTemplate\":\"https:\\\/\\\/macite.tg\\\/?s={search_term_string}\"},\"query-input\":{\"@type\":\"PropertyValueSpecification\",\"valueRequired\":true,\"valueName\":\"search_term_string\"}}],\"inLanguage\":\"fr-FR\"},{\"@type\":\"Person\",\"@id\":\"https:\\\/\\\/macite.tg\\\/#\\\/schema\\\/person\\\/e9f2de7e5dbbe7770a9402c7ce82f5c2\",\"name\":\"Jean Pierre BAWELA\",\"image\":{\"@type\":\"ImageObject\",\"inLanguage\":\"fr-FR\",\"@id\":\"https:\\\/\\\/macite.tg\\\/wp-content\\\/uploads\\\/2023\\\/09\\\/WhatsApp-Image-2023-09-19-at-14.44.41-122x122.jpeg\",\"url\":\"https:\\\/\\\/macite.tg\\\/wp-content\\\/uploads\\\/2023\\\/09\\\/WhatsApp-Image-2023-09-19-at-14.44.41-122x122.jpeg\",\"contentUrl\":\"https:\\\/\\\/macite.tg\\\/wp-content\\\/uploads\\\/2023\\\/09\\\/WhatsApp-Image-2023-09-19-at-14.44.41-122x122.jpeg\",\"caption\":\"Jean Pierre BAWELA\"},\"url\":\"https:\\\/\\\/macite.tg\\\/?author=2\"}]}<\/script>\n<!-- \/ Yoast SEO plugin. -->","yoast_head_json":{"title":"NECROLOGIE : D\u00e9c\u00e8s du r\u00e9alisateur Souleymane Ciss\u00e9, l\u2019un des p\u00e8res du cin\u00e9ma africain -","robots":{"index":"index","follow":"follow","max-snippet":"max-snippet:-1","max-image-preview":"max-image-preview:large","max-video-preview":"max-video-preview:-1"},"canonical":"https:\/\/macite.tg\/?p=20320","og_locale":"fr_FR","og_type":"article","og_title":"NECROLOGIE : D\u00e9c\u00e8s du r\u00e9alisateur Souleymane Ciss\u00e9, l\u2019un des p\u00e8res du cin\u00e9ma africain -","og_description":"Le r\u00e9alisateur malien Souleymane Ciss\u00e9, figure embl\u00e9matique du cin\u00e9ma africain, est d\u00e9c\u00e9d\u00e9 ce mercredi 19 f\u00e9vrier 2025 \u00e0 Bamako, \u00e0 l\u2019\u00e2ge de 84 ans. La nouvelle a \u00e9t\u00e9 confirm\u00e9e par sa fille, Mariam Ciss\u00e9, \u00e0 l\u2019Agence France-Presse (AFP). \u00ab&nbsp;Papa est d\u00e9c\u00e9d\u00e9 aujourd\u2019hui \u00e0 Bamako. Nous [&hellip;]","og_url":"https:\/\/macite.tg\/?p=20320","article_published_time":"2025-02-19T21:23:40+00:00","article_modified_time":"2025-02-19T21:26:01+00:00","og_image":[{"width":500,"height":339,"url":"https:\/\/macite.tg\/wp-content\/uploads\/2025\/02\/CISSE.jpg","type":"image\/jpeg"}],"author":"Jean Pierre BAWELA","twitter_card":"summary_large_image","twitter_misc":{"\u00c9crit par":"Jean Pierre BAWELA","Dur\u00e9e de lecture estim\u00e9e":"2 minutes"},"schema":{"@context":"https:\/\/schema.org","@graph":[{"@type":"Article","@id":"https:\/\/macite.tg\/?p=20320#article","isPartOf":{"@id":"https:\/\/macite.tg\/?p=20320"},"author":{"name":"Jean Pierre BAWELA","@id":"https:\/\/macite.tg\/#\/schema\/person\/e9f2de7e5dbbe7770a9402c7ce82f5c2"},"headline":"NECROLOGIE : D\u00e9c\u00e8s du r\u00e9alisateur Souleymane Ciss\u00e9, l\u2019un des p\u00e8res du cin\u00e9ma africain","datePublished":"2025-02-19T21:23:40+00:00","dateModified":"2025-02-19T21:26:01+00:00","mainEntityOfPage":{"@id":"https:\/\/macite.tg\/?p=20320"},"wordCount":251,"commentCount":0,"image":{"@id":"https:\/\/macite.tg\/?p=20320#primaryimage"},"thumbnailUrl":"https:\/\/macite.tg\/wp-content\/uploads\/2025\/02\/CISSE.jpg","articleSection":["ACTUALITE","NECROLOGIE"],"inLanguage":"fr-FR","potentialAction":[{"@type":"CommentAction","name":"Comment","target":["https:\/\/macite.tg\/?p=20320#respond"]}]},{"@type":"WebPage","@id":"https:\/\/macite.tg\/?p=20320","url":"https:\/\/macite.tg\/?p=20320","name":"NECROLOGIE : D\u00e9c\u00e8s du r\u00e9alisateur Souleymane Ciss\u00e9, l\u2019un des p\u00e8res du cin\u00e9ma africain -","isPartOf":{"@id":"https:\/\/macite.tg\/#website"},"primaryImageOfPage":{"@id":"https:\/\/macite.tg\/?p=20320#primaryimage"},"image":{"@id":"https:\/\/macite.tg\/?p=20320#primaryimage"},"thumbnailUrl":"https:\/\/macite.tg\/wp-content\/uploads\/2025\/02\/CISSE.jpg","datePublished":"2025-02-19T21:23:40+00:00","dateModified":"2025-02-19T21:26:01+00:00","author":{"@id":"https:\/\/macite.tg\/#\/schema\/person\/e9f2de7e5dbbe7770a9402c7ce82f5c2"},"breadcrumb":{"@id":"https:\/\/macite.tg\/?p=20320#breadcrumb"},"inLanguage":"fr-FR","potentialAction":[{"@type":"ReadAction","target":["https:\/\/macite.tg\/?p=20320"]}]},{"@type":"ImageObject","inLanguage":"fr-FR","@id":"https:\/\/macite.tg\/?p=20320#primaryimage","url":"https:\/\/macite.tg\/wp-content\/uploads\/2025\/02\/CISSE.jpg","contentUrl":"https:\/\/macite.tg\/wp-content\/uploads\/2025\/02\/CISSE.jpg","width":500,"height":339,"caption":"Le r\u00e9alisateur malien Souleymane Ciss\u00e9"},{"@type":"BreadcrumbList","@id":"https:\/\/macite.tg\/?p=20320#breadcrumb","itemListElement":[{"@type":"ListItem","position":1,"name":"Accueil","item":"https:\/\/macite.tg\/"},{"@type":"ListItem","position":2,"name":"NECROLOGIE : D\u00e9c\u00e8s du r\u00e9alisateur Souleymane Ciss\u00e9, l\u2019un des p\u00e8res du cin\u00e9ma africain"}]},{"@type":"WebSite","@id":"https:\/\/macite.tg\/#website","url":"https:\/\/macite.tg\/","name":"","description":"L&#039;information, la bonne!!!","potentialAction":[{"@type":"SearchAction","target":{"@type":"EntryPoint","urlTemplate":"https:\/\/macite.tg\/?s={search_term_string}"},"query-input":{"@type":"PropertyValueSpecification","valueRequired":true,"valueName":"search_term_string"}}],"inLanguage":"fr-FR"},{"@type":"Person","@id":"https:\/\/macite.tg\/#\/schema\/person\/e9f2de7e5dbbe7770a9402c7ce82f5c2","name":"Jean Pierre BAWELA","image":{"@type":"ImageObject","inLanguage":"fr-FR","@id":"https:\/\/macite.tg\/wp-content\/uploads\/2023\/09\/WhatsApp-Image-2023-09-19-at-14.44.41-122x122.jpeg","url":"https:\/\/macite.tg\/wp-content\/uploads\/2023\/09\/WhatsApp-Image-2023-09-19-at-14.44.41-122x122.jpeg","contentUrl":"https:\/\/macite.tg\/wp-content\/uploads\/2023\/09\/WhatsApp-Image-2023-09-19-at-14.44.41-122x122.jpeg","caption":"Jean Pierre BAWELA"},"url":"https:\/\/macite.tg\/?author=2"}]}},"_links":{"self":[{"href":"https:\/\/macite.tg\/index.php?rest_route=\/wp\/v2\/posts\/20320","targetHints":{"allow":["GET"]}}],"collection":[{"href":"https:\/\/macite.tg\/index.php?rest_route=\/wp\/v2\/posts"}],"about":[{"href":"https:\/\/macite.tg\/index.php?rest_route=\/wp\/v2\/types\/post"}],"author":[{"embeddable":true,"href":"https:\/\/macite.tg\/index.php?rest_route=\/wp\/v2\/users\/2"}],"replies":[{"embeddable":true,"href":"https:\/\/macite.tg\/index.php?rest_route=%2Fwp%2Fv2%2Fcomments&post=20320"}],"version-history":[{"count":0,"href":"https:\/\/macite.tg\/index.php?rest_route=\/wp\/v2\/posts\/20320\/revisions"}],"wp:featuredmedia":[{"embeddable":true,"href":"https:\/\/macite.tg\/index.php?rest_route=\/wp\/v2\/media\/20321"}],"wp:attachment":[{"href":"https:\/\/macite.tg\/index.php?rest_route=%2Fwp%2Fv2%2Fmedia&parent=20320"}],"wp:term":[{"taxonomy":"category","embeddable":true,"href":"https:\/\/macite.tg\/index.php?rest_route=%2Fwp%2Fv2%2Fcategories&post=20320"},{"taxonomy":"post_tag","embeddable":true,"href":"https:\/\/macite.tg\/index.php?rest_route=%2Fwp%2Fv2%2Ftags&post=20320"}],"curies":[{"name":"wp","href":"https:\/\/api.w.org\/{rel}","templated":true}]}}