{"id":20317,"date":"2025-02-19T18:22:44","date_gmt":"2025-02-19T18:22:44","guid":{"rendered":"https:\/\/macite.tg\/?p=20317"},"modified":"2025-02-19T18:22:52","modified_gmt":"2025-02-19T18:22:52","slug":"courant-electrique-la-ceet-annonce-des-perturbations-cette-semaine","status":"publish","type":"post","link":"https:\/\/macite.tg\/?p=20317","title":{"rendered":"COURANT ELECTRIQUE : La CEET annonce des perturbations cette semaine"},"content":{"rendered":"\n<p class=\"wp-block-paragraph\"><strong><em>En raison des travaux de raccordement et de mise en service de nouveaux ouvrages, la Compagnie \u00c9nergie \u00c9lectrique du Togo (CEET), annonce des perturbations dans la fourniture du courant \u00e9lectrique dans plusieurs quartiers et zones p\u00e9riph\u00e9riques de la capitale jusqu\u2019au dimanche 23 f\u00e9vrier prochain.<\/em><\/strong><\/p>\n\n\n\n<p class=\"wp-block-paragraph\">Selon la CEET, ces interruptions dans la fourniture du courant \u00e9lectrique interviendront entre 9h et 22h30 au plus tard, selon les zones cibl\u00e9es.<\/p>\n\n\n\n<p class=\"wp-block-paragraph\">Dans ce sens, la Compagnie recommande que \u00ab&nbsp;<em>les appareils soient d\u00e9branch\u00e9s lorsqu\u2019une coupure intervient<\/em>&nbsp;\u00bb.<\/p>\n\n\n<div class=\"wp-block-image\">\n<figure class=\"aligncenter size-large is-resized\"><img loading=\"lazy\" decoding=\"async\" width=\"1024\" height=\"1024\" src=\"https:\/\/macite.tg\/wp-content\/uploads\/2025\/02\/d4c3a8a5-b555-493c-b116-93e62f3746c8-1024x1024.jpg\" alt=\"\" class=\"wp-image-20275\" style=\"width:508px;height:auto\" srcset=\"https:\/\/macite.tg\/wp-content\/uploads\/2025\/02\/d4c3a8a5-b555-493c-b116-93e62f3746c8-1024x1024.jpg 1024w, https:\/\/macite.tg\/wp-content\/uploads\/2025\/02\/d4c3a8a5-b555-493c-b116-93e62f3746c8-300x300.jpg 300w, https:\/\/macite.tg\/wp-content\/uploads\/2025\/02\/d4c3a8a5-b555-493c-b116-93e62f3746c8-150x150.jpg 150w, https:\/\/macite.tg\/wp-content\/uploads\/2025\/02\/d4c3a8a5-b555-493c-b116-93e62f3746c8-768x768.jpg 768w, https:\/\/macite.tg\/wp-content\/uploads\/2025\/02\/d4c3a8a5-b555-493c-b116-93e62f3746c8-122x122.jpg 122w, https:\/\/macite.tg\/wp-content\/uploads\/2025\/02\/d4c3a8a5-b555-493c-b116-93e62f3746c8.jpg 1080w\" sizes=\"auto, (max-width: 1024px) 100vw, 1024px\" \/><\/figure>\n<\/div>\n\n\n<p class=\"wp-block-paragraph\"><strong>Voici le programme des interruptions<\/strong><\/p>\n\n\n\n<p class=\"wp-block-paragraph\"><strong>Mercredi 19 f\u00e9vrier 2025<\/strong><\/p>\n\n\n\n<p class=\"wp-block-paragraph\">9h \u00e0 12h&nbsp;: Zones Togocel Atlantic, T\u00e9l\u00e9com Ad\u00e9tikop\u00e9 et leurs environs.<\/p>\n\n\n\n<p class=\"wp-block-paragraph\">18h&nbsp;\u00e0 22h30&nbsp;: Zones Plan\u00e8te Love, Gendarmerie Sagbado, Gbomam\u00e9 Sagbado, Lankouvi, Cit\u00e9 des Anges, Agotim\u00e9, S\u00e9gb\u00e9gan AERS et leurs environs.<\/p>\n\n\n\n<p class=\"wp-block-paragraph\"><strong>Jeudi 20 f\u00e9vrier 2025<\/strong><\/p>\n\n\n\n<p class=\"wp-block-paragraph\">09h \u00e0 11h&nbsp;: Olibokop\u00e9, D\u00e9v\u00e9go et leurs environs.<\/p>\n\n\n\n<p class=\"wp-block-paragraph\">09h \u00e0 13h&nbsp;: Zones Ago\u00e8 D\u00e9makpo\u00e8, Ago\u00e8 Fiovi, Ago\u00e8 Plateau, Minamadou et leurs environs.<\/p>\n\n\n<div class=\"wp-block-image\">\n<figure class=\"aligncenter size-full\"><img loading=\"lazy\" decoding=\"async\" width=\"851\" height=\"315\" src=\"https:\/\/macite.tg\/wp-content\/uploads\/2025\/02\/OTR_Renseignements-1.jpg\" alt=\"\" class=\"wp-image-20215\" srcset=\"https:\/\/macite.tg\/wp-content\/uploads\/2025\/02\/OTR_Renseignements-1.jpg 851w, https:\/\/macite.tg\/wp-content\/uploads\/2025\/02\/OTR_Renseignements-1-300x111.jpg 300w, https:\/\/macite.tg\/wp-content\/uploads\/2025\/02\/OTR_Renseignements-1-768x284.jpg 768w\" sizes=\"auto, (max-width: 851px) 100vw, 851px\" \/><\/figure>\n<\/div>\n\n\n<p class=\"wp-block-paragraph\"><strong>Samedi 22 f\u00e9vrier 2025<\/strong><\/p>\n\n\n\n<p class=\"wp-block-paragraph\">09h \u00e0 14h&nbsp;: L\u00e9gbassito et ses environs.<\/p>\n\n\n\n<p class=\"wp-block-paragraph\"><strong>Dimanche 23 f\u00e9vrier 2025<\/strong><\/p>\n\n\n\n<p class=\"wp-block-paragraph\">09h \u00e0 14h&nbsp;: Zones L\u00e9gbassito, S\u0153urs Canossiennes, Ahonkp\u00e8, Quartier Belgique et leurs environs.<\/p>\n\n\n\n<p class=\"wp-block-paragraph\"><strong><em>@macite.tg&nbsp;&nbsp;&nbsp;&nbsp;&nbsp;&nbsp;&nbsp;&nbsp;<\/em><\/strong><\/p>\n\n\n\n<p class=\"wp-block-paragraph\"><strong><em>E-mail&nbsp;: <\/em><\/strong><a href=\"mailto:maciteinfo@gmail.com\"><strong><em>maciteinfo@gmail.com<\/em><\/strong><\/a><strong><em>; <\/em><\/strong><a href=\"mailto:bawela1@gmail.com\"><strong><em>bawela1@gmail.com<\/em><\/strong><\/a><strong><em><\/em><\/strong><\/p>\n\n\n\n<p class=\"wp-block-paragraph\"><strong><em>Pour vos annonces, (publi)reportages, etc., joignez-nous au (00228)91515309\/<strong>79872224 <\/strong>www.macite.tg, L\u2019information, la bonne&nbsp;!<\/em><\/strong><\/p>\n","protected":false},"excerpt":{"rendered":"<p class=\"text-justify mb-2\" >En raison des travaux de raccordement et de mise en service de nouveaux ouvrages, la Compagnie \u00c9nergie \u00c9lectrique du Togo (CEET), annonce des perturbations dans la fourniture du courant \u00e9lectrique dans plusieurs quartiers et zones p\u00e9riph\u00e9riques de la capitale jusqu\u2019au dimanche 23 f\u00e9vrier prochain. Selon [&hellip;]<\/p>\n","protected":false},"author":2,"featured_media":20318,"comment_status":"open","ping_status":"open","sticky":false,"template":"","format":"standard","meta":{"footnotes":""},"categories":[20,38],"tags":[],"class_list":["post-20317","post","type-post","status-publish","format-standard","has-post-thumbnail","hentry","category-actualite","category-energie"],"yoast_head":"<!-- This site is optimized with the Yoast SEO plugin v28.4 - https:\/\/yoast.com\/product\/yoast-seo-wordpress\/ -->\n<title>COURANT ELECTRIQUE : La CEET annonce des perturbations cette semaine -<\/title>\n<meta name=\"robots\" content=\"index, follow, max-snippet:-1, max-image-preview:large, max-video-preview:-1\" \/>\n<link rel=\"canonical\" href=\"https:\/\/macite.tg\/?p=20317\" \/>\n<meta property=\"og:locale\" content=\"fr_FR\" \/>\n<meta property=\"og:type\" content=\"article\" \/>\n<meta property=\"og:title\" content=\"COURANT ELECTRIQUE : La CEET annonce des perturbations cette semaine -\" \/>\n<meta property=\"og:description\" content=\"En raison des travaux de raccordement et de mise en service de nouveaux ouvrages, la Compagnie \u00c9nergie \u00c9lectrique du Togo (CEET), annonce des perturbations dans la fourniture du courant \u00e9lectrique dans plusieurs quartiers et zones p\u00e9riph\u00e9riques de la capitale jusqu\u2019au dimanche 23 f\u00e9vrier prochain. Selon [&hellip;]\" \/>\n<meta property=\"og:url\" content=\"https:\/\/macite.tg\/?p=20317\" \/>\n<meta property=\"article:published_time\" content=\"2025-02-19T18:22:44+00:00\" \/>\n<meta property=\"article:modified_time\" content=\"2025-02-19T18:22:52+00:00\" \/>\n<meta property=\"og:image\" content=\"https:\/\/macite.tg\/wp-content\/uploads\/2025\/02\/image-48.png\" \/>\n\t<meta property=\"og:image:width\" content=\"500\" \/>\n\t<meta property=\"og:image:height\" content=\"333\" \/>\n\t<meta property=\"og:image:type\" content=\"image\/png\" \/>\n<meta name=\"author\" content=\"Jean Pierre BAWELA\" \/>\n<meta name=\"twitter:card\" content=\"summary_large_image\" \/>\n<meta name=\"twitter:label1\" content=\"\u00c9crit par\" \/>\n\t<meta name=\"twitter:data1\" content=\"Jean Pierre BAWELA\" \/>\n\t<meta name=\"twitter:label2\" content=\"Dur\u00e9e de lecture estim\u00e9e\" \/>\n\t<meta name=\"twitter:data2\" content=\"2 minutes\" \/>\n<script type=\"application\/ld+json\" class=\"yoast-schema-graph\">{\"@context\":\"https:\\\/\\\/schema.org\",\"@graph\":[{\"@type\":\"Article\",\"@id\":\"https:\\\/\\\/macite.tg\\\/?p=20317#article\",\"isPartOf\":{\"@id\":\"https:\\\/\\\/macite.tg\\\/?p=20317\"},\"author\":{\"name\":\"Jean Pierre BAWELA\",\"@id\":\"https:\\\/\\\/macite.tg\\\/#\\\/schema\\\/person\\\/e9f2de7e5dbbe7770a9402c7ce82f5c2\"},\"headline\":\"COURANT ELECTRIQUE : La CEET annonce des perturbations cette semaine\",\"datePublished\":\"2025-02-19T18:22:44+00:00\",\"dateModified\":\"2025-02-19T18:22:52+00:00\",\"mainEntityOfPage\":{\"@id\":\"https:\\\/\\\/macite.tg\\\/?p=20317\"},\"wordCount\":236,\"commentCount\":0,\"image\":{\"@id\":\"https:\\\/\\\/macite.tg\\\/?p=20317#primaryimage\"},\"thumbnailUrl\":\"https:\\\/\\\/macite.tg\\\/wp-content\\\/uploads\\\/2025\\\/02\\\/image-48.png\",\"articleSection\":[\"ACTUALITE\",\"ENERGIE\"],\"inLanguage\":\"fr-FR\",\"potentialAction\":[{\"@type\":\"CommentAction\",\"name\":\"Comment\",\"target\":[\"https:\\\/\\\/macite.tg\\\/?p=20317#respond\"]}]},{\"@type\":\"WebPage\",\"@id\":\"https:\\\/\\\/macite.tg\\\/?p=20317\",\"url\":\"https:\\\/\\\/macite.tg\\\/?p=20317\",\"name\":\"COURANT ELECTRIQUE : La CEET annonce des perturbations cette semaine -\",\"isPartOf\":{\"@id\":\"https:\\\/\\\/macite.tg\\\/#website\"},\"primaryImageOfPage\":{\"@id\":\"https:\\\/\\\/macite.tg\\\/?p=20317#primaryimage\"},\"image\":{\"@id\":\"https:\\\/\\\/macite.tg\\\/?p=20317#primaryimage\"},\"thumbnailUrl\":\"https:\\\/\\\/macite.tg\\\/wp-content\\\/uploads\\\/2025\\\/02\\\/image-48.png\",\"datePublished\":\"2025-02-19T18:22:44+00:00\",\"dateModified\":\"2025-02-19T18:22:52+00:00\",\"author\":{\"@id\":\"https:\\\/\\\/macite.tg\\\/#\\\/schema\\\/person\\\/e9f2de7e5dbbe7770a9402c7ce82f5c2\"},\"breadcrumb\":{\"@id\":\"https:\\\/\\\/macite.tg\\\/?p=20317#breadcrumb\"},\"inLanguage\":\"fr-FR\",\"potentialAction\":[{\"@type\":\"ReadAction\",\"target\":[\"https:\\\/\\\/macite.tg\\\/?p=20317\"]}]},{\"@type\":\"ImageObject\",\"inLanguage\":\"fr-FR\",\"@id\":\"https:\\\/\\\/macite.tg\\\/?p=20317#primaryimage\",\"url\":\"https:\\\/\\\/macite.tg\\\/wp-content\\\/uploads\\\/2025\\\/02\\\/image-48.png\",\"contentUrl\":\"https:\\\/\\\/macite.tg\\\/wp-content\\\/uploads\\\/2025\\\/02\\\/image-48.png\",\"width\":500,\"height\":333},{\"@type\":\"BreadcrumbList\",\"@id\":\"https:\\\/\\\/macite.tg\\\/?p=20317#breadcrumb\",\"itemListElement\":[{\"@type\":\"ListItem\",\"position\":1,\"name\":\"Accueil\",\"item\":\"https:\\\/\\\/macite.tg\\\/\"},{\"@type\":\"ListItem\",\"position\":2,\"name\":\"COURANT ELECTRIQUE : La CEET annonce des perturbations cette semaine\"}]},{\"@type\":\"WebSite\",\"@id\":\"https:\\\/\\\/macite.tg\\\/#website\",\"url\":\"https:\\\/\\\/macite.tg\\\/\",\"name\":\"\",\"description\":\"L&#039;information, la bonne!!!\",\"potentialAction\":[{\"@type\":\"SearchAction\",\"target\":{\"@type\":\"EntryPoint\",\"urlTemplate\":\"https:\\\/\\\/macite.tg\\\/?s={search_term_string}\"},\"query-input\":{\"@type\":\"PropertyValueSpecification\",\"valueRequired\":true,\"valueName\":\"search_term_string\"}}],\"inLanguage\":\"fr-FR\"},{\"@type\":\"Person\",\"@id\":\"https:\\\/\\\/macite.tg\\\/#\\\/schema\\\/person\\\/e9f2de7e5dbbe7770a9402c7ce82f5c2\",\"name\":\"Jean Pierre BAWELA\",\"image\":{\"@type\":\"ImageObject\",\"inLanguage\":\"fr-FR\",\"@id\":\"https:\\\/\\\/macite.tg\\\/wp-content\\\/uploads\\\/2023\\\/09\\\/WhatsApp-Image-2023-09-19-at-14.44.41-122x122.jpeg\",\"url\":\"https:\\\/\\\/macite.tg\\\/wp-content\\\/uploads\\\/2023\\\/09\\\/WhatsApp-Image-2023-09-19-at-14.44.41-122x122.jpeg\",\"contentUrl\":\"https:\\\/\\\/macite.tg\\\/wp-content\\\/uploads\\\/2023\\\/09\\\/WhatsApp-Image-2023-09-19-at-14.44.41-122x122.jpeg\",\"caption\":\"Jean Pierre BAWELA\"},\"url\":\"https:\\\/\\\/macite.tg\\\/?author=2\"}]}<\/script>\n<!-- \/ Yoast SEO plugin. -->","yoast_head_json":{"title":"COURANT ELECTRIQUE : La CEET annonce des perturbations cette semaine -","robots":{"index":"index","follow":"follow","max-snippet":"max-snippet:-1","max-image-preview":"max-image-preview:large","max-video-preview":"max-video-preview:-1"},"canonical":"https:\/\/macite.tg\/?p=20317","og_locale":"fr_FR","og_type":"article","og_title":"COURANT ELECTRIQUE : La CEET annonce des perturbations cette semaine -","og_description":"En raison des travaux de raccordement et de mise en service de nouveaux ouvrages, la Compagnie \u00c9nergie \u00c9lectrique du Togo (CEET), annonce des perturbations dans la fourniture du courant \u00e9lectrique dans plusieurs quartiers et zones p\u00e9riph\u00e9riques de la capitale jusqu\u2019au dimanche 23 f\u00e9vrier prochain. Selon [&hellip;]","og_url":"https:\/\/macite.tg\/?p=20317","article_published_time":"2025-02-19T18:22:44+00:00","article_modified_time":"2025-02-19T18:22:52+00:00","og_image":[{"width":500,"height":333,"url":"https:\/\/macite.tg\/wp-content\/uploads\/2025\/02\/image-48.png","type":"image\/png"}],"author":"Jean Pierre BAWELA","twitter_card":"summary_large_image","twitter_misc":{"\u00c9crit par":"Jean Pierre BAWELA","Dur\u00e9e de lecture estim\u00e9e":"2 minutes"},"schema":{"@context":"https:\/\/schema.org","@graph":[{"@type":"Article","@id":"https:\/\/macite.tg\/?p=20317#article","isPartOf":{"@id":"https:\/\/macite.tg\/?p=20317"},"author":{"name":"Jean Pierre BAWELA","@id":"https:\/\/macite.tg\/#\/schema\/person\/e9f2de7e5dbbe7770a9402c7ce82f5c2"},"headline":"COURANT ELECTRIQUE : La CEET annonce des perturbations cette semaine","datePublished":"2025-02-19T18:22:44+00:00","dateModified":"2025-02-19T18:22:52+00:00","mainEntityOfPage":{"@id":"https:\/\/macite.tg\/?p=20317"},"wordCount":236,"commentCount":0,"image":{"@id":"https:\/\/macite.tg\/?p=20317#primaryimage"},"thumbnailUrl":"https:\/\/macite.tg\/wp-content\/uploads\/2025\/02\/image-48.png","articleSection":["ACTUALITE","ENERGIE"],"inLanguage":"fr-FR","potentialAction":[{"@type":"CommentAction","name":"Comment","target":["https:\/\/macite.tg\/?p=20317#respond"]}]},{"@type":"WebPage","@id":"https:\/\/macite.tg\/?p=20317","url":"https:\/\/macite.tg\/?p=20317","name":"COURANT ELECTRIQUE : La CEET annonce des perturbations cette semaine -","isPartOf":{"@id":"https:\/\/macite.tg\/#website"},"primaryImageOfPage":{"@id":"https:\/\/macite.tg\/?p=20317#primaryimage"},"image":{"@id":"https:\/\/macite.tg\/?p=20317#primaryimage"},"thumbnailUrl":"https:\/\/macite.tg\/wp-content\/uploads\/2025\/02\/image-48.png","datePublished":"2025-02-19T18:22:44+00:00","dateModified":"2025-02-19T18:22:52+00:00","author":{"@id":"https:\/\/macite.tg\/#\/schema\/person\/e9f2de7e5dbbe7770a9402c7ce82f5c2"},"breadcrumb":{"@id":"https:\/\/macite.tg\/?p=20317#breadcrumb"},"inLanguage":"fr-FR","potentialAction":[{"@type":"ReadAction","target":["https:\/\/macite.tg\/?p=20317"]}]},{"@type":"ImageObject","inLanguage":"fr-FR","@id":"https:\/\/macite.tg\/?p=20317#primaryimage","url":"https:\/\/macite.tg\/wp-content\/uploads\/2025\/02\/image-48.png","contentUrl":"https:\/\/macite.tg\/wp-content\/uploads\/2025\/02\/image-48.png","width":500,"height":333},{"@type":"BreadcrumbList","@id":"https:\/\/macite.tg\/?p=20317#breadcrumb","itemListElement":[{"@type":"ListItem","position":1,"name":"Accueil","item":"https:\/\/macite.tg\/"},{"@type":"ListItem","position":2,"name":"COURANT ELECTRIQUE : La CEET annonce des perturbations cette semaine"}]},{"@type":"WebSite","@id":"https:\/\/macite.tg\/#website","url":"https:\/\/macite.tg\/","name":"","description":"L&#039;information, la bonne!!!","potentialAction":[{"@type":"SearchAction","target":{"@type":"EntryPoint","urlTemplate":"https:\/\/macite.tg\/?s={search_term_string}"},"query-input":{"@type":"PropertyValueSpecification","valueRequired":true,"valueName":"search_term_string"}}],"inLanguage":"fr-FR"},{"@type":"Person","@id":"https:\/\/macite.tg\/#\/schema\/person\/e9f2de7e5dbbe7770a9402c7ce82f5c2","name":"Jean Pierre BAWELA","image":{"@type":"ImageObject","inLanguage":"fr-FR","@id":"https:\/\/macite.tg\/wp-content\/uploads\/2023\/09\/WhatsApp-Image-2023-09-19-at-14.44.41-122x122.jpeg","url":"https:\/\/macite.tg\/wp-content\/uploads\/2023\/09\/WhatsApp-Image-2023-09-19-at-14.44.41-122x122.jpeg","contentUrl":"https:\/\/macite.tg\/wp-content\/uploads\/2023\/09\/WhatsApp-Image-2023-09-19-at-14.44.41-122x122.jpeg","caption":"Jean Pierre BAWELA"},"url":"https:\/\/macite.tg\/?author=2"}]}},"_links":{"self":[{"href":"https:\/\/macite.tg\/index.php?rest_route=\/wp\/v2\/posts\/20317","targetHints":{"allow":["GET"]}}],"collection":[{"href":"https:\/\/macite.tg\/index.php?rest_route=\/wp\/v2\/posts"}],"about":[{"href":"https:\/\/macite.tg\/index.php?rest_route=\/wp\/v2\/types\/post"}],"author":[{"embeddable":true,"href":"https:\/\/macite.tg\/index.php?rest_route=\/wp\/v2\/users\/2"}],"replies":[{"embeddable":true,"href":"https:\/\/macite.tg\/index.php?rest_route=%2Fwp%2Fv2%2Fcomments&post=20317"}],"version-history":[{"count":0,"href":"https:\/\/macite.tg\/index.php?rest_route=\/wp\/v2\/posts\/20317\/revisions"}],"wp:featuredmedia":[{"embeddable":true,"href":"https:\/\/macite.tg\/index.php?rest_route=\/wp\/v2\/media\/20318"}],"wp:attachment":[{"href":"https:\/\/macite.tg\/index.php?rest_route=%2Fwp%2Fv2%2Fmedia&parent=20317"}],"wp:term":[{"taxonomy":"category","embeddable":true,"href":"https:\/\/macite.tg\/index.php?rest_route=%2Fwp%2Fv2%2Fcategories&post=20317"},{"taxonomy":"post_tag","embeddable":true,"href":"https:\/\/macite.tg\/index.php?rest_route=%2Fwp%2Fv2%2Ftags&post=20317"}],"curies":[{"name":"wp","href":"https:\/\/api.w.org\/{rel}","templated":true}]}}