{"id":20301,"date":"2025-02-19T16:26:33","date_gmt":"2025-02-19T16:26:33","guid":{"rendered":"https:\/\/macite.tg\/?p=20301"},"modified":"2025-02-19T16:26:45","modified_gmt":"2025-02-19T16:26:45","slug":"resilience-climatique-les-efforts-du-togo-soutenus-par-la-boad-et-le-fonds-verts-pour-le-climat-fvc","status":"publish","type":"post","link":"https:\/\/macite.tg\/?p=20301","title":{"rendered":"RESILIENCE CLIMATIQUE\u00a0: Les efforts du Togo soutenus par la BOAD et le Fonds Verts pour le Climat (FVC)"},"content":{"rendered":"\n<p class=\"wp-block-paragraph\"><strong><em>Les efforts du Togo en faveur de la r\u00e9silience climatique et d\u2019adaptation aux changements climatiques sont reconnus \u00e0 l\u2019international. Et plus d\u2019ailleurs. Hier mardi 18 f\u00e9vrier, Banque Ouest Africaine de D\u00e9veloppement (BOAD) a annonc\u00e9 l\u2019approbation par le Fonds Verts pour le Climats (FVC) d\u2019un financement \u00e0 hauteur de 17 milliards de francs CFA pour la r\u00e9alisation d\u2019un projet innovant.<\/em><\/strong><\/p>\n\n\n\n<p class=\"wp-block-paragraph\">Ledit projet ax\u00e9 sur \u00ab&nbsp;<em>Renforcement de la r\u00e9silience des communaut\u00e9s vuln\u00e9rables dans les zones \u00e0 haut risque climatique et de catastrophes&nbsp;<\/em>\u00bb, se veut d\u2019am\u00e9liorer des services d\u2019information climatique, les syst\u00e8mes d\u2019alerte pr\u00e9coce multi-al\u00e9as et les mesures d\u2019adaptation locales.<\/p>\n\n\n<div class=\"wp-block-image\">\n<figure class=\"aligncenter size-large is-resized\"><img loading=\"lazy\" decoding=\"async\" width=\"1024\" height=\"1024\" src=\"https:\/\/macite.tg\/wp-content\/uploads\/2025\/02\/d4c3a8a5-b555-493c-b116-93e62f3746c8-1024x1024.jpg\" alt=\"\" class=\"wp-image-20275\" style=\"width:516px;height:auto\" srcset=\"https:\/\/macite.tg\/wp-content\/uploads\/2025\/02\/d4c3a8a5-b555-493c-b116-93e62f3746c8-1024x1024.jpg 1024w, https:\/\/macite.tg\/wp-content\/uploads\/2025\/02\/d4c3a8a5-b555-493c-b116-93e62f3746c8-300x300.jpg 300w, https:\/\/macite.tg\/wp-content\/uploads\/2025\/02\/d4c3a8a5-b555-493c-b116-93e62f3746c8-150x150.jpg 150w, https:\/\/macite.tg\/wp-content\/uploads\/2025\/02\/d4c3a8a5-b555-493c-b116-93e62f3746c8-768x768.jpg 768w, https:\/\/macite.tg\/wp-content\/uploads\/2025\/02\/d4c3a8a5-b555-493c-b116-93e62f3746c8-122x122.jpg 122w, https:\/\/macite.tg\/wp-content\/uploads\/2025\/02\/d4c3a8a5-b555-493c-b116-93e62f3746c8.jpg 1080w\" sizes=\"auto, (max-width: 1024px) 100vw, 1024px\" \/><\/figure>\n<\/div>\n\n\n<p class=\"wp-block-paragraph\">Ce projet financ\u00e9 par le Fonds vert pour le Climat (FVC), sera mis en \u0153uvre, sur une p\u00e9riode de cinq ans, par l\u2019Agence nationale de protection civile (ANPC), ceci sous la supervision du minist\u00e8re de la S\u00e9curit\u00e9 et de la protection civile.<\/p>\n\n\n<div class=\"wp-block-image\">\n<figure class=\"aligncenter size-large is-resized\"><img loading=\"lazy\" decoding=\"async\" width=\"1024\" height=\"1024\" src=\"https:\/\/macite.tg\/wp-content\/uploads\/2025\/02\/OTR_-whatsApp-1024x1024.jpg\" alt=\"\" class=\"wp-image-20228\" style=\"width:452px;height:auto\" srcset=\"https:\/\/macite.tg\/wp-content\/uploads\/2025\/02\/OTR_-whatsApp-1024x1024.jpg 1024w, https:\/\/macite.tg\/wp-content\/uploads\/2025\/02\/OTR_-whatsApp-300x300.jpg 300w, https:\/\/macite.tg\/wp-content\/uploads\/2025\/02\/OTR_-whatsApp-150x150.jpg 150w, https:\/\/macite.tg\/wp-content\/uploads\/2025\/02\/OTR_-whatsApp-768x768.jpg 768w, https:\/\/macite.tg\/wp-content\/uploads\/2025\/02\/OTR_-whatsApp-122x122.jpg 122w, https:\/\/macite.tg\/wp-content\/uploads\/2025\/02\/OTR_-whatsApp.jpg 1080w\" sizes=\"auto, (max-width: 1024px) 100vw, 1024px\" \/><\/figure>\n<\/div>\n\n\n<p class=\"wp-block-paragraph\">Notons que le Togo multiplie, depuis plusieurs ann\u00e9es d\u00e9j\u00e0, des initiatives visant \u00e0 renforcer sa r\u00e9silience face aux catastrophes naturelles. D\u2019ailleurs, le Togo dispose d\u2019un sch\u00e9ma national d\u2019analyse et de couverture des risques.<\/p>\n\n\n\n<p class=\"wp-block-paragraph\"><strong>Mab\u00e9 B.<\/strong><\/p>\n\n\n\n<p class=\"wp-block-paragraph\"><strong><em>@macite.tg&nbsp;&nbsp;&nbsp;&nbsp;&nbsp;&nbsp;&nbsp;&nbsp;<\/em><\/strong><\/p>\n\n\n\n<p class=\"wp-block-paragraph\"><strong><em>E-mail&nbsp;: <\/em><\/strong><a href=\"mailto:maciteinfo@gmail.com\"><strong><em>maciteinfo@gmail.com<\/em><\/strong><\/a><strong><em>; <\/em><\/strong><a href=\"mailto:bawela1@gmail.com\"><strong><em>bawela1@gmail.com<\/em><\/strong><\/a><strong><em><\/em><\/strong><\/p>\n\n\n\n<p class=\"wp-block-paragraph\"><strong><em>Pour vos annonces, (publi)reportages, etc., joignez-nous au (00228)91515309\/<strong>79872224 <\/strong>www.macite.tg, L\u2019information, la bonne&nbsp;!<\/em><\/strong><\/p>\n","protected":false},"excerpt":{"rendered":"<p class=\"text-justify mb-2\" >Les efforts du Togo en faveur de la r\u00e9silience climatique et d\u2019adaptation aux changements climatiques sont reconnus \u00e0 l\u2019international. Et plus d\u2019ailleurs. Hier mardi 18 f\u00e9vrier, Banque Ouest Africaine de D\u00e9veloppement (BOAD) a annonc\u00e9 l\u2019approbation par le Fonds Verts pour le Climats (FVC) d\u2019un financement [&hellip;]<\/p>\n","protected":false},"author":2,"featured_media":20305,"comment_status":"open","ping_status":"open","sticky":false,"template":"","format":"standard","meta":{"footnotes":""},"categories":[20,19],"tags":[],"class_list":["post-20301","post","type-post","status-publish","format-standard","has-post-thumbnail","hentry","category-actualite","category-environnement"],"yoast_head":"<!-- This site is optimized with the Yoast SEO plugin v28.4 - https:\/\/yoast.com\/product\/yoast-seo-wordpress\/ -->\n<title>RESILIENCE CLIMATIQUE\u00a0: Les efforts du Togo soutenus par la BOAD et le Fonds Verts pour le Climat (FVC) -<\/title>\n<meta name=\"robots\" content=\"index, follow, max-snippet:-1, max-image-preview:large, max-video-preview:-1\" \/>\n<link rel=\"canonical\" href=\"https:\/\/macite.tg\/?p=20301\" \/>\n<meta property=\"og:locale\" content=\"fr_FR\" \/>\n<meta property=\"og:type\" content=\"article\" \/>\n<meta property=\"og:title\" content=\"RESILIENCE CLIMATIQUE\u00a0: Les efforts du Togo soutenus par la BOAD et le Fonds Verts pour le Climat (FVC) -\" \/>\n<meta property=\"og:description\" content=\"Les efforts du Togo en faveur de la r\u00e9silience climatique et d\u2019adaptation aux changements climatiques sont reconnus \u00e0 l\u2019international. Et plus d\u2019ailleurs. Hier mardi 18 f\u00e9vrier, Banque Ouest Africaine de D\u00e9veloppement (BOAD) a annonc\u00e9 l\u2019approbation par le Fonds Verts pour le Climats (FVC) d\u2019un financement [&hellip;]\" \/>\n<meta property=\"og:url\" content=\"https:\/\/macite.tg\/?p=20301\" \/>\n<meta property=\"article:published_time\" content=\"2025-02-19T16:26:33+00:00\" \/>\n<meta property=\"article:modified_time\" content=\"2025-02-19T16:26:45+00:00\" \/>\n<meta property=\"og:image\" content=\"https:\/\/macite.tg\/wp-content\/uploads\/2025\/02\/FVR.jpg\" \/>\n\t<meta property=\"og:image:width\" content=\"500\" \/>\n\t<meta property=\"og:image:height\" content=\"281\" \/>\n\t<meta property=\"og:image:type\" content=\"image\/jpeg\" \/>\n<meta name=\"author\" content=\"Jean Pierre BAWELA\" \/>\n<meta name=\"twitter:card\" content=\"summary_large_image\" \/>\n<meta name=\"twitter:label1\" content=\"\u00c9crit par\" \/>\n\t<meta name=\"twitter:data1\" content=\"Jean Pierre BAWELA\" \/>\n\t<meta name=\"twitter:label2\" content=\"Dur\u00e9e de lecture estim\u00e9e\" \/>\n\t<meta name=\"twitter:data2\" content=\"2 minutes\" \/>\n<script type=\"application\/ld+json\" class=\"yoast-schema-graph\">{\"@context\":\"https:\\\/\\\/schema.org\",\"@graph\":[{\"@type\":\"Article\",\"@id\":\"https:\\\/\\\/macite.tg\\\/?p=20301#article\",\"isPartOf\":{\"@id\":\"https:\\\/\\\/macite.tg\\\/?p=20301\"},\"author\":{\"name\":\"Jean Pierre BAWELA\",\"@id\":\"https:\\\/\\\/macite.tg\\\/#\\\/schema\\\/person\\\/e9f2de7e5dbbe7770a9402c7ce82f5c2\"},\"headline\":\"RESILIENCE CLIMATIQUE\u00a0: Les efforts du Togo soutenus par la BOAD et le Fonds Verts pour le Climat (FVC)\",\"datePublished\":\"2025-02-19T16:26:33+00:00\",\"dateModified\":\"2025-02-19T16:26:45+00:00\",\"mainEntityOfPage\":{\"@id\":\"https:\\\/\\\/macite.tg\\\/?p=20301\"},\"wordCount\":254,\"commentCount\":0,\"image\":{\"@id\":\"https:\\\/\\\/macite.tg\\\/?p=20301#primaryimage\"},\"thumbnailUrl\":\"https:\\\/\\\/macite.tg\\\/wp-content\\\/uploads\\\/2025\\\/02\\\/FVR.jpg\",\"articleSection\":[\"ACTUALITE\",\"ENVIRONNEMENT\"],\"inLanguage\":\"fr-FR\",\"potentialAction\":[{\"@type\":\"CommentAction\",\"name\":\"Comment\",\"target\":[\"https:\\\/\\\/macite.tg\\\/?p=20301#respond\"]}]},{\"@type\":\"WebPage\",\"@id\":\"https:\\\/\\\/macite.tg\\\/?p=20301\",\"url\":\"https:\\\/\\\/macite.tg\\\/?p=20301\",\"name\":\"RESILIENCE CLIMATIQUE\u00a0: Les efforts du Togo soutenus par la BOAD et le Fonds Verts pour le Climat (FVC) -\",\"isPartOf\":{\"@id\":\"https:\\\/\\\/macite.tg\\\/#website\"},\"primaryImageOfPage\":{\"@id\":\"https:\\\/\\\/macite.tg\\\/?p=20301#primaryimage\"},\"image\":{\"@id\":\"https:\\\/\\\/macite.tg\\\/?p=20301#primaryimage\"},\"thumbnailUrl\":\"https:\\\/\\\/macite.tg\\\/wp-content\\\/uploads\\\/2025\\\/02\\\/FVR.jpg\",\"datePublished\":\"2025-02-19T16:26:33+00:00\",\"dateModified\":\"2025-02-19T16:26:45+00:00\",\"author\":{\"@id\":\"https:\\\/\\\/macite.tg\\\/#\\\/schema\\\/person\\\/e9f2de7e5dbbe7770a9402c7ce82f5c2\"},\"breadcrumb\":{\"@id\":\"https:\\\/\\\/macite.tg\\\/?p=20301#breadcrumb\"},\"inLanguage\":\"fr-FR\",\"potentialAction\":[{\"@type\":\"ReadAction\",\"target\":[\"https:\\\/\\\/macite.tg\\\/?p=20301\"]}]},{\"@type\":\"ImageObject\",\"inLanguage\":\"fr-FR\",\"@id\":\"https:\\\/\\\/macite.tg\\\/?p=20301#primaryimage\",\"url\":\"https:\\\/\\\/macite.tg\\\/wp-content\\\/uploads\\\/2025\\\/02\\\/FVR.jpg\",\"contentUrl\":\"https:\\\/\\\/macite.tg\\\/wp-content\\\/uploads\\\/2025\\\/02\\\/FVR.jpg\",\"width\":500,\"height\":281},{\"@type\":\"BreadcrumbList\",\"@id\":\"https:\\\/\\\/macite.tg\\\/?p=20301#breadcrumb\",\"itemListElement\":[{\"@type\":\"ListItem\",\"position\":1,\"name\":\"Accueil\",\"item\":\"https:\\\/\\\/macite.tg\\\/\"},{\"@type\":\"ListItem\",\"position\":2,\"name\":\"RESILIENCE CLIMATIQUE\u00a0: Les efforts du Togo soutenus par la BOAD et le Fonds Verts pour le Climat (FVC)\"}]},{\"@type\":\"WebSite\",\"@id\":\"https:\\\/\\\/macite.tg\\\/#website\",\"url\":\"https:\\\/\\\/macite.tg\\\/\",\"name\":\"\",\"description\":\"L&#039;information, la bonne!!!\",\"potentialAction\":[{\"@type\":\"SearchAction\",\"target\":{\"@type\":\"EntryPoint\",\"urlTemplate\":\"https:\\\/\\\/macite.tg\\\/?s={search_term_string}\"},\"query-input\":{\"@type\":\"PropertyValueSpecification\",\"valueRequired\":true,\"valueName\":\"search_term_string\"}}],\"inLanguage\":\"fr-FR\"},{\"@type\":\"Person\",\"@id\":\"https:\\\/\\\/macite.tg\\\/#\\\/schema\\\/person\\\/e9f2de7e5dbbe7770a9402c7ce82f5c2\",\"name\":\"Jean Pierre BAWELA\",\"image\":{\"@type\":\"ImageObject\",\"inLanguage\":\"fr-FR\",\"@id\":\"https:\\\/\\\/macite.tg\\\/wp-content\\\/uploads\\\/2023\\\/09\\\/WhatsApp-Image-2023-09-19-at-14.44.41-122x122.jpeg\",\"url\":\"https:\\\/\\\/macite.tg\\\/wp-content\\\/uploads\\\/2023\\\/09\\\/WhatsApp-Image-2023-09-19-at-14.44.41-122x122.jpeg\",\"contentUrl\":\"https:\\\/\\\/macite.tg\\\/wp-content\\\/uploads\\\/2023\\\/09\\\/WhatsApp-Image-2023-09-19-at-14.44.41-122x122.jpeg\",\"caption\":\"Jean Pierre BAWELA\"},\"url\":\"https:\\\/\\\/macite.tg\\\/?author=2\"}]}<\/script>\n<!-- \/ Yoast SEO plugin. -->","yoast_head_json":{"title":"RESILIENCE CLIMATIQUE\u00a0: Les efforts du Togo soutenus par la BOAD et le Fonds Verts pour le Climat (FVC) -","robots":{"index":"index","follow":"follow","max-snippet":"max-snippet:-1","max-image-preview":"max-image-preview:large","max-video-preview":"max-video-preview:-1"},"canonical":"https:\/\/macite.tg\/?p=20301","og_locale":"fr_FR","og_type":"article","og_title":"RESILIENCE CLIMATIQUE\u00a0: Les efforts du Togo soutenus par la BOAD et le Fonds Verts pour le Climat (FVC) -","og_description":"Les efforts du Togo en faveur de la r\u00e9silience climatique et d\u2019adaptation aux changements climatiques sont reconnus \u00e0 l\u2019international. Et plus d\u2019ailleurs. Hier mardi 18 f\u00e9vrier, Banque Ouest Africaine de D\u00e9veloppement (BOAD) a annonc\u00e9 l\u2019approbation par le Fonds Verts pour le Climats (FVC) d\u2019un financement [&hellip;]","og_url":"https:\/\/macite.tg\/?p=20301","article_published_time":"2025-02-19T16:26:33+00:00","article_modified_time":"2025-02-19T16:26:45+00:00","og_image":[{"width":500,"height":281,"url":"https:\/\/macite.tg\/wp-content\/uploads\/2025\/02\/FVR.jpg","type":"image\/jpeg"}],"author":"Jean Pierre BAWELA","twitter_card":"summary_large_image","twitter_misc":{"\u00c9crit par":"Jean Pierre BAWELA","Dur\u00e9e de lecture estim\u00e9e":"2 minutes"},"schema":{"@context":"https:\/\/schema.org","@graph":[{"@type":"Article","@id":"https:\/\/macite.tg\/?p=20301#article","isPartOf":{"@id":"https:\/\/macite.tg\/?p=20301"},"author":{"name":"Jean Pierre BAWELA","@id":"https:\/\/macite.tg\/#\/schema\/person\/e9f2de7e5dbbe7770a9402c7ce82f5c2"},"headline":"RESILIENCE CLIMATIQUE\u00a0: Les efforts du Togo soutenus par la BOAD et le Fonds Verts pour le Climat (FVC)","datePublished":"2025-02-19T16:26:33+00:00","dateModified":"2025-02-19T16:26:45+00:00","mainEntityOfPage":{"@id":"https:\/\/macite.tg\/?p=20301"},"wordCount":254,"commentCount":0,"image":{"@id":"https:\/\/macite.tg\/?p=20301#primaryimage"},"thumbnailUrl":"https:\/\/macite.tg\/wp-content\/uploads\/2025\/02\/FVR.jpg","articleSection":["ACTUALITE","ENVIRONNEMENT"],"inLanguage":"fr-FR","potentialAction":[{"@type":"CommentAction","name":"Comment","target":["https:\/\/macite.tg\/?p=20301#respond"]}]},{"@type":"WebPage","@id":"https:\/\/macite.tg\/?p=20301","url":"https:\/\/macite.tg\/?p=20301","name":"RESILIENCE CLIMATIQUE\u00a0: Les efforts du Togo soutenus par la BOAD et le Fonds Verts pour le Climat (FVC) -","isPartOf":{"@id":"https:\/\/macite.tg\/#website"},"primaryImageOfPage":{"@id":"https:\/\/macite.tg\/?p=20301#primaryimage"},"image":{"@id":"https:\/\/macite.tg\/?p=20301#primaryimage"},"thumbnailUrl":"https:\/\/macite.tg\/wp-content\/uploads\/2025\/02\/FVR.jpg","datePublished":"2025-02-19T16:26:33+00:00","dateModified":"2025-02-19T16:26:45+00:00","author":{"@id":"https:\/\/macite.tg\/#\/schema\/person\/e9f2de7e5dbbe7770a9402c7ce82f5c2"},"breadcrumb":{"@id":"https:\/\/macite.tg\/?p=20301#breadcrumb"},"inLanguage":"fr-FR","potentialAction":[{"@type":"ReadAction","target":["https:\/\/macite.tg\/?p=20301"]}]},{"@type":"ImageObject","inLanguage":"fr-FR","@id":"https:\/\/macite.tg\/?p=20301#primaryimage","url":"https:\/\/macite.tg\/wp-content\/uploads\/2025\/02\/FVR.jpg","contentUrl":"https:\/\/macite.tg\/wp-content\/uploads\/2025\/02\/FVR.jpg","width":500,"height":281},{"@type":"BreadcrumbList","@id":"https:\/\/macite.tg\/?p=20301#breadcrumb","itemListElement":[{"@type":"ListItem","position":1,"name":"Accueil","item":"https:\/\/macite.tg\/"},{"@type":"ListItem","position":2,"name":"RESILIENCE CLIMATIQUE\u00a0: Les efforts du Togo soutenus par la BOAD et le Fonds Verts pour le Climat (FVC)"}]},{"@type":"WebSite","@id":"https:\/\/macite.tg\/#website","url":"https:\/\/macite.tg\/","name":"","description":"L&#039;information, la bonne!!!","potentialAction":[{"@type":"SearchAction","target":{"@type":"EntryPoint","urlTemplate":"https:\/\/macite.tg\/?s={search_term_string}"},"query-input":{"@type":"PropertyValueSpecification","valueRequired":true,"valueName":"search_term_string"}}],"inLanguage":"fr-FR"},{"@type":"Person","@id":"https:\/\/macite.tg\/#\/schema\/person\/e9f2de7e5dbbe7770a9402c7ce82f5c2","name":"Jean Pierre BAWELA","image":{"@type":"ImageObject","inLanguage":"fr-FR","@id":"https:\/\/macite.tg\/wp-content\/uploads\/2023\/09\/WhatsApp-Image-2023-09-19-at-14.44.41-122x122.jpeg","url":"https:\/\/macite.tg\/wp-content\/uploads\/2023\/09\/WhatsApp-Image-2023-09-19-at-14.44.41-122x122.jpeg","contentUrl":"https:\/\/macite.tg\/wp-content\/uploads\/2023\/09\/WhatsApp-Image-2023-09-19-at-14.44.41-122x122.jpeg","caption":"Jean Pierre BAWELA"},"url":"https:\/\/macite.tg\/?author=2"}]}},"_links":{"self":[{"href":"https:\/\/macite.tg\/index.php?rest_route=\/wp\/v2\/posts\/20301","targetHints":{"allow":["GET"]}}],"collection":[{"href":"https:\/\/macite.tg\/index.php?rest_route=\/wp\/v2\/posts"}],"about":[{"href":"https:\/\/macite.tg\/index.php?rest_route=\/wp\/v2\/types\/post"}],"author":[{"embeddable":true,"href":"https:\/\/macite.tg\/index.php?rest_route=\/wp\/v2\/users\/2"}],"replies":[{"embeddable":true,"href":"https:\/\/macite.tg\/index.php?rest_route=%2Fwp%2Fv2%2Fcomments&post=20301"}],"version-history":[{"count":0,"href":"https:\/\/macite.tg\/index.php?rest_route=\/wp\/v2\/posts\/20301\/revisions"}],"wp:featuredmedia":[{"embeddable":true,"href":"https:\/\/macite.tg\/index.php?rest_route=\/wp\/v2\/media\/20305"}],"wp:attachment":[{"href":"https:\/\/macite.tg\/index.php?rest_route=%2Fwp%2Fv2%2Fmedia&parent=20301"}],"wp:term":[{"taxonomy":"category","embeddable":true,"href":"https:\/\/macite.tg\/index.php?rest_route=%2Fwp%2Fv2%2Fcategories&post=20301"},{"taxonomy":"post_tag","embeddable":true,"href":"https:\/\/macite.tg\/index.php?rest_route=%2Fwp%2Fv2%2Ftags&post=20301"}],"curies":[{"name":"wp","href":"https:\/\/api.w.org\/{rel}","templated":true}]}}