{"id":20299,"date":"2025-02-19T15:05:00","date_gmt":"2025-02-19T15:05:00","guid":{"rendered":"https:\/\/macite.tg\/?p=20299"},"modified":"2025-02-19T15:08:55","modified_gmt":"2025-02-19T15:08:55","slug":"developpement-economique-lotr-aux-cotes-des-femmes-commercantes-du-marche-dadawlato","status":"publish","type":"post","link":"https:\/\/macite.tg\/?p=20299","title":{"rendered":"DEVELOPPEMENT ECONOMIQUE\u00a0: L\u2019OTR aux c\u00f4t\u00e9s des femmes commer\u00e7antes du march\u00e9 d\u2019Adawlato"},"content":{"rendered":"\n<p class=\"wp-block-paragraph\"><strong><em>La r\u00e9union mensuelle de la Solidarit\u00e9 Pour l\u2019\u00c9panouissement des Femmes Commer\u00e7antes du Togo (SEFECTO) a eu lieu mardi 11 f\u00e9vrier dernier, au grand march\u00e9 d\u2019Adawlato \u00e0 Lom\u00e9. C\u2019\u00e9tait en pr\u00e9sence de la Direction de la Communication et des Services aux Usagers et la Division des Imp\u00f4ts du Golfe 4.<\/em><\/strong><\/p>\n\n\n\n<p class=\"wp-block-paragraph\">Au menu de cette rencontre strat\u00e9gique, les formalit\u00e9s de cr\u00e9ation d&rsquo;entreprise, les obligations d\u00e9claratives et de paiement mais aussi leurs droits.<\/p>\n\n\n<div class=\"wp-block-image\">\n<figure class=\"aligncenter size-large is-resized\"><img loading=\"lazy\" decoding=\"async\" width=\"1024\" height=\"1024\" src=\"https:\/\/macite.tg\/wp-content\/uploads\/2025\/02\/d4c3a8a5-b555-493c-b116-93e62f3746c8-1024x1024.jpg\" alt=\"\" class=\"wp-image-20275\" style=\"width:522px;height:auto\" srcset=\"https:\/\/macite.tg\/wp-content\/uploads\/2025\/02\/d4c3a8a5-b555-493c-b116-93e62f3746c8-1024x1024.jpg 1024w, https:\/\/macite.tg\/wp-content\/uploads\/2025\/02\/d4c3a8a5-b555-493c-b116-93e62f3746c8-300x300.jpg 300w, https:\/\/macite.tg\/wp-content\/uploads\/2025\/02\/d4c3a8a5-b555-493c-b116-93e62f3746c8-150x150.jpg 150w, https:\/\/macite.tg\/wp-content\/uploads\/2025\/02\/d4c3a8a5-b555-493c-b116-93e62f3746c8-768x768.jpg 768w, https:\/\/macite.tg\/wp-content\/uploads\/2025\/02\/d4c3a8a5-b555-493c-b116-93e62f3746c8-122x122.jpg 122w, https:\/\/macite.tg\/wp-content\/uploads\/2025\/02\/d4c3a8a5-b555-493c-b116-93e62f3746c8.jpg 1080w\" sizes=\"auto, (max-width: 1024px) 100vw, 1024px\" \/><\/figure>\n<\/div>\n\n\n<p class=\"wp-block-paragraph\">Cette rencontre a \u00e9t\u00e9 une occasion pour l\u2019administration fiscale d\u2019exhorter les commer\u00e7antes \u00e0 rapprocher des services du Centre de Formalit\u00e9s des Entreprises (CFE) afin de se conformer aux formalit\u00e9s de cr\u00e9ation d\u2019entreprise. Cette d\u00e9marche, il faut le souligner, aura le m\u00e9rite de les aider \u00e0 b\u00e9n\u00e9ficier des diff\u00e9rents avantages fiscaux accord\u00e9s, notamment aux petites et moyennes entreprises (PME).<\/p>\n\n\n\n<p class=\"wp-block-paragraph\">Ces braves femmes ont \u00e9t\u00e9 \u00e9galement invit\u00e9es \u00e0 jouer pleinement leur partition dans le processus de d\u00e9veloppement \u00e9conomique du pays, ceci en consentant volontairement au payement des imp\u00f4ts et taxes.<\/p>\n\n\n<div class=\"wp-block-image\">\n<figure class=\"aligncenter size-large is-resized\"><img loading=\"lazy\" decoding=\"async\" width=\"1024\" height=\"1024\" src=\"https:\/\/macite.tg\/wp-content\/uploads\/2025\/02\/OTR_-whatsApp-1024x1024.jpg\" alt=\"\" class=\"wp-image-20228\" style=\"width:576px;height:auto\" srcset=\"https:\/\/macite.tg\/wp-content\/uploads\/2025\/02\/OTR_-whatsApp-1024x1024.jpg 1024w, https:\/\/macite.tg\/wp-content\/uploads\/2025\/02\/OTR_-whatsApp-300x300.jpg 300w, https:\/\/macite.tg\/wp-content\/uploads\/2025\/02\/OTR_-whatsApp-150x150.jpg 150w, https:\/\/macite.tg\/wp-content\/uploads\/2025\/02\/OTR_-whatsApp-768x768.jpg 768w, https:\/\/macite.tg\/wp-content\/uploads\/2025\/02\/OTR_-whatsApp-122x122.jpg 122w, https:\/\/macite.tg\/wp-content\/uploads\/2025\/02\/OTR_-whatsApp.jpg 1080w\" sizes=\"auto, (max-width: 1024px) 100vw, 1024px\" \/><\/figure>\n<\/div>\n\n\n<p class=\"wp-block-paragraph\">Notons que la Solidarit\u00e9 Pour l\u2019\u00c9panouissement des Femmes Commer\u00e7antes du Togo (SEFECTO) a \u00e9t\u00e9 cr\u00e9\u00e9e en 2019. En plus d\u2019entretenir de bonnes relations avec l\u2019OTR, elle b\u00e9n\u00e9ficie des services de qualit\u00e9 offerts aux contribuables.<\/p>\n\n\n\n<p class=\"wp-block-paragraph\"><strong>La R\u00e9daction<\/strong><\/p>\n\n\n\n<p class=\"wp-block-paragraph\"><a><strong><em>@macite.tg&nbsp;&nbsp;&nbsp;&nbsp;&nbsp;&nbsp;&nbsp;&nbsp;<\/em><\/strong><\/a><\/p>\n\n\n\n<p class=\"wp-block-paragraph\"><strong><em>E-mail&nbsp;: <\/em><\/strong><a href=\"mailto:maciteinfo@gmail.com\"><strong><em>maciteinfo@gmail.com<\/em><\/strong><\/a><strong><em>; <\/em><\/strong><a href=\"mailto:bawela1@gmail.com\"><strong><em>bawela1@gmail.com<\/em><\/strong><\/a><strong><em><\/em><\/strong><\/p>\n\n\n\n<p class=\"wp-block-paragraph\"><strong><em>Pour vos annonces, (publi)reportages, etc., joignez-nous au (00228)91515309\/<strong>79872224 <\/strong>www.macite.tg, L\u2019information, la bonne&nbsp;!<\/em><\/strong><\/p>\n","protected":false},"excerpt":{"rendered":"<p class=\"text-justify mb-2\" >La r\u00e9union mensuelle de la Solidarit\u00e9 Pour l\u2019\u00c9panouissement des Femmes Commer\u00e7antes du Togo (SEFECTO) a eu lieu mardi 11 f\u00e9vrier dernier, au grand march\u00e9 d\u2019Adawlato \u00e0 Lom\u00e9. C\u2019\u00e9tait en pr\u00e9sence de la Direction de la Communication et des Services aux Usagers et la Division des [&hellip;]<\/p>\n","protected":false},"author":2,"featured_media":20300,"comment_status":"open","ping_status":"open","sticky":false,"template":"","format":"standard","meta":{"footnotes":""},"categories":[20,3],"tags":[],"class_list":["post-20299","post","type-post","status-publish","format-standard","has-post-thumbnail","hentry","category-actualite","category-economie"],"yoast_head":"<!-- This site is optimized with the Yoast SEO plugin v28.4 - https:\/\/yoast.com\/product\/yoast-seo-wordpress\/ -->\n<title>DEVELOPPEMENT ECONOMIQUE\u00a0: L\u2019OTR aux c\u00f4t\u00e9s des femmes commer\u00e7antes du march\u00e9 d\u2019Adawlato -<\/title>\n<meta name=\"robots\" content=\"index, follow, max-snippet:-1, max-image-preview:large, max-video-preview:-1\" \/>\n<link rel=\"canonical\" href=\"https:\/\/macite.tg\/?p=20299\" \/>\n<meta property=\"og:locale\" content=\"fr_FR\" \/>\n<meta property=\"og:type\" content=\"article\" \/>\n<meta property=\"og:title\" content=\"DEVELOPPEMENT ECONOMIQUE\u00a0: L\u2019OTR aux c\u00f4t\u00e9s des femmes commer\u00e7antes du march\u00e9 d\u2019Adawlato -\" \/>\n<meta property=\"og:description\" content=\"La r\u00e9union mensuelle de la Solidarit\u00e9 Pour l\u2019\u00c9panouissement des Femmes Commer\u00e7antes du Togo (SEFECTO) a eu lieu mardi 11 f\u00e9vrier dernier, au grand march\u00e9 d\u2019Adawlato \u00e0 Lom\u00e9. C\u2019\u00e9tait en pr\u00e9sence de la Direction de la Communication et des Services aux Usagers et la Division des [&hellip;]\" \/>\n<meta property=\"og:url\" content=\"https:\/\/macite.tg\/?p=20299\" \/>\n<meta property=\"article:published_time\" content=\"2025-02-19T15:05:00+00:00\" \/>\n<meta property=\"article:modified_time\" content=\"2025-02-19T15:08:55+00:00\" \/>\n<meta property=\"og:image\" content=\"https:\/\/macite.tg\/wp-content\/uploads\/2025\/02\/OTR-femme-marche.jpg\" \/>\n\t<meta property=\"og:image:width\" content=\"500\" \/>\n\t<meta property=\"og:image:height\" content=\"218\" \/>\n\t<meta property=\"og:image:type\" content=\"image\/jpeg\" \/>\n<meta name=\"author\" content=\"Jean Pierre BAWELA\" \/>\n<meta name=\"twitter:card\" content=\"summary_large_image\" \/>\n<meta name=\"twitter:label1\" content=\"\u00c9crit par\" \/>\n\t<meta name=\"twitter:data1\" content=\"Jean Pierre BAWELA\" \/>\n\t<meta name=\"twitter:label2\" content=\"Dur\u00e9e de lecture estim\u00e9e\" \/>\n\t<meta name=\"twitter:data2\" content=\"2 minutes\" \/>\n<script type=\"application\/ld+json\" class=\"yoast-schema-graph\">{\"@context\":\"https:\\\/\\\/schema.org\",\"@graph\":[{\"@type\":\"Article\",\"@id\":\"https:\\\/\\\/macite.tg\\\/?p=20299#article\",\"isPartOf\":{\"@id\":\"https:\\\/\\\/macite.tg\\\/?p=20299\"},\"author\":{\"name\":\"Jean Pierre BAWELA\",\"@id\":\"https:\\\/\\\/macite.tg\\\/#\\\/schema\\\/person\\\/e9f2de7e5dbbe7770a9402c7ce82f5c2\"},\"headline\":\"DEVELOPPEMENT ECONOMIQUE\u00a0: L\u2019OTR aux c\u00f4t\u00e9s des femmes commer\u00e7antes du march\u00e9 d\u2019Adawlato\",\"datePublished\":\"2025-02-19T15:05:00+00:00\",\"dateModified\":\"2025-02-19T15:08:55+00:00\",\"mainEntityOfPage\":{\"@id\":\"https:\\\/\\\/macite.tg\\\/?p=20299\"},\"wordCount\":274,\"commentCount\":0,\"image\":{\"@id\":\"https:\\\/\\\/macite.tg\\\/?p=20299#primaryimage\"},\"thumbnailUrl\":\"https:\\\/\\\/macite.tg\\\/wp-content\\\/uploads\\\/2025\\\/02\\\/OTR-femme-marche.jpg\",\"articleSection\":[\"ACTUALITE\",\"ECONOMIE\"],\"inLanguage\":\"fr-FR\",\"potentialAction\":[{\"@type\":\"CommentAction\",\"name\":\"Comment\",\"target\":[\"https:\\\/\\\/macite.tg\\\/?p=20299#respond\"]}]},{\"@type\":\"WebPage\",\"@id\":\"https:\\\/\\\/macite.tg\\\/?p=20299\",\"url\":\"https:\\\/\\\/macite.tg\\\/?p=20299\",\"name\":\"DEVELOPPEMENT ECONOMIQUE\u00a0: L\u2019OTR aux c\u00f4t\u00e9s des femmes commer\u00e7antes du march\u00e9 d\u2019Adawlato -\",\"isPartOf\":{\"@id\":\"https:\\\/\\\/macite.tg\\\/#website\"},\"primaryImageOfPage\":{\"@id\":\"https:\\\/\\\/macite.tg\\\/?p=20299#primaryimage\"},\"image\":{\"@id\":\"https:\\\/\\\/macite.tg\\\/?p=20299#primaryimage\"},\"thumbnailUrl\":\"https:\\\/\\\/macite.tg\\\/wp-content\\\/uploads\\\/2025\\\/02\\\/OTR-femme-marche.jpg\",\"datePublished\":\"2025-02-19T15:05:00+00:00\",\"dateModified\":\"2025-02-19T15:08:55+00:00\",\"author\":{\"@id\":\"https:\\\/\\\/macite.tg\\\/#\\\/schema\\\/person\\\/e9f2de7e5dbbe7770a9402c7ce82f5c2\"},\"breadcrumb\":{\"@id\":\"https:\\\/\\\/macite.tg\\\/?p=20299#breadcrumb\"},\"inLanguage\":\"fr-FR\",\"potentialAction\":[{\"@type\":\"ReadAction\",\"target\":[\"https:\\\/\\\/macite.tg\\\/?p=20299\"]}]},{\"@type\":\"ImageObject\",\"inLanguage\":\"fr-FR\",\"@id\":\"https:\\\/\\\/macite.tg\\\/?p=20299#primaryimage\",\"url\":\"https:\\\/\\\/macite.tg\\\/wp-content\\\/uploads\\\/2025\\\/02\\\/OTR-femme-marche.jpg\",\"contentUrl\":\"https:\\\/\\\/macite.tg\\\/wp-content\\\/uploads\\\/2025\\\/02\\\/OTR-femme-marche.jpg\",\"width\":500,\"height\":218},{\"@type\":\"BreadcrumbList\",\"@id\":\"https:\\\/\\\/macite.tg\\\/?p=20299#breadcrumb\",\"itemListElement\":[{\"@type\":\"ListItem\",\"position\":1,\"name\":\"Accueil\",\"item\":\"https:\\\/\\\/macite.tg\\\/\"},{\"@type\":\"ListItem\",\"position\":2,\"name\":\"DEVELOPPEMENT ECONOMIQUE\u00a0: L\u2019OTR aux c\u00f4t\u00e9s des femmes commer\u00e7antes du march\u00e9 d\u2019Adawlato\"}]},{\"@type\":\"WebSite\",\"@id\":\"https:\\\/\\\/macite.tg\\\/#website\",\"url\":\"https:\\\/\\\/macite.tg\\\/\",\"name\":\"\",\"description\":\"L&#039;information, la bonne!!!\",\"potentialAction\":[{\"@type\":\"SearchAction\",\"target\":{\"@type\":\"EntryPoint\",\"urlTemplate\":\"https:\\\/\\\/macite.tg\\\/?s={search_term_string}\"},\"query-input\":{\"@type\":\"PropertyValueSpecification\",\"valueRequired\":true,\"valueName\":\"search_term_string\"}}],\"inLanguage\":\"fr-FR\"},{\"@type\":\"Person\",\"@id\":\"https:\\\/\\\/macite.tg\\\/#\\\/schema\\\/person\\\/e9f2de7e5dbbe7770a9402c7ce82f5c2\",\"name\":\"Jean Pierre BAWELA\",\"image\":{\"@type\":\"ImageObject\",\"inLanguage\":\"fr-FR\",\"@id\":\"https:\\\/\\\/macite.tg\\\/wp-content\\\/uploads\\\/2023\\\/09\\\/WhatsApp-Image-2023-09-19-at-14.44.41-122x122.jpeg\",\"url\":\"https:\\\/\\\/macite.tg\\\/wp-content\\\/uploads\\\/2023\\\/09\\\/WhatsApp-Image-2023-09-19-at-14.44.41-122x122.jpeg\",\"contentUrl\":\"https:\\\/\\\/macite.tg\\\/wp-content\\\/uploads\\\/2023\\\/09\\\/WhatsApp-Image-2023-09-19-at-14.44.41-122x122.jpeg\",\"caption\":\"Jean Pierre BAWELA\"},\"url\":\"https:\\\/\\\/macite.tg\\\/?author=2\"}]}<\/script>\n<!-- \/ Yoast SEO plugin. -->","yoast_head_json":{"title":"DEVELOPPEMENT ECONOMIQUE\u00a0: L\u2019OTR aux c\u00f4t\u00e9s des femmes commer\u00e7antes du march\u00e9 d\u2019Adawlato -","robots":{"index":"index","follow":"follow","max-snippet":"max-snippet:-1","max-image-preview":"max-image-preview:large","max-video-preview":"max-video-preview:-1"},"canonical":"https:\/\/macite.tg\/?p=20299","og_locale":"fr_FR","og_type":"article","og_title":"DEVELOPPEMENT ECONOMIQUE\u00a0: L\u2019OTR aux c\u00f4t\u00e9s des femmes commer\u00e7antes du march\u00e9 d\u2019Adawlato -","og_description":"La r\u00e9union mensuelle de la Solidarit\u00e9 Pour l\u2019\u00c9panouissement des Femmes Commer\u00e7antes du Togo (SEFECTO) a eu lieu mardi 11 f\u00e9vrier dernier, au grand march\u00e9 d\u2019Adawlato \u00e0 Lom\u00e9. C\u2019\u00e9tait en pr\u00e9sence de la Direction de la Communication et des Services aux Usagers et la Division des [&hellip;]","og_url":"https:\/\/macite.tg\/?p=20299","article_published_time":"2025-02-19T15:05:00+00:00","article_modified_time":"2025-02-19T15:08:55+00:00","og_image":[{"width":500,"height":218,"url":"https:\/\/macite.tg\/wp-content\/uploads\/2025\/02\/OTR-femme-marche.jpg","type":"image\/jpeg"}],"author":"Jean Pierre BAWELA","twitter_card":"summary_large_image","twitter_misc":{"\u00c9crit par":"Jean Pierre BAWELA","Dur\u00e9e de lecture estim\u00e9e":"2 minutes"},"schema":{"@context":"https:\/\/schema.org","@graph":[{"@type":"Article","@id":"https:\/\/macite.tg\/?p=20299#article","isPartOf":{"@id":"https:\/\/macite.tg\/?p=20299"},"author":{"name":"Jean Pierre BAWELA","@id":"https:\/\/macite.tg\/#\/schema\/person\/e9f2de7e5dbbe7770a9402c7ce82f5c2"},"headline":"DEVELOPPEMENT ECONOMIQUE\u00a0: L\u2019OTR aux c\u00f4t\u00e9s des femmes commer\u00e7antes du march\u00e9 d\u2019Adawlato","datePublished":"2025-02-19T15:05:00+00:00","dateModified":"2025-02-19T15:08:55+00:00","mainEntityOfPage":{"@id":"https:\/\/macite.tg\/?p=20299"},"wordCount":274,"commentCount":0,"image":{"@id":"https:\/\/macite.tg\/?p=20299#primaryimage"},"thumbnailUrl":"https:\/\/macite.tg\/wp-content\/uploads\/2025\/02\/OTR-femme-marche.jpg","articleSection":["ACTUALITE","ECONOMIE"],"inLanguage":"fr-FR","potentialAction":[{"@type":"CommentAction","name":"Comment","target":["https:\/\/macite.tg\/?p=20299#respond"]}]},{"@type":"WebPage","@id":"https:\/\/macite.tg\/?p=20299","url":"https:\/\/macite.tg\/?p=20299","name":"DEVELOPPEMENT ECONOMIQUE\u00a0: L\u2019OTR aux c\u00f4t\u00e9s des femmes commer\u00e7antes du march\u00e9 d\u2019Adawlato -","isPartOf":{"@id":"https:\/\/macite.tg\/#website"},"primaryImageOfPage":{"@id":"https:\/\/macite.tg\/?p=20299#primaryimage"},"image":{"@id":"https:\/\/macite.tg\/?p=20299#primaryimage"},"thumbnailUrl":"https:\/\/macite.tg\/wp-content\/uploads\/2025\/02\/OTR-femme-marche.jpg","datePublished":"2025-02-19T15:05:00+00:00","dateModified":"2025-02-19T15:08:55+00:00","author":{"@id":"https:\/\/macite.tg\/#\/schema\/person\/e9f2de7e5dbbe7770a9402c7ce82f5c2"},"breadcrumb":{"@id":"https:\/\/macite.tg\/?p=20299#breadcrumb"},"inLanguage":"fr-FR","potentialAction":[{"@type":"ReadAction","target":["https:\/\/macite.tg\/?p=20299"]}]},{"@type":"ImageObject","inLanguage":"fr-FR","@id":"https:\/\/macite.tg\/?p=20299#primaryimage","url":"https:\/\/macite.tg\/wp-content\/uploads\/2025\/02\/OTR-femme-marche.jpg","contentUrl":"https:\/\/macite.tg\/wp-content\/uploads\/2025\/02\/OTR-femme-marche.jpg","width":500,"height":218},{"@type":"BreadcrumbList","@id":"https:\/\/macite.tg\/?p=20299#breadcrumb","itemListElement":[{"@type":"ListItem","position":1,"name":"Accueil","item":"https:\/\/macite.tg\/"},{"@type":"ListItem","position":2,"name":"DEVELOPPEMENT ECONOMIQUE\u00a0: L\u2019OTR aux c\u00f4t\u00e9s des femmes commer\u00e7antes du march\u00e9 d\u2019Adawlato"}]},{"@type":"WebSite","@id":"https:\/\/macite.tg\/#website","url":"https:\/\/macite.tg\/","name":"","description":"L&#039;information, la bonne!!!","potentialAction":[{"@type":"SearchAction","target":{"@type":"EntryPoint","urlTemplate":"https:\/\/macite.tg\/?s={search_term_string}"},"query-input":{"@type":"PropertyValueSpecification","valueRequired":true,"valueName":"search_term_string"}}],"inLanguage":"fr-FR"},{"@type":"Person","@id":"https:\/\/macite.tg\/#\/schema\/person\/e9f2de7e5dbbe7770a9402c7ce82f5c2","name":"Jean Pierre BAWELA","image":{"@type":"ImageObject","inLanguage":"fr-FR","@id":"https:\/\/macite.tg\/wp-content\/uploads\/2023\/09\/WhatsApp-Image-2023-09-19-at-14.44.41-122x122.jpeg","url":"https:\/\/macite.tg\/wp-content\/uploads\/2023\/09\/WhatsApp-Image-2023-09-19-at-14.44.41-122x122.jpeg","contentUrl":"https:\/\/macite.tg\/wp-content\/uploads\/2023\/09\/WhatsApp-Image-2023-09-19-at-14.44.41-122x122.jpeg","caption":"Jean Pierre BAWELA"},"url":"https:\/\/macite.tg\/?author=2"}]}},"_links":{"self":[{"href":"https:\/\/macite.tg\/index.php?rest_route=\/wp\/v2\/posts\/20299","targetHints":{"allow":["GET"]}}],"collection":[{"href":"https:\/\/macite.tg\/index.php?rest_route=\/wp\/v2\/posts"}],"about":[{"href":"https:\/\/macite.tg\/index.php?rest_route=\/wp\/v2\/types\/post"}],"author":[{"embeddable":true,"href":"https:\/\/macite.tg\/index.php?rest_route=\/wp\/v2\/users\/2"}],"replies":[{"embeddable":true,"href":"https:\/\/macite.tg\/index.php?rest_route=%2Fwp%2Fv2%2Fcomments&post=20299"}],"version-history":[{"count":0,"href":"https:\/\/macite.tg\/index.php?rest_route=\/wp\/v2\/posts\/20299\/revisions"}],"wp:featuredmedia":[{"embeddable":true,"href":"https:\/\/macite.tg\/index.php?rest_route=\/wp\/v2\/media\/20300"}],"wp:attachment":[{"href":"https:\/\/macite.tg\/index.php?rest_route=%2Fwp%2Fv2%2Fmedia&parent=20299"}],"wp:term":[{"taxonomy":"category","embeddable":true,"href":"https:\/\/macite.tg\/index.php?rest_route=%2Fwp%2Fv2%2Fcategories&post=20299"},{"taxonomy":"post_tag","embeddable":true,"href":"https:\/\/macite.tg\/index.php?rest_route=%2Fwp%2Fv2%2Ftags&post=20299"}],"curies":[{"name":"wp","href":"https:\/\/api.w.org\/{rel}","templated":true}]}}