{"id":20283,"date":"2025-02-19T11:05:37","date_gmt":"2025-02-19T11:05:37","guid":{"rendered":"https:\/\/macite.tg\/?p=20283"},"modified":"2025-02-19T11:05:54","modified_gmt":"2025-02-19T11:05:54","slug":"preparatifs-du-bac-ii-un-examen-blanc-national-annonce-du-24-au-27-mars-prochain","status":"publish","type":"post","link":"https:\/\/macite.tg\/?p=20283","title":{"rendered":"PREPARATIFS DU BAC II : Un examen blanc national annonc\u00e9 du 24 au 27 mars prochain"},"content":{"rendered":"\n<p class=\"wp-block-paragraph\"><strong><em>Du 24 au 27 mars prochain se tiendra, sur l\u2019ensemble du territoire national, un examen blanc du Baccalaur\u00e9at. L\u2019annonce a \u00e9t\u00e9 faite par le ministre des Enseignements primaire et secondaire, Prof Dodzi Kokoroko, dans une lettre adress\u00e9e aux responsables \u00e9ducatifs r\u00e9gionaux.<\/em><\/strong><\/p>\n\n\n\n<p class=\"wp-block-paragraph\">Selon l\u2019officiel, cette \u00e9valuation nationale est pr\u00e9vue \u00e0 la fin mars (24 au 27 mars pr\u00e9cis\u00e9ment), ceci en pr\u00e9paration de l\u2019examen officiel du Baccalaur\u00e9at.<\/p>\n\n\n\n<p class=\"wp-block-paragraph\">L\u2019initiative, qui s\u2019inscrit dans le cadre de la r\u00e9forme curriculaire en cours et du changement d\u2019approche m\u00e9thodologique, se veut de mieux pr\u00e9parer les apprenants \u00e0 la session annuelle, et surtout aux redoublants et aux enseignants, de potentiels correcteurs.<\/p>\n\n\n<div class=\"wp-block-image\">\n<figure class=\"aligncenter size-large is-resized\"><img loading=\"lazy\" decoding=\"async\" width=\"1024\" height=\"1024\" src=\"https:\/\/macite.tg\/wp-content\/uploads\/2025\/02\/d4c3a8a5-b555-493c-b116-93e62f3746c8-1024x1024.jpg\" alt=\"\" class=\"wp-image-20275\" style=\"width:512px;height:auto\" srcset=\"https:\/\/macite.tg\/wp-content\/uploads\/2025\/02\/d4c3a8a5-b555-493c-b116-93e62f3746c8-1024x1024.jpg 1024w, https:\/\/macite.tg\/wp-content\/uploads\/2025\/02\/d4c3a8a5-b555-493c-b116-93e62f3746c8-300x300.jpg 300w, https:\/\/macite.tg\/wp-content\/uploads\/2025\/02\/d4c3a8a5-b555-493c-b116-93e62f3746c8-150x150.jpg 150w, https:\/\/macite.tg\/wp-content\/uploads\/2025\/02\/d4c3a8a5-b555-493c-b116-93e62f3746c8-768x768.jpg 768w, https:\/\/macite.tg\/wp-content\/uploads\/2025\/02\/d4c3a8a5-b555-493c-b116-93e62f3746c8-122x122.jpg 122w, https:\/\/macite.tg\/wp-content\/uploads\/2025\/02\/d4c3a8a5-b555-493c-b116-93e62f3746c8.jpg 1080w\" sizes=\"auto, (max-width: 1024px) 100vw, 1024px\" \/><\/figure>\n<\/div>\n\n\n<p class=\"wp-block-paragraph\">La mise en \u0153uvre de cette nouvelle approche vise \u00e9galement \u00e0 \u00e9valuer les acquis des \u00e9l\u00e8ves et identifier de facto les difficult\u00e9s qui se feront jour \u00e0 l\u2019issue de cet examen blanc, ceci en vue de rectifier le tir bien avant la tenue de l\u2019examen du Bac II pr\u00e9vu, cette ann\u00e9e, du 17 au 21 juin 2025.<\/p>\n\n\n\n<p class=\"wp-block-paragraph\">Par cette nouvelle approche, les autorit\u00e9s \u00e9ducatives veulent fournir aux enseignants un outil pr\u00e9cieux de diagnostic, dans l\u2019optique d\u2019adapter leurs strat\u00e9gies p\u00e9dagogiques et am\u00e9liorer l\u2019encadrement en vue de l\u2019examen officiel.<\/p>\n\n\n<div class=\"wp-block-image\">\n<figure class=\"aligncenter size-large is-resized\"><img loading=\"lazy\" decoding=\"async\" width=\"714\" height=\"1024\" src=\"https:\/\/macite.tg\/wp-content\/uploads\/2025\/02\/image-35-714x1024.png\" alt=\"\" class=\"wp-image-20178\" style=\"width:492px;height:auto\" srcset=\"https:\/\/macite.tg\/wp-content\/uploads\/2025\/02\/image-35-714x1024.png 714w, https:\/\/macite.tg\/wp-content\/uploads\/2025\/02\/image-35-209x300.png 209w, https:\/\/macite.tg\/wp-content\/uploads\/2025\/02\/image-35-768x1102.png 768w, https:\/\/macite.tg\/wp-content\/uploads\/2025\/02\/image-35-1070x1536.png 1070w, https:\/\/macite.tg\/wp-content\/uploads\/2025\/02\/image-35.png 1115w\" sizes=\"auto, (max-width: 714px) 100vw, 714px\" \/><\/figure>\n<\/div>\n\n\n<p class=\"wp-block-paragraph\">Notons que depuis peu, les examens dans la zone UEMOA sont en passe d\u2019\u00eatre harmoniser dans l\u2019ensemble des pays de l\u2019Union.<\/p>\n\n\n\n<p class=\"wp-block-paragraph\"><strong>JPB<\/strong><\/p>\n\n\n\n<p class=\"wp-block-paragraph\"><a><strong><em>@macite.tg&nbsp;&nbsp;&nbsp;&nbsp;&nbsp;&nbsp;&nbsp;&nbsp;<\/em><\/strong><\/a><\/p>\n\n\n\n<p class=\"wp-block-paragraph\"><strong><em>E-mail&nbsp;: <\/em><\/strong><a href=\"mailto:maciteinfo@gmail.com\"><strong><em>maciteinfo@gmail.com<\/em><\/strong><\/a><strong><em>; <\/em><\/strong><a href=\"mailto:bawela1@gmail.com\"><strong><em>bawela1@gmail.com<\/em><\/strong><\/a><strong><em><\/em><\/strong><\/p>\n\n\n\n<p class=\"wp-block-paragraph\"><strong><em>Pour vos annonces, (publi)reportages, etc., joignez-nous au (00228)91515309\/<strong>79872224 <\/strong>www.macite.tg, L\u2019information, la bonne&nbsp;!<\/em><\/strong><\/p>\n","protected":false},"excerpt":{"rendered":"<p class=\"text-justify mb-2\" >Du 24 au 27 mars prochain se tiendra, sur l\u2019ensemble du territoire national, un examen blanc du Baccalaur\u00e9at. L\u2019annonce a \u00e9t\u00e9 faite par le ministre des Enseignements primaire et secondaire, Prof Dodzi Kokoroko, dans une lettre adress\u00e9e aux responsables \u00e9ducatifs r\u00e9gionaux. Selon l\u2019officiel, cette \u00e9valuation [&hellip;]<\/p>\n","protected":false},"author":2,"featured_media":20284,"comment_status":"open","ping_status":"open","sticky":false,"template":"","format":"standard","meta":{"footnotes":""},"categories":[20,4],"tags":[],"class_list":["post-20283","post","type-post","status-publish","format-standard","has-post-thumbnail","hentry","category-actualite","category-education"],"yoast_head":"<!-- This site is optimized with the Yoast SEO plugin v28.4 - https:\/\/yoast.com\/product\/yoast-seo-wordpress\/ -->\n<title>PREPARATIFS DU BAC II : Un examen blanc national annonc\u00e9 du 24 au 27 mars prochain -<\/title>\n<meta name=\"robots\" content=\"index, follow, max-snippet:-1, max-image-preview:large, max-video-preview:-1\" \/>\n<link rel=\"canonical\" href=\"https:\/\/macite.tg\/?p=20283\" \/>\n<meta property=\"og:locale\" content=\"fr_FR\" \/>\n<meta property=\"og:type\" content=\"article\" \/>\n<meta property=\"og:title\" content=\"PREPARATIFS DU BAC II : Un examen blanc national annonc\u00e9 du 24 au 27 mars prochain -\" \/>\n<meta property=\"og:description\" content=\"Du 24 au 27 mars prochain se tiendra, sur l\u2019ensemble du territoire national, un examen blanc du Baccalaur\u00e9at. L\u2019annonce a \u00e9t\u00e9 faite par le ministre des Enseignements primaire et secondaire, Prof Dodzi Kokoroko, dans une lettre adress\u00e9e aux responsables \u00e9ducatifs r\u00e9gionaux. Selon l\u2019officiel, cette \u00e9valuation [&hellip;]\" \/>\n<meta property=\"og:url\" content=\"https:\/\/macite.tg\/?p=20283\" \/>\n<meta property=\"article:published_time\" content=\"2025-02-19T11:05:37+00:00\" \/>\n<meta property=\"article:modified_time\" content=\"2025-02-19T11:05:54+00:00\" \/>\n<meta property=\"og:image\" content=\"https:\/\/macite.tg\/wp-content\/uploads\/2025\/02\/Bac2.jpg\" \/>\n\t<meta property=\"og:image:width\" content=\"500\" \/>\n\t<meta property=\"og:image:height\" content=\"298\" \/>\n\t<meta property=\"og:image:type\" content=\"image\/jpeg\" \/>\n<meta name=\"author\" content=\"Jean Pierre BAWELA\" \/>\n<meta name=\"twitter:card\" content=\"summary_large_image\" \/>\n<meta name=\"twitter:label1\" content=\"\u00c9crit par\" \/>\n\t<meta name=\"twitter:data1\" content=\"Jean Pierre BAWELA\" \/>\n\t<meta name=\"twitter:label2\" content=\"Dur\u00e9e de lecture estim\u00e9e\" \/>\n\t<meta name=\"twitter:data2\" content=\"2 minutes\" \/>\n<script type=\"application\/ld+json\" class=\"yoast-schema-graph\">{\"@context\":\"https:\\\/\\\/schema.org\",\"@graph\":[{\"@type\":\"Article\",\"@id\":\"https:\\\/\\\/macite.tg\\\/?p=20283#article\",\"isPartOf\":{\"@id\":\"https:\\\/\\\/macite.tg\\\/?p=20283\"},\"author\":{\"name\":\"Jean Pierre BAWELA\",\"@id\":\"https:\\\/\\\/macite.tg\\\/#\\\/schema\\\/person\\\/e9f2de7e5dbbe7770a9402c7ce82f5c2\"},\"headline\":\"PREPARATIFS DU BAC II : Un examen blanc national annonc\u00e9 du 24 au 27 mars prochain\",\"datePublished\":\"2025-02-19T11:05:37+00:00\",\"dateModified\":\"2025-02-19T11:05:54+00:00\",\"mainEntityOfPage\":{\"@id\":\"https:\\\/\\\/macite.tg\\\/?p=20283\"},\"wordCount\":284,\"commentCount\":0,\"image\":{\"@id\":\"https:\\\/\\\/macite.tg\\\/?p=20283#primaryimage\"},\"thumbnailUrl\":\"https:\\\/\\\/macite.tg\\\/wp-content\\\/uploads\\\/2025\\\/02\\\/Bac2.jpg\",\"articleSection\":[\"ACTUALITE\",\"EDUCATION\"],\"inLanguage\":\"fr-FR\",\"potentialAction\":[{\"@type\":\"CommentAction\",\"name\":\"Comment\",\"target\":[\"https:\\\/\\\/macite.tg\\\/?p=20283#respond\"]}]},{\"@type\":\"WebPage\",\"@id\":\"https:\\\/\\\/macite.tg\\\/?p=20283\",\"url\":\"https:\\\/\\\/macite.tg\\\/?p=20283\",\"name\":\"PREPARATIFS DU BAC II : Un examen blanc national annonc\u00e9 du 24 au 27 mars prochain -\",\"isPartOf\":{\"@id\":\"https:\\\/\\\/macite.tg\\\/#website\"},\"primaryImageOfPage\":{\"@id\":\"https:\\\/\\\/macite.tg\\\/?p=20283#primaryimage\"},\"image\":{\"@id\":\"https:\\\/\\\/macite.tg\\\/?p=20283#primaryimage\"},\"thumbnailUrl\":\"https:\\\/\\\/macite.tg\\\/wp-content\\\/uploads\\\/2025\\\/02\\\/Bac2.jpg\",\"datePublished\":\"2025-02-19T11:05:37+00:00\",\"dateModified\":\"2025-02-19T11:05:54+00:00\",\"author\":{\"@id\":\"https:\\\/\\\/macite.tg\\\/#\\\/schema\\\/person\\\/e9f2de7e5dbbe7770a9402c7ce82f5c2\"},\"breadcrumb\":{\"@id\":\"https:\\\/\\\/macite.tg\\\/?p=20283#breadcrumb\"},\"inLanguage\":\"fr-FR\",\"potentialAction\":[{\"@type\":\"ReadAction\",\"target\":[\"https:\\\/\\\/macite.tg\\\/?p=20283\"]}]},{\"@type\":\"ImageObject\",\"inLanguage\":\"fr-FR\",\"@id\":\"https:\\\/\\\/macite.tg\\\/?p=20283#primaryimage\",\"url\":\"https:\\\/\\\/macite.tg\\\/wp-content\\\/uploads\\\/2025\\\/02\\\/Bac2.jpg\",\"contentUrl\":\"https:\\\/\\\/macite.tg\\\/wp-content\\\/uploads\\\/2025\\\/02\\\/Bac2.jpg\",\"width\":500,\"height\":298,\"caption\":\"Les candidats au BAC2 (Photo archives)\"},{\"@type\":\"BreadcrumbList\",\"@id\":\"https:\\\/\\\/macite.tg\\\/?p=20283#breadcrumb\",\"itemListElement\":[{\"@type\":\"ListItem\",\"position\":1,\"name\":\"Accueil\",\"item\":\"https:\\\/\\\/macite.tg\\\/\"},{\"@type\":\"ListItem\",\"position\":2,\"name\":\"PREPARATIFS DU BAC II : Un examen blanc national annonc\u00e9 du 24 au 27 mars prochain\"}]},{\"@type\":\"WebSite\",\"@id\":\"https:\\\/\\\/macite.tg\\\/#website\",\"url\":\"https:\\\/\\\/macite.tg\\\/\",\"name\":\"\",\"description\":\"L&#039;information, la bonne!!!\",\"potentialAction\":[{\"@type\":\"SearchAction\",\"target\":{\"@type\":\"EntryPoint\",\"urlTemplate\":\"https:\\\/\\\/macite.tg\\\/?s={search_term_string}\"},\"query-input\":{\"@type\":\"PropertyValueSpecification\",\"valueRequired\":true,\"valueName\":\"search_term_string\"}}],\"inLanguage\":\"fr-FR\"},{\"@type\":\"Person\",\"@id\":\"https:\\\/\\\/macite.tg\\\/#\\\/schema\\\/person\\\/e9f2de7e5dbbe7770a9402c7ce82f5c2\",\"name\":\"Jean Pierre BAWELA\",\"image\":{\"@type\":\"ImageObject\",\"inLanguage\":\"fr-FR\",\"@id\":\"https:\\\/\\\/macite.tg\\\/wp-content\\\/uploads\\\/2023\\\/09\\\/WhatsApp-Image-2023-09-19-at-14.44.41-122x122.jpeg\",\"url\":\"https:\\\/\\\/macite.tg\\\/wp-content\\\/uploads\\\/2023\\\/09\\\/WhatsApp-Image-2023-09-19-at-14.44.41-122x122.jpeg\",\"contentUrl\":\"https:\\\/\\\/macite.tg\\\/wp-content\\\/uploads\\\/2023\\\/09\\\/WhatsApp-Image-2023-09-19-at-14.44.41-122x122.jpeg\",\"caption\":\"Jean Pierre BAWELA\"},\"url\":\"https:\\\/\\\/macite.tg\\\/?author=2\"}]}<\/script>\n<!-- \/ Yoast SEO plugin. -->","yoast_head_json":{"title":"PREPARATIFS DU BAC II : Un examen blanc national annonc\u00e9 du 24 au 27 mars prochain -","robots":{"index":"index","follow":"follow","max-snippet":"max-snippet:-1","max-image-preview":"max-image-preview:large","max-video-preview":"max-video-preview:-1"},"canonical":"https:\/\/macite.tg\/?p=20283","og_locale":"fr_FR","og_type":"article","og_title":"PREPARATIFS DU BAC II : Un examen blanc national annonc\u00e9 du 24 au 27 mars prochain -","og_description":"Du 24 au 27 mars prochain se tiendra, sur l\u2019ensemble du territoire national, un examen blanc du Baccalaur\u00e9at. L\u2019annonce a \u00e9t\u00e9 faite par le ministre des Enseignements primaire et secondaire, Prof Dodzi Kokoroko, dans une lettre adress\u00e9e aux responsables \u00e9ducatifs r\u00e9gionaux. Selon l\u2019officiel, cette \u00e9valuation [&hellip;]","og_url":"https:\/\/macite.tg\/?p=20283","article_published_time":"2025-02-19T11:05:37+00:00","article_modified_time":"2025-02-19T11:05:54+00:00","og_image":[{"width":500,"height":298,"url":"https:\/\/macite.tg\/wp-content\/uploads\/2025\/02\/Bac2.jpg","type":"image\/jpeg"}],"author":"Jean Pierre BAWELA","twitter_card":"summary_large_image","twitter_misc":{"\u00c9crit par":"Jean Pierre BAWELA","Dur\u00e9e de lecture estim\u00e9e":"2 minutes"},"schema":{"@context":"https:\/\/schema.org","@graph":[{"@type":"Article","@id":"https:\/\/macite.tg\/?p=20283#article","isPartOf":{"@id":"https:\/\/macite.tg\/?p=20283"},"author":{"name":"Jean Pierre BAWELA","@id":"https:\/\/macite.tg\/#\/schema\/person\/e9f2de7e5dbbe7770a9402c7ce82f5c2"},"headline":"PREPARATIFS DU BAC II : Un examen blanc national annonc\u00e9 du 24 au 27 mars prochain","datePublished":"2025-02-19T11:05:37+00:00","dateModified":"2025-02-19T11:05:54+00:00","mainEntityOfPage":{"@id":"https:\/\/macite.tg\/?p=20283"},"wordCount":284,"commentCount":0,"image":{"@id":"https:\/\/macite.tg\/?p=20283#primaryimage"},"thumbnailUrl":"https:\/\/macite.tg\/wp-content\/uploads\/2025\/02\/Bac2.jpg","articleSection":["ACTUALITE","EDUCATION"],"inLanguage":"fr-FR","potentialAction":[{"@type":"CommentAction","name":"Comment","target":["https:\/\/macite.tg\/?p=20283#respond"]}]},{"@type":"WebPage","@id":"https:\/\/macite.tg\/?p=20283","url":"https:\/\/macite.tg\/?p=20283","name":"PREPARATIFS DU BAC II : Un examen blanc national annonc\u00e9 du 24 au 27 mars prochain -","isPartOf":{"@id":"https:\/\/macite.tg\/#website"},"primaryImageOfPage":{"@id":"https:\/\/macite.tg\/?p=20283#primaryimage"},"image":{"@id":"https:\/\/macite.tg\/?p=20283#primaryimage"},"thumbnailUrl":"https:\/\/macite.tg\/wp-content\/uploads\/2025\/02\/Bac2.jpg","datePublished":"2025-02-19T11:05:37+00:00","dateModified":"2025-02-19T11:05:54+00:00","author":{"@id":"https:\/\/macite.tg\/#\/schema\/person\/e9f2de7e5dbbe7770a9402c7ce82f5c2"},"breadcrumb":{"@id":"https:\/\/macite.tg\/?p=20283#breadcrumb"},"inLanguage":"fr-FR","potentialAction":[{"@type":"ReadAction","target":["https:\/\/macite.tg\/?p=20283"]}]},{"@type":"ImageObject","inLanguage":"fr-FR","@id":"https:\/\/macite.tg\/?p=20283#primaryimage","url":"https:\/\/macite.tg\/wp-content\/uploads\/2025\/02\/Bac2.jpg","contentUrl":"https:\/\/macite.tg\/wp-content\/uploads\/2025\/02\/Bac2.jpg","width":500,"height":298,"caption":"Les candidats au BAC2 (Photo archives)"},{"@type":"BreadcrumbList","@id":"https:\/\/macite.tg\/?p=20283#breadcrumb","itemListElement":[{"@type":"ListItem","position":1,"name":"Accueil","item":"https:\/\/macite.tg\/"},{"@type":"ListItem","position":2,"name":"PREPARATIFS DU BAC II : Un examen blanc national annonc\u00e9 du 24 au 27 mars prochain"}]},{"@type":"WebSite","@id":"https:\/\/macite.tg\/#website","url":"https:\/\/macite.tg\/","name":"","description":"L&#039;information, la bonne!!!","potentialAction":[{"@type":"SearchAction","target":{"@type":"EntryPoint","urlTemplate":"https:\/\/macite.tg\/?s={search_term_string}"},"query-input":{"@type":"PropertyValueSpecification","valueRequired":true,"valueName":"search_term_string"}}],"inLanguage":"fr-FR"},{"@type":"Person","@id":"https:\/\/macite.tg\/#\/schema\/person\/e9f2de7e5dbbe7770a9402c7ce82f5c2","name":"Jean Pierre BAWELA","image":{"@type":"ImageObject","inLanguage":"fr-FR","@id":"https:\/\/macite.tg\/wp-content\/uploads\/2023\/09\/WhatsApp-Image-2023-09-19-at-14.44.41-122x122.jpeg","url":"https:\/\/macite.tg\/wp-content\/uploads\/2023\/09\/WhatsApp-Image-2023-09-19-at-14.44.41-122x122.jpeg","contentUrl":"https:\/\/macite.tg\/wp-content\/uploads\/2023\/09\/WhatsApp-Image-2023-09-19-at-14.44.41-122x122.jpeg","caption":"Jean Pierre BAWELA"},"url":"https:\/\/macite.tg\/?author=2"}]}},"_links":{"self":[{"href":"https:\/\/macite.tg\/index.php?rest_route=\/wp\/v2\/posts\/20283","targetHints":{"allow":["GET"]}}],"collection":[{"href":"https:\/\/macite.tg\/index.php?rest_route=\/wp\/v2\/posts"}],"about":[{"href":"https:\/\/macite.tg\/index.php?rest_route=\/wp\/v2\/types\/post"}],"author":[{"embeddable":true,"href":"https:\/\/macite.tg\/index.php?rest_route=\/wp\/v2\/users\/2"}],"replies":[{"embeddable":true,"href":"https:\/\/macite.tg\/index.php?rest_route=%2Fwp%2Fv2%2Fcomments&post=20283"}],"version-history":[{"count":0,"href":"https:\/\/macite.tg\/index.php?rest_route=\/wp\/v2\/posts\/20283\/revisions"}],"wp:featuredmedia":[{"embeddable":true,"href":"https:\/\/macite.tg\/index.php?rest_route=\/wp\/v2\/media\/20284"}],"wp:attachment":[{"href":"https:\/\/macite.tg\/index.php?rest_route=%2Fwp%2Fv2%2Fmedia&parent=20283"}],"wp:term":[{"taxonomy":"category","embeddable":true,"href":"https:\/\/macite.tg\/index.php?rest_route=%2Fwp%2Fv2%2Fcategories&post=20283"},{"taxonomy":"post_tag","embeddable":true,"href":"https:\/\/macite.tg\/index.php?rest_route=%2Fwp%2Fv2%2Ftags&post=20283"}],"curies":[{"name":"wp","href":"https:\/\/api.w.org\/{rel}","templated":true}]}}