{"id":20274,"date":"2025-02-19T10:43:40","date_gmt":"2025-02-19T10:43:40","guid":{"rendered":"https:\/\/macite.tg\/?p=20274"},"modified":"2025-02-19T10:45:01","modified_gmt":"2025-02-19T10:45:01","slug":"vatican-letat-de-sante-du-pape-francois-est-alarmante-selon-un-medecin","status":"publish","type":"post","link":"https:\/\/macite.tg\/?p=20274","title":{"rendered":"VATICAN : L&rsquo;\u00e9tat de sant\u00e9 du Pape Fran\u00e7ois est alarmante, selon un m\u00e9decin"},"content":{"rendered":"\n<p class=\"wp-block-paragraph\"><strong><em>Un m\u00e9decin qui a pass\u00e9 des d\u00e9cennies \u00e0 traiter les infections respiratoires chez les personnes \u00e2g\u00e9es estime que l&rsquo;\u00e9tat de sant\u00e9 du pape est grave.<\/em><\/strong> <strong><em>Ce m\u00e9decin a pass\u00e9 des d\u00e9cennies \u00e0 traiter les infections respiratoires chez les personnes \u00e2g\u00e9es, il se montre plut\u00f4t sceptique quant \u00e0 l&rsquo;\u00e9volution de l&rsquo;\u00e9tat de sant\u00e9 du Pape Fran\u00e7ois.<\/em><\/strong><\/p>\n\n\n\n<p class=\"wp-block-paragraph\">Le chef de l&rsquo;\u00e9glise catholique a \u00e9t\u00e9 admis \u00e0 l&rsquo;h\u00f4pital Gemelli de Rome dans un \u00e9tat <em>\u00ab\u00a0passable\u00a0\u00bb<\/em> apr\u00e8s l&rsquo;aggravation d&rsquo;une bronchite qui a dur\u00e9 une semaine. Il souffre d&rsquo;une infection poly microbienne des voies respiratoires, un m\u00e9lange de virus, de bact\u00e9ries et peut-\u00eatre d&rsquo;autres organismes ayant colonis\u00e9 ses voies respiratoires.<\/p>\n\n\n\n<p class=\"wp-block-paragraph\"><em>\u00ab&nbsp;Le Pape risque une pneumonie \u00e0 cause de cette bronchite poly microbienne qui semble \u00eatre, d&rsquo;apr\u00e8s les donn\u00e9es dont nous disposons, r\u00e9sistante \u00e0 certains antibiotiques. Nous verrons l&rsquo;effet de cette nouvelle th\u00e9rapie dans quatre ou cinq jours. Nous verrons si le patient va mieux ou non&nbsp;\u00bb, explique<\/em>&nbsp;Carmelo D&rsquo;Asero, sp\u00e9cialiste des maladies infectieuses et expert en maladies g\u00e9riatriques.<\/p>\n\n\n<div class=\"wp-block-image\">\n<figure class=\"aligncenter size-large is-resized\"><img loading=\"lazy\" decoding=\"async\" width=\"1024\" height=\"1024\" src=\"https:\/\/macite.tg\/wp-content\/uploads\/2025\/02\/d4c3a8a5-b555-493c-b116-93e62f3746c8-1024x1024.jpg\" alt=\"\" class=\"wp-image-20275\" style=\"width:596px;height:auto\" srcset=\"https:\/\/macite.tg\/wp-content\/uploads\/2025\/02\/d4c3a8a5-b555-493c-b116-93e62f3746c8-1024x1024.jpg 1024w, https:\/\/macite.tg\/wp-content\/uploads\/2025\/02\/d4c3a8a5-b555-493c-b116-93e62f3746c8-300x300.jpg 300w, https:\/\/macite.tg\/wp-content\/uploads\/2025\/02\/d4c3a8a5-b555-493c-b116-93e62f3746c8-150x150.jpg 150w, https:\/\/macite.tg\/wp-content\/uploads\/2025\/02\/d4c3a8a5-b555-493c-b116-93e62f3746c8-768x768.jpg 768w, https:\/\/macite.tg\/wp-content\/uploads\/2025\/02\/d4c3a8a5-b555-493c-b116-93e62f3746c8-122x122.jpg 122w, https:\/\/macite.tg\/wp-content\/uploads\/2025\/02\/d4c3a8a5-b555-493c-b116-93e62f3746c8.jpg 1080w\" sizes=\"auto, (max-width: 1024px) 100vw, 1024px\" \/><\/figure>\n<\/div>\n\n\n<p class=\"wp-block-paragraph\">Bien que la fi\u00e8vre du pape a baiss\u00e9, Carmelo D&rsquo;Asero souligne que cela pourrait \u00eatre le signe d&rsquo;un affaiblissement de sa r\u00e9ponse immunitaire, ce qui serait plus inqui\u00e9tant qu&rsquo;une forte fi\u00e8vre. Il ajoute que la nouvelle th\u00e9rapie antibiotique pourrait commencer \u00e0 produire des effets d&rsquo;ici trois ou quatre jours.<\/p>\n\n\n\n<p class=\"wp-block-paragraph\"><em>\u00ab&nbsp;Une forte fi\u00e8vre est le signe d&rsquo;une r\u00e9ponse immunitaire \u00e0 un agent pathog\u00e8ne. Une fi\u00e8vre basse et une infection bronchique grave, parce que le Pape a une infection grave, parce qu&rsquo;ils ont d\u00fb changer d&rsquo;antibiotiques, sont le signe d&rsquo;une r\u00e9ponse immunitaire diminu\u00e9e et cela nous inqui\u00e8te un peu plus, disons. Peut-\u00eatre que s&rsquo;il avait eu de la fi\u00e8vre, cela aurait \u00e9t\u00e9 mieux&nbsp;\u00bb, souligne-t-il.<\/em><\/p>\n\n\n\n<p class=\"wp-block-paragraph\">Le Vatican a annul\u00e9 les audiences papales du week-end et d\u00e9sign\u00e9 des repr\u00e9sentants pour suppl\u00e9er le pape Fran\u00e7ois, 88 ans, toujours hospitalis\u00e9 en raison d&rsquo;une infection respiratoire multiple.<\/p>\n\n\n<div class=\"wp-block-image\">\n<figure class=\"aligncenter size-large\"><img loading=\"lazy\" decoding=\"async\" width=\"714\" height=\"1024\" src=\"https:\/\/macite.tg\/wp-content\/uploads\/2025\/02\/image-35-714x1024.png\" alt=\"\" class=\"wp-image-20178\" srcset=\"https:\/\/macite.tg\/wp-content\/uploads\/2025\/02\/image-35-714x1024.png 714w, https:\/\/macite.tg\/wp-content\/uploads\/2025\/02\/image-35-209x300.png 209w, https:\/\/macite.tg\/wp-content\/uploads\/2025\/02\/image-35-768x1102.png 768w, https:\/\/macite.tg\/wp-content\/uploads\/2025\/02\/image-35-1070x1536.png 1070w, https:\/\/macite.tg\/wp-content\/uploads\/2025\/02\/image-35.png 1115w\" sizes=\"auto, (max-width: 714px) 100vw, 714px\" \/><\/figure>\n<\/div>\n\n\n<p class=\"wp-block-paragraph\">Ces annulations ont ralenti la pr\u00e9paration de la grande Ann\u00e9e sainte du Vatican, un \u00e9v\u00e9nement c\u00e9l\u00e9br\u00e9 une fois par quart de si\u00e8cle pour attirer les p\u00e8lerins \u00e0 Rome et leur permettre de participer aux activit\u00e9s sp\u00e9ciales du Jubil\u00e9.<\/p>\n\n\n\n<p class=\"wp-block-paragraph\"><strong>MSN<\/strong><\/p>\n\n\n\n<p class=\"wp-block-paragraph\"><a><strong><em>@macite.tg&nbsp;&nbsp;&nbsp;&nbsp;&nbsp;&nbsp;&nbsp;&nbsp;<\/em><\/strong><\/a><\/p>\n\n\n\n<p class=\"wp-block-paragraph\"><strong><em>E-mail&nbsp;: <\/em><\/strong><a href=\"mailto:maciteinfo@gmail.com\"><strong><em>maciteinfo@gmail.com<\/em><\/strong><\/a><strong><em>; <\/em><\/strong><a href=\"mailto:bawela1@gmail.com\"><strong><em>bawela1@gmail.com<\/em><\/strong><\/a><strong><em><\/em><\/strong><\/p>\n\n\n\n<p class=\"wp-block-paragraph\"><strong><em>Pour vos annonces, (publi)reportages, etc., joignez-nous au (00228)91515309\/<strong>79872224 <\/strong>www.macite.tg, L\u2019information, la bonne&nbsp;!<\/em><\/strong><\/p>\n","protected":false},"excerpt":{"rendered":"<p class=\"text-justify mb-2\" >Un m\u00e9decin qui a pass\u00e9 des d\u00e9cennies \u00e0 traiter les infections respiratoires chez les personnes \u00e2g\u00e9es estime que l&rsquo;\u00e9tat de sant\u00e9 du pape est grave. Ce m\u00e9decin a pass\u00e9 des d\u00e9cennies \u00e0 traiter les infections respiratoires chez les personnes \u00e2g\u00e9es, il se montre plut\u00f4t sceptique [&hellip;]<\/p>\n","protected":false},"author":2,"featured_media":20278,"comment_status":"open","ping_status":"open","sticky":false,"template":"","format":"standard","meta":{"footnotes":""},"categories":[20,40],"tags":[],"class_list":["post-20274","post","type-post","status-publish","format-standard","has-post-thumbnail","hentry","category-actualite","category-religion"],"yoast_head":"<!-- This site is optimized with the Yoast SEO plugin v28.4 - https:\/\/yoast.com\/product\/yoast-seo-wordpress\/ -->\n<title>VATICAN : L&#039;\u00e9tat de sant\u00e9 du Pape Fran\u00e7ois est alarmante, selon un m\u00e9decin -<\/title>\n<meta name=\"robots\" content=\"index, follow, max-snippet:-1, max-image-preview:large, max-video-preview:-1\" \/>\n<link rel=\"canonical\" href=\"https:\/\/macite.tg\/?p=20274\" \/>\n<meta property=\"og:locale\" content=\"fr_FR\" \/>\n<meta property=\"og:type\" content=\"article\" \/>\n<meta property=\"og:title\" content=\"VATICAN : L&#039;\u00e9tat de sant\u00e9 du Pape Fran\u00e7ois est alarmante, selon un m\u00e9decin -\" \/>\n<meta property=\"og:description\" content=\"Un m\u00e9decin qui a pass\u00e9 des d\u00e9cennies \u00e0 traiter les infections respiratoires chez les personnes \u00e2g\u00e9es estime que l&rsquo;\u00e9tat de sant\u00e9 du pape est grave. Ce m\u00e9decin a pass\u00e9 des d\u00e9cennies \u00e0 traiter les infections respiratoires chez les personnes \u00e2g\u00e9es, il se montre plut\u00f4t sceptique [&hellip;]\" \/>\n<meta property=\"og:url\" content=\"https:\/\/macite.tg\/?p=20274\" \/>\n<meta property=\"article:published_time\" content=\"2025-02-19T10:43:40+00:00\" \/>\n<meta property=\"article:modified_time\" content=\"2025-02-19T10:45:01+00:00\" \/>\n<meta property=\"og:image\" content=\"https:\/\/macite.tg\/wp-content\/uploads\/2025\/02\/pape-Francois.jpg\" \/>\n\t<meta property=\"og:image:width\" content=\"500\" \/>\n\t<meta property=\"og:image:height\" content=\"281\" \/>\n\t<meta property=\"og:image:type\" content=\"image\/jpeg\" \/>\n<meta name=\"author\" content=\"Jean Pierre BAWELA\" \/>\n<meta name=\"twitter:card\" content=\"summary_large_image\" \/>\n<meta name=\"twitter:label1\" content=\"\u00c9crit par\" \/>\n\t<meta name=\"twitter:data1\" content=\"Jean Pierre BAWELA\" \/>\n\t<meta name=\"twitter:label2\" content=\"Dur\u00e9e de lecture estim\u00e9e\" \/>\n\t<meta name=\"twitter:data2\" content=\"3 minutes\" \/>\n<script type=\"application\/ld+json\" class=\"yoast-schema-graph\">{\"@context\":\"https:\\\/\\\/schema.org\",\"@graph\":[{\"@type\":\"Article\",\"@id\":\"https:\\\/\\\/macite.tg\\\/?p=20274#article\",\"isPartOf\":{\"@id\":\"https:\\\/\\\/macite.tg\\\/?p=20274\"},\"author\":{\"name\":\"Jean Pierre BAWELA\",\"@id\":\"https:\\\/\\\/macite.tg\\\/#\\\/schema\\\/person\\\/e9f2de7e5dbbe7770a9402c7ce82f5c2\"},\"headline\":\"VATICAN : L&rsquo;\u00e9tat de sant\u00e9 du Pape Fran\u00e7ois est alarmante, selon un m\u00e9decin\",\"datePublished\":\"2025-02-19T10:43:40+00:00\",\"dateModified\":\"2025-02-19T10:45:01+00:00\",\"mainEntityOfPage\":{\"@id\":\"https:\\\/\\\/macite.tg\\\/?p=20274\"},\"wordCount\":454,\"commentCount\":0,\"image\":{\"@id\":\"https:\\\/\\\/macite.tg\\\/?p=20274#primaryimage\"},\"thumbnailUrl\":\"https:\\\/\\\/macite.tg\\\/wp-content\\\/uploads\\\/2025\\\/02\\\/pape-Francois.jpg\",\"articleSection\":[\"ACTUALITE\",\"RELIGION\"],\"inLanguage\":\"fr-FR\",\"potentialAction\":[{\"@type\":\"CommentAction\",\"name\":\"Comment\",\"target\":[\"https:\\\/\\\/macite.tg\\\/?p=20274#respond\"]}]},{\"@type\":\"WebPage\",\"@id\":\"https:\\\/\\\/macite.tg\\\/?p=20274\",\"url\":\"https:\\\/\\\/macite.tg\\\/?p=20274\",\"name\":\"VATICAN : L'\u00e9tat de sant\u00e9 du Pape Fran\u00e7ois est alarmante, selon un m\u00e9decin -\",\"isPartOf\":{\"@id\":\"https:\\\/\\\/macite.tg\\\/#website\"},\"primaryImageOfPage\":{\"@id\":\"https:\\\/\\\/macite.tg\\\/?p=20274#primaryimage\"},\"image\":{\"@id\":\"https:\\\/\\\/macite.tg\\\/?p=20274#primaryimage\"},\"thumbnailUrl\":\"https:\\\/\\\/macite.tg\\\/wp-content\\\/uploads\\\/2025\\\/02\\\/pape-Francois.jpg\",\"datePublished\":\"2025-02-19T10:43:40+00:00\",\"dateModified\":\"2025-02-19T10:45:01+00:00\",\"author\":{\"@id\":\"https:\\\/\\\/macite.tg\\\/#\\\/schema\\\/person\\\/e9f2de7e5dbbe7770a9402c7ce82f5c2\"},\"breadcrumb\":{\"@id\":\"https:\\\/\\\/macite.tg\\\/?p=20274#breadcrumb\"},\"inLanguage\":\"fr-FR\",\"potentialAction\":[{\"@type\":\"ReadAction\",\"target\":[\"https:\\\/\\\/macite.tg\\\/?p=20274\"]}]},{\"@type\":\"ImageObject\",\"inLanguage\":\"fr-FR\",\"@id\":\"https:\\\/\\\/macite.tg\\\/?p=20274#primaryimage\",\"url\":\"https:\\\/\\\/macite.tg\\\/wp-content\\\/uploads\\\/2025\\\/02\\\/pape-Francois.jpg\",\"contentUrl\":\"https:\\\/\\\/macite.tg\\\/wp-content\\\/uploads\\\/2025\\\/02\\\/pape-Francois.jpg\",\"width\":500,\"height\":281,\"caption\":\"Le Pape Fran\u00e7ois\"},{\"@type\":\"BreadcrumbList\",\"@id\":\"https:\\\/\\\/macite.tg\\\/?p=20274#breadcrumb\",\"itemListElement\":[{\"@type\":\"ListItem\",\"position\":1,\"name\":\"Accueil\",\"item\":\"https:\\\/\\\/macite.tg\\\/\"},{\"@type\":\"ListItem\",\"position\":2,\"name\":\"VATICAN : L&rsquo;\u00e9tat de sant\u00e9 du Pape Fran\u00e7ois est alarmante, selon un m\u00e9decin\"}]},{\"@type\":\"WebSite\",\"@id\":\"https:\\\/\\\/macite.tg\\\/#website\",\"url\":\"https:\\\/\\\/macite.tg\\\/\",\"name\":\"\",\"description\":\"L&#039;information, la bonne!!!\",\"potentialAction\":[{\"@type\":\"SearchAction\",\"target\":{\"@type\":\"EntryPoint\",\"urlTemplate\":\"https:\\\/\\\/macite.tg\\\/?s={search_term_string}\"},\"query-input\":{\"@type\":\"PropertyValueSpecification\",\"valueRequired\":true,\"valueName\":\"search_term_string\"}}],\"inLanguage\":\"fr-FR\"},{\"@type\":\"Person\",\"@id\":\"https:\\\/\\\/macite.tg\\\/#\\\/schema\\\/person\\\/e9f2de7e5dbbe7770a9402c7ce82f5c2\",\"name\":\"Jean Pierre BAWELA\",\"image\":{\"@type\":\"ImageObject\",\"inLanguage\":\"fr-FR\",\"@id\":\"https:\\\/\\\/macite.tg\\\/wp-content\\\/uploads\\\/2023\\\/09\\\/WhatsApp-Image-2023-09-19-at-14.44.41-122x122.jpeg\",\"url\":\"https:\\\/\\\/macite.tg\\\/wp-content\\\/uploads\\\/2023\\\/09\\\/WhatsApp-Image-2023-09-19-at-14.44.41-122x122.jpeg\",\"contentUrl\":\"https:\\\/\\\/macite.tg\\\/wp-content\\\/uploads\\\/2023\\\/09\\\/WhatsApp-Image-2023-09-19-at-14.44.41-122x122.jpeg\",\"caption\":\"Jean Pierre BAWELA\"},\"url\":\"https:\\\/\\\/macite.tg\\\/?author=2\"}]}<\/script>\n<!-- \/ Yoast SEO plugin. -->","yoast_head_json":{"title":"VATICAN : L'\u00e9tat de sant\u00e9 du Pape Fran\u00e7ois est alarmante, selon un m\u00e9decin -","robots":{"index":"index","follow":"follow","max-snippet":"max-snippet:-1","max-image-preview":"max-image-preview:large","max-video-preview":"max-video-preview:-1"},"canonical":"https:\/\/macite.tg\/?p=20274","og_locale":"fr_FR","og_type":"article","og_title":"VATICAN : L'\u00e9tat de sant\u00e9 du Pape Fran\u00e7ois est alarmante, selon un m\u00e9decin -","og_description":"Un m\u00e9decin qui a pass\u00e9 des d\u00e9cennies \u00e0 traiter les infections respiratoires chez les personnes \u00e2g\u00e9es estime que l&rsquo;\u00e9tat de sant\u00e9 du pape est grave. Ce m\u00e9decin a pass\u00e9 des d\u00e9cennies \u00e0 traiter les infections respiratoires chez les personnes \u00e2g\u00e9es, il se montre plut\u00f4t sceptique [&hellip;]","og_url":"https:\/\/macite.tg\/?p=20274","article_published_time":"2025-02-19T10:43:40+00:00","article_modified_time":"2025-02-19T10:45:01+00:00","og_image":[{"width":500,"height":281,"url":"https:\/\/macite.tg\/wp-content\/uploads\/2025\/02\/pape-Francois.jpg","type":"image\/jpeg"}],"author":"Jean Pierre BAWELA","twitter_card":"summary_large_image","twitter_misc":{"\u00c9crit par":"Jean Pierre BAWELA","Dur\u00e9e de lecture estim\u00e9e":"3 minutes"},"schema":{"@context":"https:\/\/schema.org","@graph":[{"@type":"Article","@id":"https:\/\/macite.tg\/?p=20274#article","isPartOf":{"@id":"https:\/\/macite.tg\/?p=20274"},"author":{"name":"Jean Pierre BAWELA","@id":"https:\/\/macite.tg\/#\/schema\/person\/e9f2de7e5dbbe7770a9402c7ce82f5c2"},"headline":"VATICAN : L&rsquo;\u00e9tat de sant\u00e9 du Pape Fran\u00e7ois est alarmante, selon un m\u00e9decin","datePublished":"2025-02-19T10:43:40+00:00","dateModified":"2025-02-19T10:45:01+00:00","mainEntityOfPage":{"@id":"https:\/\/macite.tg\/?p=20274"},"wordCount":454,"commentCount":0,"image":{"@id":"https:\/\/macite.tg\/?p=20274#primaryimage"},"thumbnailUrl":"https:\/\/macite.tg\/wp-content\/uploads\/2025\/02\/pape-Francois.jpg","articleSection":["ACTUALITE","RELIGION"],"inLanguage":"fr-FR","potentialAction":[{"@type":"CommentAction","name":"Comment","target":["https:\/\/macite.tg\/?p=20274#respond"]}]},{"@type":"WebPage","@id":"https:\/\/macite.tg\/?p=20274","url":"https:\/\/macite.tg\/?p=20274","name":"VATICAN : L'\u00e9tat de sant\u00e9 du Pape Fran\u00e7ois est alarmante, selon un m\u00e9decin -","isPartOf":{"@id":"https:\/\/macite.tg\/#website"},"primaryImageOfPage":{"@id":"https:\/\/macite.tg\/?p=20274#primaryimage"},"image":{"@id":"https:\/\/macite.tg\/?p=20274#primaryimage"},"thumbnailUrl":"https:\/\/macite.tg\/wp-content\/uploads\/2025\/02\/pape-Francois.jpg","datePublished":"2025-02-19T10:43:40+00:00","dateModified":"2025-02-19T10:45:01+00:00","author":{"@id":"https:\/\/macite.tg\/#\/schema\/person\/e9f2de7e5dbbe7770a9402c7ce82f5c2"},"breadcrumb":{"@id":"https:\/\/macite.tg\/?p=20274#breadcrumb"},"inLanguage":"fr-FR","potentialAction":[{"@type":"ReadAction","target":["https:\/\/macite.tg\/?p=20274"]}]},{"@type":"ImageObject","inLanguage":"fr-FR","@id":"https:\/\/macite.tg\/?p=20274#primaryimage","url":"https:\/\/macite.tg\/wp-content\/uploads\/2025\/02\/pape-Francois.jpg","contentUrl":"https:\/\/macite.tg\/wp-content\/uploads\/2025\/02\/pape-Francois.jpg","width":500,"height":281,"caption":"Le Pape Fran\u00e7ois"},{"@type":"BreadcrumbList","@id":"https:\/\/macite.tg\/?p=20274#breadcrumb","itemListElement":[{"@type":"ListItem","position":1,"name":"Accueil","item":"https:\/\/macite.tg\/"},{"@type":"ListItem","position":2,"name":"VATICAN : L&rsquo;\u00e9tat de sant\u00e9 du Pape Fran\u00e7ois est alarmante, selon un m\u00e9decin"}]},{"@type":"WebSite","@id":"https:\/\/macite.tg\/#website","url":"https:\/\/macite.tg\/","name":"","description":"L&#039;information, la bonne!!!","potentialAction":[{"@type":"SearchAction","target":{"@type":"EntryPoint","urlTemplate":"https:\/\/macite.tg\/?s={search_term_string}"},"query-input":{"@type":"PropertyValueSpecification","valueRequired":true,"valueName":"search_term_string"}}],"inLanguage":"fr-FR"},{"@type":"Person","@id":"https:\/\/macite.tg\/#\/schema\/person\/e9f2de7e5dbbe7770a9402c7ce82f5c2","name":"Jean Pierre BAWELA","image":{"@type":"ImageObject","inLanguage":"fr-FR","@id":"https:\/\/macite.tg\/wp-content\/uploads\/2023\/09\/WhatsApp-Image-2023-09-19-at-14.44.41-122x122.jpeg","url":"https:\/\/macite.tg\/wp-content\/uploads\/2023\/09\/WhatsApp-Image-2023-09-19-at-14.44.41-122x122.jpeg","contentUrl":"https:\/\/macite.tg\/wp-content\/uploads\/2023\/09\/WhatsApp-Image-2023-09-19-at-14.44.41-122x122.jpeg","caption":"Jean Pierre BAWELA"},"url":"https:\/\/macite.tg\/?author=2"}]}},"_links":{"self":[{"href":"https:\/\/macite.tg\/index.php?rest_route=\/wp\/v2\/posts\/20274","targetHints":{"allow":["GET"]}}],"collection":[{"href":"https:\/\/macite.tg\/index.php?rest_route=\/wp\/v2\/posts"}],"about":[{"href":"https:\/\/macite.tg\/index.php?rest_route=\/wp\/v2\/types\/post"}],"author":[{"embeddable":true,"href":"https:\/\/macite.tg\/index.php?rest_route=\/wp\/v2\/users\/2"}],"replies":[{"embeddable":true,"href":"https:\/\/macite.tg\/index.php?rest_route=%2Fwp%2Fv2%2Fcomments&post=20274"}],"version-history":[{"count":0,"href":"https:\/\/macite.tg\/index.php?rest_route=\/wp\/v2\/posts\/20274\/revisions"}],"wp:featuredmedia":[{"embeddable":true,"href":"https:\/\/macite.tg\/index.php?rest_route=\/wp\/v2\/media\/20278"}],"wp:attachment":[{"href":"https:\/\/macite.tg\/index.php?rest_route=%2Fwp%2Fv2%2Fmedia&parent=20274"}],"wp:term":[{"taxonomy":"category","embeddable":true,"href":"https:\/\/macite.tg\/index.php?rest_route=%2Fwp%2Fv2%2Fcategories&post=20274"},{"taxonomy":"post_tag","embeddable":true,"href":"https:\/\/macite.tg\/index.php?rest_route=%2Fwp%2Fv2%2Ftags&post=20274"}],"curies":[{"name":"wp","href":"https:\/\/api.w.org\/{rel}","templated":true}]}}