{"id":20273,"date":"2025-02-19T10:20:51","date_gmt":"2025-02-19T10:20:51","guid":{"rendered":"https:\/\/macite.tg\/?p=20273"},"modified":"2025-02-19T10:21:38","modified_gmt":"2025-02-19T10:21:38","slug":"iran-et-algerie-architectes-dune-menace-grandissante-pour-lafrique-et-le-myen-orien","status":"publish","type":"post","link":"https:\/\/macite.tg\/?p=20273","title":{"rendered":"IRAN ET ALGERIE\u00a0: Architectes d&rsquo;une menace grandissante pour l&rsquo;Afrique et le Myen-Orien"},"content":{"rendered":"\n<p class=\"wp-block-paragraph\"><strong><em>Dans un contexte de tensions croissantes au Moyen-Orient et en Afrique du Nord, l\u2019Alg\u00e9rie et l\u2019Iran apparaissent comme des acteurs cl\u00e9s, tissant des liens complexes avec divers groupes radicaux et terroristes dont le Polisario, utilis\u00e9s comme un levier de pression. La dynamique inqui\u00e9tante entretenue par ces deux pays va au-del\u00e0 de leurs fronti\u00e8res imm\u00e9diates, et r\u00e9v\u00e8le des vis\u00e9es d\u00e9stabilisatrices dans leurs deux r\u00e9gions d\u2019appartenance.<\/em><\/strong><\/p>\n\n\n\n<p class=\"wp-block-paragraph\">S\u2019appuyant sur des rapports occidentaux et des observateurs, un&nbsp;article de Sahel Intelligence intitul\u00e9&nbsp;<em>\u00ab&nbsp;Alg\u00e9rie et Iran : Une menace pour la s\u00e9curit\u00e9 du Moyen-Orient du Sahel et de l\u2019Afrique du Nord&nbsp;\u00bb,<\/em>&nbsp;le site d\u2019information sp\u00e9cialis\u00e9 en affaires g\u00e9ostrat\u00e9giques en lien avec l\u2019Afrique sah\u00e9lienne, a mis en lumi\u00e8re les objectifs g\u00e9ostrat\u00e9giques de l\u2019Iran et de l\u2019Alg\u00e9rie, \u00e0 travers des entit\u00e9s comme le Hezbollah et le Polisario.<\/p>\n\n\n\n<p class=\"wp-block-paragraph\">Ces alliances entretenues par Alger et T\u00e9h\u00e9ran pourraient alimenter des foyers de violence \u00e0 travers le Sahel, le Maghreb et le Moyen-Orient, aggravant ainsi l\u2019instabilit\u00e9 de r\u00e9gions d\u00e9j\u00e0 fragiles.<\/p>\n\n\n<div class=\"wp-block-image\">\n<figure class=\"aligncenter size-large is-resized\"><img loading=\"lazy\" decoding=\"async\" width=\"1024\" height=\"1024\" src=\"https:\/\/macite.tg\/wp-content\/uploads\/2025\/02\/d4c3a8a5-b555-493c-b116-93e62f3746c8-1024x1024.jpg\" alt=\"\" class=\"wp-image-20275\" style=\"width:580px;height:auto\" srcset=\"https:\/\/macite.tg\/wp-content\/uploads\/2025\/02\/d4c3a8a5-b555-493c-b116-93e62f3746c8-1024x1024.jpg 1024w, https:\/\/macite.tg\/wp-content\/uploads\/2025\/02\/d4c3a8a5-b555-493c-b116-93e62f3746c8-300x300.jpg 300w, https:\/\/macite.tg\/wp-content\/uploads\/2025\/02\/d4c3a8a5-b555-493c-b116-93e62f3746c8-150x150.jpg 150w, https:\/\/macite.tg\/wp-content\/uploads\/2025\/02\/d4c3a8a5-b555-493c-b116-93e62f3746c8-768x768.jpg 768w, https:\/\/macite.tg\/wp-content\/uploads\/2025\/02\/d4c3a8a5-b555-493c-b116-93e62f3746c8-122x122.jpg 122w, https:\/\/macite.tg\/wp-content\/uploads\/2025\/02\/d4c3a8a5-b555-493c-b116-93e62f3746c8.jpg 1080w\" sizes=\"auto, (max-width: 1024px) 100vw, 1024px\" \/><\/figure>\n<\/div>\n\n\n<p class=\"wp-block-paragraph\"><em>\u00ab&nbsp;Les analystes occidentaux s\u2019accordent \u00e0 dire que l\u2019Alg\u00e9rie et l\u2019Iran, en soutenant les groupes terroristes, poursuivent une strat\u00e9gie bien plus vaste que celle de la simple d\u00e9fense du Polisario ou du Hamas, visant \u00e0 maintenir un conflit qui divise les r\u00e9gions&nbsp;\u00bb,<\/em>&nbsp;indique Sahel intelligence.<\/p>\n\n\n\n<p class=\"wp-block-paragraph\">En effet, selon le m\u00e9dia, l\u2019Alg\u00e9rie et l\u2019Iran seraient les acteurs de&nbsp;<em>\u00ab&nbsp;dynamiques dangereuses&nbsp;\u00bb<\/em>&nbsp;o\u00f9 se m\u00ealent le Hezbollah libanais, la milice s\u00e9paratiste du Polisario et d\u2019autres groupes terroristes.<\/p>\n\n\n\n<p class=\"wp-block-paragraph\">Les services de renseignement alg\u00e9riens auraient ainsi avanc\u00e9&nbsp;<em>\u00ab&nbsp;plus de 2 millions de dollars au Hezbollah libanais pour lutter contre l\u2019Etat d\u2019Isra\u00ebl&nbsp;\u00bb.<\/em>&nbsp;De m\u00eame, citant l\u2019expert militaire D. Cohen, le site affirme que l\u2019Alg\u00e9rie a&nbsp;<em>\u00ab&nbsp;transform\u00e9&nbsp;\u00bb<\/em>&nbsp;le Polisario, et l\u2019utilise comme levier strat\u00e9gique pour&nbsp;<em>\u00ab&nbsp;d\u00e9stabiliser non seulement le Maghreb, mais aussi les zones du Sahel et du Moyen-Orient, pour un montant sup\u00e9rieur \u00e0 100 millions de dollars&nbsp;\u00bb.<\/em><\/p>\n\n\n\n<p class=\"wp-block-paragraph\">Les observateurs internationaux, poursuit la m\u00eame source, en se basant sur des rapports des services de renseignement occidentaux, \u00e9tablissant de r\u00e9els des liens entre le Hezbollah, le Polisario et des groupes terroristes op\u00e9rant au Moyen-Orient, dans le Sahara et au Sahel, remarquent&nbsp;<em>\u00ab&nbsp;une implication croissante de l\u2019Iran dans ce conflit (du Sahara, ndlr), afin de renforcer ses relations avec des acteurs radicaux et des groupes terroristes dans la r\u00e9gion du Maghreb&nbsp;\u00bb.<\/em><\/p>\n\n\n<div class=\"wp-block-image\">\n<figure class=\"aligncenter size-full\"><img loading=\"lazy\" decoding=\"async\" width=\"851\" height=\"315\" src=\"https:\/\/macite.tg\/wp-content\/uploads\/2025\/02\/OTR_Renseignements-1.jpg\" alt=\"\" class=\"wp-image-20215\" srcset=\"https:\/\/macite.tg\/wp-content\/uploads\/2025\/02\/OTR_Renseignements-1.jpg 851w, https:\/\/macite.tg\/wp-content\/uploads\/2025\/02\/OTR_Renseignements-1-300x111.jpg 300w, https:\/\/macite.tg\/wp-content\/uploads\/2025\/02\/OTR_Renseignements-1-768x284.jpg 768w\" sizes=\"auto, (max-width: 851px) 100vw, 851px\" \/><\/figure>\n<\/div>\n\n\n<p class=\"wp-block-paragraph\">Les analystes estiment, en outre, que le r\u00e9gime alg\u00e9rien utilise le Polisario pour maintenir un \u00e9tat de guerre latente, qui profite \u00e0 ses propres int\u00e9r\u00eats internes, mais le revers de la m\u00e9daille est que l\u2019Iran, qui se trouve impliqu\u00e9e dans cette dynamique, sert d\u2019autres agendas en Afrique.<\/p>\n\n\n\n<p class=\"wp-block-paragraph\"><em>\u00ab&nbsp;Cette relation entre l\u2019Iran et le Polisario n\u2019est pas un hasard, mais plut\u00f4t une man\u0153uvre strat\u00e9gique dans le cadre de l\u2019expansion de l\u2019influence chiite iranienne en Afrique du Nord et dans le Sahel&nbsp;\u00bb,<\/em>&nbsp;souligne Sahel intelligence.<\/p>\n\n\n\n<p class=\"wp-block-paragraph\">L\u2019Iran et l\u2019Alg\u00e9rie nourrissent l\u2019objectif et l\u2019espoir de maintenir le Moyen-Orient et l\u2019Afrique du nord, le Sahel, et plus vastement l\u2019Afrique (au niveau de l\u2019Union africaine), victimes et noy\u00e9es dans des conflits qui les divisent. Et cela passe in\u00e9vitablement par la promotion et le soutien fourni aux groupes terroristes, s\u00e9paratistes et acteurs radicaux pr\u00e9sents dans ces r\u00e9gions.<\/p>\n\n\n\n<p class=\"wp-block-paragraph\"><em>\u00ab&nbsp;L\u2019Alg\u00e9rie se trouve en r\u00e9alit\u00e9 \u00e0 l\u2019origine d\u2019un foyer de violence qui peut facilement se propager dans les pays voisins, y compris la Mauritanie, le Mali, le Niger et le Burkina Faso. En effet, les fronti\u00e8res poreuses entre ces pays facilitent le passage d\u2019armements, de combattants et d\u2019argent pour des groupes radicaux op\u00e9rant \u00e0 travers le Sahel&nbsp;\u00bb,<\/em>&nbsp;indique le site d\u2019information.<\/p>\n\n\n\n<p class=\"wp-block-paragraph\">Avec l\u2019aide de l\u2019Alg\u00e9rie qui lui fournit une assistance technique, l\u2019Iran se voit offrir&nbsp;<em>\u00ab&nbsp;un +front suppl\u00e9mentaire+ dans ses rivalit\u00e9s avec des puissances comme les Etats-Unis, tout en s\u2019immis\u00e7ant dans les affaires r\u00e9gionales \u00e0 travers des acteurs proxy&nbsp;\u00bb,<\/em>&nbsp;ajoute Sahel Intelligence.<\/p>\n\n\n<div class=\"wp-block-image\">\n<figure class=\"aligncenter size-large is-resized\"><img loading=\"lazy\" decoding=\"async\" width=\"1024\" height=\"1024\" src=\"https:\/\/macite.tg\/wp-content\/uploads\/2025\/02\/OTRcTelegram-1024x1024.jpg\" alt=\"\" class=\"wp-image-20231\" style=\"width:596px;height:auto\" srcset=\"https:\/\/macite.tg\/wp-content\/uploads\/2025\/02\/OTRcTelegram-1024x1024.jpg 1024w, https:\/\/macite.tg\/wp-content\/uploads\/2025\/02\/OTRcTelegram-300x300.jpg 300w, https:\/\/macite.tg\/wp-content\/uploads\/2025\/02\/OTRcTelegram-150x150.jpg 150w, https:\/\/macite.tg\/wp-content\/uploads\/2025\/02\/OTRcTelegram-768x768.jpg 768w, https:\/\/macite.tg\/wp-content\/uploads\/2025\/02\/OTRcTelegram-122x122.jpg 122w, https:\/\/macite.tg\/wp-content\/uploads\/2025\/02\/OTRcTelegram.jpg 1080w\" sizes=\"auto, (max-width: 1024px) 100vw, 1024px\" \/><\/figure>\n<\/div>\n\n\n<p class=\"wp-block-paragraph\">Les pays du Sahel seraient aujourd\u2019hui les nouvelles victimes de cette strat\u00e9gie de l\u2019Alg\u00e9rie et de l\u2019Iran puisque des liens ont \u00e9t\u00e9 \u00e9tablis entre le Polisario, les milices iraniennes et des groupes terroristes op\u00e9rant dans la r\u00e9gion du Sahel comme ceux affili\u00e9s \u00e0 Al-Qa\u00efda au Maghreb islamique (AQMI) ou \u00e0 l\u2019\u00c9tat islamique au Grand Sahara (EIGS).<\/p>\n\n\n\n<p class=\"wp-block-paragraph\"><strong>MSN &amp; fr.hespress<\/strong><\/p>\n\n\n\n<p class=\"wp-block-paragraph\"><a><strong><em>@macite.tg&nbsp;&nbsp;&nbsp;&nbsp;&nbsp;&nbsp;&nbsp;&nbsp;<\/em><\/strong><\/a><\/p>\n\n\n\n<p class=\"wp-block-paragraph\"><strong><em>E-mail&nbsp;: <\/em><\/strong><a href=\"mailto:maciteinfo@gmail.com\"><strong><em>maciteinfo@gmail.com<\/em><\/strong><\/a><strong><em>; <\/em><\/strong><a href=\"mailto:bawela1@gmail.com\"><strong><em>bawela1@gmail.com<\/em><\/strong><\/a><strong><em><\/em><\/strong><\/p>\n\n\n\n<p class=\"wp-block-paragraph\"><strong><em>Pour vos annonces, (publi)reportages, etc., joignez-nous au (00228)91515309\/<strong>79872224 <\/strong>www.macite.tg, L\u2019information, la bonne&nbsp;!<\/em><\/strong><\/p>\n","protected":false},"excerpt":{"rendered":"<p class=\"text-justify mb-2\" >Dans un contexte de tensions croissantes au Moyen-Orient et en Afrique du Nord, l\u2019Alg\u00e9rie et l\u2019Iran apparaissent comme des acteurs cl\u00e9s, tissant des liens complexes avec divers groupes radicaux et terroristes dont le Polisario, utilis\u00e9s comme un levier de pression. La dynamique inqui\u00e9tante entretenue par [&hellip;]<\/p>\n","protected":false},"author":2,"featured_media":20276,"comment_status":"open","ping_status":"open","sticky":false,"template":"","format":"standard","meta":{"footnotes":""},"categories":[20,8],"tags":[],"class_list":["post-20273","post","type-post","status-publish","format-standard","has-post-thumbnail","hentry","category-actualite","category-diplomatie"],"yoast_head":"<!-- This site is optimized with the Yoast SEO plugin v28.4 - https:\/\/yoast.com\/product\/yoast-seo-wordpress\/ -->\n<title>IRAN ET ALGERIE\u00a0: Architectes d&#039;une menace grandissante pour l&#039;Afrique et le Myen-Orien -<\/title>\n<meta name=\"robots\" content=\"index, follow, max-snippet:-1, max-image-preview:large, max-video-preview:-1\" \/>\n<link rel=\"canonical\" href=\"https:\/\/macite.tg\/?p=20273\" \/>\n<meta property=\"og:locale\" content=\"fr_FR\" \/>\n<meta property=\"og:type\" content=\"article\" \/>\n<meta property=\"og:title\" content=\"IRAN ET ALGERIE\u00a0: Architectes d&#039;une menace grandissante pour l&#039;Afrique et le Myen-Orien -\" \/>\n<meta property=\"og:description\" content=\"Dans un contexte de tensions croissantes au Moyen-Orient et en Afrique du Nord, l\u2019Alg\u00e9rie et l\u2019Iran apparaissent comme des acteurs cl\u00e9s, tissant des liens complexes avec divers groupes radicaux et terroristes dont le Polisario, utilis\u00e9s comme un levier de pression. La dynamique inqui\u00e9tante entretenue par [&hellip;]\" \/>\n<meta property=\"og:url\" content=\"https:\/\/macite.tg\/?p=20273\" \/>\n<meta property=\"article:published_time\" content=\"2025-02-19T10:20:51+00:00\" \/>\n<meta property=\"article:modified_time\" content=\"2025-02-19T10:21:38+00:00\" \/>\n<meta property=\"og:image\" content=\"https:\/\/macite.tg\/wp-content\/uploads\/2025\/02\/Algerie-Iran.jpg\" \/>\n\t<meta property=\"og:image:width\" content=\"500\" \/>\n\t<meta property=\"og:image:height\" content=\"333\" \/>\n\t<meta property=\"og:image:type\" content=\"image\/jpeg\" \/>\n<meta name=\"author\" content=\"Jean Pierre BAWELA\" \/>\n<meta name=\"twitter:card\" content=\"summary_large_image\" \/>\n<meta name=\"twitter:label1\" content=\"\u00c9crit par\" \/>\n\t<meta name=\"twitter:data1\" content=\"Jean Pierre BAWELA\" \/>\n\t<meta name=\"twitter:label2\" content=\"Dur\u00e9e de lecture estim\u00e9e\" \/>\n\t<meta name=\"twitter:data2\" content=\"5 minutes\" \/>\n<script type=\"application\/ld+json\" class=\"yoast-schema-graph\">{\"@context\":\"https:\\\/\\\/schema.org\",\"@graph\":[{\"@type\":\"Article\",\"@id\":\"https:\\\/\\\/macite.tg\\\/?p=20273#article\",\"isPartOf\":{\"@id\":\"https:\\\/\\\/macite.tg\\\/?p=20273\"},\"author\":{\"name\":\"Jean Pierre BAWELA\",\"@id\":\"https:\\\/\\\/macite.tg\\\/#\\\/schema\\\/person\\\/e9f2de7e5dbbe7770a9402c7ce82f5c2\"},\"headline\":\"IRAN ET ALGERIE\u00a0: Architectes d&rsquo;une menace grandissante pour l&rsquo;Afrique et le Myen-Orien\",\"datePublished\":\"2025-02-19T10:20:51+00:00\",\"dateModified\":\"2025-02-19T10:21:38+00:00\",\"mainEntityOfPage\":{\"@id\":\"https:\\\/\\\/macite.tg\\\/?p=20273\"},\"wordCount\":866,\"commentCount\":0,\"image\":{\"@id\":\"https:\\\/\\\/macite.tg\\\/?p=20273#primaryimage\"},\"thumbnailUrl\":\"https:\\\/\\\/macite.tg\\\/wp-content\\\/uploads\\\/2025\\\/02\\\/Algerie-Iran.jpg\",\"articleSection\":[\"ACTUALITE\",\"DIPLOMATIE\"],\"inLanguage\":\"fr-FR\",\"potentialAction\":[{\"@type\":\"CommentAction\",\"name\":\"Comment\",\"target\":[\"https:\\\/\\\/macite.tg\\\/?p=20273#respond\"]}]},{\"@type\":\"WebPage\",\"@id\":\"https:\\\/\\\/macite.tg\\\/?p=20273\",\"url\":\"https:\\\/\\\/macite.tg\\\/?p=20273\",\"name\":\"IRAN ET ALGERIE\u00a0: Architectes d'une menace grandissante pour l'Afrique et le Myen-Orien -\",\"isPartOf\":{\"@id\":\"https:\\\/\\\/macite.tg\\\/#website\"},\"primaryImageOfPage\":{\"@id\":\"https:\\\/\\\/macite.tg\\\/?p=20273#primaryimage\"},\"image\":{\"@id\":\"https:\\\/\\\/macite.tg\\\/?p=20273#primaryimage\"},\"thumbnailUrl\":\"https:\\\/\\\/macite.tg\\\/wp-content\\\/uploads\\\/2025\\\/02\\\/Algerie-Iran.jpg\",\"datePublished\":\"2025-02-19T10:20:51+00:00\",\"dateModified\":\"2025-02-19T10:21:38+00:00\",\"author\":{\"@id\":\"https:\\\/\\\/macite.tg\\\/#\\\/schema\\\/person\\\/e9f2de7e5dbbe7770a9402c7ce82f5c2\"},\"breadcrumb\":{\"@id\":\"https:\\\/\\\/macite.tg\\\/?p=20273#breadcrumb\"},\"inLanguage\":\"fr-FR\",\"potentialAction\":[{\"@type\":\"ReadAction\",\"target\":[\"https:\\\/\\\/macite.tg\\\/?p=20273\"]}]},{\"@type\":\"ImageObject\",\"inLanguage\":\"fr-FR\",\"@id\":\"https:\\\/\\\/macite.tg\\\/?p=20273#primaryimage\",\"url\":\"https:\\\/\\\/macite.tg\\\/wp-content\\\/uploads\\\/2025\\\/02\\\/Algerie-Iran.jpg\",\"contentUrl\":\"https:\\\/\\\/macite.tg\\\/wp-content\\\/uploads\\\/2025\\\/02\\\/Algerie-Iran.jpg\",\"width\":500,\"height\":333},{\"@type\":\"BreadcrumbList\",\"@id\":\"https:\\\/\\\/macite.tg\\\/?p=20273#breadcrumb\",\"itemListElement\":[{\"@type\":\"ListItem\",\"position\":1,\"name\":\"Accueil\",\"item\":\"https:\\\/\\\/macite.tg\\\/\"},{\"@type\":\"ListItem\",\"position\":2,\"name\":\"IRAN ET ALGERIE\u00a0: Architectes d&rsquo;une menace grandissante pour l&rsquo;Afrique et le Myen-Orien\"}]},{\"@type\":\"WebSite\",\"@id\":\"https:\\\/\\\/macite.tg\\\/#website\",\"url\":\"https:\\\/\\\/macite.tg\\\/\",\"name\":\"\",\"description\":\"L&#039;information, la bonne!!!\",\"potentialAction\":[{\"@type\":\"SearchAction\",\"target\":{\"@type\":\"EntryPoint\",\"urlTemplate\":\"https:\\\/\\\/macite.tg\\\/?s={search_term_string}\"},\"query-input\":{\"@type\":\"PropertyValueSpecification\",\"valueRequired\":true,\"valueName\":\"search_term_string\"}}],\"inLanguage\":\"fr-FR\"},{\"@type\":\"Person\",\"@id\":\"https:\\\/\\\/macite.tg\\\/#\\\/schema\\\/person\\\/e9f2de7e5dbbe7770a9402c7ce82f5c2\",\"name\":\"Jean Pierre BAWELA\",\"image\":{\"@type\":\"ImageObject\",\"inLanguage\":\"fr-FR\",\"@id\":\"https:\\\/\\\/macite.tg\\\/wp-content\\\/uploads\\\/2023\\\/09\\\/WhatsApp-Image-2023-09-19-at-14.44.41-122x122.jpeg\",\"url\":\"https:\\\/\\\/macite.tg\\\/wp-content\\\/uploads\\\/2023\\\/09\\\/WhatsApp-Image-2023-09-19-at-14.44.41-122x122.jpeg\",\"contentUrl\":\"https:\\\/\\\/macite.tg\\\/wp-content\\\/uploads\\\/2023\\\/09\\\/WhatsApp-Image-2023-09-19-at-14.44.41-122x122.jpeg\",\"caption\":\"Jean Pierre BAWELA\"},\"url\":\"https:\\\/\\\/macite.tg\\\/?author=2\"}]}<\/script>\n<!-- \/ Yoast SEO plugin. -->","yoast_head_json":{"title":"IRAN ET ALGERIE\u00a0: Architectes d'une menace grandissante pour l'Afrique et le Myen-Orien -","robots":{"index":"index","follow":"follow","max-snippet":"max-snippet:-1","max-image-preview":"max-image-preview:large","max-video-preview":"max-video-preview:-1"},"canonical":"https:\/\/macite.tg\/?p=20273","og_locale":"fr_FR","og_type":"article","og_title":"IRAN ET ALGERIE\u00a0: Architectes d'une menace grandissante pour l'Afrique et le Myen-Orien -","og_description":"Dans un contexte de tensions croissantes au Moyen-Orient et en Afrique du Nord, l\u2019Alg\u00e9rie et l\u2019Iran apparaissent comme des acteurs cl\u00e9s, tissant des liens complexes avec divers groupes radicaux et terroristes dont le Polisario, utilis\u00e9s comme un levier de pression. La dynamique inqui\u00e9tante entretenue par [&hellip;]","og_url":"https:\/\/macite.tg\/?p=20273","article_published_time":"2025-02-19T10:20:51+00:00","article_modified_time":"2025-02-19T10:21:38+00:00","og_image":[{"width":500,"height":333,"url":"https:\/\/macite.tg\/wp-content\/uploads\/2025\/02\/Algerie-Iran.jpg","type":"image\/jpeg"}],"author":"Jean Pierre BAWELA","twitter_card":"summary_large_image","twitter_misc":{"\u00c9crit par":"Jean Pierre BAWELA","Dur\u00e9e de lecture estim\u00e9e":"5 minutes"},"schema":{"@context":"https:\/\/schema.org","@graph":[{"@type":"Article","@id":"https:\/\/macite.tg\/?p=20273#article","isPartOf":{"@id":"https:\/\/macite.tg\/?p=20273"},"author":{"name":"Jean Pierre BAWELA","@id":"https:\/\/macite.tg\/#\/schema\/person\/e9f2de7e5dbbe7770a9402c7ce82f5c2"},"headline":"IRAN ET ALGERIE\u00a0: Architectes d&rsquo;une menace grandissante pour l&rsquo;Afrique et le Myen-Orien","datePublished":"2025-02-19T10:20:51+00:00","dateModified":"2025-02-19T10:21:38+00:00","mainEntityOfPage":{"@id":"https:\/\/macite.tg\/?p=20273"},"wordCount":866,"commentCount":0,"image":{"@id":"https:\/\/macite.tg\/?p=20273#primaryimage"},"thumbnailUrl":"https:\/\/macite.tg\/wp-content\/uploads\/2025\/02\/Algerie-Iran.jpg","articleSection":["ACTUALITE","DIPLOMATIE"],"inLanguage":"fr-FR","potentialAction":[{"@type":"CommentAction","name":"Comment","target":["https:\/\/macite.tg\/?p=20273#respond"]}]},{"@type":"WebPage","@id":"https:\/\/macite.tg\/?p=20273","url":"https:\/\/macite.tg\/?p=20273","name":"IRAN ET ALGERIE\u00a0: Architectes d'une menace grandissante pour l'Afrique et le Myen-Orien -","isPartOf":{"@id":"https:\/\/macite.tg\/#website"},"primaryImageOfPage":{"@id":"https:\/\/macite.tg\/?p=20273#primaryimage"},"image":{"@id":"https:\/\/macite.tg\/?p=20273#primaryimage"},"thumbnailUrl":"https:\/\/macite.tg\/wp-content\/uploads\/2025\/02\/Algerie-Iran.jpg","datePublished":"2025-02-19T10:20:51+00:00","dateModified":"2025-02-19T10:21:38+00:00","author":{"@id":"https:\/\/macite.tg\/#\/schema\/person\/e9f2de7e5dbbe7770a9402c7ce82f5c2"},"breadcrumb":{"@id":"https:\/\/macite.tg\/?p=20273#breadcrumb"},"inLanguage":"fr-FR","potentialAction":[{"@type":"ReadAction","target":["https:\/\/macite.tg\/?p=20273"]}]},{"@type":"ImageObject","inLanguage":"fr-FR","@id":"https:\/\/macite.tg\/?p=20273#primaryimage","url":"https:\/\/macite.tg\/wp-content\/uploads\/2025\/02\/Algerie-Iran.jpg","contentUrl":"https:\/\/macite.tg\/wp-content\/uploads\/2025\/02\/Algerie-Iran.jpg","width":500,"height":333},{"@type":"BreadcrumbList","@id":"https:\/\/macite.tg\/?p=20273#breadcrumb","itemListElement":[{"@type":"ListItem","position":1,"name":"Accueil","item":"https:\/\/macite.tg\/"},{"@type":"ListItem","position":2,"name":"IRAN ET ALGERIE\u00a0: Architectes d&rsquo;une menace grandissante pour l&rsquo;Afrique et le Myen-Orien"}]},{"@type":"WebSite","@id":"https:\/\/macite.tg\/#website","url":"https:\/\/macite.tg\/","name":"","description":"L&#039;information, la bonne!!!","potentialAction":[{"@type":"SearchAction","target":{"@type":"EntryPoint","urlTemplate":"https:\/\/macite.tg\/?s={search_term_string}"},"query-input":{"@type":"PropertyValueSpecification","valueRequired":true,"valueName":"search_term_string"}}],"inLanguage":"fr-FR"},{"@type":"Person","@id":"https:\/\/macite.tg\/#\/schema\/person\/e9f2de7e5dbbe7770a9402c7ce82f5c2","name":"Jean Pierre BAWELA","image":{"@type":"ImageObject","inLanguage":"fr-FR","@id":"https:\/\/macite.tg\/wp-content\/uploads\/2023\/09\/WhatsApp-Image-2023-09-19-at-14.44.41-122x122.jpeg","url":"https:\/\/macite.tg\/wp-content\/uploads\/2023\/09\/WhatsApp-Image-2023-09-19-at-14.44.41-122x122.jpeg","contentUrl":"https:\/\/macite.tg\/wp-content\/uploads\/2023\/09\/WhatsApp-Image-2023-09-19-at-14.44.41-122x122.jpeg","caption":"Jean Pierre BAWELA"},"url":"https:\/\/macite.tg\/?author=2"}]}},"_links":{"self":[{"href":"https:\/\/macite.tg\/index.php?rest_route=\/wp\/v2\/posts\/20273","targetHints":{"allow":["GET"]}}],"collection":[{"href":"https:\/\/macite.tg\/index.php?rest_route=\/wp\/v2\/posts"}],"about":[{"href":"https:\/\/macite.tg\/index.php?rest_route=\/wp\/v2\/types\/post"}],"author":[{"embeddable":true,"href":"https:\/\/macite.tg\/index.php?rest_route=\/wp\/v2\/users\/2"}],"replies":[{"embeddable":true,"href":"https:\/\/macite.tg\/index.php?rest_route=%2Fwp%2Fv2%2Fcomments&post=20273"}],"version-history":[{"count":0,"href":"https:\/\/macite.tg\/index.php?rest_route=\/wp\/v2\/posts\/20273\/revisions"}],"wp:featuredmedia":[{"embeddable":true,"href":"https:\/\/macite.tg\/index.php?rest_route=\/wp\/v2\/media\/20276"}],"wp:attachment":[{"href":"https:\/\/macite.tg\/index.php?rest_route=%2Fwp%2Fv2%2Fmedia&parent=20273"}],"wp:term":[{"taxonomy":"category","embeddable":true,"href":"https:\/\/macite.tg\/index.php?rest_route=%2Fwp%2Fv2%2Fcategories&post=20273"},{"taxonomy":"post_tag","embeddable":true,"href":"https:\/\/macite.tg\/index.php?rest_route=%2Fwp%2Fv2%2Ftags&post=20273"}],"curies":[{"name":"wp","href":"https:\/\/api.w.org\/{rel}","templated":true}]}}