{"id":20269,"date":"2025-02-18T17:14:12","date_gmt":"2025-02-18T17:14:12","guid":{"rendered":"https:\/\/macite.tg\/?p=20269"},"modified":"2025-02-18T17:14:29","modified_gmt":"2025-02-18T17:14:29","slug":"38eme-sommet-de-lua-le-maroc-ferme-sur-son-engagement-en-faveur-des-causes-nobles-de-lafrique-et-des-interets-vitaux-de-ses-citoyens","status":"publish","type":"post","link":"https:\/\/macite.tg\/?p=20269","title":{"rendered":"38EME SOMMET DE L\u2019UA : Le Maroc ferme sur son engagement en faveur des \u2018\u2019causes nobles de l\u2019Afrique et des int\u00e9r\u00eats vitaux de ses citoyens\u2019\u2019"},"content":{"rendered":"\n<p class=\"wp-block-paragraph\"><strong><em>La 38<sup>\u00e8me<\/sup> Conf\u00e9rence des Chefs d\u2019Etat et de Gouvernement, tenue le dimanche 16 f\u00e9vrier dernier \u00e0 Addis-Abeba, s\u2019est pench\u00e9e sur plusieurs sujets d\u2019int\u00e9r\u00eats vitaux relatifs, notamment \u00e0 la paix et la s\u00e9curit\u00e9, l\u2019int\u00e9gration continentale, la s\u00e9curit\u00e9 sanitaire et les changements climatiques, sans oublier le chantier du renouv\u00e8lement du leadership de la Commission de l\u2019Union africaine. Tout comme les pr\u00e9c\u00e9dentes, cette rencontre a connu une participation active du Maroc, qui a fait une contribution substantielle au regard des diff\u00e9rentes r\u00e9unions et \u00e9v\u00e9nements \u00e0 l\u2019agenda de ce 38<sup>\u00e8me<\/sup> sommet de l\u2019Union africaine, et portant sur des th\u00e9matiques diverses.<\/em><\/strong><\/p>\n\n\n\n<p class=\"wp-block-paragraph\">D\u2019entr\u00e9e, il faut faire remarquer qu\u2019\u00e0 cette 38<sup>\u00e8me<\/sup> Conf\u00e9rence des Chefs d\u2019Etat et de Gouvernement, l\u2019ordre du jour avait fait \u00e9conomie de la question du Sahara marocain, ceci au grand dam des adversaires de l\u2019int\u00e9grit\u00e9 territorial du Royaume. Ce qui confirme ainsi la posture de l\u2019Union africaine comme une organisation continentale d\u00e9sireuse de concentrer ses \u00e9nergies sur des questions urgentes et prioritaires pour l\u2019Afrique, et rompre avec son instrumentalisation comme plateforme d\u00e9di\u00e9e au service d\u2019agendas cach\u00e9s.<\/p>\n\n\n\n<p class=\"wp-block-paragraph\">De plus, huit ans seulement apr\u00e8s le retour du Maroc au sein de l\u2019institution panafricaine, et Rabat s\u2019illustre d\u00e9j\u00e0 \u00e0 travers de grandes orientations, ceci gr\u00e2ce \u00e0 la Vision Royale \u00e9clair\u00e9e et proactive, au point m\u00eame de devenir un acteur cl\u00e9 au sein de cette grande famille africaine. En t\u00e9moigne d\u2019ailleurs les actions et les initiatives port\u00e9es par le Royaume, qui jouissent de l\u2019adh\u00e9sion collective et dont la cr\u00e9dibilit\u00e9 lui a valu la confiance des forces vives de l\u2019Union \u00e0 diff\u00e9rents \u00e9gards.<\/p>\n\n\n<div class=\"wp-block-image\">\n<figure class=\"aligncenter size-large is-resized\"><img loading=\"lazy\" decoding=\"async\" width=\"1024\" height=\"1024\" src=\"https:\/\/macite.tg\/wp-content\/uploads\/2025\/02\/OTRcTelegram-1024x1024.jpg\" alt=\"\" class=\"wp-image-20231\" style=\"width:580px;height:auto\" srcset=\"https:\/\/macite.tg\/wp-content\/uploads\/2025\/02\/OTRcTelegram-1024x1024.jpg 1024w, https:\/\/macite.tg\/wp-content\/uploads\/2025\/02\/OTRcTelegram-300x300.jpg 300w, https:\/\/macite.tg\/wp-content\/uploads\/2025\/02\/OTRcTelegram-150x150.jpg 150w, https:\/\/macite.tg\/wp-content\/uploads\/2025\/02\/OTRcTelegram-768x768.jpg 768w, https:\/\/macite.tg\/wp-content\/uploads\/2025\/02\/OTRcTelegram-122x122.jpg 122w, https:\/\/macite.tg\/wp-content\/uploads\/2025\/02\/OTRcTelegram.jpg 1080w\" sizes=\"auto, (max-width: 1024px) 100vw, 1024px\" \/><\/figure>\n<\/div>\n\n\n<p class=\"wp-block-paragraph\">Et la preuve nous est encore \u00e9t\u00e9 offerte lors de cette 38<sup>\u00e8me<\/sup> session de l\u2019organisation. Lors la r\u00e9union du Conseil de Paix et de S\u00e9curit\u00e9 de l\u2019UA au niveau des Chefs d\u2019\u00c9tat et de Gouvernement sur la situation au Soudan et la crise \u00e0 l\u2019Est de la RDC, r\u00e9union \u00e0 laquelle a pris part le Maroc, c\u2019est bien la proposition de Rabat qui a \u00e9t\u00e9 endoss\u00e9e \u00e0 l\u2019unanimit\u00e9. En effet, le Royaume a propos\u00e9 une tr\u00eave humanitaire soit observ\u00e9e au Soudan, durant le mois sacr\u00e9 du Ramadan, afin de permettre l\u2019acc\u00e8s \u00e0 l\u2019aide humanitaire et ce, sans restriction, ni discrimination.<\/p>\n\n\n\n<p class=\"wp-block-paragraph\">Sur un autre terrain, cette fois sanitaire, le Maroc a annonc\u00e9, lors de la r\u00e9union de haut niveau sur le financement de la sant\u00e9, une contribution substantielle dans l\u2019objectif du renforcement de la s\u00e9curit\u00e9 sanitaire au sein du continent. De quoi marquer les esprits, m\u00eames plus r\u00e9fractaires.<\/p>\n\n\n\n<p class=\"wp-block-paragraph\">On se rappelle que c\u2019est dans cette dynamique qu\u2019en 2018, le Souverain marocain avait \u00e9t\u00e9 d\u00e9sign\u00e9 par l\u2019instance panafricaine en tant que Leader sur la question de la Migration, et Rabat pour abriter l\u2019Observatoire africain pour les migrations.<\/p>\n\n\n\n<p class=\"wp-block-paragraph\">Sur un tout autre plan, cette fois-ci, environnemental, les initiatives Royales en lien avec les questions du climat, lanc\u00e9es en 2016 lors du Sommet Africain pour l\u2019Action, sont un r\u00e9f\u00e9rentiel clair pour les pays africains dans le cadre de leur qu\u00eate collective en vue de construire un mod\u00e8le africain de r\u00e9silience climatique, au point d\u2019\u00eatre m\u00eame une <em>\u00ab success story \u00bb.<\/em><\/p>\n\n\n<div class=\"wp-block-image\">\n<figure class=\"aligncenter size-full\"><img loading=\"lazy\" decoding=\"async\" width=\"851\" height=\"315\" src=\"https:\/\/macite.tg\/wp-content\/uploads\/2025\/02\/OTR_Renseignements-1.jpg\" alt=\"\" class=\"wp-image-20215\" srcset=\"https:\/\/macite.tg\/wp-content\/uploads\/2025\/02\/OTR_Renseignements-1.jpg 851w, https:\/\/macite.tg\/wp-content\/uploads\/2025\/02\/OTR_Renseignements-1-300x111.jpg 300w, https:\/\/macite.tg\/wp-content\/uploads\/2025\/02\/OTR_Renseignements-1-768x284.jpg 768w\" sizes=\"auto, (max-width: 851px) 100vw, 851px\" \/><\/figure>\n<\/div>\n\n\n<p class=\"wp-block-paragraph\">Quid de la question s\u00e9curitaire. En effet, le Maroc, qui a si\u00e9g\u00e9, deux mandats durant (2018-2020 et 2022-2025), au Conseil de Paix et de S\u00e9curit\u00e9 de l\u2019UA, a, en tant que pr\u00e9sident de cet organe essentiel, lanc\u00e9 <em>\u00ab&nbsp;des initiatives innovantes, in\u00e9dites et concr\u00e8tes qui s\u2019inspirent de la Vision Royale visant \u00e0 servir les int\u00e9r\u00eats vitaux du citoyen africain en termes de paix, de s\u00e9curit\u00e9 et de d\u00e9veloppement&nbsp;\u00bb.<\/em><\/p>\n\n\n\n<p class=\"wp-block-paragraph\">De plus, la D\u00e9claration de Tanger, \u00e0 issue de la Conf\u00e9rence de Tanger sur la promotion de la Paix, la S\u00e9curit\u00e9 et le D\u00e9veloppement, qui a \u00e9t\u00e9 endoss\u00e9e \u00e0 l\u2019unanimit\u00e9 par la Conf\u00e9rence de l\u2019UA, a constitu\u00e9 un moment charni\u00e8re sur le chemin de la redynamisation de l\u2019approche nexus paix-s\u00e9curit\u00e9-d\u00e9veloppement comme r\u00e9ponse globale, int\u00e9gr\u00e9e et pertinente face aux d\u00e9fis aff\u00e9rents \u00e0 la paix et la s\u00e9curit\u00e9 sur le continent. Elle a permis de f\u00e9d\u00e9rer les efforts de toute les parties prenantes (\u00c9tats membres, organes et institutions financi\u00e8res, communaut\u00e9s \u00e9conomiques r\u00e9gionales, agences de l\u2019ONU, et organisations de la soci\u00e9t\u00e9 civile). Et pour couronner le tout, dans le cadre de la promotion du processus de d\u00e9mocratisation sur le continent, Rabat offre un programme de formation sp\u00e9cialis\u00e9e pour les observateurs \u00e9lectoraux de l\u2019UA.<\/p>\n\n\n\n<p class=\"wp-block-paragraph\">D\u2019autres initiatives telle que la pr\u00e9sence de profils hautement qualifi\u00e9s au niveau des diff\u00e9rentes structures de la Commission de l\u2019Union africaine, notamment le poste de Directeur G\u00e9n\u00e9ral de la CUA, qui constitue une position manag\u00e9riale cl\u00e9 au sein de cette derni\u00e8re, sans oublier d\u2019autres positions d\u2019importance strat\u00e9gique, notamment comme la Pr\u00e9sidence, au niveau minist\u00e9riel, du Comit\u00e9 Technique Sp\u00e9cialis\u00e9 sur les questions \u00e9conomiques, et la Vice-Pr\u00e9sidence du CTS sur la fonction publique, les collectivit\u00e9s territoriales, le d\u00e9veloppement urbain et la d\u00e9centralisation.<\/p>\n\n\n<div class=\"wp-block-image\">\n<figure class=\"aligncenter size-large is-resized\"><img loading=\"lazy\" decoding=\"async\" width=\"1024\" height=\"1024\" src=\"https:\/\/macite.tg\/wp-content\/uploads\/2025\/02\/OTR_-whatsApp-1024x1024.jpg\" alt=\"\" class=\"wp-image-20228\" style=\"width:664px;height:auto\" srcset=\"https:\/\/macite.tg\/wp-content\/uploads\/2025\/02\/OTR_-whatsApp-1024x1024.jpg 1024w, https:\/\/macite.tg\/wp-content\/uploads\/2025\/02\/OTR_-whatsApp-300x300.jpg 300w, https:\/\/macite.tg\/wp-content\/uploads\/2025\/02\/OTR_-whatsApp-150x150.jpg 150w, https:\/\/macite.tg\/wp-content\/uploads\/2025\/02\/OTR_-whatsApp-768x768.jpg 768w, https:\/\/macite.tg\/wp-content\/uploads\/2025\/02\/OTR_-whatsApp-122x122.jpg 122w, https:\/\/macite.tg\/wp-content\/uploads\/2025\/02\/OTR_-whatsApp.jpg 1080w\" sizes=\"auto, (max-width: 1024px) 100vw, 1024px\" \/><\/figure>\n<\/div>\n\n\n<p class=\"wp-block-paragraph\">Fort de ces riches exp\u00e9riences placent le Royaume au rang de pion indispensable dans l\u2019architecture l\u2019instance panafricaine. En tant que l\u2019un des membres fondateurs et au vu de son engagement r\u00e9solu et constant au service des causes nobles du continent africain, le Maroc entend poursuivre <em>\u00ab&nbsp;r\u00e9solument et avec d\u00e9termination sa contribution constructive et \u00e0 forte valeur ajout\u00e9e \u00e0 l\u2019action africaine commune dans le cadre du processus intergouvernemental, \u00e0 relever les d\u00e9fis qui persistent au sein de l\u2019organisation panafricaine en termes de renforcement de la bonne gouvernance administrative et financi\u00e8re et \u00e0 contrecarrer toutes les tentatives visant \u00e0 freiner l\u2019\u00e9lan de r\u00e9forme au sein de l\u2019Union Africaine<\/em>&nbsp;\u00bb.<\/p>\n\n\n\n<p class=\"wp-block-paragraph\">Une d\u00e9marche qui cadre bien avec la Vision Royale, celle qui <em>\u00ab&nbsp;place les causes nobles de l\u2019Afrique et les int\u00e9r\u00eats vitaux du citoyen africain en mati\u00e8re de paix, de s\u00e9curit\u00e9 et du d\u00e9veloppement au centre de l\u2019agenda panafricain et de donner le leadership au continent africain pour qu\u2019il puisse porter haut la voix de l\u2019Afrique \u00e0 l\u2019\u00e9chelle internationale&nbsp;\u00bb.<\/em><\/p>\n\n\n\n<p class=\"wp-block-paragraph\"><strong>MC<\/strong><\/p>\n\n\n\n<p class=\"wp-block-paragraph\"><a><strong><em>@macite.tg&nbsp;&nbsp;&nbsp;&nbsp;&nbsp;&nbsp;&nbsp;&nbsp;<\/em><\/strong><\/a><\/p>\n\n\n\n<p class=\"wp-block-paragraph\"><strong><em>E-mail&nbsp;: <\/em><\/strong><a href=\"mailto:maciteinfo@gmail.com\"><strong><em>maciteinfo@gmail.com<\/em><\/strong><\/a><strong><em>; <\/em><\/strong><a href=\"mailto:bawela1@gmail.com\"><strong><em>bawela1@gmail.com<\/em><\/strong><\/a><strong><em><\/em><\/strong><\/p>\n\n\n\n<p class=\"wp-block-paragraph\"><strong><em>Pour vos annonces, (publi)reportages, etc., joignez-nous au (00228)91515309\/<strong>79872224 <\/strong>www.macite.tg, L\u2019information, la bonne&nbsp;!<\/em><\/strong><\/p>\n","protected":false},"excerpt":{"rendered":"<p class=\"text-justify mb-2\" >La 38\u00e8me Conf\u00e9rence des Chefs d\u2019Etat et de Gouvernement, tenue le dimanche 16 f\u00e9vrier dernier \u00e0 Addis-Abeba, s\u2019est pench\u00e9e sur plusieurs sujets d\u2019int\u00e9r\u00eats vitaux relatifs, notamment \u00e0 la paix et la s\u00e9curit\u00e9, l\u2019int\u00e9gration continentale, la s\u00e9curit\u00e9 sanitaire et les changements climatiques, sans oublier le chantier [&hellip;]<\/p>\n","protected":false},"author":2,"featured_media":20270,"comment_status":"open","ping_status":"open","sticky":false,"template":"","format":"standard","meta":{"footnotes":""},"categories":[20,8],"tags":[],"class_list":["post-20269","post","type-post","status-publish","format-standard","has-post-thumbnail","hentry","category-actualite","category-diplomatie"],"yoast_head":"<!-- This site is optimized with the Yoast SEO plugin v28.4 - https:\/\/yoast.com\/product\/yoast-seo-wordpress\/ -->\n<title>38EME SOMMET DE L\u2019UA : Le Maroc ferme sur son engagement en faveur des \u2018\u2019causes nobles de l\u2019Afrique et des int\u00e9r\u00eats vitaux de ses citoyens\u2019\u2019 -<\/title>\n<meta name=\"robots\" content=\"index, follow, max-snippet:-1, max-image-preview:large, max-video-preview:-1\" \/>\n<link rel=\"canonical\" href=\"https:\/\/macite.tg\/?p=20269\" \/>\n<meta property=\"og:locale\" content=\"fr_FR\" \/>\n<meta property=\"og:type\" content=\"article\" \/>\n<meta property=\"og:title\" content=\"38EME SOMMET DE L\u2019UA : Le Maroc ferme sur son engagement en faveur des \u2018\u2019causes nobles de l\u2019Afrique et des int\u00e9r\u00eats vitaux de ses citoyens\u2019\u2019 -\" \/>\n<meta property=\"og:description\" content=\"La 38\u00e8me Conf\u00e9rence des Chefs d\u2019Etat et de Gouvernement, tenue le dimanche 16 f\u00e9vrier dernier \u00e0 Addis-Abeba, s\u2019est pench\u00e9e sur plusieurs sujets d\u2019int\u00e9r\u00eats vitaux relatifs, notamment \u00e0 la paix et la s\u00e9curit\u00e9, l\u2019int\u00e9gration continentale, la s\u00e9curit\u00e9 sanitaire et les changements climatiques, sans oublier le chantier [&hellip;]\" \/>\n<meta property=\"og:url\" content=\"https:\/\/macite.tg\/?p=20269\" \/>\n<meta property=\"article:published_time\" content=\"2025-02-18T17:14:12+00:00\" \/>\n<meta property=\"article:modified_time\" content=\"2025-02-18T17:14:29+00:00\" \/>\n<meta property=\"og:image\" content=\"https:\/\/macite.tg\/wp-content\/uploads\/2025\/02\/f45e66c9-bfb5-46ce-8bd3-b1498c651ce6.jpg\" \/>\n\t<meta property=\"og:image:width\" content=\"721\" \/>\n\t<meta property=\"og:image:height\" content=\"379\" \/>\n\t<meta property=\"og:image:type\" content=\"image\/jpeg\" \/>\n<meta name=\"author\" content=\"Jean Pierre BAWELA\" \/>\n<meta name=\"twitter:card\" content=\"summary_large_image\" \/>\n<meta name=\"twitter:label1\" content=\"\u00c9crit par\" \/>\n\t<meta name=\"twitter:data1\" content=\"Jean Pierre BAWELA\" \/>\n\t<meta name=\"twitter:label2\" content=\"Dur\u00e9e de lecture estim\u00e9e\" \/>\n\t<meta name=\"twitter:data2\" content=\"6 minutes\" \/>\n<script type=\"application\/ld+json\" class=\"yoast-schema-graph\">{\"@context\":\"https:\\\/\\\/schema.org\",\"@graph\":[{\"@type\":\"Article\",\"@id\":\"https:\\\/\\\/macite.tg\\\/?p=20269#article\",\"isPartOf\":{\"@id\":\"https:\\\/\\\/macite.tg\\\/?p=20269\"},\"author\":{\"name\":\"Jean Pierre BAWELA\",\"@id\":\"https:\\\/\\\/macite.tg\\\/#\\\/schema\\\/person\\\/e9f2de7e5dbbe7770a9402c7ce82f5c2\"},\"headline\":\"38EME SOMMET DE L\u2019UA : Le Maroc ferme sur son engagement en faveur des \u2018\u2019causes nobles de l\u2019Afrique et des int\u00e9r\u00eats vitaux de ses citoyens\u2019\u2019\",\"datePublished\":\"2025-02-18T17:14:12+00:00\",\"dateModified\":\"2025-02-18T17:14:29+00:00\",\"mainEntityOfPage\":{\"@id\":\"https:\\\/\\\/macite.tg\\\/?p=20269\"},\"wordCount\":1157,\"commentCount\":0,\"image\":{\"@id\":\"https:\\\/\\\/macite.tg\\\/?p=20269#primaryimage\"},\"thumbnailUrl\":\"https:\\\/\\\/macite.tg\\\/wp-content\\\/uploads\\\/2025\\\/02\\\/f45e66c9-bfb5-46ce-8bd3-b1498c651ce6.jpg\",\"articleSection\":[\"ACTUALITE\",\"DIPLOMATIE\"],\"inLanguage\":\"fr-FR\",\"potentialAction\":[{\"@type\":\"CommentAction\",\"name\":\"Comment\",\"target\":[\"https:\\\/\\\/macite.tg\\\/?p=20269#respond\"]}]},{\"@type\":\"WebPage\",\"@id\":\"https:\\\/\\\/macite.tg\\\/?p=20269\",\"url\":\"https:\\\/\\\/macite.tg\\\/?p=20269\",\"name\":\"38EME SOMMET DE L\u2019UA : Le Maroc ferme sur son engagement en faveur des \u2018\u2019causes nobles de l\u2019Afrique et des int\u00e9r\u00eats vitaux de ses citoyens\u2019\u2019 -\",\"isPartOf\":{\"@id\":\"https:\\\/\\\/macite.tg\\\/#website\"},\"primaryImageOfPage\":{\"@id\":\"https:\\\/\\\/macite.tg\\\/?p=20269#primaryimage\"},\"image\":{\"@id\":\"https:\\\/\\\/macite.tg\\\/?p=20269#primaryimage\"},\"thumbnailUrl\":\"https:\\\/\\\/macite.tg\\\/wp-content\\\/uploads\\\/2025\\\/02\\\/f45e66c9-bfb5-46ce-8bd3-b1498c651ce6.jpg\",\"datePublished\":\"2025-02-18T17:14:12+00:00\",\"dateModified\":\"2025-02-18T17:14:29+00:00\",\"author\":{\"@id\":\"https:\\\/\\\/macite.tg\\\/#\\\/schema\\\/person\\\/e9f2de7e5dbbe7770a9402c7ce82f5c2\"},\"breadcrumb\":{\"@id\":\"https:\\\/\\\/macite.tg\\\/?p=20269#breadcrumb\"},\"inLanguage\":\"fr-FR\",\"potentialAction\":[{\"@type\":\"ReadAction\",\"target\":[\"https:\\\/\\\/macite.tg\\\/?p=20269\"]}]},{\"@type\":\"ImageObject\",\"inLanguage\":\"fr-FR\",\"@id\":\"https:\\\/\\\/macite.tg\\\/?p=20269#primaryimage\",\"url\":\"https:\\\/\\\/macite.tg\\\/wp-content\\\/uploads\\\/2025\\\/02\\\/f45e66c9-bfb5-46ce-8bd3-b1498c651ce6.jpg\",\"contentUrl\":\"https:\\\/\\\/macite.tg\\\/wp-content\\\/uploads\\\/2025\\\/02\\\/f45e66c9-bfb5-46ce-8bd3-b1498c651ce6.jpg\",\"width\":721,\"height\":379},{\"@type\":\"BreadcrumbList\",\"@id\":\"https:\\\/\\\/macite.tg\\\/?p=20269#breadcrumb\",\"itemListElement\":[{\"@type\":\"ListItem\",\"position\":1,\"name\":\"Accueil\",\"item\":\"https:\\\/\\\/macite.tg\\\/\"},{\"@type\":\"ListItem\",\"position\":2,\"name\":\"38EME SOMMET DE L\u2019UA : Le Maroc ferme sur son engagement en faveur des \u2018\u2019causes nobles de l\u2019Afrique et des int\u00e9r\u00eats vitaux de ses citoyens\u2019\u2019\"}]},{\"@type\":\"WebSite\",\"@id\":\"https:\\\/\\\/macite.tg\\\/#website\",\"url\":\"https:\\\/\\\/macite.tg\\\/\",\"name\":\"\",\"description\":\"L&#039;information, la bonne!!!\",\"potentialAction\":[{\"@type\":\"SearchAction\",\"target\":{\"@type\":\"EntryPoint\",\"urlTemplate\":\"https:\\\/\\\/macite.tg\\\/?s={search_term_string}\"},\"query-input\":{\"@type\":\"PropertyValueSpecification\",\"valueRequired\":true,\"valueName\":\"search_term_string\"}}],\"inLanguage\":\"fr-FR\"},{\"@type\":\"Person\",\"@id\":\"https:\\\/\\\/macite.tg\\\/#\\\/schema\\\/person\\\/e9f2de7e5dbbe7770a9402c7ce82f5c2\",\"name\":\"Jean Pierre BAWELA\",\"image\":{\"@type\":\"ImageObject\",\"inLanguage\":\"fr-FR\",\"@id\":\"https:\\\/\\\/macite.tg\\\/wp-content\\\/uploads\\\/2023\\\/09\\\/WhatsApp-Image-2023-09-19-at-14.44.41-122x122.jpeg\",\"url\":\"https:\\\/\\\/macite.tg\\\/wp-content\\\/uploads\\\/2023\\\/09\\\/WhatsApp-Image-2023-09-19-at-14.44.41-122x122.jpeg\",\"contentUrl\":\"https:\\\/\\\/macite.tg\\\/wp-content\\\/uploads\\\/2023\\\/09\\\/WhatsApp-Image-2023-09-19-at-14.44.41-122x122.jpeg\",\"caption\":\"Jean Pierre BAWELA\"},\"url\":\"https:\\\/\\\/macite.tg\\\/?author=2\"}]}<\/script>\n<!-- \/ Yoast SEO plugin. -->","yoast_head_json":{"title":"38EME SOMMET DE L\u2019UA : Le Maroc ferme sur son engagement en faveur des \u2018\u2019causes nobles de l\u2019Afrique et des int\u00e9r\u00eats vitaux de ses citoyens\u2019\u2019 -","robots":{"index":"index","follow":"follow","max-snippet":"max-snippet:-1","max-image-preview":"max-image-preview:large","max-video-preview":"max-video-preview:-1"},"canonical":"https:\/\/macite.tg\/?p=20269","og_locale":"fr_FR","og_type":"article","og_title":"38EME SOMMET DE L\u2019UA : Le Maroc ferme sur son engagement en faveur des \u2018\u2019causes nobles de l\u2019Afrique et des int\u00e9r\u00eats vitaux de ses citoyens\u2019\u2019 -","og_description":"La 38\u00e8me Conf\u00e9rence des Chefs d\u2019Etat et de Gouvernement, tenue le dimanche 16 f\u00e9vrier dernier \u00e0 Addis-Abeba, s\u2019est pench\u00e9e sur plusieurs sujets d\u2019int\u00e9r\u00eats vitaux relatifs, notamment \u00e0 la paix et la s\u00e9curit\u00e9, l\u2019int\u00e9gration continentale, la s\u00e9curit\u00e9 sanitaire et les changements climatiques, sans oublier le chantier [&hellip;]","og_url":"https:\/\/macite.tg\/?p=20269","article_published_time":"2025-02-18T17:14:12+00:00","article_modified_time":"2025-02-18T17:14:29+00:00","og_image":[{"width":721,"height":379,"url":"https:\/\/macite.tg\/wp-content\/uploads\/2025\/02\/f45e66c9-bfb5-46ce-8bd3-b1498c651ce6.jpg","type":"image\/jpeg"}],"author":"Jean Pierre BAWELA","twitter_card":"summary_large_image","twitter_misc":{"\u00c9crit par":"Jean Pierre BAWELA","Dur\u00e9e de lecture estim\u00e9e":"6 minutes"},"schema":{"@context":"https:\/\/schema.org","@graph":[{"@type":"Article","@id":"https:\/\/macite.tg\/?p=20269#article","isPartOf":{"@id":"https:\/\/macite.tg\/?p=20269"},"author":{"name":"Jean Pierre BAWELA","@id":"https:\/\/macite.tg\/#\/schema\/person\/e9f2de7e5dbbe7770a9402c7ce82f5c2"},"headline":"38EME SOMMET DE L\u2019UA : Le Maroc ferme sur son engagement en faveur des \u2018\u2019causes nobles de l\u2019Afrique et des int\u00e9r\u00eats vitaux de ses citoyens\u2019\u2019","datePublished":"2025-02-18T17:14:12+00:00","dateModified":"2025-02-18T17:14:29+00:00","mainEntityOfPage":{"@id":"https:\/\/macite.tg\/?p=20269"},"wordCount":1157,"commentCount":0,"image":{"@id":"https:\/\/macite.tg\/?p=20269#primaryimage"},"thumbnailUrl":"https:\/\/macite.tg\/wp-content\/uploads\/2025\/02\/f45e66c9-bfb5-46ce-8bd3-b1498c651ce6.jpg","articleSection":["ACTUALITE","DIPLOMATIE"],"inLanguage":"fr-FR","potentialAction":[{"@type":"CommentAction","name":"Comment","target":["https:\/\/macite.tg\/?p=20269#respond"]}]},{"@type":"WebPage","@id":"https:\/\/macite.tg\/?p=20269","url":"https:\/\/macite.tg\/?p=20269","name":"38EME SOMMET DE L\u2019UA : Le Maroc ferme sur son engagement en faveur des \u2018\u2019causes nobles de l\u2019Afrique et des int\u00e9r\u00eats vitaux de ses citoyens\u2019\u2019 -","isPartOf":{"@id":"https:\/\/macite.tg\/#website"},"primaryImageOfPage":{"@id":"https:\/\/macite.tg\/?p=20269#primaryimage"},"image":{"@id":"https:\/\/macite.tg\/?p=20269#primaryimage"},"thumbnailUrl":"https:\/\/macite.tg\/wp-content\/uploads\/2025\/02\/f45e66c9-bfb5-46ce-8bd3-b1498c651ce6.jpg","datePublished":"2025-02-18T17:14:12+00:00","dateModified":"2025-02-18T17:14:29+00:00","author":{"@id":"https:\/\/macite.tg\/#\/schema\/person\/e9f2de7e5dbbe7770a9402c7ce82f5c2"},"breadcrumb":{"@id":"https:\/\/macite.tg\/?p=20269#breadcrumb"},"inLanguage":"fr-FR","potentialAction":[{"@type":"ReadAction","target":["https:\/\/macite.tg\/?p=20269"]}]},{"@type":"ImageObject","inLanguage":"fr-FR","@id":"https:\/\/macite.tg\/?p=20269#primaryimage","url":"https:\/\/macite.tg\/wp-content\/uploads\/2025\/02\/f45e66c9-bfb5-46ce-8bd3-b1498c651ce6.jpg","contentUrl":"https:\/\/macite.tg\/wp-content\/uploads\/2025\/02\/f45e66c9-bfb5-46ce-8bd3-b1498c651ce6.jpg","width":721,"height":379},{"@type":"BreadcrumbList","@id":"https:\/\/macite.tg\/?p=20269#breadcrumb","itemListElement":[{"@type":"ListItem","position":1,"name":"Accueil","item":"https:\/\/macite.tg\/"},{"@type":"ListItem","position":2,"name":"38EME SOMMET DE L\u2019UA : Le Maroc ferme sur son engagement en faveur des \u2018\u2019causes nobles de l\u2019Afrique et des int\u00e9r\u00eats vitaux de ses citoyens\u2019\u2019"}]},{"@type":"WebSite","@id":"https:\/\/macite.tg\/#website","url":"https:\/\/macite.tg\/","name":"","description":"L&#039;information, la bonne!!!","potentialAction":[{"@type":"SearchAction","target":{"@type":"EntryPoint","urlTemplate":"https:\/\/macite.tg\/?s={search_term_string}"},"query-input":{"@type":"PropertyValueSpecification","valueRequired":true,"valueName":"search_term_string"}}],"inLanguage":"fr-FR"},{"@type":"Person","@id":"https:\/\/macite.tg\/#\/schema\/person\/e9f2de7e5dbbe7770a9402c7ce82f5c2","name":"Jean Pierre BAWELA","image":{"@type":"ImageObject","inLanguage":"fr-FR","@id":"https:\/\/macite.tg\/wp-content\/uploads\/2023\/09\/WhatsApp-Image-2023-09-19-at-14.44.41-122x122.jpeg","url":"https:\/\/macite.tg\/wp-content\/uploads\/2023\/09\/WhatsApp-Image-2023-09-19-at-14.44.41-122x122.jpeg","contentUrl":"https:\/\/macite.tg\/wp-content\/uploads\/2023\/09\/WhatsApp-Image-2023-09-19-at-14.44.41-122x122.jpeg","caption":"Jean Pierre BAWELA"},"url":"https:\/\/macite.tg\/?author=2"}]}},"_links":{"self":[{"href":"https:\/\/macite.tg\/index.php?rest_route=\/wp\/v2\/posts\/20269","targetHints":{"allow":["GET"]}}],"collection":[{"href":"https:\/\/macite.tg\/index.php?rest_route=\/wp\/v2\/posts"}],"about":[{"href":"https:\/\/macite.tg\/index.php?rest_route=\/wp\/v2\/types\/post"}],"author":[{"embeddable":true,"href":"https:\/\/macite.tg\/index.php?rest_route=\/wp\/v2\/users\/2"}],"replies":[{"embeddable":true,"href":"https:\/\/macite.tg\/index.php?rest_route=%2Fwp%2Fv2%2Fcomments&post=20269"}],"version-history":[{"count":0,"href":"https:\/\/macite.tg\/index.php?rest_route=\/wp\/v2\/posts\/20269\/revisions"}],"wp:featuredmedia":[{"embeddable":true,"href":"https:\/\/macite.tg\/index.php?rest_route=\/wp\/v2\/media\/20270"}],"wp:attachment":[{"href":"https:\/\/macite.tg\/index.php?rest_route=%2Fwp%2Fv2%2Fmedia&parent=20269"}],"wp:term":[{"taxonomy":"category","embeddable":true,"href":"https:\/\/macite.tg\/index.php?rest_route=%2Fwp%2Fv2%2Fcategories&post=20269"},{"taxonomy":"post_tag","embeddable":true,"href":"https:\/\/macite.tg\/index.php?rest_route=%2Fwp%2Fv2%2Ftags&post=20269"}],"curies":[{"name":"wp","href":"https:\/\/api.w.org\/{rel}","templated":true}]}}