{"id":20157,"date":"2025-02-13T15:40:05","date_gmt":"2025-02-13T15:40:05","guid":{"rendered":"https:\/\/macite.tg\/?p=20157"},"modified":"2025-02-13T15:41:20","modified_gmt":"2025-02-13T15:41:20","slug":"cinema-afiriacin-ouaga-retour-sur-lhistorique-du-fespaco","status":"publish","type":"post","link":"https:\/\/macite.tg\/?p=20157","title":{"rendered":"CINEMA AFIRIACIN \/ OUAGA : Retour sur l\u2019historique du FESPACO"},"content":{"rendered":"\n<p class=\"wp-block-paragraph\"><strong><em>Ouagadougou, 12 f\u00e9v. 2025 (AIB)-La 29e \u00e9dition du Festival Panafricain du Cin\u00e9ma et de la T\u00e9l\u00e9vision de Ouagadougou (FESPACO) se tiendra du 22 f\u00e9vrier au 1er mars 2025. En pr\u00e9lude \u00e0 cet \u00e9v\u00e9nement d\u2019envergure internationale, l\u2019Agence d\u2019information du Burkina (AIB) a rencontr\u00e9 le pr\u00e9sident de la commission jurys officiels, Hamadou Sond\u00e9, qui revient sur l\u2019historique du FESPACO.<\/em><\/strong><\/p>\n\n\n\n<p class=\"wp-block-paragraph\">Le FESPACO a \u00e9t\u00e9 cr\u00e9\u00e9 en 1969 sous la d\u00e9nomination de <em>\u00ab Premier Festival de cin\u00e9ma africain de Ouagadougou \u00bb, <\/em>selon les \u00e9crits et les archives, a confi\u00e9 le pr\u00e9sident de la commission jurys officiels, Hamadou Sond\u00e9.<\/p>\n\n\n\n<p class=\"wp-block-paragraph\">M. Sond\u00e9, par ailleurs, conseiller technique du D\u00e9l\u00e9gu\u00e9 g\u00e9n\u00e9ral du FESPACO prend \u00e0 t\u00e9moin, la premi\u00e8re affiche du FESPACO en 1969, sur laquelle est mentionn\u00e9e : <em>\u00ab Premier Festival de cin\u00e9ma africain de Ouagadougou \u00bb.<\/em> Cependant, il a dit avoir remarqu\u00e9 que beaucoup d\u2019\u00e9crits mentionnent <em>\u00ab Semaine du cin\u00e9ma africain \u00bb <\/em>ou<em> \u00ab Premi\u00e8re quinzaine du cin\u00e9ma africain \u00bb<\/em> d\u00e9signant cette premi\u00e8re \u00e9dition.<\/p>\n\n\n<div class=\"wp-block-image\">\n<figure class=\"aligncenter size-full\"><img loading=\"lazy\" decoding=\"async\" width=\"851\" height=\"315\" src=\"https:\/\/macite.tg\/wp-content\/uploads\/2025\/02\/OTR_Renseignements.jpg\" alt=\"\" class=\"wp-image-20090\" srcset=\"https:\/\/macite.tg\/wp-content\/uploads\/2025\/02\/OTR_Renseignements.jpg 851w, https:\/\/macite.tg\/wp-content\/uploads\/2025\/02\/OTR_Renseignements-300x111.jpg 300w, https:\/\/macite.tg\/wp-content\/uploads\/2025\/02\/OTR_Renseignements-768x284.jpg 768w\" sizes=\"auto, (max-width: 851px) 100vw, 851px\" \/><\/figure>\n<\/div>\n\n\n<p class=\"wp-block-paragraph\">M. Sond\u00e9 a affirm\u00e9 que la premi\u00e8re \u00e9dition du FESPACO a eu lieu du 1er au 15 f\u00e9vrier 1969. Cette premi\u00e8re \u00e9dition a r\u00e9uni cinq pays africains : le S\u00e9n\u00e9gal, la Haute Volta (actuel Burkina Faso), la C\u00f4te d\u2019Ivoire, le Niger et le Cameroun et deux pays europ\u00e9ens : la France et les Pays-Bas (couramment appel\u00e9 Hollande).<\/p>\n\n\n\n<p class=\"wp-block-paragraph\">Parmi les fondateurs du FESPACO, M. Sond\u00e9 a cit\u00e9 Louis Tombiano (qui \u00e9tait le premier secr\u00e9taire permanent du FESPACO), Claude Prieux, qui \u00e9tait le directeur du centre culturel franco-volta\u00efque, Fran\u00e7ois Bassolet, Alimata Salemb\u00e9r\u00e9, Semb\u00e8ne Ousmane, Hamidou Ou\u00e9draogo \u2026<\/p>\n\n\n\n<p class=\"wp-block-paragraph\">Il a confi\u00e9 que le festival s\u2019est agrandi au fil des \u00e9ditions pour devenir un \u00e9v\u00e9nement majeur, continental et mondial. <em>\u00ab Le FESPACO est devenu, de nos jours, la r\u00e9f\u00e9rence du 7 e art africain, la principale vitrine des cin\u00e9mas d\u2019Afrique en r\u00e9v\u00e9lant l\u2019in\u00e9puisable imaginaire dont regorgent l\u2019Afrique et sa diaspora \u00bb, <\/em>a-t-il soulign\u00e9. C\u2019est la raison pour laquelle, Ouagadougou est qualifi\u00e9 de <em>\u00ab capitale du cin\u00e9ma africain \u00bb,<\/em> a fait remarquer M. Sond\u00e9.<\/p>\n\n\n\n<p class=\"wp-block-paragraph\">Le pr\u00e9sident de la commission jurys officiels a soutenu que le FESPACO est donc le creuset des cin\u00e9mas d\u2019Afrique, un label reconnu mondialement.<\/p>\n\n\n<div class=\"wp-block-image\">\n<figure class=\"aligncenter size-full is-resized\"><img loading=\"lazy\" decoding=\"async\" width=\"690\" height=\"170\" src=\"https:\/\/macite.tg\/wp-content\/uploads\/2025\/02\/IMG-20240313-WA0013-1.jpg\" alt=\"\" class=\"wp-image-20142\" style=\"width:840px;height:auto\" srcset=\"https:\/\/macite.tg\/wp-content\/uploads\/2025\/02\/IMG-20240313-WA0013-1.jpg 690w, https:\/\/macite.tg\/wp-content\/uploads\/2025\/02\/IMG-20240313-WA0013-1-300x74.jpg 300w\" sizes=\"auto, (max-width: 690px) 100vw, 690px\" \/><\/figure>\n<\/div>\n\n\n<p class=\"wp-block-paragraph\">Il a affirm\u00e9 que le festival vise, entre autres objectifs, \u00e0 favoriser la diffusion de toutes les \u0153uvres des cin\u00e9mas d\u2019Afrique, de permettre les contacts et les \u00e9changes entre les professionnels du cin\u00e9ma, de l\u2019audiovisuel et de l\u2019image anim\u00e9e, de contribuer \u00e0 l\u2019essor, au d\u00e9veloppement et \u00e0 la sauvegarde des cin\u00e9mas d\u2019Afrique et de sa diaspora, en tant que moyen d\u2019expression, d\u2019\u00e9ducation et de conscientisation.<\/p>\n\n\n\n<p class=\"wp-block-paragraph\">M. Sond\u00e9 a, en outre, confi\u00e9 qu\u2019apr\u00e8s 1969, l\u2019ann\u00e9e de la premi\u00e8re \u00e9dition qui a connu une pr\u00e9sentation des films, sans comp\u00e9tition, la deuxi\u00e8me date majeure \u00e0 retenir dans l\u2019\u00e9volution du FESPACO est 1972, date de la 3\u00e8 \u00e9dition. En effet, c\u2019est \u00e0 partir de 1972, a-t-il rappel\u00e9, que le FESPACO a \u00e9t\u00e9 institutionnalis\u00e9 avec une comp\u00e9tition de films et l\u2019attribution du premier \u00e9talon de Yennenga au palmar\u00e8s officiel.<\/p>\n\n\n\n<p class=\"wp-block-paragraph\">Le conseiller technique a rendu un vibrant hommage \u00e0 l\u2019ex pr\u00e9sident, feu le G\u00e9n\u00e9ral Sangoul\u00e9 Lamizana qui, face aux difficult\u00e9s d\u2019acc\u00e8s aux salles de cin\u00e9ma (les salles de cin\u00e9ma \u00e9taient non nationales) pour l\u2019organisation du festival, surtout, lors de sa seconde \u00e9dition en 1970, a pris un d\u00e9cret pour institutionnaliser le FESPACO et lui donner une nouvelle dynamique. Il s\u2019agit du d\u00e9cret n\u00b072\/003\/PM\/INFO\/ENC du 7 janvier 1972 portant cr\u00e9ation du Festival Africain du Cin\u00e9ma de Ouagadougou.<\/p>\n\n\n\n<p class=\"wp-block-paragraph\">La comp\u00e9tition officielle qui a eu lieu en 1972 a \u00e9t\u00e9 remport\u00e9e par le cin\u00e9aste nig\u00e9rien Feu Oumarou Ganda, avec son film <em>\u00ab Le Wazzou polygame \u00bb.<\/em> Oumarou Ganda est donc le premier laur\u00e9at de l\u2019\u00c9talon de Yennenga, dans l\u2019histoire du FESPACO, a fait savoir, Hamadou Sond\u00e9.<\/p>\n\n\n<div class=\"wp-block-image\">\n<figure class=\"aligncenter size-full\"><img loading=\"lazy\" decoding=\"async\" width=\"851\" height=\"315\" src=\"https:\/\/macite.tg\/wp-content\/uploads\/2025\/02\/OTR_Ferer-pour-batir-1.jpg\" alt=\"\" class=\"wp-image-20159\" srcset=\"https:\/\/macite.tg\/wp-content\/uploads\/2025\/02\/OTR_Ferer-pour-batir-1.jpg 851w, https:\/\/macite.tg\/wp-content\/uploads\/2025\/02\/OTR_Ferer-pour-batir-1-300x111.jpg 300w, https:\/\/macite.tg\/wp-content\/uploads\/2025\/02\/OTR_Ferer-pour-batir-1-768x284.jpg 768w\" sizes=\"auto, (max-width: 851px) 100vw, 851px\" \/><\/figure>\n<\/div>\n\n\n<p class=\"wp-block-paragraph\"><strong>Pas une seule \u00e9dition manqu\u00e9e<\/strong><\/p>\n\n\n\n<p class=\"wp-block-paragraph\">M. Sond\u00e9 a confi\u00e9 que les 4e et 5e \u00e9dition du festival ont eu lieu respectivement en 1973 et en 1976, mais, pr\u00e9cis\u00e9 que c\u2019est \u00e0 partir de la 6\u00e8 \u00e9dition tenue en 1979, que l\u2019\u00e9v\u00e9nement est devenu une biennale.<\/p>\n\n\n\n<p class=\"wp-block-paragraph\"><em>\u00ab Depuis 1979, le festival est organis\u00e9 r\u00e9guli\u00e8rement tous les deux ans, sans discontinuit\u00e9, ce, malgr\u00e9 les contextes et les crises politiques, sociales, \u00e9conomiques et sanitaires\u2026 au plan national ou international \u00bb,<\/em> a-t-il dit.<\/p>\n\n\n\n<p class=\"wp-block-paragraph\">Il a affirm\u00e9 que tous les Gouvernements et les Chefs d\u2019\u00c9tat qui se sont succ\u00e9d\u00e9 au Burkina Faso ont fait de l\u2019organisation du FESPACO leur cheval de bataille, leur priorit\u00e9. Ainsi, ils ont tous relev\u00e9 le d\u00e9fi quel que soit le contexte qui a \u00e9t\u00e9 parfois tr\u00e8s difficile (L\u2019assassinat du pr\u00e9sident Thomas Sankara en 1987, la grande crise sanitaire due \u00e0 la maladie \u00e0 virus \u00c9bola en 2014-2015, la pand\u00e9mie de la COVID-19 en 2020-2021\u2026).<\/p>\n\n\n\n<p class=\"wp-block-paragraph\"><em>\u00ab Par exemple, pendant la p\u00e9riode de la COVID-19, toutes les manifestations ont \u00e9t\u00e9 annul\u00e9es \u00e0 travers le monde, mais le FESPACO a eu lieu, les dates ayant \u00e9t\u00e9 d\u00e9cal\u00e9es pour que l\u2019\u00e9dition de 2021 se tienne du 16 au 23 octobre. C\u2019est la seule manifestation d\u2019envergure internationale qui s\u2019est tenue au Burkina en 2020-2021. Il en est de m\u00eame avec la crise sanitaire de 2014-2015 \u00e0 cause de la maladie \u00e0 virus \u00c9bola qui n\u2019a pas emp\u00each\u00e9 la tenue du festival du 28 f\u00e9vrier au 7 mars 2015 \u00bb,<\/em> a-t-il constat\u00e9.<\/p>\n\n\n<div class=\"wp-block-image\">\n<figure class=\"aligncenter size-full\"><img loading=\"lazy\" decoding=\"async\" width=\"512\" height=\"720\" src=\"https:\/\/macite.tg\/wp-content\/uploads\/2025\/02\/image-17.png\" alt=\"\" class=\"wp-image-20026\" srcset=\"https:\/\/macite.tg\/wp-content\/uploads\/2025\/02\/image-17.png 512w, https:\/\/macite.tg\/wp-content\/uploads\/2025\/02\/image-17-213x300.png 213w\" sizes=\"auto, (max-width: 512px) 100vw, 512px\" \/><\/figure>\n<\/div>\n\n\n<p class=\"wp-block-paragraph\">M. Sond\u00e9 a, dans la m\u00eame lanc\u00e9, soutenu qu\u2019aucun pr\u00e9sident ou gouvernement, ne veut prendre la responsabilit\u00e9 de ne pas organiser une \u00e9dition du FESPACO, car historiquement, c\u2019est un fardeau qui peut \u00eatre lourd \u00e0 porter. En effet, l\u2019histoire et les archives pourraient retenir que sous le pouvoir de tel ou tel pr\u00e9sident ou de tel ou tel gouvernement qu\u2019une \u00e9dition du FESPACO a \u00e9t\u00e9 annul\u00e9e.<\/p>\n\n\n\n<p class=\"wp-block-paragraph\">La biennale a lieu les ann\u00e9es impaires et d\u00e9bute tous les derniers samedis du mois de f\u00e9vrier. <em>\u00abAinsi, cette ann\u00e9e, le FESPACO d\u00e9bute le samedi 22 f\u00e9vrier et prend fin le samedi 1er mars \u00bb,<\/em> selon les explications de M. Sond\u00e9. Il a indiqu\u00e9 que cette p\u00e9riode est id\u00e9ale, car, le temps est cl\u00e9ment, c\u2019est la fin de la p\u00e9riode du froid et avant la p\u00e9riode de grande chaleur.<\/p>\n\n\n\n<p class=\"wp-block-paragraph\"><strong><em>A suivre&#8230;<\/em><\/strong><\/p>\n\n\n\n<p class=\"wp-block-paragraph\"><strong><em>@macite.tg&nbsp;&nbsp;&nbsp;&nbsp;&nbsp;&nbsp;&nbsp;&nbsp;<\/em><\/strong><\/p>\n\n\n\n<p class=\"wp-block-paragraph\"><strong><em>E-mail&nbsp;: <\/em><\/strong><a href=\"mailto:maciteinfo@gmail.com\"><strong><em>maciteinfo@gmail.com<\/em><\/strong><\/a><strong><em>; <\/em><\/strong><a href=\"mailto:bawela1@gmail.com\"><strong><em>bawela1@gmail.com<\/em><\/strong><\/a><strong><em><\/em><\/strong><\/p>\n\n\n\n<p class=\"wp-block-paragraph\"><strong><em>Pour vos annonces, (publi)reportages, etc., joignez-nous au (00228)91515309\/<strong>79872224 <\/strong>www.macite.tg, L\u2019information, la bonne&nbsp;!<\/em><\/strong><\/p>\n","protected":false},"excerpt":{"rendered":"<p class=\"text-justify mb-2\" >Ouagadougou, 12 f\u00e9v. 2025 (AIB)-La 29e \u00e9dition du Festival Panafricain du Cin\u00e9ma et de la T\u00e9l\u00e9vision de Ouagadougou (FESPACO) se tiendra du 22 f\u00e9vrier au 1er mars 2025. En pr\u00e9lude \u00e0 cet \u00e9v\u00e9nement d\u2019envergure internationale, l\u2019Agence d\u2019information du Burkina (AIB) a rencontr\u00e9 le pr\u00e9sident de [&hellip;]<\/p>\n","protected":false},"author":2,"featured_media":20160,"comment_status":"open","ping_status":"open","sticky":false,"template":"","format":"standard","meta":{"footnotes":""},"categories":[20,18],"tags":[],"class_list":["post-20157","post","type-post","status-publish","format-standard","has-post-thumbnail","hentry","category-actualite","category-culture"],"yoast_head":"<!-- This site is optimized with the Yoast SEO plugin v28.4 - https:\/\/yoast.com\/product\/yoast-seo-wordpress\/ -->\n<title>CINEMA AFIRIACIN \/ OUAGA : Retour sur l\u2019historique du FESPACO -<\/title>\n<meta name=\"robots\" content=\"index, follow, max-snippet:-1, max-image-preview:large, max-video-preview:-1\" \/>\n<link rel=\"canonical\" href=\"https:\/\/macite.tg\/?p=20157\" \/>\n<meta property=\"og:locale\" content=\"fr_FR\" \/>\n<meta property=\"og:type\" content=\"article\" \/>\n<meta property=\"og:title\" content=\"CINEMA AFIRIACIN \/ OUAGA : Retour sur l\u2019historique du FESPACO -\" \/>\n<meta property=\"og:description\" content=\"Ouagadougou, 12 f\u00e9v. 2025 (AIB)-La 29e \u00e9dition du Festival Panafricain du Cin\u00e9ma et de la T\u00e9l\u00e9vision de Ouagadougou (FESPACO) se tiendra du 22 f\u00e9vrier au 1er mars 2025. En pr\u00e9lude \u00e0 cet \u00e9v\u00e9nement d\u2019envergure internationale, l\u2019Agence d\u2019information du Burkina (AIB) a rencontr\u00e9 le pr\u00e9sident de [&hellip;]\" \/>\n<meta property=\"og:url\" content=\"https:\/\/macite.tg\/?p=20157\" \/>\n<meta property=\"article:published_time\" content=\"2025-02-13T15:40:05+00:00\" \/>\n<meta property=\"article:modified_time\" content=\"2025-02-13T15:41:20+00:00\" \/>\n<meta property=\"og:image\" content=\"https:\/\/macite.tg\/wp-content\/uploads\/2025\/02\/FESPACO_Pdt-jury.jpg\" \/>\n\t<meta property=\"og:image:width\" content=\"500\" \/>\n\t<meta property=\"og:image:height\" content=\"333\" \/>\n\t<meta property=\"og:image:type\" content=\"image\/jpeg\" \/>\n<meta name=\"author\" content=\"Jean Pierre BAWELA\" \/>\n<meta name=\"twitter:card\" content=\"summary_large_image\" \/>\n<meta name=\"twitter:label1\" content=\"\u00c9crit par\" \/>\n\t<meta name=\"twitter:data1\" content=\"Jean Pierre BAWELA\" \/>\n\t<meta name=\"twitter:label2\" content=\"Dur\u00e9e de lecture estim\u00e9e\" \/>\n\t<meta name=\"twitter:data2\" content=\"6 minutes\" \/>\n<script type=\"application\/ld+json\" class=\"yoast-schema-graph\">{\"@context\":\"https:\\\/\\\/schema.org\",\"@graph\":[{\"@type\":\"Article\",\"@id\":\"https:\\\/\\\/macite.tg\\\/?p=20157#article\",\"isPartOf\":{\"@id\":\"https:\\\/\\\/macite.tg\\\/?p=20157\"},\"author\":{\"name\":\"Jean Pierre BAWELA\",\"@id\":\"https:\\\/\\\/macite.tg\\\/#\\\/schema\\\/person\\\/e9f2de7e5dbbe7770a9402c7ce82f5c2\"},\"headline\":\"CINEMA AFIRIACIN \\\/ OUAGA : Retour sur l\u2019historique du FESPACO\",\"datePublished\":\"2025-02-13T15:40:05+00:00\",\"dateModified\":\"2025-02-13T15:41:20+00:00\",\"mainEntityOfPage\":{\"@id\":\"https:\\\/\\\/macite.tg\\\/?p=20157\"},\"wordCount\":1122,\"commentCount\":0,\"image\":{\"@id\":\"https:\\\/\\\/macite.tg\\\/?p=20157#primaryimage\"},\"thumbnailUrl\":\"https:\\\/\\\/macite.tg\\\/wp-content\\\/uploads\\\/2025\\\/02\\\/FESPACO_Pdt-jury.jpg\",\"articleSection\":[\"ACTUALITE\",\"CULTURE\"],\"inLanguage\":\"fr-FR\",\"potentialAction\":[{\"@type\":\"CommentAction\",\"name\":\"Comment\",\"target\":[\"https:\\\/\\\/macite.tg\\\/?p=20157#respond\"]}]},{\"@type\":\"WebPage\",\"@id\":\"https:\\\/\\\/macite.tg\\\/?p=20157\",\"url\":\"https:\\\/\\\/macite.tg\\\/?p=20157\",\"name\":\"CINEMA AFIRIACIN \\\/ OUAGA : Retour sur l\u2019historique du FESPACO -\",\"isPartOf\":{\"@id\":\"https:\\\/\\\/macite.tg\\\/#website\"},\"primaryImageOfPage\":{\"@id\":\"https:\\\/\\\/macite.tg\\\/?p=20157#primaryimage\"},\"image\":{\"@id\":\"https:\\\/\\\/macite.tg\\\/?p=20157#primaryimage\"},\"thumbnailUrl\":\"https:\\\/\\\/macite.tg\\\/wp-content\\\/uploads\\\/2025\\\/02\\\/FESPACO_Pdt-jury.jpg\",\"datePublished\":\"2025-02-13T15:40:05+00:00\",\"dateModified\":\"2025-02-13T15:41:20+00:00\",\"author\":{\"@id\":\"https:\\\/\\\/macite.tg\\\/#\\\/schema\\\/person\\\/e9f2de7e5dbbe7770a9402c7ce82f5c2\"},\"breadcrumb\":{\"@id\":\"https:\\\/\\\/macite.tg\\\/?p=20157#breadcrumb\"},\"inLanguage\":\"fr-FR\",\"potentialAction\":[{\"@type\":\"ReadAction\",\"target\":[\"https:\\\/\\\/macite.tg\\\/?p=20157\"]}]},{\"@type\":\"ImageObject\",\"inLanguage\":\"fr-FR\",\"@id\":\"https:\\\/\\\/macite.tg\\\/?p=20157#primaryimage\",\"url\":\"https:\\\/\\\/macite.tg\\\/wp-content\\\/uploads\\\/2025\\\/02\\\/FESPACO_Pdt-jury.jpg\",\"contentUrl\":\"https:\\\/\\\/macite.tg\\\/wp-content\\\/uploads\\\/2025\\\/02\\\/FESPACO_Pdt-jury.jpg\",\"width\":500,\"height\":333,\"caption\":\"Hamadou Sond\u00e9, president Commission jury officiels\"},{\"@type\":\"BreadcrumbList\",\"@id\":\"https:\\\/\\\/macite.tg\\\/?p=20157#breadcrumb\",\"itemListElement\":[{\"@type\":\"ListItem\",\"position\":1,\"name\":\"Accueil\",\"item\":\"https:\\\/\\\/macite.tg\\\/\"},{\"@type\":\"ListItem\",\"position\":2,\"name\":\"CINEMA AFIRIACIN \\\/ OUAGA : Retour sur l\u2019historique du FESPACO\"}]},{\"@type\":\"WebSite\",\"@id\":\"https:\\\/\\\/macite.tg\\\/#website\",\"url\":\"https:\\\/\\\/macite.tg\\\/\",\"name\":\"\",\"description\":\"L&#039;information, la bonne!!!\",\"potentialAction\":[{\"@type\":\"SearchAction\",\"target\":{\"@type\":\"EntryPoint\",\"urlTemplate\":\"https:\\\/\\\/macite.tg\\\/?s={search_term_string}\"},\"query-input\":{\"@type\":\"PropertyValueSpecification\",\"valueRequired\":true,\"valueName\":\"search_term_string\"}}],\"inLanguage\":\"fr-FR\"},{\"@type\":\"Person\",\"@id\":\"https:\\\/\\\/macite.tg\\\/#\\\/schema\\\/person\\\/e9f2de7e5dbbe7770a9402c7ce82f5c2\",\"name\":\"Jean Pierre BAWELA\",\"image\":{\"@type\":\"ImageObject\",\"inLanguage\":\"fr-FR\",\"@id\":\"https:\\\/\\\/macite.tg\\\/wp-content\\\/uploads\\\/2023\\\/09\\\/WhatsApp-Image-2023-09-19-at-14.44.41-122x122.jpeg\",\"url\":\"https:\\\/\\\/macite.tg\\\/wp-content\\\/uploads\\\/2023\\\/09\\\/WhatsApp-Image-2023-09-19-at-14.44.41-122x122.jpeg\",\"contentUrl\":\"https:\\\/\\\/macite.tg\\\/wp-content\\\/uploads\\\/2023\\\/09\\\/WhatsApp-Image-2023-09-19-at-14.44.41-122x122.jpeg\",\"caption\":\"Jean Pierre BAWELA\"},\"url\":\"https:\\\/\\\/macite.tg\\\/?author=2\"}]}<\/script>\n<!-- \/ Yoast SEO plugin. -->","yoast_head_json":{"title":"CINEMA AFIRIACIN \/ OUAGA : Retour sur l\u2019historique du FESPACO -","robots":{"index":"index","follow":"follow","max-snippet":"max-snippet:-1","max-image-preview":"max-image-preview:large","max-video-preview":"max-video-preview:-1"},"canonical":"https:\/\/macite.tg\/?p=20157","og_locale":"fr_FR","og_type":"article","og_title":"CINEMA AFIRIACIN \/ OUAGA : Retour sur l\u2019historique du FESPACO -","og_description":"Ouagadougou, 12 f\u00e9v. 2025 (AIB)-La 29e \u00e9dition du Festival Panafricain du Cin\u00e9ma et de la T\u00e9l\u00e9vision de Ouagadougou (FESPACO) se tiendra du 22 f\u00e9vrier au 1er mars 2025. En pr\u00e9lude \u00e0 cet \u00e9v\u00e9nement d\u2019envergure internationale, l\u2019Agence d\u2019information du Burkina (AIB) a rencontr\u00e9 le pr\u00e9sident de [&hellip;]","og_url":"https:\/\/macite.tg\/?p=20157","article_published_time":"2025-02-13T15:40:05+00:00","article_modified_time":"2025-02-13T15:41:20+00:00","og_image":[{"width":500,"height":333,"url":"https:\/\/macite.tg\/wp-content\/uploads\/2025\/02\/FESPACO_Pdt-jury.jpg","type":"image\/jpeg"}],"author":"Jean Pierre BAWELA","twitter_card":"summary_large_image","twitter_misc":{"\u00c9crit par":"Jean Pierre BAWELA","Dur\u00e9e de lecture estim\u00e9e":"6 minutes"},"schema":{"@context":"https:\/\/schema.org","@graph":[{"@type":"Article","@id":"https:\/\/macite.tg\/?p=20157#article","isPartOf":{"@id":"https:\/\/macite.tg\/?p=20157"},"author":{"name":"Jean Pierre BAWELA","@id":"https:\/\/macite.tg\/#\/schema\/person\/e9f2de7e5dbbe7770a9402c7ce82f5c2"},"headline":"CINEMA AFIRIACIN \/ OUAGA : Retour sur l\u2019historique du FESPACO","datePublished":"2025-02-13T15:40:05+00:00","dateModified":"2025-02-13T15:41:20+00:00","mainEntityOfPage":{"@id":"https:\/\/macite.tg\/?p=20157"},"wordCount":1122,"commentCount":0,"image":{"@id":"https:\/\/macite.tg\/?p=20157#primaryimage"},"thumbnailUrl":"https:\/\/macite.tg\/wp-content\/uploads\/2025\/02\/FESPACO_Pdt-jury.jpg","articleSection":["ACTUALITE","CULTURE"],"inLanguage":"fr-FR","potentialAction":[{"@type":"CommentAction","name":"Comment","target":["https:\/\/macite.tg\/?p=20157#respond"]}]},{"@type":"WebPage","@id":"https:\/\/macite.tg\/?p=20157","url":"https:\/\/macite.tg\/?p=20157","name":"CINEMA AFIRIACIN \/ OUAGA : Retour sur l\u2019historique du FESPACO -","isPartOf":{"@id":"https:\/\/macite.tg\/#website"},"primaryImageOfPage":{"@id":"https:\/\/macite.tg\/?p=20157#primaryimage"},"image":{"@id":"https:\/\/macite.tg\/?p=20157#primaryimage"},"thumbnailUrl":"https:\/\/macite.tg\/wp-content\/uploads\/2025\/02\/FESPACO_Pdt-jury.jpg","datePublished":"2025-02-13T15:40:05+00:00","dateModified":"2025-02-13T15:41:20+00:00","author":{"@id":"https:\/\/macite.tg\/#\/schema\/person\/e9f2de7e5dbbe7770a9402c7ce82f5c2"},"breadcrumb":{"@id":"https:\/\/macite.tg\/?p=20157#breadcrumb"},"inLanguage":"fr-FR","potentialAction":[{"@type":"ReadAction","target":["https:\/\/macite.tg\/?p=20157"]}]},{"@type":"ImageObject","inLanguage":"fr-FR","@id":"https:\/\/macite.tg\/?p=20157#primaryimage","url":"https:\/\/macite.tg\/wp-content\/uploads\/2025\/02\/FESPACO_Pdt-jury.jpg","contentUrl":"https:\/\/macite.tg\/wp-content\/uploads\/2025\/02\/FESPACO_Pdt-jury.jpg","width":500,"height":333,"caption":"Hamadou Sond\u00e9, president Commission jury officiels"},{"@type":"BreadcrumbList","@id":"https:\/\/macite.tg\/?p=20157#breadcrumb","itemListElement":[{"@type":"ListItem","position":1,"name":"Accueil","item":"https:\/\/macite.tg\/"},{"@type":"ListItem","position":2,"name":"CINEMA AFIRIACIN \/ OUAGA : Retour sur l\u2019historique du FESPACO"}]},{"@type":"WebSite","@id":"https:\/\/macite.tg\/#website","url":"https:\/\/macite.tg\/","name":"","description":"L&#039;information, la bonne!!!","potentialAction":[{"@type":"SearchAction","target":{"@type":"EntryPoint","urlTemplate":"https:\/\/macite.tg\/?s={search_term_string}"},"query-input":{"@type":"PropertyValueSpecification","valueRequired":true,"valueName":"search_term_string"}}],"inLanguage":"fr-FR"},{"@type":"Person","@id":"https:\/\/macite.tg\/#\/schema\/person\/e9f2de7e5dbbe7770a9402c7ce82f5c2","name":"Jean Pierre BAWELA","image":{"@type":"ImageObject","inLanguage":"fr-FR","@id":"https:\/\/macite.tg\/wp-content\/uploads\/2023\/09\/WhatsApp-Image-2023-09-19-at-14.44.41-122x122.jpeg","url":"https:\/\/macite.tg\/wp-content\/uploads\/2023\/09\/WhatsApp-Image-2023-09-19-at-14.44.41-122x122.jpeg","contentUrl":"https:\/\/macite.tg\/wp-content\/uploads\/2023\/09\/WhatsApp-Image-2023-09-19-at-14.44.41-122x122.jpeg","caption":"Jean Pierre BAWELA"},"url":"https:\/\/macite.tg\/?author=2"}]}},"_links":{"self":[{"href":"https:\/\/macite.tg\/index.php?rest_route=\/wp\/v2\/posts\/20157","targetHints":{"allow":["GET"]}}],"collection":[{"href":"https:\/\/macite.tg\/index.php?rest_route=\/wp\/v2\/posts"}],"about":[{"href":"https:\/\/macite.tg\/index.php?rest_route=\/wp\/v2\/types\/post"}],"author":[{"embeddable":true,"href":"https:\/\/macite.tg\/index.php?rest_route=\/wp\/v2\/users\/2"}],"replies":[{"embeddable":true,"href":"https:\/\/macite.tg\/index.php?rest_route=%2Fwp%2Fv2%2Fcomments&post=20157"}],"version-history":[{"count":0,"href":"https:\/\/macite.tg\/index.php?rest_route=\/wp\/v2\/posts\/20157\/revisions"}],"wp:featuredmedia":[{"embeddable":true,"href":"https:\/\/macite.tg\/index.php?rest_route=\/wp\/v2\/media\/20160"}],"wp:attachment":[{"href":"https:\/\/macite.tg\/index.php?rest_route=%2Fwp%2Fv2%2Fmedia&parent=20157"}],"wp:term":[{"taxonomy":"category","embeddable":true,"href":"https:\/\/macite.tg\/index.php?rest_route=%2Fwp%2Fv2%2Fcategories&post=20157"},{"taxonomy":"post_tag","embeddable":true,"href":"https:\/\/macite.tg\/index.php?rest_route=%2Fwp%2Fv2%2Ftags&post=20157"}],"curies":[{"name":"wp","href":"https:\/\/api.w.org\/{rel}","templated":true}]}}