{"id":20153,"date":"2025-02-13T13:30:04","date_gmt":"2025-02-13T13:30:04","guid":{"rendered":"https:\/\/macite.tg\/?p=20153"},"modified":"2025-02-13T13:31:17","modified_gmt":"2025-02-13T13:31:17","slug":"une-autre-star-du-real-madrid-face-a-la-justice-quand-les-madrilenes-confondent-le-sexe-au-ballon","status":"publish","type":"post","link":"https:\/\/macite.tg\/?p=20153","title":{"rendered":"UNE AUTRE STAR DU REAL MADRID FACE A LA JUSTICE\u00a0: Quand les Madril\u00e8nes confondent le sexe au ballon"},"content":{"rendered":"\n<p class=\"wp-block-paragraph\"><strong><em>Le d\u00e9fenseur du Real Madrid, Raul Asencio, risque jusqu\u2019\u00e0 cinq ans de prison pour avoir pr\u00e9tendument diffus\u00e9 une vid\u00e9o explicite d\u2019une jeune fille de 16 ans. Quelques semaines plus t\u00f4t c\u2019\u00e9tait un autre g\u00e9ant du Real qui faisait l\u2019objet d\u2019une enqu\u00eate judiciaire pour viole et agression sexuelle en Su\u00e8de.<\/em><\/strong><\/p>\n\n\n\n<p class=\"wp-block-paragraph\">Asencio, 21 ans, fait l\u2019objet d\u2019une enqu\u00eate, avec trois de ses anciens co\u00e9quipiers, Ferran Ruiz, Juan Rodriguez et Andres Garcia de l\u2019\u00e9quipe de jeunes du Real Madrid, pour l\u2019incident pr\u00e9sum\u00e9 qui a eu lieu le 15 juin 2023, \u00e0 Gran Canaria, et a \u00e9t\u00e9 signal\u00e9 \u00e0 la police espagnole par la m\u00e8re de la jeune fille un peu moins de deux mois plus tard.<\/p>\n\n\n\n<p class=\"wp-block-paragraph\">La m\u00e8re a affirm\u00e9 que l\u2019un des quatre hommes avait enregistr\u00e9 une vid\u00e9o explicite de sa fille avant de la partager. La plaignante a d\u00e9clar\u00e9 que l\u2019activit\u00e9 sexuelle \u00e9tait consensuelle, mais que son enregistrement ne l\u2019\u00e9tait pas.<\/p>\n\n\n<div class=\"wp-block-image\">\n<figure class=\"aligncenter size-full\"><img loading=\"lazy\" decoding=\"async\" width=\"851\" height=\"315\" src=\"https:\/\/macite.tg\/wp-content\/uploads\/2025\/02\/OTR_Renseignements.jpg\" alt=\"\" class=\"wp-image-20090\" srcset=\"https:\/\/macite.tg\/wp-content\/uploads\/2025\/02\/OTR_Renseignements.jpg 851w, https:\/\/macite.tg\/wp-content\/uploads\/2025\/02\/OTR_Renseignements-300x111.jpg 300w, https:\/\/macite.tg\/wp-content\/uploads\/2025\/02\/OTR_Renseignements-768x284.jpg 768w\" sizes=\"auto, (max-width: 851px) 100vw, 851px\" \/><\/figure>\n<\/div>\n\n\n<p class=\"wp-block-paragraph\">Asencio, qui a \u00e9t\u00e9 nomm\u00e9 dans le onze de d\u00e9part du Real Madrid pour le choc de Ligue des champions contre Manchester City mardi soir, a fait appel devant le tribunal provincial de Las Palmas pour \u00eatre retir\u00e9 de la liste des suspects dans cette affaire au motif que les preuves \u00e9taient sp\u00e9culatives, mais les charges retenues contre lui ont \u00e9t\u00e9 confirm\u00e9es.<\/p>\n\n\n\n<p class=\"wp-block-paragraph\">Le tribunal a d\u00e9termin\u00e9 qu\u2019il y avait des <em>\u00ab indications raisonnables \u00bb<\/em> d\u2019activit\u00e9 criminelle, Asencio \u00e9tant accus\u00e9 d\u2019avoir commis le crime de d\u00e9couverte et de divulgation de secrets, ainsi que de distribution de pornographie juv\u00e9nile.<\/p>\n\n\n\n<p class=\"wp-block-paragraph\">La d\u00e9cision du tribunal pr\u00e9cise \u00e9galement que l\u2019un des suspects a affirm\u00e9 qu\u2019Asencio lui avait montr\u00e9 la vid\u00e9o, les enregistrements mobiles indiquant qu\u2019elle avait \u00e9t\u00e9 re\u00e7ue via WhatsApp.<\/p>\n\n\n\n<p class=\"wp-block-paragraph\">Les relev\u00e9s t\u00e9l\u00e9phoniques des suspects ont \u00e9galement r\u00e9v\u00e9l\u00e9 des conversations au cours desquelles le plaignant \u00e9tait \u00e9voqu\u00e9 de mani\u00e8re d\u00e9sobligeante.<\/p>\n\n\n<div class=\"wp-block-image\">\n<figure class=\"aligncenter size-full\"><img loading=\"lazy\" decoding=\"async\" width=\"512\" height=\"720\" src=\"https:\/\/macite.tg\/wp-content\/uploads\/2025\/02\/image-17.png\" alt=\"\" class=\"wp-image-20026\" srcset=\"https:\/\/macite.tg\/wp-content\/uploads\/2025\/02\/image-17.png 512w, https:\/\/macite.tg\/wp-content\/uploads\/2025\/02\/image-17-213x300.png 213w\" sizes=\"auto, (max-width: 512px) 100vw, 512px\" \/><\/figure>\n<\/div>\n\n\n<p class=\"wp-block-paragraph\">L\u2019article 197 du Code p\u00e9nal espagnol stipule que toute personne reconnue coupable d\u2019avoir enregistr\u00e9 et partag\u00e9 une vid\u00e9o explicite d\u2019un mineur sera passible d\u2019une peine de prison de trois ans et demi \u00e0 cinq ans.<\/p>\n\n\n\n<p class=\"wp-block-paragraph\">Selon Mail Online, cette peine pourrait \u00eatre ramen\u00e9e \u00e0 deux ans et demi \u00e0 quatre ans de prison si Asencio est reconnu coupable d\u2019enregistrement non consensuel.<\/p>\n\n\n\n<p class=\"wp-block-paragraph\"><strong>MSN<\/strong><\/p>\n\n\n\n<p class=\"wp-block-paragraph\"><strong><em>@macite.tg&nbsp;&nbsp;&nbsp;&nbsp;&nbsp;&nbsp;&nbsp;&nbsp;<\/em><\/strong><\/p>\n\n\n\n<p class=\"wp-block-paragraph\"><strong><em>E-mail&nbsp;: <\/em><\/strong><a href=\"mailto:maciteinfo@gmail.com\"><strong><em>maciteinfo@gmail.com<\/em><\/strong><\/a><strong><em>; <\/em><\/strong><a href=\"mailto:bawela1@gmail.com\"><strong><em>bawela1@gmail.com<\/em><\/strong><\/a><strong><em><\/em><\/strong><\/p>\n\n\n\n<p class=\"wp-block-paragraph\"><strong><em>Pour vos annonces, (publi)reportages, etc., joignez-nous au (00228)91515309\/<strong>79872224 <\/strong>www.macite.tg, L\u2019information, la bonne&nbsp;!<\/em><\/strong><\/p>\n","protected":false},"excerpt":{"rendered":"<p class=\"text-justify mb-2\" >Le d\u00e9fenseur du Real Madrid, Raul Asencio, risque jusqu\u2019\u00e0 cinq ans de prison pour avoir pr\u00e9tendument diffus\u00e9 une vid\u00e9o explicite d\u2019une jeune fille de 16 ans. Quelques semaines plus t\u00f4t c\u2019\u00e9tait un autre g\u00e9ant du Real qui faisait l\u2019objet d\u2019une enqu\u00eate judiciaire pour viole et [&hellip;]<\/p>\n","protected":false},"author":2,"featured_media":20154,"comment_status":"open","ping_status":"open","sticky":false,"template":"","format":"standard","meta":{"footnotes":""},"categories":[20,63,26],"tags":[],"class_list":["post-20153","post","type-post","status-publish","format-standard","has-post-thumbnail","hentry","category-actualite","category-football","category-justice"],"yoast_head":"<!-- This site is optimized with the Yoast SEO plugin v28.4 - https:\/\/yoast.com\/product\/yoast-seo-wordpress\/ -->\n<title>UNE AUTRE STAR DU REAL MADRID FACE A LA JUSTICE\u00a0: Quand les Madril\u00e8nes confondent le sexe au ballon -<\/title>\n<meta name=\"robots\" content=\"index, follow, max-snippet:-1, max-image-preview:large, max-video-preview:-1\" \/>\n<link rel=\"canonical\" href=\"https:\/\/macite.tg\/?p=20153\" \/>\n<meta property=\"og:locale\" content=\"fr_FR\" \/>\n<meta property=\"og:type\" content=\"article\" \/>\n<meta property=\"og:title\" content=\"UNE AUTRE STAR DU REAL MADRID FACE A LA JUSTICE\u00a0: Quand les Madril\u00e8nes confondent le sexe au ballon -\" \/>\n<meta property=\"og:description\" content=\"Le d\u00e9fenseur du Real Madrid, Raul Asencio, risque jusqu\u2019\u00e0 cinq ans de prison pour avoir pr\u00e9tendument diffus\u00e9 une vid\u00e9o explicite d\u2019une jeune fille de 16 ans. Quelques semaines plus t\u00f4t c\u2019\u00e9tait un autre g\u00e9ant du Real qui faisait l\u2019objet d\u2019une enqu\u00eate judiciaire pour viole et [&hellip;]\" \/>\n<meta property=\"og:url\" content=\"https:\/\/macite.tg\/?p=20153\" \/>\n<meta property=\"article:published_time\" content=\"2025-02-13T13:30:04+00:00\" \/>\n<meta property=\"article:modified_time\" content=\"2025-02-13T13:31:17+00:00\" \/>\n<meta property=\"og:image\" content=\"https:\/\/macite.tg\/wp-content\/uploads\/2025\/02\/image-33.png\" \/>\n\t<meta property=\"og:image:width\" content=\"157\" \/>\n\t<meta property=\"og:image:height\" content=\"270\" \/>\n\t<meta property=\"og:image:type\" content=\"image\/png\" \/>\n<meta name=\"author\" content=\"Jean Pierre BAWELA\" \/>\n<meta name=\"twitter:card\" content=\"summary_large_image\" \/>\n<meta name=\"twitter:label1\" content=\"\u00c9crit par\" \/>\n\t<meta name=\"twitter:data1\" content=\"Jean Pierre BAWELA\" \/>\n\t<meta name=\"twitter:label2\" content=\"Dur\u00e9e de lecture estim\u00e9e\" \/>\n\t<meta name=\"twitter:data2\" content=\"3 minutes\" \/>\n<script type=\"application\/ld+json\" class=\"yoast-schema-graph\">{\"@context\":\"https:\\\/\\\/schema.org\",\"@graph\":[{\"@type\":\"Article\",\"@id\":\"https:\\\/\\\/macite.tg\\\/?p=20153#article\",\"isPartOf\":{\"@id\":\"https:\\\/\\\/macite.tg\\\/?p=20153\"},\"author\":{\"name\":\"Jean Pierre BAWELA\",\"@id\":\"https:\\\/\\\/macite.tg\\\/#\\\/schema\\\/person\\\/e9f2de7e5dbbe7770a9402c7ce82f5c2\"},\"headline\":\"UNE AUTRE STAR DU REAL MADRID FACE A LA JUSTICE\u00a0: Quand les Madril\u00e8nes confondent le sexe au ballon\",\"datePublished\":\"2025-02-13T13:30:04+00:00\",\"dateModified\":\"2025-02-13T13:31:17+00:00\",\"mainEntityOfPage\":{\"@id\":\"https:\\\/\\\/macite.tg\\\/?p=20153\"},\"wordCount\":454,\"commentCount\":0,\"image\":{\"@id\":\"https:\\\/\\\/macite.tg\\\/?p=20153#primaryimage\"},\"thumbnailUrl\":\"https:\\\/\\\/macite.tg\\\/wp-content\\\/uploads\\\/2025\\\/02\\\/image-33.png\",\"articleSection\":[\"ACTUALITE\",\"FOOTBALL\",\"JUSTICE\"],\"inLanguage\":\"fr-FR\",\"potentialAction\":[{\"@type\":\"CommentAction\",\"name\":\"Comment\",\"target\":[\"https:\\\/\\\/macite.tg\\\/?p=20153#respond\"]}]},{\"@type\":\"WebPage\",\"@id\":\"https:\\\/\\\/macite.tg\\\/?p=20153\",\"url\":\"https:\\\/\\\/macite.tg\\\/?p=20153\",\"name\":\"UNE AUTRE STAR DU REAL MADRID FACE A LA JUSTICE\u00a0: Quand les Madril\u00e8nes confondent le sexe au ballon -\",\"isPartOf\":{\"@id\":\"https:\\\/\\\/macite.tg\\\/#website\"},\"primaryImageOfPage\":{\"@id\":\"https:\\\/\\\/macite.tg\\\/?p=20153#primaryimage\"},\"image\":{\"@id\":\"https:\\\/\\\/macite.tg\\\/?p=20153#primaryimage\"},\"thumbnailUrl\":\"https:\\\/\\\/macite.tg\\\/wp-content\\\/uploads\\\/2025\\\/02\\\/image-33.png\",\"datePublished\":\"2025-02-13T13:30:04+00:00\",\"dateModified\":\"2025-02-13T13:31:17+00:00\",\"author\":{\"@id\":\"https:\\\/\\\/macite.tg\\\/#\\\/schema\\\/person\\\/e9f2de7e5dbbe7770a9402c7ce82f5c2\"},\"breadcrumb\":{\"@id\":\"https:\\\/\\\/macite.tg\\\/?p=20153#breadcrumb\"},\"inLanguage\":\"fr-FR\",\"potentialAction\":[{\"@type\":\"ReadAction\",\"target\":[\"https:\\\/\\\/macite.tg\\\/?p=20153\"]}]},{\"@type\":\"ImageObject\",\"inLanguage\":\"fr-FR\",\"@id\":\"https:\\\/\\\/macite.tg\\\/?p=20153#primaryimage\",\"url\":\"https:\\\/\\\/macite.tg\\\/wp-content\\\/uploads\\\/2025\\\/02\\\/image-33.png\",\"contentUrl\":\"https:\\\/\\\/macite.tg\\\/wp-content\\\/uploads\\\/2025\\\/02\\\/image-33.png\",\"width\":157,\"height\":270},{\"@type\":\"BreadcrumbList\",\"@id\":\"https:\\\/\\\/macite.tg\\\/?p=20153#breadcrumb\",\"itemListElement\":[{\"@type\":\"ListItem\",\"position\":1,\"name\":\"Accueil\",\"item\":\"https:\\\/\\\/macite.tg\\\/\"},{\"@type\":\"ListItem\",\"position\":2,\"name\":\"UNE AUTRE STAR DU REAL MADRID FACE A LA JUSTICE\u00a0: Quand les Madril\u00e8nes confondent le sexe au ballon\"}]},{\"@type\":\"WebSite\",\"@id\":\"https:\\\/\\\/macite.tg\\\/#website\",\"url\":\"https:\\\/\\\/macite.tg\\\/\",\"name\":\"\",\"description\":\"L&#039;information, la bonne!!!\",\"potentialAction\":[{\"@type\":\"SearchAction\",\"target\":{\"@type\":\"EntryPoint\",\"urlTemplate\":\"https:\\\/\\\/macite.tg\\\/?s={search_term_string}\"},\"query-input\":{\"@type\":\"PropertyValueSpecification\",\"valueRequired\":true,\"valueName\":\"search_term_string\"}}],\"inLanguage\":\"fr-FR\"},{\"@type\":\"Person\",\"@id\":\"https:\\\/\\\/macite.tg\\\/#\\\/schema\\\/person\\\/e9f2de7e5dbbe7770a9402c7ce82f5c2\",\"name\":\"Jean Pierre BAWELA\",\"image\":{\"@type\":\"ImageObject\",\"inLanguage\":\"fr-FR\",\"@id\":\"https:\\\/\\\/macite.tg\\\/wp-content\\\/uploads\\\/2023\\\/09\\\/WhatsApp-Image-2023-09-19-at-14.44.41-122x122.jpeg\",\"url\":\"https:\\\/\\\/macite.tg\\\/wp-content\\\/uploads\\\/2023\\\/09\\\/WhatsApp-Image-2023-09-19-at-14.44.41-122x122.jpeg\",\"contentUrl\":\"https:\\\/\\\/macite.tg\\\/wp-content\\\/uploads\\\/2023\\\/09\\\/WhatsApp-Image-2023-09-19-at-14.44.41-122x122.jpeg\",\"caption\":\"Jean Pierre BAWELA\"},\"url\":\"https:\\\/\\\/macite.tg\\\/?author=2\"}]}<\/script>\n<!-- \/ Yoast SEO plugin. -->","yoast_head_json":{"title":"UNE AUTRE STAR DU REAL MADRID FACE A LA JUSTICE\u00a0: Quand les Madril\u00e8nes confondent le sexe au ballon -","robots":{"index":"index","follow":"follow","max-snippet":"max-snippet:-1","max-image-preview":"max-image-preview:large","max-video-preview":"max-video-preview:-1"},"canonical":"https:\/\/macite.tg\/?p=20153","og_locale":"fr_FR","og_type":"article","og_title":"UNE AUTRE STAR DU REAL MADRID FACE A LA JUSTICE\u00a0: Quand les Madril\u00e8nes confondent le sexe au ballon -","og_description":"Le d\u00e9fenseur du Real Madrid, Raul Asencio, risque jusqu\u2019\u00e0 cinq ans de prison pour avoir pr\u00e9tendument diffus\u00e9 une vid\u00e9o explicite d\u2019une jeune fille de 16 ans. Quelques semaines plus t\u00f4t c\u2019\u00e9tait un autre g\u00e9ant du Real qui faisait l\u2019objet d\u2019une enqu\u00eate judiciaire pour viole et [&hellip;]","og_url":"https:\/\/macite.tg\/?p=20153","article_published_time":"2025-02-13T13:30:04+00:00","article_modified_time":"2025-02-13T13:31:17+00:00","og_image":[{"width":157,"height":270,"url":"https:\/\/macite.tg\/wp-content\/uploads\/2025\/02\/image-33.png","type":"image\/png"}],"author":"Jean Pierre BAWELA","twitter_card":"summary_large_image","twitter_misc":{"\u00c9crit par":"Jean Pierre BAWELA","Dur\u00e9e de lecture estim\u00e9e":"3 minutes"},"schema":{"@context":"https:\/\/schema.org","@graph":[{"@type":"Article","@id":"https:\/\/macite.tg\/?p=20153#article","isPartOf":{"@id":"https:\/\/macite.tg\/?p=20153"},"author":{"name":"Jean Pierre BAWELA","@id":"https:\/\/macite.tg\/#\/schema\/person\/e9f2de7e5dbbe7770a9402c7ce82f5c2"},"headline":"UNE AUTRE STAR DU REAL MADRID FACE A LA JUSTICE\u00a0: Quand les Madril\u00e8nes confondent le sexe au ballon","datePublished":"2025-02-13T13:30:04+00:00","dateModified":"2025-02-13T13:31:17+00:00","mainEntityOfPage":{"@id":"https:\/\/macite.tg\/?p=20153"},"wordCount":454,"commentCount":0,"image":{"@id":"https:\/\/macite.tg\/?p=20153#primaryimage"},"thumbnailUrl":"https:\/\/macite.tg\/wp-content\/uploads\/2025\/02\/image-33.png","articleSection":["ACTUALITE","FOOTBALL","JUSTICE"],"inLanguage":"fr-FR","potentialAction":[{"@type":"CommentAction","name":"Comment","target":["https:\/\/macite.tg\/?p=20153#respond"]}]},{"@type":"WebPage","@id":"https:\/\/macite.tg\/?p=20153","url":"https:\/\/macite.tg\/?p=20153","name":"UNE AUTRE STAR DU REAL MADRID FACE A LA JUSTICE\u00a0: Quand les Madril\u00e8nes confondent le sexe au ballon -","isPartOf":{"@id":"https:\/\/macite.tg\/#website"},"primaryImageOfPage":{"@id":"https:\/\/macite.tg\/?p=20153#primaryimage"},"image":{"@id":"https:\/\/macite.tg\/?p=20153#primaryimage"},"thumbnailUrl":"https:\/\/macite.tg\/wp-content\/uploads\/2025\/02\/image-33.png","datePublished":"2025-02-13T13:30:04+00:00","dateModified":"2025-02-13T13:31:17+00:00","author":{"@id":"https:\/\/macite.tg\/#\/schema\/person\/e9f2de7e5dbbe7770a9402c7ce82f5c2"},"breadcrumb":{"@id":"https:\/\/macite.tg\/?p=20153#breadcrumb"},"inLanguage":"fr-FR","potentialAction":[{"@type":"ReadAction","target":["https:\/\/macite.tg\/?p=20153"]}]},{"@type":"ImageObject","inLanguage":"fr-FR","@id":"https:\/\/macite.tg\/?p=20153#primaryimage","url":"https:\/\/macite.tg\/wp-content\/uploads\/2025\/02\/image-33.png","contentUrl":"https:\/\/macite.tg\/wp-content\/uploads\/2025\/02\/image-33.png","width":157,"height":270},{"@type":"BreadcrumbList","@id":"https:\/\/macite.tg\/?p=20153#breadcrumb","itemListElement":[{"@type":"ListItem","position":1,"name":"Accueil","item":"https:\/\/macite.tg\/"},{"@type":"ListItem","position":2,"name":"UNE AUTRE STAR DU REAL MADRID FACE A LA JUSTICE\u00a0: Quand les Madril\u00e8nes confondent le sexe au ballon"}]},{"@type":"WebSite","@id":"https:\/\/macite.tg\/#website","url":"https:\/\/macite.tg\/","name":"","description":"L&#039;information, la bonne!!!","potentialAction":[{"@type":"SearchAction","target":{"@type":"EntryPoint","urlTemplate":"https:\/\/macite.tg\/?s={search_term_string}"},"query-input":{"@type":"PropertyValueSpecification","valueRequired":true,"valueName":"search_term_string"}}],"inLanguage":"fr-FR"},{"@type":"Person","@id":"https:\/\/macite.tg\/#\/schema\/person\/e9f2de7e5dbbe7770a9402c7ce82f5c2","name":"Jean Pierre BAWELA","image":{"@type":"ImageObject","inLanguage":"fr-FR","@id":"https:\/\/macite.tg\/wp-content\/uploads\/2023\/09\/WhatsApp-Image-2023-09-19-at-14.44.41-122x122.jpeg","url":"https:\/\/macite.tg\/wp-content\/uploads\/2023\/09\/WhatsApp-Image-2023-09-19-at-14.44.41-122x122.jpeg","contentUrl":"https:\/\/macite.tg\/wp-content\/uploads\/2023\/09\/WhatsApp-Image-2023-09-19-at-14.44.41-122x122.jpeg","caption":"Jean Pierre BAWELA"},"url":"https:\/\/macite.tg\/?author=2"}]}},"_links":{"self":[{"href":"https:\/\/macite.tg\/index.php?rest_route=\/wp\/v2\/posts\/20153","targetHints":{"allow":["GET"]}}],"collection":[{"href":"https:\/\/macite.tg\/index.php?rest_route=\/wp\/v2\/posts"}],"about":[{"href":"https:\/\/macite.tg\/index.php?rest_route=\/wp\/v2\/types\/post"}],"author":[{"embeddable":true,"href":"https:\/\/macite.tg\/index.php?rest_route=\/wp\/v2\/users\/2"}],"replies":[{"embeddable":true,"href":"https:\/\/macite.tg\/index.php?rest_route=%2Fwp%2Fv2%2Fcomments&post=20153"}],"version-history":[{"count":0,"href":"https:\/\/macite.tg\/index.php?rest_route=\/wp\/v2\/posts\/20153\/revisions"}],"wp:featuredmedia":[{"embeddable":true,"href":"https:\/\/macite.tg\/index.php?rest_route=\/wp\/v2\/media\/20154"}],"wp:attachment":[{"href":"https:\/\/macite.tg\/index.php?rest_route=%2Fwp%2Fv2%2Fmedia&parent=20153"}],"wp:term":[{"taxonomy":"category","embeddable":true,"href":"https:\/\/macite.tg\/index.php?rest_route=%2Fwp%2Fv2%2Fcategories&post=20153"},{"taxonomy":"post_tag","embeddable":true,"href":"https:\/\/macite.tg\/index.php?rest_route=%2Fwp%2Fv2%2Ftags&post=20153"}],"curies":[{"name":"wp","href":"https:\/\/api.w.org\/{rel}","templated":true}]}}