{"id":20148,"date":"2025-02-13T13:11:50","date_gmt":"2025-02-13T13:11:50","guid":{"rendered":"https:\/\/macite.tg\/?p=20148"},"modified":"2025-02-13T13:12:28","modified_gmt":"2025-02-13T13:12:28","slug":"elections-a-lunion-africaine-ua-madagascar-sollicite-le-soutien-de-lome-pour-son-election-a-la-presidence-de-la-commission-de-lunion","status":"publish","type":"post","link":"https:\/\/macite.tg\/?p=20148","title":{"rendered":"ELECTIONS A L\u2019UNION AFRICAINE (UA)\u00a0: Madagascar sollicite le soutien de Lom\u00e9 pour son \u00e9lection \u00e0 la Pr\u00e9sidence de la Commission de l\u2019Union"},"content":{"rendered":"\n<p class=\"wp-block-paragraph\"><strong><em>La R\u00e9publique de Madagascar, candidate \u00e0 la Pr\u00e9sidence de la Commission de l\u2019Union africaine (UA), veut compter sur le soutien du Togo pour se faire \u00e9lire. Une mission malgache a \u00e9t\u00e9 re\u00e7ue le mardi 11 f\u00e9vrier dernier, par la Cheffe de l\u2019ex\u00e9cutif, Mme Victoire Togom\u00e9gah-Dogb\u00e9.<\/em><\/strong><\/p>\n\n\n\n<p class=\"wp-block-paragraph\">Conduite par Rafaravavitafika Rasata, ministre malgache des Affaires \u00e9trang\u00e8res, la mission est venue solliciter l\u2019appui de Lom\u00e9 \u00e0 la candidature de la R\u00e9publique de Madagascar \u00e0 la Pr\u00e9sidence de la Commission de l\u2019Union africaine (UA).<\/p>\n\n\n<div class=\"wp-block-image\">\n<figure class=\"aligncenter size-full\"><img loading=\"lazy\" decoding=\"async\" width=\"851\" height=\"315\" src=\"https:\/\/macite.tg\/wp-content\/uploads\/2025\/02\/OTR_Renseignements.jpg\" alt=\"\" class=\"wp-image-20090\" srcset=\"https:\/\/macite.tg\/wp-content\/uploads\/2025\/02\/OTR_Renseignements.jpg 851w, https:\/\/macite.tg\/wp-content\/uploads\/2025\/02\/OTR_Renseignements-300x111.jpg 300w, https:\/\/macite.tg\/wp-content\/uploads\/2025\/02\/OTR_Renseignements-768x284.jpg 768w\" sizes=\"auto, (max-width: 851px) 100vw, 851px\" \/><\/figure>\n<\/div>\n\n\n<p class=\"wp-block-paragraph\">Cette rencontre a \u00e9t\u00e9 \u00e9galement une occasion pour la chef de la diplomatie malgache, d\u2019exposer \u00e0 Madame le Premier ministre les priorit\u00e9s de son pays pour une Afrique nouvelle, qui a sa voix sur la sc\u00e8ne internationale. Ce qui suppose donc une Afrique unie, solidaire et prosp\u00e8re.<\/p>\n\n\n\n<p class=\"wp-block-paragraph\">Outre ce volet diplomatique d\u2019envergure, Rafaravavitafika Rasata a expliqu\u00e9 que son pays avait \u00ab&nbsp;<em>des objectifs au sein de l\u2019Union africaine, c\u2019est la s\u00e9curit\u00e9 r\u00e9gionale, la stabilit\u00e9, l\u2019int\u00e9gration \u00e9conomique et surtout la valorisation de la jeunesse africaine&nbsp;\u00bb. <\/em>Elle souligne que \u00ab&nbsp;c<em>e sont, pour nous, des valeurs similaires, identiques, qui annoncent une nouvelle page de notre coop\u00e9ration bilat\u00e9rale avec le Togo&nbsp;\u00bb.<\/em><\/p>\n\n\n<div class=\"wp-block-image\">\n<figure class=\"aligncenter size-full\"><img loading=\"lazy\" decoding=\"async\" width=\"512\" height=\"720\" src=\"https:\/\/macite.tg\/wp-content\/uploads\/2025\/02\/image-17.png\" alt=\"\" class=\"wp-image-20026\" srcset=\"https:\/\/macite.tg\/wp-content\/uploads\/2025\/02\/image-17.png 512w, https:\/\/macite.tg\/wp-content\/uploads\/2025\/02\/image-17-213x300.png 213w\" sizes=\"auto, (max-width: 512px) 100vw, 512px\" \/><\/figure>\n<\/div>\n\n\n<p class=\"wp-block-paragraph\">Notons que le processus de candidatures, pour ces \u00e9lections se d\u00e9rouleront ce mois de f\u00e9vrier lors du Sommet de l\u2019UA \u00e0 Addis Ab\u00e9ba, est ouvert depuis quelques semaines d\u00e9j\u00e0. Huit postes de haute responsabilit\u00e9 de la Commission (pr\u00e9sident, vice-pr\u00e9sident et commissaires), sont \u00e0 pourvoir. Et selon de ses pairs fondateurs, l\u2019UA vise une <em>\u00ab Afrique int\u00e9gr\u00e9e, prosp\u00e8re et pacifique, dirig\u00e9e par ses propres citoyens et repr\u00e9sentant une force dynamique sur la sc\u00e8ne mondiale \u00bb.<\/em><\/p>\n\n\n\n<p class=\"wp-block-paragraph\"><strong>JPB<\/strong><\/p>\n\n\n\n<p class=\"wp-block-paragraph\"><strong><em>@macite.tg&nbsp;&nbsp;&nbsp;&nbsp;&nbsp;&nbsp;&nbsp;&nbsp;<\/em><\/strong><\/p>\n\n\n\n<p class=\"wp-block-paragraph\"><strong><em>E-mail&nbsp;: <\/em><\/strong><a href=\"mailto:maciteinfo@gmail.com\"><strong><em>maciteinfo@gmail.com<\/em><\/strong><\/a><strong><em>; <\/em><\/strong><a href=\"mailto:bawela1@gmail.com\"><strong><em>bawela1@gmail.com<\/em><\/strong><\/a><strong><em><\/em><\/strong><\/p>\n\n\n\n<p class=\"wp-block-paragraph\"><strong><em>Pour vos annonces, (publi)reportages, etc., joignez-nous au (00228)91515309\/<strong>79872224 <\/strong>www.macite.tg, L\u2019information, la bonne&nbsp;!<\/em><\/strong><\/p>\n","protected":false},"excerpt":{"rendered":"<p class=\"text-justify mb-2\" >La R\u00e9publique de Madagascar, candidate \u00e0 la Pr\u00e9sidence de la Commission de l\u2019Union africaine (UA), veut compter sur le soutien du Togo pour se faire \u00e9lire. Une mission malgache a \u00e9t\u00e9 re\u00e7ue le mardi 11 f\u00e9vrier dernier, par la Cheffe de l\u2019ex\u00e9cutif, Mme Victoire Togom\u00e9gah-Dogb\u00e9. [&hellip;]<\/p>\n","protected":false},"author":2,"featured_media":20151,"comment_status":"open","ping_status":"open","sticky":false,"template":"","format":"standard","meta":{"footnotes":""},"categories":[20,8],"tags":[],"class_list":["post-20148","post","type-post","status-publish","format-standard","has-post-thumbnail","hentry","category-actualite","category-diplomatie"],"yoast_head":"<!-- This site is optimized with the Yoast SEO plugin v28.4 - https:\/\/yoast.com\/product\/yoast-seo-wordpress\/ -->\n<title>ELECTIONS A L\u2019UNION AFRICAINE (UA)\u00a0: Madagascar sollicite le soutien de Lom\u00e9 pour son \u00e9lection \u00e0 la Pr\u00e9sidence de la Commission de l\u2019Union -<\/title>\n<meta name=\"robots\" content=\"index, follow, max-snippet:-1, max-image-preview:large, max-video-preview:-1\" \/>\n<link rel=\"canonical\" href=\"https:\/\/macite.tg\/?p=20148\" \/>\n<meta property=\"og:locale\" content=\"fr_FR\" \/>\n<meta property=\"og:type\" content=\"article\" \/>\n<meta property=\"og:title\" content=\"ELECTIONS A L\u2019UNION AFRICAINE (UA)\u00a0: Madagascar sollicite le soutien de Lom\u00e9 pour son \u00e9lection \u00e0 la Pr\u00e9sidence de la Commission de l\u2019Union -\" \/>\n<meta property=\"og:description\" content=\"La R\u00e9publique de Madagascar, candidate \u00e0 la Pr\u00e9sidence de la Commission de l\u2019Union africaine (UA), veut compter sur le soutien du Togo pour se faire \u00e9lire. Une mission malgache a \u00e9t\u00e9 re\u00e7ue le mardi 11 f\u00e9vrier dernier, par la Cheffe de l\u2019ex\u00e9cutif, Mme Victoire Togom\u00e9gah-Dogb\u00e9. [&hellip;]\" \/>\n<meta property=\"og:url\" content=\"https:\/\/macite.tg\/?p=20148\" \/>\n<meta property=\"article:published_time\" content=\"2025-02-13T13:11:50+00:00\" \/>\n<meta property=\"article:modified_time\" content=\"2025-02-13T13:12:28+00:00\" \/>\n<meta property=\"og:image\" content=\"https:\/\/macite.tg\/wp-content\/uploads\/2025\/02\/Madagascar.jpg\" \/>\n\t<meta property=\"og:image:width\" content=\"500\" \/>\n\t<meta property=\"og:image:height\" content=\"384\" \/>\n\t<meta property=\"og:image:type\" content=\"image\/jpeg\" \/>\n<meta name=\"author\" content=\"Jean Pierre BAWELA\" \/>\n<meta name=\"twitter:card\" content=\"summary_large_image\" \/>\n<meta name=\"twitter:label1\" content=\"\u00c9crit par\" \/>\n\t<meta name=\"twitter:data1\" content=\"Jean Pierre BAWELA\" \/>\n\t<meta name=\"twitter:label2\" content=\"Dur\u00e9e de lecture estim\u00e9e\" \/>\n\t<meta name=\"twitter:data2\" content=\"2 minutes\" \/>\n<script type=\"application\/ld+json\" class=\"yoast-schema-graph\">{\"@context\":\"https:\\\/\\\/schema.org\",\"@graph\":[{\"@type\":\"Article\",\"@id\":\"https:\\\/\\\/macite.tg\\\/?p=20148#article\",\"isPartOf\":{\"@id\":\"https:\\\/\\\/macite.tg\\\/?p=20148\"},\"author\":{\"name\":\"Jean Pierre BAWELA\",\"@id\":\"https:\\\/\\\/macite.tg\\\/#\\\/schema\\\/person\\\/e9f2de7e5dbbe7770a9402c7ce82f5c2\"},\"headline\":\"ELECTIONS A L\u2019UNION AFRICAINE (UA)\u00a0: Madagascar sollicite le soutien de Lom\u00e9 pour son \u00e9lection \u00e0 la Pr\u00e9sidence de la Commission de l\u2019Union\",\"datePublished\":\"2025-02-13T13:11:50+00:00\",\"dateModified\":\"2025-02-13T13:12:28+00:00\",\"mainEntityOfPage\":{\"@id\":\"https:\\\/\\\/macite.tg\\\/?p=20148\"},\"wordCount\":354,\"commentCount\":0,\"image\":{\"@id\":\"https:\\\/\\\/macite.tg\\\/?p=20148#primaryimage\"},\"thumbnailUrl\":\"https:\\\/\\\/macite.tg\\\/wp-content\\\/uploads\\\/2025\\\/02\\\/Madagascar.jpg\",\"articleSection\":[\"ACTUALITE\",\"DIPLOMATIE\"],\"inLanguage\":\"fr-FR\",\"potentialAction\":[{\"@type\":\"CommentAction\",\"name\":\"Comment\",\"target\":[\"https:\\\/\\\/macite.tg\\\/?p=20148#respond\"]}]},{\"@type\":\"WebPage\",\"@id\":\"https:\\\/\\\/macite.tg\\\/?p=20148\",\"url\":\"https:\\\/\\\/macite.tg\\\/?p=20148\",\"name\":\"ELECTIONS A L\u2019UNION AFRICAINE (UA)\u00a0: Madagascar sollicite le soutien de Lom\u00e9 pour son \u00e9lection \u00e0 la Pr\u00e9sidence de la Commission de l\u2019Union -\",\"isPartOf\":{\"@id\":\"https:\\\/\\\/macite.tg\\\/#website\"},\"primaryImageOfPage\":{\"@id\":\"https:\\\/\\\/macite.tg\\\/?p=20148#primaryimage\"},\"image\":{\"@id\":\"https:\\\/\\\/macite.tg\\\/?p=20148#primaryimage\"},\"thumbnailUrl\":\"https:\\\/\\\/macite.tg\\\/wp-content\\\/uploads\\\/2025\\\/02\\\/Madagascar.jpg\",\"datePublished\":\"2025-02-13T13:11:50+00:00\",\"dateModified\":\"2025-02-13T13:12:28+00:00\",\"author\":{\"@id\":\"https:\\\/\\\/macite.tg\\\/#\\\/schema\\\/person\\\/e9f2de7e5dbbe7770a9402c7ce82f5c2\"},\"breadcrumb\":{\"@id\":\"https:\\\/\\\/macite.tg\\\/?p=20148#breadcrumb\"},\"inLanguage\":\"fr-FR\",\"potentialAction\":[{\"@type\":\"ReadAction\",\"target\":[\"https:\\\/\\\/macite.tg\\\/?p=20148\"]}]},{\"@type\":\"ImageObject\",\"inLanguage\":\"fr-FR\",\"@id\":\"https:\\\/\\\/macite.tg\\\/?p=20148#primaryimage\",\"url\":\"https:\\\/\\\/macite.tg\\\/wp-content\\\/uploads\\\/2025\\\/02\\\/Madagascar.jpg\",\"contentUrl\":\"https:\\\/\\\/macite.tg\\\/wp-content\\\/uploads\\\/2025\\\/02\\\/Madagascar.jpg\",\"width\":500,\"height\":384,\"caption\":\"La ministre malgache des Affaires \u00e9trang\u00e8res, Rafaravavitafika Rasata\"},{\"@type\":\"BreadcrumbList\",\"@id\":\"https:\\\/\\\/macite.tg\\\/?p=20148#breadcrumb\",\"itemListElement\":[{\"@type\":\"ListItem\",\"position\":1,\"name\":\"Accueil\",\"item\":\"https:\\\/\\\/macite.tg\\\/\"},{\"@type\":\"ListItem\",\"position\":2,\"name\":\"ELECTIONS A L\u2019UNION AFRICAINE (UA)\u00a0: Madagascar sollicite le soutien de Lom\u00e9 pour son \u00e9lection \u00e0 la Pr\u00e9sidence de la Commission de l\u2019Union\"}]},{\"@type\":\"WebSite\",\"@id\":\"https:\\\/\\\/macite.tg\\\/#website\",\"url\":\"https:\\\/\\\/macite.tg\\\/\",\"name\":\"\",\"description\":\"L&#039;information, la bonne!!!\",\"potentialAction\":[{\"@type\":\"SearchAction\",\"target\":{\"@type\":\"EntryPoint\",\"urlTemplate\":\"https:\\\/\\\/macite.tg\\\/?s={search_term_string}\"},\"query-input\":{\"@type\":\"PropertyValueSpecification\",\"valueRequired\":true,\"valueName\":\"search_term_string\"}}],\"inLanguage\":\"fr-FR\"},{\"@type\":\"Person\",\"@id\":\"https:\\\/\\\/macite.tg\\\/#\\\/schema\\\/person\\\/e9f2de7e5dbbe7770a9402c7ce82f5c2\",\"name\":\"Jean Pierre BAWELA\",\"image\":{\"@type\":\"ImageObject\",\"inLanguage\":\"fr-FR\",\"@id\":\"https:\\\/\\\/macite.tg\\\/wp-content\\\/uploads\\\/2023\\\/09\\\/WhatsApp-Image-2023-09-19-at-14.44.41-122x122.jpeg\",\"url\":\"https:\\\/\\\/macite.tg\\\/wp-content\\\/uploads\\\/2023\\\/09\\\/WhatsApp-Image-2023-09-19-at-14.44.41-122x122.jpeg\",\"contentUrl\":\"https:\\\/\\\/macite.tg\\\/wp-content\\\/uploads\\\/2023\\\/09\\\/WhatsApp-Image-2023-09-19-at-14.44.41-122x122.jpeg\",\"caption\":\"Jean Pierre BAWELA\"},\"url\":\"https:\\\/\\\/macite.tg\\\/?author=2\"}]}<\/script>\n<!-- \/ Yoast SEO plugin. -->","yoast_head_json":{"title":"ELECTIONS A L\u2019UNION AFRICAINE (UA)\u00a0: Madagascar sollicite le soutien de Lom\u00e9 pour son \u00e9lection \u00e0 la Pr\u00e9sidence de la Commission de l\u2019Union -","robots":{"index":"index","follow":"follow","max-snippet":"max-snippet:-1","max-image-preview":"max-image-preview:large","max-video-preview":"max-video-preview:-1"},"canonical":"https:\/\/macite.tg\/?p=20148","og_locale":"fr_FR","og_type":"article","og_title":"ELECTIONS A L\u2019UNION AFRICAINE (UA)\u00a0: Madagascar sollicite le soutien de Lom\u00e9 pour son \u00e9lection \u00e0 la Pr\u00e9sidence de la Commission de l\u2019Union -","og_description":"La R\u00e9publique de Madagascar, candidate \u00e0 la Pr\u00e9sidence de la Commission de l\u2019Union africaine (UA), veut compter sur le soutien du Togo pour se faire \u00e9lire. Une mission malgache a \u00e9t\u00e9 re\u00e7ue le mardi 11 f\u00e9vrier dernier, par la Cheffe de l\u2019ex\u00e9cutif, Mme Victoire Togom\u00e9gah-Dogb\u00e9. [&hellip;]","og_url":"https:\/\/macite.tg\/?p=20148","article_published_time":"2025-02-13T13:11:50+00:00","article_modified_time":"2025-02-13T13:12:28+00:00","og_image":[{"width":500,"height":384,"url":"https:\/\/macite.tg\/wp-content\/uploads\/2025\/02\/Madagascar.jpg","type":"image\/jpeg"}],"author":"Jean Pierre BAWELA","twitter_card":"summary_large_image","twitter_misc":{"\u00c9crit par":"Jean Pierre BAWELA","Dur\u00e9e de lecture estim\u00e9e":"2 minutes"},"schema":{"@context":"https:\/\/schema.org","@graph":[{"@type":"Article","@id":"https:\/\/macite.tg\/?p=20148#article","isPartOf":{"@id":"https:\/\/macite.tg\/?p=20148"},"author":{"name":"Jean Pierre BAWELA","@id":"https:\/\/macite.tg\/#\/schema\/person\/e9f2de7e5dbbe7770a9402c7ce82f5c2"},"headline":"ELECTIONS A L\u2019UNION AFRICAINE (UA)\u00a0: Madagascar sollicite le soutien de Lom\u00e9 pour son \u00e9lection \u00e0 la Pr\u00e9sidence de la Commission de l\u2019Union","datePublished":"2025-02-13T13:11:50+00:00","dateModified":"2025-02-13T13:12:28+00:00","mainEntityOfPage":{"@id":"https:\/\/macite.tg\/?p=20148"},"wordCount":354,"commentCount":0,"image":{"@id":"https:\/\/macite.tg\/?p=20148#primaryimage"},"thumbnailUrl":"https:\/\/macite.tg\/wp-content\/uploads\/2025\/02\/Madagascar.jpg","articleSection":["ACTUALITE","DIPLOMATIE"],"inLanguage":"fr-FR","potentialAction":[{"@type":"CommentAction","name":"Comment","target":["https:\/\/macite.tg\/?p=20148#respond"]}]},{"@type":"WebPage","@id":"https:\/\/macite.tg\/?p=20148","url":"https:\/\/macite.tg\/?p=20148","name":"ELECTIONS A L\u2019UNION AFRICAINE (UA)\u00a0: Madagascar sollicite le soutien de Lom\u00e9 pour son \u00e9lection \u00e0 la Pr\u00e9sidence de la Commission de l\u2019Union -","isPartOf":{"@id":"https:\/\/macite.tg\/#website"},"primaryImageOfPage":{"@id":"https:\/\/macite.tg\/?p=20148#primaryimage"},"image":{"@id":"https:\/\/macite.tg\/?p=20148#primaryimage"},"thumbnailUrl":"https:\/\/macite.tg\/wp-content\/uploads\/2025\/02\/Madagascar.jpg","datePublished":"2025-02-13T13:11:50+00:00","dateModified":"2025-02-13T13:12:28+00:00","author":{"@id":"https:\/\/macite.tg\/#\/schema\/person\/e9f2de7e5dbbe7770a9402c7ce82f5c2"},"breadcrumb":{"@id":"https:\/\/macite.tg\/?p=20148#breadcrumb"},"inLanguage":"fr-FR","potentialAction":[{"@type":"ReadAction","target":["https:\/\/macite.tg\/?p=20148"]}]},{"@type":"ImageObject","inLanguage":"fr-FR","@id":"https:\/\/macite.tg\/?p=20148#primaryimage","url":"https:\/\/macite.tg\/wp-content\/uploads\/2025\/02\/Madagascar.jpg","contentUrl":"https:\/\/macite.tg\/wp-content\/uploads\/2025\/02\/Madagascar.jpg","width":500,"height":384,"caption":"La ministre malgache des Affaires \u00e9trang\u00e8res, Rafaravavitafika Rasata"},{"@type":"BreadcrumbList","@id":"https:\/\/macite.tg\/?p=20148#breadcrumb","itemListElement":[{"@type":"ListItem","position":1,"name":"Accueil","item":"https:\/\/macite.tg\/"},{"@type":"ListItem","position":2,"name":"ELECTIONS A L\u2019UNION AFRICAINE (UA)\u00a0: Madagascar sollicite le soutien de Lom\u00e9 pour son \u00e9lection \u00e0 la Pr\u00e9sidence de la Commission de l\u2019Union"}]},{"@type":"WebSite","@id":"https:\/\/macite.tg\/#website","url":"https:\/\/macite.tg\/","name":"","description":"L&#039;information, la bonne!!!","potentialAction":[{"@type":"SearchAction","target":{"@type":"EntryPoint","urlTemplate":"https:\/\/macite.tg\/?s={search_term_string}"},"query-input":{"@type":"PropertyValueSpecification","valueRequired":true,"valueName":"search_term_string"}}],"inLanguage":"fr-FR"},{"@type":"Person","@id":"https:\/\/macite.tg\/#\/schema\/person\/e9f2de7e5dbbe7770a9402c7ce82f5c2","name":"Jean Pierre BAWELA","image":{"@type":"ImageObject","inLanguage":"fr-FR","@id":"https:\/\/macite.tg\/wp-content\/uploads\/2023\/09\/WhatsApp-Image-2023-09-19-at-14.44.41-122x122.jpeg","url":"https:\/\/macite.tg\/wp-content\/uploads\/2023\/09\/WhatsApp-Image-2023-09-19-at-14.44.41-122x122.jpeg","contentUrl":"https:\/\/macite.tg\/wp-content\/uploads\/2023\/09\/WhatsApp-Image-2023-09-19-at-14.44.41-122x122.jpeg","caption":"Jean Pierre BAWELA"},"url":"https:\/\/macite.tg\/?author=2"}]}},"_links":{"self":[{"href":"https:\/\/macite.tg\/index.php?rest_route=\/wp\/v2\/posts\/20148","targetHints":{"allow":["GET"]}}],"collection":[{"href":"https:\/\/macite.tg\/index.php?rest_route=\/wp\/v2\/posts"}],"about":[{"href":"https:\/\/macite.tg\/index.php?rest_route=\/wp\/v2\/types\/post"}],"author":[{"embeddable":true,"href":"https:\/\/macite.tg\/index.php?rest_route=\/wp\/v2\/users\/2"}],"replies":[{"embeddable":true,"href":"https:\/\/macite.tg\/index.php?rest_route=%2Fwp%2Fv2%2Fcomments&post=20148"}],"version-history":[{"count":0,"href":"https:\/\/macite.tg\/index.php?rest_route=\/wp\/v2\/posts\/20148\/revisions"}],"wp:featuredmedia":[{"embeddable":true,"href":"https:\/\/macite.tg\/index.php?rest_route=\/wp\/v2\/media\/20151"}],"wp:attachment":[{"href":"https:\/\/macite.tg\/index.php?rest_route=%2Fwp%2Fv2%2Fmedia&parent=20148"}],"wp:term":[{"taxonomy":"category","embeddable":true,"href":"https:\/\/macite.tg\/index.php?rest_route=%2Fwp%2Fv2%2Fcategories&post=20148"},{"taxonomy":"post_tag","embeddable":true,"href":"https:\/\/macite.tg\/index.php?rest_route=%2Fwp%2Fv2%2Ftags&post=20148"}],"curies":[{"name":"wp","href":"https:\/\/api.w.org\/{rel}","templated":true}]}}