{"id":20145,"date":"2025-02-13T12:06:51","date_gmt":"2025-02-13T12:06:51","guid":{"rendered":"https:\/\/macite.tg\/?p=20145"},"modified":"2025-02-13T12:07:05","modified_gmt":"2025-02-13T12:07:05","slug":"troncon-tsevie-tabligbo-le-trafic-devie-a-partir-de-demain-14-fevrier","status":"publish","type":"post","link":"https:\/\/macite.tg\/?p=20145","title":{"rendered":"TRON\u00c7ON TSEVIE \u2013 TABLIGBO\u00a0: Le trafic d\u00e9vi\u00e9 \u00e0 partir de demain 14 f\u00e9vrier"},"content":{"rendered":"\n<p class=\"wp-block-paragraph\"><strong><em>Les usagers de la Route nationale n\u00b04 (RN4), sur le tron\u00e7on Ts\u00e9vi\u00e9 \u2013 Tabligbo, vont conna\u00eetre des perturbations \u00e0 partir de demain 14 f\u00e9vrier, annonce le minist\u00e8re des Travaux publics et des infrastructures.<\/em><\/strong><\/p>\n\n\n\n<p class=\"wp-block-paragraph\">Dans le cadre du programme annuel d\u2019entretien routier, il est pr\u00e9vu des travaux urgents de construction d\u2019un ponceau \u00e0 la sortie nord du CHR de Ts\u00e9vi\u00e9, indique le minist\u00e8re des Travaux publics et des infrastructures.<\/p>\n\n\n<div class=\"wp-block-image\">\n<figure class=\"aligncenter size-full is-resized\"><img loading=\"lazy\" decoding=\"async\" width=\"690\" height=\"170\" src=\"https:\/\/macite.tg\/wp-content\/uploads\/2025\/02\/IMG-20240313-WA0013-1.jpg\" alt=\"\" class=\"wp-image-20142\" style=\"width:840px;height:auto\" srcset=\"https:\/\/macite.tg\/wp-content\/uploads\/2025\/02\/IMG-20240313-WA0013-1.jpg 690w, https:\/\/macite.tg\/wp-content\/uploads\/2025\/02\/IMG-20240313-WA0013-1-300x74.jpg 300w\" sizes=\"auto, (max-width: 690px) 100vw, 690px\" \/><\/figure>\n<\/div>\n\n\n<p class=\"wp-block-paragraph\">A cet effet, les usagers de la Route nationale 4 (RN4) vont conna\u00eetre des perturbations, ceci \u00e0 compter de demain vendredi 14 f\u00e9vrier. Selon le minist\u00e8re des Travaux publics, le trafic sera d\u00e9vi\u00e9 au niveau du stade Dr Kaolo.<\/p>\n\n\n\n<p class=\"wp-block-paragraph\">Cette mesure, selon l\u2019autorit\u00e9, vise \u00e0 assurer la bonne marche de ces travaux urgents.<\/p>\n\n\n<div class=\"wp-block-image\">\n<figure class=\"aligncenter size-large is-resized\"><img loading=\"lazy\" decoding=\"async\" width=\"1011\" height=\"1024\" src=\"https:\/\/macite.tg\/wp-content\/uploads\/2025\/02\/OTR_OTM_-prorogation-du-delai-concours-medias-1011x1024.jpg\" alt=\"\" class=\"wp-image-20017\" style=\"width:578px;height:auto\" srcset=\"https:\/\/macite.tg\/wp-content\/uploads\/2025\/02\/OTR_OTM_-prorogation-du-delai-concours-medias-1011x1024.jpg 1011w, https:\/\/macite.tg\/wp-content\/uploads\/2025\/02\/OTR_OTM_-prorogation-du-delai-concours-medias-296x300.jpg 296w, https:\/\/macite.tg\/wp-content\/uploads\/2025\/02\/OTR_OTM_-prorogation-du-delai-concours-medias-768x778.jpg 768w, https:\/\/macite.tg\/wp-content\/uploads\/2025\/02\/OTR_OTM_-prorogation-du-delai-concours-medias.jpg 1165w\" sizes=\"auto, (max-width: 1011px) 100vw, 1011px\" \/><\/figure>\n<\/div>\n\n\n<p class=\"wp-block-paragraph\">Notons que depuis quelques ann\u00e9es d\u00e9j\u00e0, l\u2019ex\u00e9cutif togolais ouverts d\u2019importants chantiers sur l\u2019ensemble du territoire national, d\u00e9roulant ainsi son vaste programme de modernisation et de r\u00e9habilitation de son r\u00e9seau routier.\u00a0 <\/p>\n\n\n\n<p class=\"wp-block-paragraph\"><strong>JPB<\/strong><strong><\/strong><\/p>\n\n\n\n<p class=\"wp-block-paragraph\"><strong><em>@macite.tg&nbsp;&nbsp;&nbsp;&nbsp;&nbsp;&nbsp;&nbsp;&nbsp;<\/em><\/strong><\/p>\n\n\n\n<p class=\"wp-block-paragraph\"><strong><em>E-mail&nbsp;: <\/em><\/strong><a href=\"mailto:maciteinfo@gmail.com\"><strong><em>maciteinfo@gmail.com<\/em><\/strong><\/a><strong><em>; <\/em><\/strong><a href=\"mailto:bawela1@gmail.com\"><strong><em>bawela1@gmail.com<\/em><\/strong><\/a><strong><em><\/em><\/strong><\/p>\n\n\n\n<p class=\"wp-block-paragraph\"><strong><em>Pour vos annonces, (publi)reportages, etc., joignez-nous au (00228)91515309\/<strong>79872224 <\/strong>www.macite.tg, L\u2019information, la bonne&nbsp;!<\/em><\/strong><\/p>\n","protected":false},"excerpt":{"rendered":"<p class=\"text-justify mb-2\" >Les usagers de la Route nationale n\u00b04 (RN4), sur le tron\u00e7on Ts\u00e9vi\u00e9 \u2013 Tabligbo, vont conna\u00eetre des perturbations \u00e0 partir de demain 14 f\u00e9vrier, annonce le minist\u00e8re des Travaux publics et des infrastructures. Dans le cadre du programme annuel d\u2019entretien routier, il est pr\u00e9vu des [&hellip;]<\/p>\n","protected":false},"author":2,"featured_media":20146,"comment_status":"open","ping_status":"open","sticky":false,"template":"","format":"standard","meta":{"footnotes":""},"categories":[20,41],"tags":[],"class_list":["post-20145","post","type-post","status-publish","format-standard","has-post-thumbnail","hentry","category-actualite","category-transports"],"yoast_head":"<!-- This site is optimized with the Yoast SEO plugin v28.4 - https:\/\/yoast.com\/product\/yoast-seo-wordpress\/ -->\n<title>TRON\u00c7ON TSEVIE \u2013 TABLIGBO\u00a0: Le trafic d\u00e9vi\u00e9 \u00e0 partir de demain 14 f\u00e9vrier -<\/title>\n<meta name=\"robots\" content=\"index, follow, max-snippet:-1, max-image-preview:large, max-video-preview:-1\" \/>\n<link rel=\"canonical\" href=\"https:\/\/macite.tg\/?p=20145\" \/>\n<meta property=\"og:locale\" content=\"fr_FR\" \/>\n<meta property=\"og:type\" content=\"article\" \/>\n<meta property=\"og:title\" content=\"TRON\u00c7ON TSEVIE \u2013 TABLIGBO\u00a0: Le trafic d\u00e9vi\u00e9 \u00e0 partir de demain 14 f\u00e9vrier -\" \/>\n<meta property=\"og:description\" content=\"Les usagers de la Route nationale n\u00b04 (RN4), sur le tron\u00e7on Ts\u00e9vi\u00e9 \u2013 Tabligbo, vont conna\u00eetre des perturbations \u00e0 partir de demain 14 f\u00e9vrier, annonce le minist\u00e8re des Travaux publics et des infrastructures. Dans le cadre du programme annuel d\u2019entretien routier, il est pr\u00e9vu des [&hellip;]\" \/>\n<meta property=\"og:url\" content=\"https:\/\/macite.tg\/?p=20145\" \/>\n<meta property=\"article:published_time\" content=\"2025-02-13T12:06:51+00:00\" \/>\n<meta property=\"article:modified_time\" content=\"2025-02-13T12:07:05+00:00\" \/>\n<meta property=\"og:image\" content=\"https:\/\/macite.tg\/wp-content\/uploads\/2025\/02\/image-32.png\" \/>\n\t<meta property=\"og:image:width\" content=\"500\" \/>\n\t<meta property=\"og:image:height\" content=\"333\" \/>\n\t<meta property=\"og:image:type\" content=\"image\/png\" \/>\n<meta name=\"author\" content=\"Jean Pierre BAWELA\" \/>\n<meta name=\"twitter:card\" content=\"summary_large_image\" \/>\n<meta name=\"twitter:label1\" content=\"\u00c9crit par\" \/>\n\t<meta name=\"twitter:data1\" content=\"Jean Pierre BAWELA\" \/>\n\t<meta name=\"twitter:label2\" content=\"Dur\u00e9e de lecture estim\u00e9e\" \/>\n\t<meta name=\"twitter:data2\" content=\"2 minutes\" \/>\n<script type=\"application\/ld+json\" class=\"yoast-schema-graph\">{\"@context\":\"https:\\\/\\\/schema.org\",\"@graph\":[{\"@type\":\"Article\",\"@id\":\"https:\\\/\\\/macite.tg\\\/?p=20145#article\",\"isPartOf\":{\"@id\":\"https:\\\/\\\/macite.tg\\\/?p=20145\"},\"author\":{\"name\":\"Jean Pierre BAWELA\",\"@id\":\"https:\\\/\\\/macite.tg\\\/#\\\/schema\\\/person\\\/e9f2de7e5dbbe7770a9402c7ce82f5c2\"},\"headline\":\"TRON\u00c7ON TSEVIE \u2013 TABLIGBO\u00a0: Le trafic d\u00e9vi\u00e9 \u00e0 partir de demain 14 f\u00e9vrier\",\"datePublished\":\"2025-02-13T12:06:51+00:00\",\"dateModified\":\"2025-02-13T12:07:05+00:00\",\"mainEntityOfPage\":{\"@id\":\"https:\\\/\\\/macite.tg\\\/?p=20145\"},\"wordCount\":215,\"commentCount\":0,\"image\":{\"@id\":\"https:\\\/\\\/macite.tg\\\/?p=20145#primaryimage\"},\"thumbnailUrl\":\"https:\\\/\\\/macite.tg\\\/wp-content\\\/uploads\\\/2025\\\/02\\\/image-32.png\",\"articleSection\":[\"ACTUALITE\",\"TRANSPORTS\"],\"inLanguage\":\"fr-FR\",\"potentialAction\":[{\"@type\":\"CommentAction\",\"name\":\"Comment\",\"target\":[\"https:\\\/\\\/macite.tg\\\/?p=20145#respond\"]}]},{\"@type\":\"WebPage\",\"@id\":\"https:\\\/\\\/macite.tg\\\/?p=20145\",\"url\":\"https:\\\/\\\/macite.tg\\\/?p=20145\",\"name\":\"TRON\u00c7ON TSEVIE \u2013 TABLIGBO\u00a0: Le trafic d\u00e9vi\u00e9 \u00e0 partir de demain 14 f\u00e9vrier -\",\"isPartOf\":{\"@id\":\"https:\\\/\\\/macite.tg\\\/#website\"},\"primaryImageOfPage\":{\"@id\":\"https:\\\/\\\/macite.tg\\\/?p=20145#primaryimage\"},\"image\":{\"@id\":\"https:\\\/\\\/macite.tg\\\/?p=20145#primaryimage\"},\"thumbnailUrl\":\"https:\\\/\\\/macite.tg\\\/wp-content\\\/uploads\\\/2025\\\/02\\\/image-32.png\",\"datePublished\":\"2025-02-13T12:06:51+00:00\",\"dateModified\":\"2025-02-13T12:07:05+00:00\",\"author\":{\"@id\":\"https:\\\/\\\/macite.tg\\\/#\\\/schema\\\/person\\\/e9f2de7e5dbbe7770a9402c7ce82f5c2\"},\"breadcrumb\":{\"@id\":\"https:\\\/\\\/macite.tg\\\/?p=20145#breadcrumb\"},\"inLanguage\":\"fr-FR\",\"potentialAction\":[{\"@type\":\"ReadAction\",\"target\":[\"https:\\\/\\\/macite.tg\\\/?p=20145\"]}]},{\"@type\":\"ImageObject\",\"inLanguage\":\"fr-FR\",\"@id\":\"https:\\\/\\\/macite.tg\\\/?p=20145#primaryimage\",\"url\":\"https:\\\/\\\/macite.tg\\\/wp-content\\\/uploads\\\/2025\\\/02\\\/image-32.png\",\"contentUrl\":\"https:\\\/\\\/macite.tg\\\/wp-content\\\/uploads\\\/2025\\\/02\\\/image-32.png\",\"width\":500,\"height\":333},{\"@type\":\"BreadcrumbList\",\"@id\":\"https:\\\/\\\/macite.tg\\\/?p=20145#breadcrumb\",\"itemListElement\":[{\"@type\":\"ListItem\",\"position\":1,\"name\":\"Accueil\",\"item\":\"https:\\\/\\\/macite.tg\\\/\"},{\"@type\":\"ListItem\",\"position\":2,\"name\":\"TRON\u00c7ON TSEVIE \u2013 TABLIGBO\u00a0: Le trafic d\u00e9vi\u00e9 \u00e0 partir de demain 14 f\u00e9vrier\"}]},{\"@type\":\"WebSite\",\"@id\":\"https:\\\/\\\/macite.tg\\\/#website\",\"url\":\"https:\\\/\\\/macite.tg\\\/\",\"name\":\"\",\"description\":\"L&#039;information, la bonne!!!\",\"potentialAction\":[{\"@type\":\"SearchAction\",\"target\":{\"@type\":\"EntryPoint\",\"urlTemplate\":\"https:\\\/\\\/macite.tg\\\/?s={search_term_string}\"},\"query-input\":{\"@type\":\"PropertyValueSpecification\",\"valueRequired\":true,\"valueName\":\"search_term_string\"}}],\"inLanguage\":\"fr-FR\"},{\"@type\":\"Person\",\"@id\":\"https:\\\/\\\/macite.tg\\\/#\\\/schema\\\/person\\\/e9f2de7e5dbbe7770a9402c7ce82f5c2\",\"name\":\"Jean Pierre BAWELA\",\"image\":{\"@type\":\"ImageObject\",\"inLanguage\":\"fr-FR\",\"@id\":\"https:\\\/\\\/macite.tg\\\/wp-content\\\/uploads\\\/2023\\\/09\\\/WhatsApp-Image-2023-09-19-at-14.44.41-122x122.jpeg\",\"url\":\"https:\\\/\\\/macite.tg\\\/wp-content\\\/uploads\\\/2023\\\/09\\\/WhatsApp-Image-2023-09-19-at-14.44.41-122x122.jpeg\",\"contentUrl\":\"https:\\\/\\\/macite.tg\\\/wp-content\\\/uploads\\\/2023\\\/09\\\/WhatsApp-Image-2023-09-19-at-14.44.41-122x122.jpeg\",\"caption\":\"Jean Pierre BAWELA\"},\"url\":\"https:\\\/\\\/macite.tg\\\/?author=2\"}]}<\/script>\n<!-- \/ Yoast SEO plugin. -->","yoast_head_json":{"title":"TRON\u00c7ON TSEVIE \u2013 TABLIGBO\u00a0: Le trafic d\u00e9vi\u00e9 \u00e0 partir de demain 14 f\u00e9vrier -","robots":{"index":"index","follow":"follow","max-snippet":"max-snippet:-1","max-image-preview":"max-image-preview:large","max-video-preview":"max-video-preview:-1"},"canonical":"https:\/\/macite.tg\/?p=20145","og_locale":"fr_FR","og_type":"article","og_title":"TRON\u00c7ON TSEVIE \u2013 TABLIGBO\u00a0: Le trafic d\u00e9vi\u00e9 \u00e0 partir de demain 14 f\u00e9vrier -","og_description":"Les usagers de la Route nationale n\u00b04 (RN4), sur le tron\u00e7on Ts\u00e9vi\u00e9 \u2013 Tabligbo, vont conna\u00eetre des perturbations \u00e0 partir de demain 14 f\u00e9vrier, annonce le minist\u00e8re des Travaux publics et des infrastructures. Dans le cadre du programme annuel d\u2019entretien routier, il est pr\u00e9vu des [&hellip;]","og_url":"https:\/\/macite.tg\/?p=20145","article_published_time":"2025-02-13T12:06:51+00:00","article_modified_time":"2025-02-13T12:07:05+00:00","og_image":[{"width":500,"height":333,"url":"https:\/\/macite.tg\/wp-content\/uploads\/2025\/02\/image-32.png","type":"image\/png"}],"author":"Jean Pierre BAWELA","twitter_card":"summary_large_image","twitter_misc":{"\u00c9crit par":"Jean Pierre BAWELA","Dur\u00e9e de lecture estim\u00e9e":"2 minutes"},"schema":{"@context":"https:\/\/schema.org","@graph":[{"@type":"Article","@id":"https:\/\/macite.tg\/?p=20145#article","isPartOf":{"@id":"https:\/\/macite.tg\/?p=20145"},"author":{"name":"Jean Pierre BAWELA","@id":"https:\/\/macite.tg\/#\/schema\/person\/e9f2de7e5dbbe7770a9402c7ce82f5c2"},"headline":"TRON\u00c7ON TSEVIE \u2013 TABLIGBO\u00a0: Le trafic d\u00e9vi\u00e9 \u00e0 partir de demain 14 f\u00e9vrier","datePublished":"2025-02-13T12:06:51+00:00","dateModified":"2025-02-13T12:07:05+00:00","mainEntityOfPage":{"@id":"https:\/\/macite.tg\/?p=20145"},"wordCount":215,"commentCount":0,"image":{"@id":"https:\/\/macite.tg\/?p=20145#primaryimage"},"thumbnailUrl":"https:\/\/macite.tg\/wp-content\/uploads\/2025\/02\/image-32.png","articleSection":["ACTUALITE","TRANSPORTS"],"inLanguage":"fr-FR","potentialAction":[{"@type":"CommentAction","name":"Comment","target":["https:\/\/macite.tg\/?p=20145#respond"]}]},{"@type":"WebPage","@id":"https:\/\/macite.tg\/?p=20145","url":"https:\/\/macite.tg\/?p=20145","name":"TRON\u00c7ON TSEVIE \u2013 TABLIGBO\u00a0: Le trafic d\u00e9vi\u00e9 \u00e0 partir de demain 14 f\u00e9vrier -","isPartOf":{"@id":"https:\/\/macite.tg\/#website"},"primaryImageOfPage":{"@id":"https:\/\/macite.tg\/?p=20145#primaryimage"},"image":{"@id":"https:\/\/macite.tg\/?p=20145#primaryimage"},"thumbnailUrl":"https:\/\/macite.tg\/wp-content\/uploads\/2025\/02\/image-32.png","datePublished":"2025-02-13T12:06:51+00:00","dateModified":"2025-02-13T12:07:05+00:00","author":{"@id":"https:\/\/macite.tg\/#\/schema\/person\/e9f2de7e5dbbe7770a9402c7ce82f5c2"},"breadcrumb":{"@id":"https:\/\/macite.tg\/?p=20145#breadcrumb"},"inLanguage":"fr-FR","potentialAction":[{"@type":"ReadAction","target":["https:\/\/macite.tg\/?p=20145"]}]},{"@type":"ImageObject","inLanguage":"fr-FR","@id":"https:\/\/macite.tg\/?p=20145#primaryimage","url":"https:\/\/macite.tg\/wp-content\/uploads\/2025\/02\/image-32.png","contentUrl":"https:\/\/macite.tg\/wp-content\/uploads\/2025\/02\/image-32.png","width":500,"height":333},{"@type":"BreadcrumbList","@id":"https:\/\/macite.tg\/?p=20145#breadcrumb","itemListElement":[{"@type":"ListItem","position":1,"name":"Accueil","item":"https:\/\/macite.tg\/"},{"@type":"ListItem","position":2,"name":"TRON\u00c7ON TSEVIE \u2013 TABLIGBO\u00a0: Le trafic d\u00e9vi\u00e9 \u00e0 partir de demain 14 f\u00e9vrier"}]},{"@type":"WebSite","@id":"https:\/\/macite.tg\/#website","url":"https:\/\/macite.tg\/","name":"","description":"L&#039;information, la bonne!!!","potentialAction":[{"@type":"SearchAction","target":{"@type":"EntryPoint","urlTemplate":"https:\/\/macite.tg\/?s={search_term_string}"},"query-input":{"@type":"PropertyValueSpecification","valueRequired":true,"valueName":"search_term_string"}}],"inLanguage":"fr-FR"},{"@type":"Person","@id":"https:\/\/macite.tg\/#\/schema\/person\/e9f2de7e5dbbe7770a9402c7ce82f5c2","name":"Jean Pierre BAWELA","image":{"@type":"ImageObject","inLanguage":"fr-FR","@id":"https:\/\/macite.tg\/wp-content\/uploads\/2023\/09\/WhatsApp-Image-2023-09-19-at-14.44.41-122x122.jpeg","url":"https:\/\/macite.tg\/wp-content\/uploads\/2023\/09\/WhatsApp-Image-2023-09-19-at-14.44.41-122x122.jpeg","contentUrl":"https:\/\/macite.tg\/wp-content\/uploads\/2023\/09\/WhatsApp-Image-2023-09-19-at-14.44.41-122x122.jpeg","caption":"Jean Pierre BAWELA"},"url":"https:\/\/macite.tg\/?author=2"}]}},"_links":{"self":[{"href":"https:\/\/macite.tg\/index.php?rest_route=\/wp\/v2\/posts\/20145","targetHints":{"allow":["GET"]}}],"collection":[{"href":"https:\/\/macite.tg\/index.php?rest_route=\/wp\/v2\/posts"}],"about":[{"href":"https:\/\/macite.tg\/index.php?rest_route=\/wp\/v2\/types\/post"}],"author":[{"embeddable":true,"href":"https:\/\/macite.tg\/index.php?rest_route=\/wp\/v2\/users\/2"}],"replies":[{"embeddable":true,"href":"https:\/\/macite.tg\/index.php?rest_route=%2Fwp%2Fv2%2Fcomments&post=20145"}],"version-history":[{"count":0,"href":"https:\/\/macite.tg\/index.php?rest_route=\/wp\/v2\/posts\/20145\/revisions"}],"wp:featuredmedia":[{"embeddable":true,"href":"https:\/\/macite.tg\/index.php?rest_route=\/wp\/v2\/media\/20146"}],"wp:attachment":[{"href":"https:\/\/macite.tg\/index.php?rest_route=%2Fwp%2Fv2%2Fmedia&parent=20145"}],"wp:term":[{"taxonomy":"category","embeddable":true,"href":"https:\/\/macite.tg\/index.php?rest_route=%2Fwp%2Fv2%2Fcategories&post=20145"},{"taxonomy":"post_tag","embeddable":true,"href":"https:\/\/macite.tg\/index.php?rest_route=%2Fwp%2Fv2%2Ftags&post=20145"}],"curies":[{"name":"wp","href":"https:\/\/api.w.org\/{rel}","templated":true}]}}