{"id":20141,"date":"2025-02-13T11:08:42","date_gmt":"2025-02-13T11:08:42","guid":{"rendered":"https:\/\/macite.tg\/?p=20141"},"modified":"2025-02-13T11:08:58","modified_gmt":"2025-02-13T11:08:58","slug":"comprendre-le-conflit-a-lest-de-la-rdc-ce-pacte-secret-kabila-kagame-qui-a-engendre-le-m23","status":"publish","type":"post","link":"https:\/\/macite.tg\/?p=20141","title":{"rendered":"COMPRENDRE LE CONFLIT A L\u2019EST DE LA RDC\u00a0: Ce Pacte secret Kabila-Kagame qui a engendr\u00e9 le M23"},"content":{"rendered":"\n<p class=\"wp-block-paragraph\"><strong><em>En&nbsp;2009, un accord confidentiel entre&nbsp;Joseph Kabila&nbsp;et&nbsp;Paul Kagame&nbsp;a boulevers\u00e9 la dynamique des conflits \u00e0 l&rsquo;Est de la R\u00e9publique D\u00e9mocratique du Congo (RDC). Cet arrangement \u00e9tait destin\u00e9 \u00e0 neutraliser le&nbsp;Congr\u00e8s National pour la D\u00e9fense du Peuple (CNDP)&nbsp;de&nbsp;Laurent Nkunda. A propos, l\u2019homme a arr\u00eat\u00e9 et ses combattants int\u00e9gr\u00e9s dans l&rsquo;arm\u00e9e congolaise.<\/em><\/strong><\/p>\n\n\n\n<p class=\"wp-block-paragraph\">Mais loin d&rsquo;apporter la stabilit\u00e9, cet accord a pav\u00e9 la voie \u00e0 la r\u00e9bellion du&nbsp;<strong>M23<\/strong>, un mouvement qui continue aujourd&rsquo;hui de menacer la r\u00e9gion. Retour sur un pacte qui, sous couvert de paix, a nourri de nouvelles violences.<\/p>\n\n\n\n<p class=\"wp-block-paragraph\"><strong>Une Man\u0153uvre Politique aux Cons\u00e9quences Explosives<\/strong><\/p>\n\n\n\n<p class=\"wp-block-paragraph\">En 2008, le CNDP contr\u00f4lait plusieurs zones strat\u00e9giques dans les&nbsp;<strong>Kivus<\/strong>, b\u00e9n\u00e9ficiant d&rsquo;un soutien tacite du&nbsp;<strong>Rwanda<\/strong>. Cependant, face aux pressions internationales d\u00e9non\u00e7ant l&rsquo;implication de&nbsp;<strong>Kigali<\/strong>, Kagame d\u00e9cide d&rsquo;\u00e9liminer Nkunda pour pr\u00e9server ses int\u00e9r\u00eats.<\/p>\n\n\n<div class=\"wp-block-image\">\n<figure class=\"aligncenter size-full\"><img loading=\"lazy\" decoding=\"async\" width=\"851\" height=\"315\" src=\"https:\/\/macite.tg\/wp-content\/uploads\/2025\/02\/OTR_Ferer-pour-batir.jpg\" alt=\"\" class=\"wp-image-19934\" srcset=\"https:\/\/macite.tg\/wp-content\/uploads\/2025\/02\/OTR_Ferer-pour-batir.jpg 851w, https:\/\/macite.tg\/wp-content\/uploads\/2025\/02\/OTR_Ferer-pour-batir-300x111.jpg 300w, https:\/\/macite.tg\/wp-content\/uploads\/2025\/02\/OTR_Ferer-pour-batir-768x284.jpg 768w\" sizes=\"auto, (max-width: 851px) 100vw, 851px\" \/><\/figure>\n<\/div>\n\n\n<p class=\"wp-block-paragraph\">Le&nbsp;<strong>22 janvier 2009<\/strong>, le G\u00e9n\u00e9ral traverse la fronti\u00e8re rwandaise et est imm\u00e9diatement arr\u00eat\u00e9 par les forces de Kagame.&nbsp;<strong>Son \u00e9viction ouvre la porte \u00e0 un nouvel \u00e9quilibre du pouvoir, mais aussi \u00e0 d&rsquo;intenses manipulations<\/strong>.<\/p>\n\n\n\n<p class=\"wp-block-paragraph\"><strong>L&rsquo;Accord du 23 Mars 2009 : Une Int\u00e9gration Toxique<\/strong><\/p>\n\n\n\n<p class=\"wp-block-paragraph\">Quelques semaines apr\u00e8s la chute de Nkunda, Kinshasa signe un accord avec le CNDP, pr\u00e9voyant :<\/p>\n\n\n\n<p class=\"wp-block-paragraph\">\u2714&nbsp;<strong>L&rsquo;int\u00e9gration des ex-rebelles dans l&rsquo;arm\u00e9e congolaise (FARDC)<\/strong><\/p>\n\n\n\n<p class=\"wp-block-paragraph\">\u2714&nbsp;<strong>Leur maintien dans les Kivus<\/strong>, entra\u00eenant une dispersion nationale<\/p>\n\n\n\n<p class=\"wp-block-paragraph\">\u2714&nbsp;<strong>Une amnistie totale pour leurs crimes pass\u00e9s<\/strong><\/p>\n\n\n\n<p class=\"wp-block-paragraph\">\u2714&nbsp;<strong>L&rsquo;attribution de postes strat\u00e9giques \u00e0 leurs officiers<\/strong><\/p>\n\n\n\n<p class=\"wp-block-paragraph\">Cependant, ce processus est rapidement biais\u00e9.&nbsp;<strong>Le CNDP gonfle artificiellement ses effectifs<\/strong>, publiant des <em>\u00ab soldats fant\u00f4mes \u00bb<\/em> sur les listes officielles pour d\u00e9tourner des fonds. De plus,&nbsp;<strong>des caches d&rsquo;armes sont secr\u00e8tement constitu\u00e9es<\/strong>&nbsp;en pr\u00e9vision d&rsquo;une \u00e9ventuelle r\u00e9bellion future.<\/p>\n\n\n\n<figure class=\"wp-block-image size-full is-resized\"><img loading=\"lazy\" decoding=\"async\" width=\"690\" height=\"170\" src=\"https:\/\/macite.tg\/wp-content\/uploads\/2025\/02\/IMG-20240313-WA0013-1.jpg\" alt=\"\" class=\"wp-image-20142\" style=\"width:840px;height:auto\" srcset=\"https:\/\/macite.tg\/wp-content\/uploads\/2025\/02\/IMG-20240313-WA0013-1.jpg 690w, https:\/\/macite.tg\/wp-content\/uploads\/2025\/02\/IMG-20240313-WA0013-1-300x74.jpg 300w\" sizes=\"auto, (max-width: 690px) 100vw, 690px\" \/><\/figure>\n\n\n\n<p class=\"wp-block-paragraph\"><strong>L&rsquo;Empire \u00c9conomique Cach\u00e9 du CNDP<\/strong><\/p>\n\n\n\n<p class=\"wp-block-paragraph\">Plut\u00f4t que de se fondre dans les FARDC, les ex-rebelles prennent&nbsp;<strong>le contr\u00f4le des mines de Bisie, Nyabibwe et Bibatama<\/strong>, des zones riches en&nbsp;<strong>coltan et or<\/strong>.&nbsp;<strong>Bosco Ntaganda<\/strong>, qui succ\u00e8de \u00e0 Nkunda, orchestre un vaste trafic minier, avec la complicit\u00e9 de certains officiers FARDC.<\/p>\n\n\n\n<p class=\"wp-block-paragraph\">Un officier du renseignement congolais confie : \u00ab&nbsp;<em>Pourquoi se plaindre quand tout le monde s&rsquo;enrichit ?&nbsp;\u00bb.<\/em><\/p>\n\n\n\n<p class=\"wp-block-paragraph\">Loin d&rsquo;\u00eatre une int\u00e9gration militaire, l&rsquo;accord du 23 mars 2009 devient un&nbsp;<strong>levier \u00e9conomique et politique pour le CNDP<\/strong>, renfor\u00e7ant ses positions dans l&rsquo;Est du Congo.<\/p>\n\n\n\n<p class=\"wp-block-paragraph\"><strong>La Naissance inevitable du M23<\/strong><\/p>\n\n\n\n<p class=\"wp-block-paragraph\">Malgr\u00e9 l&rsquo;apparente dissolution du CNDP, des tensions \u00e9mergent au sein des ex-rebelles. En&nbsp;<strong>2012<\/strong>,&nbsp;<strong>Sultani Makenga<\/strong>&nbsp;et d&rsquo;autres officiers d\u00e9noncent le non-respect de l&rsquo;accord par Kinshasa et refusent d&rsquo;\u00eatre affect\u00e9s en dehors des Kivus.<\/p>\n\n\n\n<p class=\"wp-block-paragraph\">Sous pr\u00e9texte de d\u00e9fendre les termes du pacte de 2009, ils forment le&nbsp;<strong>Mouvement du 23 Mars (M23)<\/strong>&nbsp;et entre en r\u00e9bellion ouverte contre le gouvernement congolais.<\/p>\n\n\n<div class=\"wp-block-image\">\n<figure class=\"aligncenter size-large is-resized\"><img loading=\"lazy\" decoding=\"async\" width=\"1011\" height=\"1024\" src=\"https:\/\/macite.tg\/wp-content\/uploads\/2025\/02\/OTR_OTM_-prorogation-du-delai-concours-medias-1011x1024.jpg\" alt=\"\" class=\"wp-image-20017\" style=\"width:614px;height:auto\" srcset=\"https:\/\/macite.tg\/wp-content\/uploads\/2025\/02\/OTR_OTM_-prorogation-du-delai-concours-medias-1011x1024.jpg 1011w, https:\/\/macite.tg\/wp-content\/uploads\/2025\/02\/OTR_OTM_-prorogation-du-delai-concours-medias-296x300.jpg 296w, https:\/\/macite.tg\/wp-content\/uploads\/2025\/02\/OTR_OTM_-prorogation-du-delai-concours-medias-768x778.jpg 768w, https:\/\/macite.tg\/wp-content\/uploads\/2025\/02\/OTR_OTM_-prorogation-du-delai-concours-medias.jpg 1165w\" sizes=\"auto, (max-width: 1011px) 100vw, 1011px\" \/><\/figure>\n<\/div>\n\n\n<p class=\"wp-block-paragraph\">A<strong>insi, l&rsquo;accord Kabila-Kagame, cens\u00e9 pacifier la r\u00e9gion, a au contraire favoris\u00e9 l&rsquo;\u00e9mergence du M23, plongeant une fois de plus l&rsquo;Est de la RDC dans l&rsquo;instabilit\u00e9.<\/strong><\/p>\n\n\n\n<p class=\"wp-block-paragraph\">Aujourd&rsquo;hui encore, le M23&nbsp;<strong>revendique les m\u00eames droits que le CNDP en 2009<\/strong>, prouvant que cet accord secret a \u00e9t\u00e9 un simple rapport de conflit, plut\u00f4t qu&rsquo;une solution durable.<\/p>\n\n\n\n<p class=\"wp-block-paragraph\"><strong>MSN<\/strong><\/p>\n\n\n\n<p class=\"wp-block-paragraph\"><a><strong><em>@macite.tg&nbsp;&nbsp;&nbsp;&nbsp;&nbsp;&nbsp;&nbsp;&nbsp;<\/em><\/strong><\/a><\/p>\n\n\n\n<p class=\"wp-block-paragraph\"><strong><em>E-mail&nbsp;: <\/em><\/strong><a href=\"mailto:maciteinfo@gmail.com\"><strong><em>maciteinfo@gmail.com<\/em><\/strong><\/a><strong><em>; <\/em><\/strong><a href=\"mailto:bawela1@gmail.com\"><strong><em>bawela1@gmail.com<\/em><\/strong><\/a><strong><em><\/em><\/strong><\/p>\n\n\n\n<p class=\"wp-block-paragraph\"><strong><em>Pour vos annonces, (publi)reportages, etc., joignez-nous au (00228)91515309\/<strong>79872224 <\/strong>www.macite.tg, L\u2019information, la bonne&nbsp;!<\/em><\/strong><\/p>\n\n\n\n<p class=\"wp-block-paragraph\"><\/p>\n","protected":false},"excerpt":{"rendered":"<p class=\"text-justify mb-2\" >En&nbsp;2009, un accord confidentiel entre&nbsp;Joseph Kabila&nbsp;et&nbsp;Paul Kagame&nbsp;a boulevers\u00e9 la dynamique des conflits \u00e0 l&rsquo;Est de la R\u00e9publique D\u00e9mocratique du Congo (RDC). Cet arrangement \u00e9tait destin\u00e9 \u00e0 neutraliser le&nbsp;Congr\u00e8s National pour la D\u00e9fense du Peuple (CNDP)&nbsp;de&nbsp;Laurent Nkunda. A propos, l\u2019homme a arr\u00eat\u00e9 et ses combattants int\u00e9gr\u00e9s [&hellip;]<\/p>\n","protected":false},"author":2,"featured_media":20143,"comment_status":"open","ping_status":"open","sticky":false,"template":"","format":"standard","meta":{"footnotes":""},"categories":[20,1],"tags":[],"class_list":["post-20141","post","type-post","status-publish","format-standard","has-post-thumbnail","hentry","category-actualite","category-politique"],"yoast_head":"<!-- This site is optimized with the Yoast SEO plugin v28.4 - https:\/\/yoast.com\/product\/yoast-seo-wordpress\/ -->\n<title>COMPRENDRE LE CONFLIT A L\u2019EST DE LA RDC\u00a0: Ce Pacte secret Kabila-Kagame qui a engendr\u00e9 le M23 -<\/title>\n<meta name=\"robots\" content=\"index, follow, max-snippet:-1, max-image-preview:large, max-video-preview:-1\" \/>\n<link rel=\"canonical\" href=\"https:\/\/macite.tg\/?p=20141\" \/>\n<meta property=\"og:locale\" content=\"fr_FR\" \/>\n<meta property=\"og:type\" content=\"article\" \/>\n<meta property=\"og:title\" content=\"COMPRENDRE LE CONFLIT A L\u2019EST DE LA RDC\u00a0: Ce Pacte secret Kabila-Kagame qui a engendr\u00e9 le M23 -\" \/>\n<meta property=\"og:description\" content=\"En&nbsp;2009, un accord confidentiel entre&nbsp;Joseph Kabila&nbsp;et&nbsp;Paul Kagame&nbsp;a boulevers\u00e9 la dynamique des conflits \u00e0 l&rsquo;Est de la R\u00e9publique D\u00e9mocratique du Congo (RDC). Cet arrangement \u00e9tait destin\u00e9 \u00e0 neutraliser le&nbsp;Congr\u00e8s National pour la D\u00e9fense du Peuple (CNDP)&nbsp;de&nbsp;Laurent Nkunda. A propos, l\u2019homme a arr\u00eat\u00e9 et ses combattants int\u00e9gr\u00e9s [&hellip;]\" \/>\n<meta property=\"og:url\" content=\"https:\/\/macite.tg\/?p=20141\" \/>\n<meta property=\"article:published_time\" content=\"2025-02-13T11:08:42+00:00\" \/>\n<meta property=\"article:modified_time\" content=\"2025-02-13T11:08:58+00:00\" \/>\n<meta property=\"og:image\" content=\"https:\/\/macite.tg\/wp-content\/uploads\/2025\/02\/Accord-Kagame-Kabila.jpg\" \/>\n\t<meta property=\"og:image:width\" content=\"500\" \/>\n\t<meta property=\"og:image:height\" content=\"328\" \/>\n\t<meta property=\"og:image:type\" content=\"image\/jpeg\" \/>\n<meta name=\"author\" content=\"Jean Pierre BAWELA\" \/>\n<meta name=\"twitter:card\" content=\"summary_large_image\" \/>\n<meta name=\"twitter:label1\" content=\"\u00c9crit par\" \/>\n\t<meta name=\"twitter:data1\" content=\"Jean Pierre BAWELA\" \/>\n\t<meta name=\"twitter:label2\" content=\"Dur\u00e9e de lecture estim\u00e9e\" \/>\n\t<meta name=\"twitter:data2\" content=\"4 minutes\" \/>\n<script type=\"application\/ld+json\" class=\"yoast-schema-graph\">{\"@context\":\"https:\\\/\\\/schema.org\",\"@graph\":[{\"@type\":\"Article\",\"@id\":\"https:\\\/\\\/macite.tg\\\/?p=20141#article\",\"isPartOf\":{\"@id\":\"https:\\\/\\\/macite.tg\\\/?p=20141\"},\"author\":{\"name\":\"Jean Pierre BAWELA\",\"@id\":\"https:\\\/\\\/macite.tg\\\/#\\\/schema\\\/person\\\/e9f2de7e5dbbe7770a9402c7ce82f5c2\"},\"headline\":\"COMPRENDRE LE CONFLIT A L\u2019EST DE LA RDC\u00a0: Ce Pacte secret Kabila-Kagame qui a engendr\u00e9 le M23\",\"datePublished\":\"2025-02-13T11:08:42+00:00\",\"dateModified\":\"2025-02-13T11:08:58+00:00\",\"mainEntityOfPage\":{\"@id\":\"https:\\\/\\\/macite.tg\\\/?p=20141\"},\"wordCount\":622,\"commentCount\":0,\"image\":{\"@id\":\"https:\\\/\\\/macite.tg\\\/?p=20141#primaryimage\"},\"thumbnailUrl\":\"https:\\\/\\\/macite.tg\\\/wp-content\\\/uploads\\\/2025\\\/02\\\/Accord-Kagame-Kabila.jpg\",\"articleSection\":[\"ACTUALITE\",\"POLITIQUE\"],\"inLanguage\":\"fr-FR\",\"potentialAction\":[{\"@type\":\"CommentAction\",\"name\":\"Comment\",\"target\":[\"https:\\\/\\\/macite.tg\\\/?p=20141#respond\"]}]},{\"@type\":\"WebPage\",\"@id\":\"https:\\\/\\\/macite.tg\\\/?p=20141\",\"url\":\"https:\\\/\\\/macite.tg\\\/?p=20141\",\"name\":\"COMPRENDRE LE CONFLIT A L\u2019EST DE LA RDC\u00a0: Ce Pacte secret Kabila-Kagame qui a engendr\u00e9 le M23 -\",\"isPartOf\":{\"@id\":\"https:\\\/\\\/macite.tg\\\/#website\"},\"primaryImageOfPage\":{\"@id\":\"https:\\\/\\\/macite.tg\\\/?p=20141#primaryimage\"},\"image\":{\"@id\":\"https:\\\/\\\/macite.tg\\\/?p=20141#primaryimage\"},\"thumbnailUrl\":\"https:\\\/\\\/macite.tg\\\/wp-content\\\/uploads\\\/2025\\\/02\\\/Accord-Kagame-Kabila.jpg\",\"datePublished\":\"2025-02-13T11:08:42+00:00\",\"dateModified\":\"2025-02-13T11:08:58+00:00\",\"author\":{\"@id\":\"https:\\\/\\\/macite.tg\\\/#\\\/schema\\\/person\\\/e9f2de7e5dbbe7770a9402c7ce82f5c2\"},\"breadcrumb\":{\"@id\":\"https:\\\/\\\/macite.tg\\\/?p=20141#breadcrumb\"},\"inLanguage\":\"fr-FR\",\"potentialAction\":[{\"@type\":\"ReadAction\",\"target\":[\"https:\\\/\\\/macite.tg\\\/?p=20141\"]}]},{\"@type\":\"ImageObject\",\"inLanguage\":\"fr-FR\",\"@id\":\"https:\\\/\\\/macite.tg\\\/?p=20141#primaryimage\",\"url\":\"https:\\\/\\\/macite.tg\\\/wp-content\\\/uploads\\\/2025\\\/02\\\/Accord-Kagame-Kabila.jpg\",\"contentUrl\":\"https:\\\/\\\/macite.tg\\\/wp-content\\\/uploads\\\/2025\\\/02\\\/Accord-Kagame-Kabila.jpg\",\"width\":500,\"height\":328,\"caption\":\"Les pr\u00e9sidents Paul Kagam\u00e9 et Joseph Kabila lors de la signature dudit accord.\"},{\"@type\":\"BreadcrumbList\",\"@id\":\"https:\\\/\\\/macite.tg\\\/?p=20141#breadcrumb\",\"itemListElement\":[{\"@type\":\"ListItem\",\"position\":1,\"name\":\"Accueil\",\"item\":\"https:\\\/\\\/macite.tg\\\/\"},{\"@type\":\"ListItem\",\"position\":2,\"name\":\"COMPRENDRE LE CONFLIT A L\u2019EST DE LA RDC\u00a0: Ce Pacte secret Kabila-Kagame qui a engendr\u00e9 le M23\"}]},{\"@type\":\"WebSite\",\"@id\":\"https:\\\/\\\/macite.tg\\\/#website\",\"url\":\"https:\\\/\\\/macite.tg\\\/\",\"name\":\"\",\"description\":\"L&#039;information, la bonne!!!\",\"potentialAction\":[{\"@type\":\"SearchAction\",\"target\":{\"@type\":\"EntryPoint\",\"urlTemplate\":\"https:\\\/\\\/macite.tg\\\/?s={search_term_string}\"},\"query-input\":{\"@type\":\"PropertyValueSpecification\",\"valueRequired\":true,\"valueName\":\"search_term_string\"}}],\"inLanguage\":\"fr-FR\"},{\"@type\":\"Person\",\"@id\":\"https:\\\/\\\/macite.tg\\\/#\\\/schema\\\/person\\\/e9f2de7e5dbbe7770a9402c7ce82f5c2\",\"name\":\"Jean Pierre BAWELA\",\"image\":{\"@type\":\"ImageObject\",\"inLanguage\":\"fr-FR\",\"@id\":\"https:\\\/\\\/macite.tg\\\/wp-content\\\/uploads\\\/2023\\\/09\\\/WhatsApp-Image-2023-09-19-at-14.44.41-122x122.jpeg\",\"url\":\"https:\\\/\\\/macite.tg\\\/wp-content\\\/uploads\\\/2023\\\/09\\\/WhatsApp-Image-2023-09-19-at-14.44.41-122x122.jpeg\",\"contentUrl\":\"https:\\\/\\\/macite.tg\\\/wp-content\\\/uploads\\\/2023\\\/09\\\/WhatsApp-Image-2023-09-19-at-14.44.41-122x122.jpeg\",\"caption\":\"Jean Pierre BAWELA\"},\"url\":\"https:\\\/\\\/macite.tg\\\/?author=2\"}]}<\/script>\n<!-- \/ Yoast SEO plugin. -->","yoast_head_json":{"title":"COMPRENDRE LE CONFLIT A L\u2019EST DE LA RDC\u00a0: Ce Pacte secret Kabila-Kagame qui a engendr\u00e9 le M23 -","robots":{"index":"index","follow":"follow","max-snippet":"max-snippet:-1","max-image-preview":"max-image-preview:large","max-video-preview":"max-video-preview:-1"},"canonical":"https:\/\/macite.tg\/?p=20141","og_locale":"fr_FR","og_type":"article","og_title":"COMPRENDRE LE CONFLIT A L\u2019EST DE LA RDC\u00a0: Ce Pacte secret Kabila-Kagame qui a engendr\u00e9 le M23 -","og_description":"En&nbsp;2009, un accord confidentiel entre&nbsp;Joseph Kabila&nbsp;et&nbsp;Paul Kagame&nbsp;a boulevers\u00e9 la dynamique des conflits \u00e0 l&rsquo;Est de la R\u00e9publique D\u00e9mocratique du Congo (RDC). Cet arrangement \u00e9tait destin\u00e9 \u00e0 neutraliser le&nbsp;Congr\u00e8s National pour la D\u00e9fense du Peuple (CNDP)&nbsp;de&nbsp;Laurent Nkunda. A propos, l\u2019homme a arr\u00eat\u00e9 et ses combattants int\u00e9gr\u00e9s [&hellip;]","og_url":"https:\/\/macite.tg\/?p=20141","article_published_time":"2025-02-13T11:08:42+00:00","article_modified_time":"2025-02-13T11:08:58+00:00","og_image":[{"width":500,"height":328,"url":"https:\/\/macite.tg\/wp-content\/uploads\/2025\/02\/Accord-Kagame-Kabila.jpg","type":"image\/jpeg"}],"author":"Jean Pierre BAWELA","twitter_card":"summary_large_image","twitter_misc":{"\u00c9crit par":"Jean Pierre BAWELA","Dur\u00e9e de lecture estim\u00e9e":"4 minutes"},"schema":{"@context":"https:\/\/schema.org","@graph":[{"@type":"Article","@id":"https:\/\/macite.tg\/?p=20141#article","isPartOf":{"@id":"https:\/\/macite.tg\/?p=20141"},"author":{"name":"Jean Pierre BAWELA","@id":"https:\/\/macite.tg\/#\/schema\/person\/e9f2de7e5dbbe7770a9402c7ce82f5c2"},"headline":"COMPRENDRE LE CONFLIT A L\u2019EST DE LA RDC\u00a0: Ce Pacte secret Kabila-Kagame qui a engendr\u00e9 le M23","datePublished":"2025-02-13T11:08:42+00:00","dateModified":"2025-02-13T11:08:58+00:00","mainEntityOfPage":{"@id":"https:\/\/macite.tg\/?p=20141"},"wordCount":622,"commentCount":0,"image":{"@id":"https:\/\/macite.tg\/?p=20141#primaryimage"},"thumbnailUrl":"https:\/\/macite.tg\/wp-content\/uploads\/2025\/02\/Accord-Kagame-Kabila.jpg","articleSection":["ACTUALITE","POLITIQUE"],"inLanguage":"fr-FR","potentialAction":[{"@type":"CommentAction","name":"Comment","target":["https:\/\/macite.tg\/?p=20141#respond"]}]},{"@type":"WebPage","@id":"https:\/\/macite.tg\/?p=20141","url":"https:\/\/macite.tg\/?p=20141","name":"COMPRENDRE LE CONFLIT A L\u2019EST DE LA RDC\u00a0: Ce Pacte secret Kabila-Kagame qui a engendr\u00e9 le M23 -","isPartOf":{"@id":"https:\/\/macite.tg\/#website"},"primaryImageOfPage":{"@id":"https:\/\/macite.tg\/?p=20141#primaryimage"},"image":{"@id":"https:\/\/macite.tg\/?p=20141#primaryimage"},"thumbnailUrl":"https:\/\/macite.tg\/wp-content\/uploads\/2025\/02\/Accord-Kagame-Kabila.jpg","datePublished":"2025-02-13T11:08:42+00:00","dateModified":"2025-02-13T11:08:58+00:00","author":{"@id":"https:\/\/macite.tg\/#\/schema\/person\/e9f2de7e5dbbe7770a9402c7ce82f5c2"},"breadcrumb":{"@id":"https:\/\/macite.tg\/?p=20141#breadcrumb"},"inLanguage":"fr-FR","potentialAction":[{"@type":"ReadAction","target":["https:\/\/macite.tg\/?p=20141"]}]},{"@type":"ImageObject","inLanguage":"fr-FR","@id":"https:\/\/macite.tg\/?p=20141#primaryimage","url":"https:\/\/macite.tg\/wp-content\/uploads\/2025\/02\/Accord-Kagame-Kabila.jpg","contentUrl":"https:\/\/macite.tg\/wp-content\/uploads\/2025\/02\/Accord-Kagame-Kabila.jpg","width":500,"height":328,"caption":"Les pr\u00e9sidents Paul Kagam\u00e9 et Joseph Kabila lors de la signature dudit accord."},{"@type":"BreadcrumbList","@id":"https:\/\/macite.tg\/?p=20141#breadcrumb","itemListElement":[{"@type":"ListItem","position":1,"name":"Accueil","item":"https:\/\/macite.tg\/"},{"@type":"ListItem","position":2,"name":"COMPRENDRE LE CONFLIT A L\u2019EST DE LA RDC\u00a0: Ce Pacte secret Kabila-Kagame qui a engendr\u00e9 le M23"}]},{"@type":"WebSite","@id":"https:\/\/macite.tg\/#website","url":"https:\/\/macite.tg\/","name":"","description":"L&#039;information, la bonne!!!","potentialAction":[{"@type":"SearchAction","target":{"@type":"EntryPoint","urlTemplate":"https:\/\/macite.tg\/?s={search_term_string}"},"query-input":{"@type":"PropertyValueSpecification","valueRequired":true,"valueName":"search_term_string"}}],"inLanguage":"fr-FR"},{"@type":"Person","@id":"https:\/\/macite.tg\/#\/schema\/person\/e9f2de7e5dbbe7770a9402c7ce82f5c2","name":"Jean Pierre BAWELA","image":{"@type":"ImageObject","inLanguage":"fr-FR","@id":"https:\/\/macite.tg\/wp-content\/uploads\/2023\/09\/WhatsApp-Image-2023-09-19-at-14.44.41-122x122.jpeg","url":"https:\/\/macite.tg\/wp-content\/uploads\/2023\/09\/WhatsApp-Image-2023-09-19-at-14.44.41-122x122.jpeg","contentUrl":"https:\/\/macite.tg\/wp-content\/uploads\/2023\/09\/WhatsApp-Image-2023-09-19-at-14.44.41-122x122.jpeg","caption":"Jean Pierre BAWELA"},"url":"https:\/\/macite.tg\/?author=2"}]}},"_links":{"self":[{"href":"https:\/\/macite.tg\/index.php?rest_route=\/wp\/v2\/posts\/20141","targetHints":{"allow":["GET"]}}],"collection":[{"href":"https:\/\/macite.tg\/index.php?rest_route=\/wp\/v2\/posts"}],"about":[{"href":"https:\/\/macite.tg\/index.php?rest_route=\/wp\/v2\/types\/post"}],"author":[{"embeddable":true,"href":"https:\/\/macite.tg\/index.php?rest_route=\/wp\/v2\/users\/2"}],"replies":[{"embeddable":true,"href":"https:\/\/macite.tg\/index.php?rest_route=%2Fwp%2Fv2%2Fcomments&post=20141"}],"version-history":[{"count":0,"href":"https:\/\/macite.tg\/index.php?rest_route=\/wp\/v2\/posts\/20141\/revisions"}],"wp:featuredmedia":[{"embeddable":true,"href":"https:\/\/macite.tg\/index.php?rest_route=\/wp\/v2\/media\/20143"}],"wp:attachment":[{"href":"https:\/\/macite.tg\/index.php?rest_route=%2Fwp%2Fv2%2Fmedia&parent=20141"}],"wp:term":[{"taxonomy":"category","embeddable":true,"href":"https:\/\/macite.tg\/index.php?rest_route=%2Fwp%2Fv2%2Fcategories&post=20141"},{"taxonomy":"post_tag","embeddable":true,"href":"https:\/\/macite.tg\/index.php?rest_route=%2Fwp%2Fv2%2Ftags&post=20141"}],"curies":[{"name":"wp","href":"https:\/\/api.w.org\/{rel}","templated":true}]}}