{"id":20132,"date":"2025-02-13T09:52:12","date_gmt":"2025-02-13T09:52:12","guid":{"rendered":"https:\/\/macite.tg\/?p=20132"},"modified":"2025-02-13T09:52:27","modified_gmt":"2025-02-13T09:52:27","slug":"incroyable-il-ecope-de-01-mois-de-prison-ferme-et-300-000-frs-damende-pour-une-paire-de-chaussures","status":"publish","type":"post","link":"https:\/\/macite.tg\/?p=20132","title":{"rendered":"INCROYABLE : Il \u00e9cope de 01 mois de prison ferme et 300.000 frs d\u2019amende, pour une paire de chaussures"},"content":{"rendered":"\n<p class=\"wp-block-paragraph\"><strong><em>TK, \u00e2g\u00e9 d\u2019une vingtaine d\u2019ann\u00e9es \u00e9tait devant les juridictions d\u2019Abidjan-Plateau, le 11 f\u00e9vrier 2025. Il r\u00e9pondait de ses actes de vol d\u2019une paire de chaussures \u00e0 Adjam\u00e9.<\/em><\/strong><\/p>\n\n\n\n<p class=\"wp-block-paragraph\">\u00c0 en croire, le parquet, TK a pris \u00e0 l\u2019insu de la vendeuse de chaussures une paire. Fort heureusement qu\u2019il a \u00e9t\u00e9 rattrap\u00e9 avec la marchandise en main au moment, o\u00f9 il mettait ses jambes \u00e0 son cou.<\/p>\n\n\n<div class=\"wp-block-image\">\n<figure class=\"aligncenter size-full\"><img loading=\"lazy\" decoding=\"async\" width=\"851\" height=\"315\" src=\"https:\/\/macite.tg\/wp-content\/uploads\/2025\/02\/OTR_Renseignements.jpg\" alt=\"\" class=\"wp-image-20090\" srcset=\"https:\/\/macite.tg\/wp-content\/uploads\/2025\/02\/OTR_Renseignements.jpg 851w, https:\/\/macite.tg\/wp-content\/uploads\/2025\/02\/OTR_Renseignements-300x111.jpg 300w, https:\/\/macite.tg\/wp-content\/uploads\/2025\/02\/OTR_Renseignements-768x284.jpg 768w\" sizes=\"auto, (max-width: 851px) 100vw, 851px\" \/><\/figure>\n<\/div>\n\n\n<p class=\"wp-block-paragraph\">Au cours de l\u2019audience, le juge a demand\u00e9 \u00e0 TK qu&rsquo;il voulait faire avec la paire de chaussures ? N\u2019avait-il pas des sandales aux pieds ce jour-l\u00e0 ? \u00c0 ces interrogations, TK est rest\u00e9 muet. Un silence qui en disait beaucoup.<\/p>\n\n\n<div class=\"wp-block-image\">\n<figure class=\"aligncenter size-large is-resized\"><img loading=\"lazy\" decoding=\"async\" width=\"1011\" height=\"1024\" src=\"https:\/\/macite.tg\/wp-content\/uploads\/2025\/02\/OTR_OTM_-prorogation-du-delai-concours-medias-1011x1024.jpg\" alt=\"\" class=\"wp-image-20017\" style=\"width:600px;height:auto\" srcset=\"https:\/\/macite.tg\/wp-content\/uploads\/2025\/02\/OTR_OTM_-prorogation-du-delai-concours-medias-1011x1024.jpg 1011w, https:\/\/macite.tg\/wp-content\/uploads\/2025\/02\/OTR_OTM_-prorogation-du-delai-concours-medias-296x300.jpg 296w, https:\/\/macite.tg\/wp-content\/uploads\/2025\/02\/OTR_OTM_-prorogation-du-delai-concours-medias-768x778.jpg 768w, https:\/\/macite.tg\/wp-content\/uploads\/2025\/02\/OTR_OTM_-prorogation-du-delai-concours-medias.jpg 1165w\" sizes=\"auto, (max-width: 1011px) 100vw, 1011px\" \/><\/figure>\n<\/div>\n\n\n<p class=\"wp-block-paragraph\">Il a \u00e9t\u00e9 condamn\u00e9 \u00e0 1 mois de prison ferme, 300.000 frs d\u2019amende, 10 ans de privation de ses droits et 3 ans d\u2019interdiction de para\u00eetre dans la ville d\u2019Abidjan.<\/p>\n\n\n\n<p class=\"wp-block-paragraph\"><strong>SyndiGate Media Inc.<\/strong><\/p>\n\n\n\n<p class=\"wp-block-paragraph\"><strong><em>@macite.tg&nbsp;&nbsp;&nbsp;&nbsp;&nbsp;&nbsp;&nbsp;&nbsp;<\/em><\/strong><\/p>\n\n\n\n<p class=\"wp-block-paragraph\"><strong><em>E-mail&nbsp;: <\/em><\/strong><a href=\"mailto:maciteinfo@gmail.com\"><strong><em>maciteinfo@gmail.com<\/em><\/strong><\/a><strong><em>; <\/em><\/strong><a href=\"mailto:bawela1@gmail.com\"><strong><em>bawela1@gmail.com<\/em><\/strong><\/a><strong><em><\/em><\/strong><\/p>\n\n\n\n<p class=\"wp-block-paragraph\"><strong><em>Pour vos annonces, (publi)reportages, etc., joignez-nous au (00228)91515309\/<strong>79872224 <\/strong>www.macite.tg, L\u2019information, la bonne&nbsp;!<\/em><\/strong><\/p>\n","protected":false},"excerpt":{"rendered":"<p class=\"text-justify mb-2\" >TK, \u00e2g\u00e9 d\u2019une vingtaine d\u2019ann\u00e9es \u00e9tait devant les juridictions d\u2019Abidjan-Plateau, le 11 f\u00e9vrier 2025. Il r\u00e9pondait de ses actes de vol d\u2019une paire de chaussures \u00e0 Adjam\u00e9. \u00c0 en croire, le parquet, TK a pris \u00e0 l\u2019insu de la vendeuse de chaussures une paire. Fort [&hellip;]<\/p>\n","protected":false},"author":2,"featured_media":20135,"comment_status":"open","ping_status":"open","sticky":false,"template":"","format":"standard","meta":{"footnotes":""},"categories":[20,11],"tags":[],"class_list":["post-20132","post","type-post","status-publish","format-standard","has-post-thumbnail","hentry","category-actualite","category-fait-divers"],"yoast_head":"<!-- This site is optimized with the Yoast SEO plugin v28.4 - https:\/\/yoast.com\/product\/yoast-seo-wordpress\/ -->\n<title>INCROYABLE : Il \u00e9cope de 01 mois de prison ferme et 300.000 frs d\u2019amende, pour une paire de chaussures -<\/title>\n<meta name=\"robots\" content=\"index, follow, max-snippet:-1, max-image-preview:large, max-video-preview:-1\" \/>\n<link rel=\"canonical\" href=\"https:\/\/macite.tg\/?p=20132\" \/>\n<meta property=\"og:locale\" content=\"fr_FR\" \/>\n<meta property=\"og:type\" content=\"article\" \/>\n<meta property=\"og:title\" content=\"INCROYABLE : Il \u00e9cope de 01 mois de prison ferme et 300.000 frs d\u2019amende, pour une paire de chaussures -\" \/>\n<meta property=\"og:description\" content=\"TK, \u00e2g\u00e9 d\u2019une vingtaine d\u2019ann\u00e9es \u00e9tait devant les juridictions d\u2019Abidjan-Plateau, le 11 f\u00e9vrier 2025. Il r\u00e9pondait de ses actes de vol d\u2019une paire de chaussures \u00e0 Adjam\u00e9. \u00c0 en croire, le parquet, TK a pris \u00e0 l\u2019insu de la vendeuse de chaussures une paire. Fort [&hellip;]\" \/>\n<meta property=\"og:url\" content=\"https:\/\/macite.tg\/?p=20132\" \/>\n<meta property=\"article:published_time\" content=\"2025-02-13T09:52:12+00:00\" \/>\n<meta property=\"article:modified_time\" content=\"2025-02-13T09:52:27+00:00\" \/>\n<meta property=\"og:image\" content=\"https:\/\/macite.tg\/wp-content\/uploads\/2025\/02\/PRISON.jpg\" \/>\n\t<meta property=\"og:image:width\" content=\"500\" \/>\n\t<meta property=\"og:image:height\" content=\"281\" \/>\n\t<meta property=\"og:image:type\" content=\"image\/jpeg\" \/>\n<meta name=\"author\" content=\"Jean Pierre BAWELA\" \/>\n<meta name=\"twitter:card\" content=\"summary_large_image\" \/>\n<meta name=\"twitter:label1\" content=\"\u00c9crit par\" \/>\n\t<meta name=\"twitter:data1\" content=\"Jean Pierre BAWELA\" \/>\n\t<meta name=\"twitter:label2\" content=\"Dur\u00e9e de lecture estim\u00e9e\" \/>\n\t<meta name=\"twitter:data2\" content=\"2 minutes\" \/>\n<script type=\"application\/ld+json\" class=\"yoast-schema-graph\">{\"@context\":\"https:\\\/\\\/schema.org\",\"@graph\":[{\"@type\":\"Article\",\"@id\":\"https:\\\/\\\/macite.tg\\\/?p=20132#article\",\"isPartOf\":{\"@id\":\"https:\\\/\\\/macite.tg\\\/?p=20132\"},\"author\":{\"name\":\"Jean Pierre BAWELA\",\"@id\":\"https:\\\/\\\/macite.tg\\\/#\\\/schema\\\/person\\\/e9f2de7e5dbbe7770a9402c7ce82f5c2\"},\"headline\":\"INCROYABLE : Il \u00e9cope de 01 mois de prison ferme et 300.000 frs d\u2019amende, pour une paire de chaussures\",\"datePublished\":\"2025-02-13T09:52:12+00:00\",\"dateModified\":\"2025-02-13T09:52:27+00:00\",\"mainEntityOfPage\":{\"@id\":\"https:\\\/\\\/macite.tg\\\/?p=20132\"},\"wordCount\":191,\"commentCount\":0,\"image\":{\"@id\":\"https:\\\/\\\/macite.tg\\\/?p=20132#primaryimage\"},\"thumbnailUrl\":\"https:\\\/\\\/macite.tg\\\/wp-content\\\/uploads\\\/2025\\\/02\\\/PRISON.jpg\",\"articleSection\":[\"ACTUALITE\",\"FAIT DIVERS\"],\"inLanguage\":\"fr-FR\",\"potentialAction\":[{\"@type\":\"CommentAction\",\"name\":\"Comment\",\"target\":[\"https:\\\/\\\/macite.tg\\\/?p=20132#respond\"]}]},{\"@type\":\"WebPage\",\"@id\":\"https:\\\/\\\/macite.tg\\\/?p=20132\",\"url\":\"https:\\\/\\\/macite.tg\\\/?p=20132\",\"name\":\"INCROYABLE : Il \u00e9cope de 01 mois de prison ferme et 300.000 frs d\u2019amende, pour une paire de chaussures -\",\"isPartOf\":{\"@id\":\"https:\\\/\\\/macite.tg\\\/#website\"},\"primaryImageOfPage\":{\"@id\":\"https:\\\/\\\/macite.tg\\\/?p=20132#primaryimage\"},\"image\":{\"@id\":\"https:\\\/\\\/macite.tg\\\/?p=20132#primaryimage\"},\"thumbnailUrl\":\"https:\\\/\\\/macite.tg\\\/wp-content\\\/uploads\\\/2025\\\/02\\\/PRISON.jpg\",\"datePublished\":\"2025-02-13T09:52:12+00:00\",\"dateModified\":\"2025-02-13T09:52:27+00:00\",\"author\":{\"@id\":\"https:\\\/\\\/macite.tg\\\/#\\\/schema\\\/person\\\/e9f2de7e5dbbe7770a9402c7ce82f5c2\"},\"breadcrumb\":{\"@id\":\"https:\\\/\\\/macite.tg\\\/?p=20132#breadcrumb\"},\"inLanguage\":\"fr-FR\",\"potentialAction\":[{\"@type\":\"ReadAction\",\"target\":[\"https:\\\/\\\/macite.tg\\\/?p=20132\"]}]},{\"@type\":\"ImageObject\",\"inLanguage\":\"fr-FR\",\"@id\":\"https:\\\/\\\/macite.tg\\\/?p=20132#primaryimage\",\"url\":\"https:\\\/\\\/macite.tg\\\/wp-content\\\/uploads\\\/2025\\\/02\\\/PRISON.jpg\",\"contentUrl\":\"https:\\\/\\\/macite.tg\\\/wp-content\\\/uploads\\\/2025\\\/02\\\/PRISON.jpg\",\"width\":500,\"height\":281,\"caption\":\"Pour une paire de chaussures, il se retrouve en prison.\"},{\"@type\":\"BreadcrumbList\",\"@id\":\"https:\\\/\\\/macite.tg\\\/?p=20132#breadcrumb\",\"itemListElement\":[{\"@type\":\"ListItem\",\"position\":1,\"name\":\"Accueil\",\"item\":\"https:\\\/\\\/macite.tg\\\/\"},{\"@type\":\"ListItem\",\"position\":2,\"name\":\"INCROYABLE : Il \u00e9cope de 01 mois de prison ferme et 300.000 frs d\u2019amende, pour une paire de chaussures\"}]},{\"@type\":\"WebSite\",\"@id\":\"https:\\\/\\\/macite.tg\\\/#website\",\"url\":\"https:\\\/\\\/macite.tg\\\/\",\"name\":\"\",\"description\":\"L&#039;information, la bonne!!!\",\"potentialAction\":[{\"@type\":\"SearchAction\",\"target\":{\"@type\":\"EntryPoint\",\"urlTemplate\":\"https:\\\/\\\/macite.tg\\\/?s={search_term_string}\"},\"query-input\":{\"@type\":\"PropertyValueSpecification\",\"valueRequired\":true,\"valueName\":\"search_term_string\"}}],\"inLanguage\":\"fr-FR\"},{\"@type\":\"Person\",\"@id\":\"https:\\\/\\\/macite.tg\\\/#\\\/schema\\\/person\\\/e9f2de7e5dbbe7770a9402c7ce82f5c2\",\"name\":\"Jean Pierre BAWELA\",\"image\":{\"@type\":\"ImageObject\",\"inLanguage\":\"fr-FR\",\"@id\":\"https:\\\/\\\/macite.tg\\\/wp-content\\\/uploads\\\/2023\\\/09\\\/WhatsApp-Image-2023-09-19-at-14.44.41-122x122.jpeg\",\"url\":\"https:\\\/\\\/macite.tg\\\/wp-content\\\/uploads\\\/2023\\\/09\\\/WhatsApp-Image-2023-09-19-at-14.44.41-122x122.jpeg\",\"contentUrl\":\"https:\\\/\\\/macite.tg\\\/wp-content\\\/uploads\\\/2023\\\/09\\\/WhatsApp-Image-2023-09-19-at-14.44.41-122x122.jpeg\",\"caption\":\"Jean Pierre BAWELA\"},\"url\":\"https:\\\/\\\/macite.tg\\\/?author=2\"}]}<\/script>\n<!-- \/ Yoast SEO plugin. -->","yoast_head_json":{"title":"INCROYABLE : Il \u00e9cope de 01 mois de prison ferme et 300.000 frs d\u2019amende, pour une paire de chaussures -","robots":{"index":"index","follow":"follow","max-snippet":"max-snippet:-1","max-image-preview":"max-image-preview:large","max-video-preview":"max-video-preview:-1"},"canonical":"https:\/\/macite.tg\/?p=20132","og_locale":"fr_FR","og_type":"article","og_title":"INCROYABLE : Il \u00e9cope de 01 mois de prison ferme et 300.000 frs d\u2019amende, pour une paire de chaussures -","og_description":"TK, \u00e2g\u00e9 d\u2019une vingtaine d\u2019ann\u00e9es \u00e9tait devant les juridictions d\u2019Abidjan-Plateau, le 11 f\u00e9vrier 2025. Il r\u00e9pondait de ses actes de vol d\u2019une paire de chaussures \u00e0 Adjam\u00e9. \u00c0 en croire, le parquet, TK a pris \u00e0 l\u2019insu de la vendeuse de chaussures une paire. Fort [&hellip;]","og_url":"https:\/\/macite.tg\/?p=20132","article_published_time":"2025-02-13T09:52:12+00:00","article_modified_time":"2025-02-13T09:52:27+00:00","og_image":[{"width":500,"height":281,"url":"https:\/\/macite.tg\/wp-content\/uploads\/2025\/02\/PRISON.jpg","type":"image\/jpeg"}],"author":"Jean Pierre BAWELA","twitter_card":"summary_large_image","twitter_misc":{"\u00c9crit par":"Jean Pierre BAWELA","Dur\u00e9e de lecture estim\u00e9e":"2 minutes"},"schema":{"@context":"https:\/\/schema.org","@graph":[{"@type":"Article","@id":"https:\/\/macite.tg\/?p=20132#article","isPartOf":{"@id":"https:\/\/macite.tg\/?p=20132"},"author":{"name":"Jean Pierre BAWELA","@id":"https:\/\/macite.tg\/#\/schema\/person\/e9f2de7e5dbbe7770a9402c7ce82f5c2"},"headline":"INCROYABLE : Il \u00e9cope de 01 mois de prison ferme et 300.000 frs d\u2019amende, pour une paire de chaussures","datePublished":"2025-02-13T09:52:12+00:00","dateModified":"2025-02-13T09:52:27+00:00","mainEntityOfPage":{"@id":"https:\/\/macite.tg\/?p=20132"},"wordCount":191,"commentCount":0,"image":{"@id":"https:\/\/macite.tg\/?p=20132#primaryimage"},"thumbnailUrl":"https:\/\/macite.tg\/wp-content\/uploads\/2025\/02\/PRISON.jpg","articleSection":["ACTUALITE","FAIT DIVERS"],"inLanguage":"fr-FR","potentialAction":[{"@type":"CommentAction","name":"Comment","target":["https:\/\/macite.tg\/?p=20132#respond"]}]},{"@type":"WebPage","@id":"https:\/\/macite.tg\/?p=20132","url":"https:\/\/macite.tg\/?p=20132","name":"INCROYABLE : Il \u00e9cope de 01 mois de prison ferme et 300.000 frs d\u2019amende, pour une paire de chaussures -","isPartOf":{"@id":"https:\/\/macite.tg\/#website"},"primaryImageOfPage":{"@id":"https:\/\/macite.tg\/?p=20132#primaryimage"},"image":{"@id":"https:\/\/macite.tg\/?p=20132#primaryimage"},"thumbnailUrl":"https:\/\/macite.tg\/wp-content\/uploads\/2025\/02\/PRISON.jpg","datePublished":"2025-02-13T09:52:12+00:00","dateModified":"2025-02-13T09:52:27+00:00","author":{"@id":"https:\/\/macite.tg\/#\/schema\/person\/e9f2de7e5dbbe7770a9402c7ce82f5c2"},"breadcrumb":{"@id":"https:\/\/macite.tg\/?p=20132#breadcrumb"},"inLanguage":"fr-FR","potentialAction":[{"@type":"ReadAction","target":["https:\/\/macite.tg\/?p=20132"]}]},{"@type":"ImageObject","inLanguage":"fr-FR","@id":"https:\/\/macite.tg\/?p=20132#primaryimage","url":"https:\/\/macite.tg\/wp-content\/uploads\/2025\/02\/PRISON.jpg","contentUrl":"https:\/\/macite.tg\/wp-content\/uploads\/2025\/02\/PRISON.jpg","width":500,"height":281,"caption":"Pour une paire de chaussures, il se retrouve en prison."},{"@type":"BreadcrumbList","@id":"https:\/\/macite.tg\/?p=20132#breadcrumb","itemListElement":[{"@type":"ListItem","position":1,"name":"Accueil","item":"https:\/\/macite.tg\/"},{"@type":"ListItem","position":2,"name":"INCROYABLE : Il \u00e9cope de 01 mois de prison ferme et 300.000 frs d\u2019amende, pour une paire de chaussures"}]},{"@type":"WebSite","@id":"https:\/\/macite.tg\/#website","url":"https:\/\/macite.tg\/","name":"","description":"L&#039;information, la bonne!!!","potentialAction":[{"@type":"SearchAction","target":{"@type":"EntryPoint","urlTemplate":"https:\/\/macite.tg\/?s={search_term_string}"},"query-input":{"@type":"PropertyValueSpecification","valueRequired":true,"valueName":"search_term_string"}}],"inLanguage":"fr-FR"},{"@type":"Person","@id":"https:\/\/macite.tg\/#\/schema\/person\/e9f2de7e5dbbe7770a9402c7ce82f5c2","name":"Jean Pierre BAWELA","image":{"@type":"ImageObject","inLanguage":"fr-FR","@id":"https:\/\/macite.tg\/wp-content\/uploads\/2023\/09\/WhatsApp-Image-2023-09-19-at-14.44.41-122x122.jpeg","url":"https:\/\/macite.tg\/wp-content\/uploads\/2023\/09\/WhatsApp-Image-2023-09-19-at-14.44.41-122x122.jpeg","contentUrl":"https:\/\/macite.tg\/wp-content\/uploads\/2023\/09\/WhatsApp-Image-2023-09-19-at-14.44.41-122x122.jpeg","caption":"Jean Pierre BAWELA"},"url":"https:\/\/macite.tg\/?author=2"}]}},"_links":{"self":[{"href":"https:\/\/macite.tg\/index.php?rest_route=\/wp\/v2\/posts\/20132","targetHints":{"allow":["GET"]}}],"collection":[{"href":"https:\/\/macite.tg\/index.php?rest_route=\/wp\/v2\/posts"}],"about":[{"href":"https:\/\/macite.tg\/index.php?rest_route=\/wp\/v2\/types\/post"}],"author":[{"embeddable":true,"href":"https:\/\/macite.tg\/index.php?rest_route=\/wp\/v2\/users\/2"}],"replies":[{"embeddable":true,"href":"https:\/\/macite.tg\/index.php?rest_route=%2Fwp%2Fv2%2Fcomments&post=20132"}],"version-history":[{"count":0,"href":"https:\/\/macite.tg\/index.php?rest_route=\/wp\/v2\/posts\/20132\/revisions"}],"wp:featuredmedia":[{"embeddable":true,"href":"https:\/\/macite.tg\/index.php?rest_route=\/wp\/v2\/media\/20135"}],"wp:attachment":[{"href":"https:\/\/macite.tg\/index.php?rest_route=%2Fwp%2Fv2%2Fmedia&parent=20132"}],"wp:term":[{"taxonomy":"category","embeddable":true,"href":"https:\/\/macite.tg\/index.php?rest_route=%2Fwp%2Fv2%2Fcategories&post=20132"},{"taxonomy":"post_tag","embeddable":true,"href":"https:\/\/macite.tg\/index.php?rest_route=%2Fwp%2Fv2%2Ftags&post=20132"}],"curies":[{"name":"wp","href":"https:\/\/api.w.org\/{rel}","templated":true}]}}