{"id":20131,"date":"2025-02-13T09:40:25","date_gmt":"2025-02-13T09:40:25","guid":{"rendered":"https:\/\/macite.tg\/?p=20131"},"modified":"2025-02-13T09:40:37","modified_gmt":"2025-02-13T09:40:37","slug":"adhesion-de-lukraine-a-lotan-impossible-selon-les-etats-unis","status":"publish","type":"post","link":"https:\/\/macite.tg\/?p=20131","title":{"rendered":"ADHESION DE L&rsquo;UKRAINE A L&rsquo;OTAN\u00a0: Impossible, selon les Etats-Unis\u2026"},"content":{"rendered":"\n<p class=\"wp-block-paragraph\"><strong><em>Pete Hegseth, Secr\u00e9taire am\u00e9ricain \u00e0 la d\u00e9fense, s&rsquo;est adress\u00e9 au groupe de contact pour la d\u00e9fense de l&rsquo;Ukraine, \u00e9galement connu sous le nom de groupe Ramstein, \u00e0 Bruxelles hier mercredi. <\/em><\/strong><strong><em>\u2028\u2028<\/em><\/strong><em><\/em><\/p>\n\n\n\n<p class=\"wp-block-paragraph\">Lors des discussions, le Secr\u00e9taire am\u00e9ricain a soulign\u00e9 que <em>\u00ab la paix durable pour l&rsquo;Ukraine doit inclure des garanties de s\u00e9curit\u00e9 solides pour s&rsquo;assurer que la guerre ne recommencera pas \u00bb.<\/em> Il a \u00e9galement ajout\u00e9 que les \u00c9tats-Unis ne croyaient pas <em>\u00ab que l&rsquo;adh\u00e9sion de l&rsquo;Ukraine \u00e0 l&rsquo;OTAN soit un r\u00e9sultat r\u00e9aliste d&rsquo;un r\u00e8glement n\u00e9goci\u00e9 \u00bb.<\/em><em>\u2028\u2028<\/em><em><\/em><\/p>\n\n\n<div class=\"wp-block-image\">\n<figure class=\"aligncenter size-full\"><img loading=\"lazy\" decoding=\"async\" width=\"851\" height=\"315\" src=\"https:\/\/macite.tg\/wp-content\/uploads\/2025\/02\/OTR_Renseignements.jpg\" alt=\"\" class=\"wp-image-20090\" srcset=\"https:\/\/macite.tg\/wp-content\/uploads\/2025\/02\/OTR_Renseignements.jpg 851w, https:\/\/macite.tg\/wp-content\/uploads\/2025\/02\/OTR_Renseignements-300x111.jpg 300w, https:\/\/macite.tg\/wp-content\/uploads\/2025\/02\/OTR_Renseignements-768x284.jpg 768w\" sizes=\"auto, (max-width: 851px) 100vw, 851px\" \/><\/figure>\n<\/div>\n\n\n<p class=\"wp-block-paragraph\">M. Hegseth a soulign\u00e9 que les pays europ\u00e9ens, membres de l&rsquo;OTAN, devraient \u00eatre responsables de la <em>\u00ab part \u00e9crasante \u00bb<\/em> du soutien \u00e0 l&rsquo;Ukraine et \u00e0 la s\u00e9curit\u00e9 de l&rsquo;Europe. <em>\u00ab Cela signifie qu&rsquo;il faut donner plus de munitions et d&rsquo;\u00e9quipements, tirer parti des avantages comparatifs, d\u00e9velopper votre base industrielle de d\u00e9fense et, surtout, faire comprendre \u00e0 vos citoyens la menace qui p\u00e8se sur l&rsquo;Europe \u00bb, <\/em>a-t-il not\u00e9.<\/p>\n\n\n\n<p class=\"wp-block-paragraph\">Les \u00c9tats-Unis, selon M. Hegseth, sont confront\u00e9s \u00e0 de graves menaces sur leur territoire et assureront donc principalement la s\u00e9curit\u00e9 de leurs propres fronti\u00e8res.<\/p>\n\n\n<div class=\"wp-block-image\">\n<figure class=\"aligncenter size-full\"><img loading=\"lazy\" decoding=\"async\" width=\"512\" height=\"720\" src=\"https:\/\/macite.tg\/wp-content\/uploads\/2025\/02\/image-17.png\" alt=\"\" class=\"wp-image-20026\" srcset=\"https:\/\/macite.tg\/wp-content\/uploads\/2025\/02\/image-17.png 512w, https:\/\/macite.tg\/wp-content\/uploads\/2025\/02\/image-17-213x300.png 213w\" sizes=\"auto, (max-width: 512px) 100vw, 512px\" \/><\/figure>\n<\/div>\n\n\n<p class=\"wp-block-paragraph\">L&rsquo;Europe devra donc faire plus pour sa propre s\u00e9curit\u00e9, car les \u00c9tats-Unis se concentreront principalement sur la pr\u00e9vention d&rsquo;une guerre avec la Chine dans le Pacifique.<\/p>\n\n\n\n<p class=\"wp-block-paragraph\"><strong>Source : BBC<\/strong><\/p>\n\n\n\n<p class=\"wp-block-paragraph\"><a><strong><em>@macite.tg&nbsp;&nbsp;&nbsp;&nbsp;&nbsp;&nbsp;&nbsp;&nbsp;<\/em><\/strong><\/a><\/p>\n\n\n\n<p class=\"wp-block-paragraph\"><strong><em>E-mail&nbsp;: <\/em><\/strong><a href=\"mailto:maciteinfo@gmail.com\"><strong><em>maciteinfo@gmail.com<\/em><\/strong><\/a><strong><em>; <\/em><\/strong><a href=\"mailto:bawela1@gmail.com\"><strong><em>bawela1@gmail.com<\/em><\/strong><\/a><strong><em><\/em><\/strong><\/p>\n\n\n\n<p class=\"wp-block-paragraph\"><strong><em>Pour vos annonces, (publi)reportages, etc., joignez-nous au (00228)91515309\/<strong>79872224 <\/strong>www.macite.tg, L\u2019information, la bonne&nbsp;!<\/em><\/strong><\/p>\n","protected":false},"excerpt":{"rendered":"<p class=\"text-justify mb-2\" >Pete Hegseth, Secr\u00e9taire am\u00e9ricain \u00e0 la d\u00e9fense, s&rsquo;est adress\u00e9 au groupe de contact pour la d\u00e9fense de l&rsquo;Ukraine, \u00e9galement connu sous le nom de groupe Ramstein, \u00e0 Bruxelles hier mercredi. \u2028\u2028 Lors des discussions, le Secr\u00e9taire am\u00e9ricain a soulign\u00e9 que \u00ab la paix durable pour [&hellip;]<\/p>\n","protected":false},"author":2,"featured_media":20133,"comment_status":"open","ping_status":"open","sticky":false,"template":"","format":"standard","meta":{"footnotes":""},"categories":[20,8],"tags":[],"class_list":["post-20131","post","type-post","status-publish","format-standard","has-post-thumbnail","hentry","category-actualite","category-diplomatie"],"yoast_head":"<!-- This site is optimized with the Yoast SEO plugin v28.4 - https:\/\/yoast.com\/product\/yoast-seo-wordpress\/ -->\n<title>ADHESION DE L&#039;UKRAINE A L&#039;OTAN\u00a0: Impossible, selon les Etats-Unis\u2026 -<\/title>\n<meta name=\"robots\" content=\"index, follow, max-snippet:-1, max-image-preview:large, max-video-preview:-1\" \/>\n<link rel=\"canonical\" href=\"https:\/\/macite.tg\/?p=20131\" \/>\n<meta property=\"og:locale\" content=\"fr_FR\" \/>\n<meta property=\"og:type\" content=\"article\" \/>\n<meta property=\"og:title\" content=\"ADHESION DE L&#039;UKRAINE A L&#039;OTAN\u00a0: Impossible, selon les Etats-Unis\u2026 -\" \/>\n<meta property=\"og:description\" content=\"Pete Hegseth, Secr\u00e9taire am\u00e9ricain \u00e0 la d\u00e9fense, s&rsquo;est adress\u00e9 au groupe de contact pour la d\u00e9fense de l&rsquo;Ukraine, \u00e9galement connu sous le nom de groupe Ramstein, \u00e0 Bruxelles hier mercredi. \u2028\u2028 Lors des discussions, le Secr\u00e9taire am\u00e9ricain a soulign\u00e9 que \u00ab la paix durable pour [&hellip;]\" \/>\n<meta property=\"og:url\" content=\"https:\/\/macite.tg\/?p=20131\" \/>\n<meta property=\"article:published_time\" content=\"2025-02-13T09:40:25+00:00\" \/>\n<meta property=\"article:modified_time\" content=\"2025-02-13T09:40:37+00:00\" \/>\n<meta property=\"og:image\" content=\"https:\/\/macite.tg\/wp-content\/uploads\/2025\/02\/SED-USA.jpg\" \/>\n\t<meta property=\"og:image:width\" content=\"500\" \/>\n\t<meta property=\"og:image:height\" content=\"338\" \/>\n\t<meta property=\"og:image:type\" content=\"image\/jpeg\" \/>\n<meta name=\"author\" content=\"Jean Pierre BAWELA\" \/>\n<meta name=\"twitter:card\" content=\"summary_large_image\" \/>\n<meta name=\"twitter:label1\" content=\"\u00c9crit par\" \/>\n\t<meta name=\"twitter:data1\" content=\"Jean Pierre BAWELA\" \/>\n\t<meta name=\"twitter:label2\" content=\"Dur\u00e9e de lecture estim\u00e9e\" \/>\n\t<meta name=\"twitter:data2\" content=\"2 minutes\" \/>\n<script type=\"application\/ld+json\" class=\"yoast-schema-graph\">{\"@context\":\"https:\\\/\\\/schema.org\",\"@graph\":[{\"@type\":\"Article\",\"@id\":\"https:\\\/\\\/macite.tg\\\/?p=20131#article\",\"isPartOf\":{\"@id\":\"https:\\\/\\\/macite.tg\\\/?p=20131\"},\"author\":{\"name\":\"Jean Pierre BAWELA\",\"@id\":\"https:\\\/\\\/macite.tg\\\/#\\\/schema\\\/person\\\/e9f2de7e5dbbe7770a9402c7ce82f5c2\"},\"headline\":\"ADHESION DE L&rsquo;UKRAINE A L&rsquo;OTAN\u00a0: Impossible, selon les Etats-Unis\u2026\",\"datePublished\":\"2025-02-13T09:40:25+00:00\",\"dateModified\":\"2025-02-13T09:40:37+00:00\",\"mainEntityOfPage\":{\"@id\":\"https:\\\/\\\/macite.tg\\\/?p=20131\"},\"wordCount\":274,\"commentCount\":0,\"image\":{\"@id\":\"https:\\\/\\\/macite.tg\\\/?p=20131#primaryimage\"},\"thumbnailUrl\":\"https:\\\/\\\/macite.tg\\\/wp-content\\\/uploads\\\/2025\\\/02\\\/SED-USA.jpg\",\"articleSection\":[\"ACTUALITE\",\"DIPLOMATIE\"],\"inLanguage\":\"fr-FR\",\"potentialAction\":[{\"@type\":\"CommentAction\",\"name\":\"Comment\",\"target\":[\"https:\\\/\\\/macite.tg\\\/?p=20131#respond\"]}]},{\"@type\":\"WebPage\",\"@id\":\"https:\\\/\\\/macite.tg\\\/?p=20131\",\"url\":\"https:\\\/\\\/macite.tg\\\/?p=20131\",\"name\":\"ADHESION DE L'UKRAINE A L'OTAN\u00a0: Impossible, selon les Etats-Unis\u2026 -\",\"isPartOf\":{\"@id\":\"https:\\\/\\\/macite.tg\\\/#website\"},\"primaryImageOfPage\":{\"@id\":\"https:\\\/\\\/macite.tg\\\/?p=20131#primaryimage\"},\"image\":{\"@id\":\"https:\\\/\\\/macite.tg\\\/?p=20131#primaryimage\"},\"thumbnailUrl\":\"https:\\\/\\\/macite.tg\\\/wp-content\\\/uploads\\\/2025\\\/02\\\/SED-USA.jpg\",\"datePublished\":\"2025-02-13T09:40:25+00:00\",\"dateModified\":\"2025-02-13T09:40:37+00:00\",\"author\":{\"@id\":\"https:\\\/\\\/macite.tg\\\/#\\\/schema\\\/person\\\/e9f2de7e5dbbe7770a9402c7ce82f5c2\"},\"breadcrumb\":{\"@id\":\"https:\\\/\\\/macite.tg\\\/?p=20131#breadcrumb\"},\"inLanguage\":\"fr-FR\",\"potentialAction\":[{\"@type\":\"ReadAction\",\"target\":[\"https:\\\/\\\/macite.tg\\\/?p=20131\"]}]},{\"@type\":\"ImageObject\",\"inLanguage\":\"fr-FR\",\"@id\":\"https:\\\/\\\/macite.tg\\\/?p=20131#primaryimage\",\"url\":\"https:\\\/\\\/macite.tg\\\/wp-content\\\/uploads\\\/2025\\\/02\\\/SED-USA.jpg\",\"contentUrl\":\"https:\\\/\\\/macite.tg\\\/wp-content\\\/uploads\\\/2025\\\/02\\\/SED-USA.jpg\",\"width\":500,\"height\":338,\"caption\":\"Pete Hegseth, Secr\u00e9taire am\u00e9ricain \u00e0 la d\u00e9fense\"},{\"@type\":\"BreadcrumbList\",\"@id\":\"https:\\\/\\\/macite.tg\\\/?p=20131#breadcrumb\",\"itemListElement\":[{\"@type\":\"ListItem\",\"position\":1,\"name\":\"Accueil\",\"item\":\"https:\\\/\\\/macite.tg\\\/\"},{\"@type\":\"ListItem\",\"position\":2,\"name\":\"ADHESION DE L&rsquo;UKRAINE A L&rsquo;OTAN\u00a0: Impossible, selon les Etats-Unis\u2026\"}]},{\"@type\":\"WebSite\",\"@id\":\"https:\\\/\\\/macite.tg\\\/#website\",\"url\":\"https:\\\/\\\/macite.tg\\\/\",\"name\":\"\",\"description\":\"L&#039;information, la bonne!!!\",\"potentialAction\":[{\"@type\":\"SearchAction\",\"target\":{\"@type\":\"EntryPoint\",\"urlTemplate\":\"https:\\\/\\\/macite.tg\\\/?s={search_term_string}\"},\"query-input\":{\"@type\":\"PropertyValueSpecification\",\"valueRequired\":true,\"valueName\":\"search_term_string\"}}],\"inLanguage\":\"fr-FR\"},{\"@type\":\"Person\",\"@id\":\"https:\\\/\\\/macite.tg\\\/#\\\/schema\\\/person\\\/e9f2de7e5dbbe7770a9402c7ce82f5c2\",\"name\":\"Jean Pierre BAWELA\",\"image\":{\"@type\":\"ImageObject\",\"inLanguage\":\"fr-FR\",\"@id\":\"https:\\\/\\\/macite.tg\\\/wp-content\\\/uploads\\\/2023\\\/09\\\/WhatsApp-Image-2023-09-19-at-14.44.41-122x122.jpeg\",\"url\":\"https:\\\/\\\/macite.tg\\\/wp-content\\\/uploads\\\/2023\\\/09\\\/WhatsApp-Image-2023-09-19-at-14.44.41-122x122.jpeg\",\"contentUrl\":\"https:\\\/\\\/macite.tg\\\/wp-content\\\/uploads\\\/2023\\\/09\\\/WhatsApp-Image-2023-09-19-at-14.44.41-122x122.jpeg\",\"caption\":\"Jean Pierre BAWELA\"},\"url\":\"https:\\\/\\\/macite.tg\\\/?author=2\"}]}<\/script>\n<!-- \/ Yoast SEO plugin. -->","yoast_head_json":{"title":"ADHESION DE L'UKRAINE A L'OTAN\u00a0: Impossible, selon les Etats-Unis\u2026 -","robots":{"index":"index","follow":"follow","max-snippet":"max-snippet:-1","max-image-preview":"max-image-preview:large","max-video-preview":"max-video-preview:-1"},"canonical":"https:\/\/macite.tg\/?p=20131","og_locale":"fr_FR","og_type":"article","og_title":"ADHESION DE L'UKRAINE A L'OTAN\u00a0: Impossible, selon les Etats-Unis\u2026 -","og_description":"Pete Hegseth, Secr\u00e9taire am\u00e9ricain \u00e0 la d\u00e9fense, s&rsquo;est adress\u00e9 au groupe de contact pour la d\u00e9fense de l&rsquo;Ukraine, \u00e9galement connu sous le nom de groupe Ramstein, \u00e0 Bruxelles hier mercredi. \u2028\u2028 Lors des discussions, le Secr\u00e9taire am\u00e9ricain a soulign\u00e9 que \u00ab la paix durable pour [&hellip;]","og_url":"https:\/\/macite.tg\/?p=20131","article_published_time":"2025-02-13T09:40:25+00:00","article_modified_time":"2025-02-13T09:40:37+00:00","og_image":[{"width":500,"height":338,"url":"https:\/\/macite.tg\/wp-content\/uploads\/2025\/02\/SED-USA.jpg","type":"image\/jpeg"}],"author":"Jean Pierre BAWELA","twitter_card":"summary_large_image","twitter_misc":{"\u00c9crit par":"Jean Pierre BAWELA","Dur\u00e9e de lecture estim\u00e9e":"2 minutes"},"schema":{"@context":"https:\/\/schema.org","@graph":[{"@type":"Article","@id":"https:\/\/macite.tg\/?p=20131#article","isPartOf":{"@id":"https:\/\/macite.tg\/?p=20131"},"author":{"name":"Jean Pierre BAWELA","@id":"https:\/\/macite.tg\/#\/schema\/person\/e9f2de7e5dbbe7770a9402c7ce82f5c2"},"headline":"ADHESION DE L&rsquo;UKRAINE A L&rsquo;OTAN\u00a0: Impossible, selon les Etats-Unis\u2026","datePublished":"2025-02-13T09:40:25+00:00","dateModified":"2025-02-13T09:40:37+00:00","mainEntityOfPage":{"@id":"https:\/\/macite.tg\/?p=20131"},"wordCount":274,"commentCount":0,"image":{"@id":"https:\/\/macite.tg\/?p=20131#primaryimage"},"thumbnailUrl":"https:\/\/macite.tg\/wp-content\/uploads\/2025\/02\/SED-USA.jpg","articleSection":["ACTUALITE","DIPLOMATIE"],"inLanguage":"fr-FR","potentialAction":[{"@type":"CommentAction","name":"Comment","target":["https:\/\/macite.tg\/?p=20131#respond"]}]},{"@type":"WebPage","@id":"https:\/\/macite.tg\/?p=20131","url":"https:\/\/macite.tg\/?p=20131","name":"ADHESION DE L'UKRAINE A L'OTAN\u00a0: Impossible, selon les Etats-Unis\u2026 -","isPartOf":{"@id":"https:\/\/macite.tg\/#website"},"primaryImageOfPage":{"@id":"https:\/\/macite.tg\/?p=20131#primaryimage"},"image":{"@id":"https:\/\/macite.tg\/?p=20131#primaryimage"},"thumbnailUrl":"https:\/\/macite.tg\/wp-content\/uploads\/2025\/02\/SED-USA.jpg","datePublished":"2025-02-13T09:40:25+00:00","dateModified":"2025-02-13T09:40:37+00:00","author":{"@id":"https:\/\/macite.tg\/#\/schema\/person\/e9f2de7e5dbbe7770a9402c7ce82f5c2"},"breadcrumb":{"@id":"https:\/\/macite.tg\/?p=20131#breadcrumb"},"inLanguage":"fr-FR","potentialAction":[{"@type":"ReadAction","target":["https:\/\/macite.tg\/?p=20131"]}]},{"@type":"ImageObject","inLanguage":"fr-FR","@id":"https:\/\/macite.tg\/?p=20131#primaryimage","url":"https:\/\/macite.tg\/wp-content\/uploads\/2025\/02\/SED-USA.jpg","contentUrl":"https:\/\/macite.tg\/wp-content\/uploads\/2025\/02\/SED-USA.jpg","width":500,"height":338,"caption":"Pete Hegseth, Secr\u00e9taire am\u00e9ricain \u00e0 la d\u00e9fense"},{"@type":"BreadcrumbList","@id":"https:\/\/macite.tg\/?p=20131#breadcrumb","itemListElement":[{"@type":"ListItem","position":1,"name":"Accueil","item":"https:\/\/macite.tg\/"},{"@type":"ListItem","position":2,"name":"ADHESION DE L&rsquo;UKRAINE A L&rsquo;OTAN\u00a0: Impossible, selon les Etats-Unis\u2026"}]},{"@type":"WebSite","@id":"https:\/\/macite.tg\/#website","url":"https:\/\/macite.tg\/","name":"","description":"L&#039;information, la bonne!!!","potentialAction":[{"@type":"SearchAction","target":{"@type":"EntryPoint","urlTemplate":"https:\/\/macite.tg\/?s={search_term_string}"},"query-input":{"@type":"PropertyValueSpecification","valueRequired":true,"valueName":"search_term_string"}}],"inLanguage":"fr-FR"},{"@type":"Person","@id":"https:\/\/macite.tg\/#\/schema\/person\/e9f2de7e5dbbe7770a9402c7ce82f5c2","name":"Jean Pierre BAWELA","image":{"@type":"ImageObject","inLanguage":"fr-FR","@id":"https:\/\/macite.tg\/wp-content\/uploads\/2023\/09\/WhatsApp-Image-2023-09-19-at-14.44.41-122x122.jpeg","url":"https:\/\/macite.tg\/wp-content\/uploads\/2023\/09\/WhatsApp-Image-2023-09-19-at-14.44.41-122x122.jpeg","contentUrl":"https:\/\/macite.tg\/wp-content\/uploads\/2023\/09\/WhatsApp-Image-2023-09-19-at-14.44.41-122x122.jpeg","caption":"Jean Pierre BAWELA"},"url":"https:\/\/macite.tg\/?author=2"}]}},"_links":{"self":[{"href":"https:\/\/macite.tg\/index.php?rest_route=\/wp\/v2\/posts\/20131","targetHints":{"allow":["GET"]}}],"collection":[{"href":"https:\/\/macite.tg\/index.php?rest_route=\/wp\/v2\/posts"}],"about":[{"href":"https:\/\/macite.tg\/index.php?rest_route=\/wp\/v2\/types\/post"}],"author":[{"embeddable":true,"href":"https:\/\/macite.tg\/index.php?rest_route=\/wp\/v2\/users\/2"}],"replies":[{"embeddable":true,"href":"https:\/\/macite.tg\/index.php?rest_route=%2Fwp%2Fv2%2Fcomments&post=20131"}],"version-history":[{"count":0,"href":"https:\/\/macite.tg\/index.php?rest_route=\/wp\/v2\/posts\/20131\/revisions"}],"wp:featuredmedia":[{"embeddable":true,"href":"https:\/\/macite.tg\/index.php?rest_route=\/wp\/v2\/media\/20133"}],"wp:attachment":[{"href":"https:\/\/macite.tg\/index.php?rest_route=%2Fwp%2Fv2%2Fmedia&parent=20131"}],"wp:term":[{"taxonomy":"category","embeddable":true,"href":"https:\/\/macite.tg\/index.php?rest_route=%2Fwp%2Fv2%2Fcategories&post=20131"},{"taxonomy":"post_tag","embeddable":true,"href":"https:\/\/macite.tg\/index.php?rest_route=%2Fwp%2Fv2%2Ftags&post=20131"}],"curies":[{"name":"wp","href":"https:\/\/api.w.org\/{rel}","templated":true}]}}