{"id":20114,"date":"2025-02-12T18:49:36","date_gmt":"2025-02-12T18:49:36","guid":{"rendered":"https:\/\/macite.tg\/?p=20114"},"modified":"2025-02-12T21:32:13","modified_gmt":"2025-02-12T21:32:13","slug":"avis-de-deces-les-obseques-de-maman-dadjo-samtina-martine-ce-weekend-a-lome","status":"publish","type":"post","link":"https:\/\/macite.tg\/?p=20114","title":{"rendered":"AVIS DE DECES : Les obs\u00e8ques de Maman DADJO Samtina Martine ce weekend \u00e0 Lom\u00e9"},"content":{"rendered":"\n<p class=\"wp-block-paragraph\"><\/p>\n\n\n\n<p class=\"wp-block-paragraph\"><strong><em>Rappel\u00e9e \u00e0 Dieu le jeudi 23 janvier 2025 au CHR de Lom\u00e9 \u00e0 l\u2019\u00e2ge de 55 ans, Maman DADJO Samtina Martine, \u00e9pouse SAGUINTAAH BILAKINAM, sera inhum\u00e9e, ce samedi 15 f\u00e9vrier, au cimeti\u00e8re de Kladj\u00e8m\u00e9 \u00e0 Ad\u00e9tikop\u00e9, \u00e0 Lom\u00e9. Plus d\u2019informations dans les lignes qui suivent\u2026<\/em><\/strong><\/p>\n\n\n\n<p class=\"wp-block-paragraph\"><strong>REMERCIEMENTS ET ANNONCES&nbsp;<\/strong><\/p>\n\n\n\n<p class=\"wp-block-paragraph\">Le Chef du Canton de BAGA dans la pr\u00e9fecture de Doufelgou&nbsp;;<\/p>\n\n\n\n<p class=\"wp-block-paragraph\">Le Chef village de Hounanhou&nbsp;;<\/p>\n\n\n\n<p class=\"wp-block-paragraph\">Le Chef coutumier et le Pr\u00e9sident des Natifs de Hounanhou \u00e0 Lom\u00e9 (NAHOLO)&nbsp;;<\/p>\n\n\n\n<p class=\"wp-block-paragraph\">Le Chef coutumier et le Pr\u00e9sident de l&rsquo;Amicale des Ressortissants de Samaragou \u00e0 Lom\u00e9 (ARSAL)\u00a0;<\/p>\n\n\n\n<p class=\"wp-block-paragraph\">Les collectives FIGA- NANDEDIGA de Hourou et BATOGDA-DJOMA de K\u00e8lgou \u00e0 Hounanhou&nbsp;;<\/p>\n\n\n\n<p class=\"wp-block-paragraph\">Les grandes familles BAGUEWABENA, DOTANTA, DOWDA, DADJO, BABIMA, YAGUISSAGOU, GUEMA KABRATCHOUKA, MAYEDA, SAGUINTAH, AGODA&nbsp;;<\/p>\n\n\n\n<p class=\"wp-block-paragraph\">Les fr\u00e8res et s\u0153urs de la d\u00e9funte&nbsp;;<\/p>\n\n\n\n<p class=\"wp-block-paragraph\">Les enfants et petits-enfants de la d\u00e9funte&nbsp;;<\/p>\n\n\n\n<p class=\"wp-block-paragraph\">Les familles parentes alli\u00e9es et amies :&nbsp; DJA\u00cfMBA-LIMTA, MBOUBA, M\u2019GBOOUNA, YAGUISSAGOU, BAGUEWABENA, KOUGUILIMA, DADJO, DJANFAYA, BANIBE, BADJOLA, RAWA, DJAMNA, N\u2019DAFIDINA, BAMELA-AKAKO, TONOUWA, BAYAMINA, SALIMA, MITEBIDINA, HOURGNAMBA, SIMTOKINA, MILOGA, DOLAMA, AGODA-KOUSSAMA, SEDAH, KOUKOUMA, GUEDIKOUMA, OUTOBA, BATEMA, KPIOURA, MODA, BATASSAN, KOUDJOULMA, TEBAKOUNA, BATAMNAWOULA, BATADA, BALLY, KABRATCHOUKA, MAYEDA, AGODA, NONON, KPASSAGOU, M&rsquo;BESSAGOU&nbsp;;<\/p>\n\n\n\n<p class=\"wp-block-paragraph\">Les familles parentes alli\u00e9es et amies, profond\u00e9ment touch\u00e9es par les diverses marques de sympathies et d\u2019affection que vous leur avez t\u00e9moign\u00e9 de diverses mani\u00e8res lors du d\u00e9c\u00e8s de leur tr\u00e8s ch\u00e8re et regrett\u00e9e fille, \u00e9pouse, m\u00e8re, s\u0153ur, cousine et amie :<\/p>\n\n\n<div class=\"wp-block-image\">\n<figure class=\"alignleft size-full is-resized\"><img loading=\"lazy\" decoding=\"async\" width=\"289\" height=\"381\" src=\"https:\/\/macite.tg\/wp-content\/uploads\/2025\/02\/568081ac-524b-4a73-ad6e-9bdaa6a07e04.jpg\" alt=\"\" class=\"wp-image-20115\" style=\"width:154px;height:auto\" srcset=\"https:\/\/macite.tg\/wp-content\/uploads\/2025\/02\/568081ac-524b-4a73-ad6e-9bdaa6a07e04.jpg 289w, https:\/\/macite.tg\/wp-content\/uploads\/2025\/02\/568081ac-524b-4a73-ad6e-9bdaa6a07e04-228x300.jpg 228w\" sizes=\"auto, (max-width: 289px) 100vw, 289px\" \/><\/figure>\n<\/div>\n\n\n<p class=\"wp-block-paragraph\"><\/p>\n\n\n\n<p class=\"wp-block-paragraph\"><strong>DADJO Samtina Martine<\/strong><\/p>\n\n\n\n<p class=\"wp-block-paragraph\"><\/p>\n\n\n\n<p class=\"wp-block-paragraph\"><strong><em>Rappel\u00e9 \u00e0 Dieu le jeudi 23 janvier 2025 au CHR de Lom\u00e9 \u00e0 l\u2019\u00e2ge de 55 ans<\/em><\/strong><\/p>\n\n\n\n<p class=\"wp-block-paragraph\"><\/p>\n\n\n\n<p class=\"wp-block-paragraph\">Vous renouvellent leurs sinc\u00e8res remerciements et vous prie de bien vouloir assister ou vous unir d\u2019intension aux obs\u00e8ques qui se d\u00e9rouleront suivant le programme ci-apr\u00e8s :<\/p>\n\n\n\n<p class=\"wp-block-paragraph\"><\/p>\n\n\n\n<p class=\"wp-block-paragraph\"><strong><u>Vendredi 14 f\u00e9vrier 2024&nbsp;:<\/u><\/strong><\/p>\n\n\n\n<p class=\"wp-block-paragraph\">18h-20h : Veill\u00e9e traditionnelle dans la maison mortuaire<\/p>\n\n\n\n<p class=\"wp-block-paragraph\"><strong><u>Samedi 15 f\u00e9vrier 2025&nbsp;:<\/u><\/strong><\/p>\n\n\n\n<p class=\"wp-block-paragraph\">05h-07h : Exposition du corps dans la maison mortuaire<\/p>\n\n\n\n<p class=\"wp-block-paragraph\">09h : Inhumation au cimeti\u00e8re de Kladj\u00e8m\u00e9 \u00e0 Ad\u00e9tikop\u00e9<\/p>\n\n\n\n<p class=\"wp-block-paragraph\"><strong><em>NB: Maison mortuaire, maison du feu DADJO Ambroise sise \u00e0 Ad\u00e9wi-Doumas\u00e9ss\u00e9 face \u00e0 la maison Kpandagou. <a><\/a><\/em><\/strong><\/p>\n\n\n\n<p class=\"wp-block-paragraph\"><strong><em>@macite.tg&nbsp;&nbsp;&nbsp;&nbsp;&nbsp;&nbsp;&nbsp;&nbsp;<\/em><\/strong><\/p>\n\n\n\n<p class=\"wp-block-paragraph\"><strong><em>E-mail&nbsp;: <\/em><\/strong><a href=\"mailto:maciteinfo@gmail.com\"><strong><em>maciteinfo@gmail.com<\/em><\/strong><\/a><strong><em>; <\/em><\/strong><a href=\"mailto:bawela1@gmail.com\"><strong><em>bawela1@gmail.com<\/em><\/strong><\/a><strong><em> <\/em><\/strong><strong><em><\/em><\/strong><\/p>\n\n\n\n<p class=\"wp-block-paragraph\"><strong><em>Pour vos annonces, (publi)reportages, etc., joignez-nous au (00228)91515309\/<strong>79872224 <\/strong>www.macite.tg, L\u2019information, la bonne&nbsp;!<\/em><\/strong><\/p>\n","protected":false},"excerpt":{"rendered":"<p class=\"text-justify mb-2\" >Rappel\u00e9e \u00e0 Dieu le jeudi 23 janvier 2025 au CHR de Lom\u00e9 \u00e0 l\u2019\u00e2ge de 55 ans, Maman DADJO Samtina Martine, \u00e9pouse SAGUINTAAH BILAKINAM, sera inhum\u00e9e, ce samedi 15 f\u00e9vrier, au cimeti\u00e8re de Kladj\u00e8m\u00e9 \u00e0 Ad\u00e9tikop\u00e9, \u00e0 Lom\u00e9. Plus d\u2019informations dans les lignes qui suivent\u2026 [&hellip;]<\/p>\n","protected":false},"author":2,"featured_media":20116,"comment_status":"open","ping_status":"open","sticky":false,"template":"","format":"standard","meta":{"footnotes":""},"categories":[20,31],"tags":[],"class_list":["post-20114","post","type-post","status-publish","format-standard","has-post-thumbnail","hentry","category-actualite","category-annonce"],"yoast_head":"<!-- This site is optimized with the Yoast SEO plugin v28.4 - https:\/\/yoast.com\/product\/yoast-seo-wordpress\/ -->\n<title>AVIS DE DECES : Les obs\u00e8ques de Maman DADJO Samtina Martine ce weekend \u00e0 Lom\u00e9 -<\/title>\n<meta name=\"robots\" content=\"index, follow, max-snippet:-1, max-image-preview:large, max-video-preview:-1\" \/>\n<link rel=\"canonical\" href=\"https:\/\/macite.tg\/?p=20114\" \/>\n<meta property=\"og:locale\" content=\"fr_FR\" \/>\n<meta property=\"og:type\" content=\"article\" \/>\n<meta property=\"og:title\" content=\"AVIS DE DECES : Les obs\u00e8ques de Maman DADJO Samtina Martine ce weekend \u00e0 Lom\u00e9 -\" \/>\n<meta property=\"og:description\" content=\"Rappel\u00e9e \u00e0 Dieu le jeudi 23 janvier 2025 au CHR de Lom\u00e9 \u00e0 l\u2019\u00e2ge de 55 ans, Maman DADJO Samtina Martine, \u00e9pouse SAGUINTAAH BILAKINAM, sera inhum\u00e9e, ce samedi 15 f\u00e9vrier, au cimeti\u00e8re de Kladj\u00e8m\u00e9 \u00e0 Ad\u00e9tikop\u00e9, \u00e0 Lom\u00e9. Plus d\u2019informations dans les lignes qui suivent\u2026 [&hellip;]\" \/>\n<meta property=\"og:url\" content=\"https:\/\/macite.tg\/?p=20114\" \/>\n<meta property=\"article:published_time\" content=\"2025-02-12T18:49:36+00:00\" \/>\n<meta property=\"article:modified_time\" content=\"2025-02-12T21:32:13+00:00\" \/>\n<meta property=\"og:image\" content=\"https:\/\/macite.tg\/wp-content\/uploads\/2025\/02\/Dadjo-Martine-.jpg\" \/>\n\t<meta property=\"og:image:width\" content=\"421\" \/>\n\t<meta property=\"og:image:height\" content=\"421\" \/>\n\t<meta property=\"og:image:type\" content=\"image\/jpeg\" \/>\n<meta name=\"author\" content=\"Jean Pierre BAWELA\" \/>\n<meta name=\"twitter:card\" content=\"summary_large_image\" \/>\n<meta name=\"twitter:label1\" content=\"\u00c9crit par\" \/>\n\t<meta name=\"twitter:data1\" content=\"Jean Pierre BAWELA\" \/>\n\t<meta name=\"twitter:label2\" content=\"Dur\u00e9e de lecture estim\u00e9e\" \/>\n\t<meta name=\"twitter:data2\" content=\"2 minutes\" \/>\n<script type=\"application\/ld+json\" class=\"yoast-schema-graph\">{\"@context\":\"https:\\\/\\\/schema.org\",\"@graph\":[{\"@type\":\"Article\",\"@id\":\"https:\\\/\\\/macite.tg\\\/?p=20114#article\",\"isPartOf\":{\"@id\":\"https:\\\/\\\/macite.tg\\\/?p=20114\"},\"author\":{\"name\":\"Jean Pierre BAWELA\",\"@id\":\"https:\\\/\\\/macite.tg\\\/#\\\/schema\\\/person\\\/e9f2de7e5dbbe7770a9402c7ce82f5c2\"},\"headline\":\"AVIS DE DECES : Les obs\u00e8ques de Maman DADJO Samtina Martine ce weekend \u00e0 Lom\u00e9\",\"datePublished\":\"2025-02-12T18:49:36+00:00\",\"dateModified\":\"2025-02-12T21:32:13+00:00\",\"mainEntityOfPage\":{\"@id\":\"https:\\\/\\\/macite.tg\\\/?p=20114\"},\"wordCount\":400,\"commentCount\":0,\"image\":{\"@id\":\"https:\\\/\\\/macite.tg\\\/?p=20114#primaryimage\"},\"thumbnailUrl\":\"https:\\\/\\\/macite.tg\\\/wp-content\\\/uploads\\\/2025\\\/02\\\/Dadjo-Martine-.jpg\",\"articleSection\":[\"ACTUALITE\",\"ANNONCE\"],\"inLanguage\":\"fr-FR\",\"potentialAction\":[{\"@type\":\"CommentAction\",\"name\":\"Comment\",\"target\":[\"https:\\\/\\\/macite.tg\\\/?p=20114#respond\"]}]},{\"@type\":\"WebPage\",\"@id\":\"https:\\\/\\\/macite.tg\\\/?p=20114\",\"url\":\"https:\\\/\\\/macite.tg\\\/?p=20114\",\"name\":\"AVIS DE DECES : Les obs\u00e8ques de Maman DADJO Samtina Martine ce weekend \u00e0 Lom\u00e9 -\",\"isPartOf\":{\"@id\":\"https:\\\/\\\/macite.tg\\\/#website\"},\"primaryImageOfPage\":{\"@id\":\"https:\\\/\\\/macite.tg\\\/?p=20114#primaryimage\"},\"image\":{\"@id\":\"https:\\\/\\\/macite.tg\\\/?p=20114#primaryimage\"},\"thumbnailUrl\":\"https:\\\/\\\/macite.tg\\\/wp-content\\\/uploads\\\/2025\\\/02\\\/Dadjo-Martine-.jpg\",\"datePublished\":\"2025-02-12T18:49:36+00:00\",\"dateModified\":\"2025-02-12T21:32:13+00:00\",\"author\":{\"@id\":\"https:\\\/\\\/macite.tg\\\/#\\\/schema\\\/person\\\/e9f2de7e5dbbe7770a9402c7ce82f5c2\"},\"breadcrumb\":{\"@id\":\"https:\\\/\\\/macite.tg\\\/?p=20114#breadcrumb\"},\"inLanguage\":\"fr-FR\",\"potentialAction\":[{\"@type\":\"ReadAction\",\"target\":[\"https:\\\/\\\/macite.tg\\\/?p=20114\"]}]},{\"@type\":\"ImageObject\",\"inLanguage\":\"fr-FR\",\"@id\":\"https:\\\/\\\/macite.tg\\\/?p=20114#primaryimage\",\"url\":\"https:\\\/\\\/macite.tg\\\/wp-content\\\/uploads\\\/2025\\\/02\\\/Dadjo-Martine-.jpg\",\"contentUrl\":\"https:\\\/\\\/macite.tg\\\/wp-content\\\/uploads\\\/2025\\\/02\\\/Dadjo-Martine-.jpg\",\"width\":421,\"height\":421},{\"@type\":\"BreadcrumbList\",\"@id\":\"https:\\\/\\\/macite.tg\\\/?p=20114#breadcrumb\",\"itemListElement\":[{\"@type\":\"ListItem\",\"position\":1,\"name\":\"Accueil\",\"item\":\"https:\\\/\\\/macite.tg\\\/\"},{\"@type\":\"ListItem\",\"position\":2,\"name\":\"AVIS DE DECES : Les obs\u00e8ques de Maman DADJO Samtina Martine ce weekend \u00e0 Lom\u00e9\"}]},{\"@type\":\"WebSite\",\"@id\":\"https:\\\/\\\/macite.tg\\\/#website\",\"url\":\"https:\\\/\\\/macite.tg\\\/\",\"name\":\"\",\"description\":\"L&#039;information, la bonne!!!\",\"potentialAction\":[{\"@type\":\"SearchAction\",\"target\":{\"@type\":\"EntryPoint\",\"urlTemplate\":\"https:\\\/\\\/macite.tg\\\/?s={search_term_string}\"},\"query-input\":{\"@type\":\"PropertyValueSpecification\",\"valueRequired\":true,\"valueName\":\"search_term_string\"}}],\"inLanguage\":\"fr-FR\"},{\"@type\":\"Person\",\"@id\":\"https:\\\/\\\/macite.tg\\\/#\\\/schema\\\/person\\\/e9f2de7e5dbbe7770a9402c7ce82f5c2\",\"name\":\"Jean Pierre BAWELA\",\"image\":{\"@type\":\"ImageObject\",\"inLanguage\":\"fr-FR\",\"@id\":\"https:\\\/\\\/macite.tg\\\/wp-content\\\/uploads\\\/2023\\\/09\\\/WhatsApp-Image-2023-09-19-at-14.44.41-122x122.jpeg\",\"url\":\"https:\\\/\\\/macite.tg\\\/wp-content\\\/uploads\\\/2023\\\/09\\\/WhatsApp-Image-2023-09-19-at-14.44.41-122x122.jpeg\",\"contentUrl\":\"https:\\\/\\\/macite.tg\\\/wp-content\\\/uploads\\\/2023\\\/09\\\/WhatsApp-Image-2023-09-19-at-14.44.41-122x122.jpeg\",\"caption\":\"Jean Pierre BAWELA\"},\"url\":\"https:\\\/\\\/macite.tg\\\/?author=2\"}]}<\/script>\n<!-- \/ Yoast SEO plugin. -->","yoast_head_json":{"title":"AVIS DE DECES : Les obs\u00e8ques de Maman DADJO Samtina Martine ce weekend \u00e0 Lom\u00e9 -","robots":{"index":"index","follow":"follow","max-snippet":"max-snippet:-1","max-image-preview":"max-image-preview:large","max-video-preview":"max-video-preview:-1"},"canonical":"https:\/\/macite.tg\/?p=20114","og_locale":"fr_FR","og_type":"article","og_title":"AVIS DE DECES : Les obs\u00e8ques de Maman DADJO Samtina Martine ce weekend \u00e0 Lom\u00e9 -","og_description":"Rappel\u00e9e \u00e0 Dieu le jeudi 23 janvier 2025 au CHR de Lom\u00e9 \u00e0 l\u2019\u00e2ge de 55 ans, Maman DADJO Samtina Martine, \u00e9pouse SAGUINTAAH BILAKINAM, sera inhum\u00e9e, ce samedi 15 f\u00e9vrier, au cimeti\u00e8re de Kladj\u00e8m\u00e9 \u00e0 Ad\u00e9tikop\u00e9, \u00e0 Lom\u00e9. Plus d\u2019informations dans les lignes qui suivent\u2026 [&hellip;]","og_url":"https:\/\/macite.tg\/?p=20114","article_published_time":"2025-02-12T18:49:36+00:00","article_modified_time":"2025-02-12T21:32:13+00:00","og_image":[{"width":421,"height":421,"url":"https:\/\/macite.tg\/wp-content\/uploads\/2025\/02\/Dadjo-Martine-.jpg","type":"image\/jpeg"}],"author":"Jean Pierre BAWELA","twitter_card":"summary_large_image","twitter_misc":{"\u00c9crit par":"Jean Pierre BAWELA","Dur\u00e9e de lecture estim\u00e9e":"2 minutes"},"schema":{"@context":"https:\/\/schema.org","@graph":[{"@type":"Article","@id":"https:\/\/macite.tg\/?p=20114#article","isPartOf":{"@id":"https:\/\/macite.tg\/?p=20114"},"author":{"name":"Jean Pierre BAWELA","@id":"https:\/\/macite.tg\/#\/schema\/person\/e9f2de7e5dbbe7770a9402c7ce82f5c2"},"headline":"AVIS DE DECES : Les obs\u00e8ques de Maman DADJO Samtina Martine ce weekend \u00e0 Lom\u00e9","datePublished":"2025-02-12T18:49:36+00:00","dateModified":"2025-02-12T21:32:13+00:00","mainEntityOfPage":{"@id":"https:\/\/macite.tg\/?p=20114"},"wordCount":400,"commentCount":0,"image":{"@id":"https:\/\/macite.tg\/?p=20114#primaryimage"},"thumbnailUrl":"https:\/\/macite.tg\/wp-content\/uploads\/2025\/02\/Dadjo-Martine-.jpg","articleSection":["ACTUALITE","ANNONCE"],"inLanguage":"fr-FR","potentialAction":[{"@type":"CommentAction","name":"Comment","target":["https:\/\/macite.tg\/?p=20114#respond"]}]},{"@type":"WebPage","@id":"https:\/\/macite.tg\/?p=20114","url":"https:\/\/macite.tg\/?p=20114","name":"AVIS DE DECES : Les obs\u00e8ques de Maman DADJO Samtina Martine ce weekend \u00e0 Lom\u00e9 -","isPartOf":{"@id":"https:\/\/macite.tg\/#website"},"primaryImageOfPage":{"@id":"https:\/\/macite.tg\/?p=20114#primaryimage"},"image":{"@id":"https:\/\/macite.tg\/?p=20114#primaryimage"},"thumbnailUrl":"https:\/\/macite.tg\/wp-content\/uploads\/2025\/02\/Dadjo-Martine-.jpg","datePublished":"2025-02-12T18:49:36+00:00","dateModified":"2025-02-12T21:32:13+00:00","author":{"@id":"https:\/\/macite.tg\/#\/schema\/person\/e9f2de7e5dbbe7770a9402c7ce82f5c2"},"breadcrumb":{"@id":"https:\/\/macite.tg\/?p=20114#breadcrumb"},"inLanguage":"fr-FR","potentialAction":[{"@type":"ReadAction","target":["https:\/\/macite.tg\/?p=20114"]}]},{"@type":"ImageObject","inLanguage":"fr-FR","@id":"https:\/\/macite.tg\/?p=20114#primaryimage","url":"https:\/\/macite.tg\/wp-content\/uploads\/2025\/02\/Dadjo-Martine-.jpg","contentUrl":"https:\/\/macite.tg\/wp-content\/uploads\/2025\/02\/Dadjo-Martine-.jpg","width":421,"height":421},{"@type":"BreadcrumbList","@id":"https:\/\/macite.tg\/?p=20114#breadcrumb","itemListElement":[{"@type":"ListItem","position":1,"name":"Accueil","item":"https:\/\/macite.tg\/"},{"@type":"ListItem","position":2,"name":"AVIS DE DECES : Les obs\u00e8ques de Maman DADJO Samtina Martine ce weekend \u00e0 Lom\u00e9"}]},{"@type":"WebSite","@id":"https:\/\/macite.tg\/#website","url":"https:\/\/macite.tg\/","name":"","description":"L&#039;information, la bonne!!!","potentialAction":[{"@type":"SearchAction","target":{"@type":"EntryPoint","urlTemplate":"https:\/\/macite.tg\/?s={search_term_string}"},"query-input":{"@type":"PropertyValueSpecification","valueRequired":true,"valueName":"search_term_string"}}],"inLanguage":"fr-FR"},{"@type":"Person","@id":"https:\/\/macite.tg\/#\/schema\/person\/e9f2de7e5dbbe7770a9402c7ce82f5c2","name":"Jean Pierre BAWELA","image":{"@type":"ImageObject","inLanguage":"fr-FR","@id":"https:\/\/macite.tg\/wp-content\/uploads\/2023\/09\/WhatsApp-Image-2023-09-19-at-14.44.41-122x122.jpeg","url":"https:\/\/macite.tg\/wp-content\/uploads\/2023\/09\/WhatsApp-Image-2023-09-19-at-14.44.41-122x122.jpeg","contentUrl":"https:\/\/macite.tg\/wp-content\/uploads\/2023\/09\/WhatsApp-Image-2023-09-19-at-14.44.41-122x122.jpeg","caption":"Jean Pierre BAWELA"},"url":"https:\/\/macite.tg\/?author=2"}]}},"_links":{"self":[{"href":"https:\/\/macite.tg\/index.php?rest_route=\/wp\/v2\/posts\/20114","targetHints":{"allow":["GET"]}}],"collection":[{"href":"https:\/\/macite.tg\/index.php?rest_route=\/wp\/v2\/posts"}],"about":[{"href":"https:\/\/macite.tg\/index.php?rest_route=\/wp\/v2\/types\/post"}],"author":[{"embeddable":true,"href":"https:\/\/macite.tg\/index.php?rest_route=\/wp\/v2\/users\/2"}],"replies":[{"embeddable":true,"href":"https:\/\/macite.tg\/index.php?rest_route=%2Fwp%2Fv2%2Fcomments&post=20114"}],"version-history":[{"count":0,"href":"https:\/\/macite.tg\/index.php?rest_route=\/wp\/v2\/posts\/20114\/revisions"}],"wp:featuredmedia":[{"embeddable":true,"href":"https:\/\/macite.tg\/index.php?rest_route=\/wp\/v2\/media\/20116"}],"wp:attachment":[{"href":"https:\/\/macite.tg\/index.php?rest_route=%2Fwp%2Fv2%2Fmedia&parent=20114"}],"wp:term":[{"taxonomy":"category","embeddable":true,"href":"https:\/\/macite.tg\/index.php?rest_route=%2Fwp%2Fv2%2Fcategories&post=20114"},{"taxonomy":"post_tag","embeddable":true,"href":"https:\/\/macite.tg\/index.php?rest_route=%2Fwp%2Fv2%2Ftags&post=20114"}],"curies":[{"name":"wp","href":"https:\/\/api.w.org\/{rel}","templated":true}]}}