{"id":20103,"date":"2025-02-12T16:03:39","date_gmt":"2025-02-12T16:03:39","guid":{"rendered":"https:\/\/macite.tg\/?p=20103"},"modified":"2025-02-12T16:05:15","modified_gmt":"2025-02-12T16:05:15","slug":"mon-premier-montreux-2025-12-togolais-retenus-au-casting-pour-la-saison-5","status":"publish","type":"post","link":"https:\/\/macite.tg\/?p=20103","title":{"rendered":"\u2018\u2019MON PREMIER MONTREUX 2025\u2019\u2019\u00a0: 12 Togolais retenus au casting pour la saison 5"},"content":{"rendered":"\n<p class=\"wp-block-paragraph\"><strong><em>C\u2019est d\u00e9j\u00e0 la saison 5 du concours humoristique \u00ab Mon Premier Montreux \u00bb. Cette initiative de GF Productions, avec pour sponsor Castel Beer, a pass\u00e9 une nouvelle \u00e9tape le 29 janvier 2025. C\u2019\u00e9tait le jour de la d\u00e9tection de nouvelles p\u00e9pites pour la suite de l\u2019aventure humoristique.<\/em><\/strong><\/p>\n\n\n\n<p class=\"wp-block-paragraph\">Douze jeunes humoristes togolais ont pass\u00e9, le 29 janvier dernier, l\u2019audition sous la supervision de Ludivine Bonjoux, Directrice artistique du Festival, suite \u00e0 l\u2019appel \u00e0 un talent. Entre autres crit\u00e8res de s\u00e9lection, on peut citer l\u2019\u00e9locution, la capacit\u00e9 d\u2019adaptation et la richesse des th\u00e9matiques abord\u00e9es.<\/p>\n\n\n\n<p class=\"wp-block-paragraph\"><em>\u00ab Il y a une vraie libert\u00e9 d\u2019expression chez les humoristes togolais, une capacit\u00e9 \u00e0 parler de leur quotidien avec humour et recul. C\u2019est un tout, pr\u00e9cieux dans ce type de comp\u00e9tition \u00bb,<\/em> a d\u00e9clar\u00e9 la Directrice artistique du Festival. Elle ajoute que c\u2019est la premi\u00e8re fois qu\u2019on d\u00e9passe les 10 candidats dans ce pays de l\u2019Afrique de l\u2019Ouest.<\/p>\n\n\n<div class=\"wp-block-image\">\n<figure class=\"aligncenter size-full\"><img loading=\"lazy\" decoding=\"async\" width=\"851\" height=\"315\" src=\"https:\/\/macite.tg\/wp-content\/uploads\/2025\/02\/OTR_Renseignements.jpg\" alt=\"\" class=\"wp-image-20090\" srcset=\"https:\/\/macite.tg\/wp-content\/uploads\/2025\/02\/OTR_Renseignements.jpg 851w, https:\/\/macite.tg\/wp-content\/uploads\/2025\/02\/OTR_Renseignements-300x111.jpg 300w, https:\/\/macite.tg\/wp-content\/uploads\/2025\/02\/OTR_Renseignements-768x284.jpg 768w\" sizes=\"auto, (max-width: 851px) 100vw, 851px\" \/><\/figure>\n<\/div>\n\n\n<p class=\"wp-block-paragraph\"><em>\u00ab Nous devons nous assurer que les candidats peuvent jouer devant un public europ\u00e9en, tout en conservant leur identit\u00e9 humoristique. Chaque culture a ses codes, et nous recherchons ceux qui savent s\u2019adapter tout en restant authentiques \u00bb, <\/em>a-t-elle soutenu, avant de confier que sur les douze comp\u00e9titeurs togolais, seuls deux (2), les meilleurs, iront en demi-finale au B\u00e9nin.<\/p>\n\n\n\n<p class=\"wp-block-paragraph\">Gr\u00e9goire Furrer, fondateur du Montreux Comedy Festival a laiss\u00e9 \u00e9clater sa joie. <em>\u00ab Ma plus grande envie avec ce casting, c\u2019est de d\u00e9couvrir les talents panafricains de demain et de les faire conna\u00eetre \u00e0 l\u2019international. N\u2019ayez pas peur de r\u00eave\u00a0\u00bb, <\/em>a-t-il lanc\u00e9 \u00e0 l\u2019endroit des comp\u00e9titeurs.<\/p>\n\n\n\n<p class=\"wp-block-paragraph\">Notons que GF Productions, organisateur du Montreux Comedy, plus grand festival d\u2019humour francophone, et Castel Beer s\u2019unissent pour valoriser et faire la promotion de jeunes talents du continent africain \u00e0 travers un appel \u00e0 talents ouvert aux humoristes de dix pays francophones d\u2019Afrique. Il s\u2019agit du B\u00e9nin, du Burkina-Faso, du Cameroun, de la C\u00f4te d\u2019Ivoire, du Gabon, de la R\u00e9publique D\u00e9mocratique du Congo, de la R\u00e9publique du Congo, de la Guin\u00e9e Conakry, du Tchad et du Togo.<\/p>\n\n\n\n<p class=\"wp-block-paragraph\">Montreux Afrique, Castel Beer r\u00e9affirme ainsi son engagement en faveur de la culture et de l\u2019art africain. Aujourd\u2019hui, la marque c\u00e9l\u00e8bre les valeurs positives de l\u2019Afrique, telles que l\u2019ambition, l\u2019effort, le talent et la r\u00e9ussite.<\/p>\n\n\n\n<p class=\"wp-block-paragraph\">Les 20 candidats s\u00e9lectionn\u00e9s vont prester sur sc\u00e8ne et en livestream lors des deux soir\u00e9es de demi-finales \u00e0 Cotonou (B\u00e9nin). Six (06) candidats seront choisis par notre jury&nbsp;; deux (02) candidats suppl\u00e9mentaires, choisis par le public en ligne, vont rejoindre le groupe des six pour la grande finale le 20 juin \u00e0 Douala, au Cameroun.<\/p>\n\n\n<div class=\"wp-block-image\">\n<figure class=\"aligncenter size-full\"><img loading=\"lazy\" decoding=\"async\" width=\"512\" height=\"720\" src=\"https:\/\/macite.tg\/wp-content\/uploads\/2025\/02\/image-17.png\" alt=\"\" class=\"wp-image-20026\" srcset=\"https:\/\/macite.tg\/wp-content\/uploads\/2025\/02\/image-17.png 512w, https:\/\/macite.tg\/wp-content\/uploads\/2025\/02\/image-17-213x300.png 213w\" sizes=\"auto, (max-width: 512px) 100vw, 512px\" \/><\/figure>\n<\/div>\n\n\n<p class=\"wp-block-paragraph\">Les huit (08) finalistes b\u00e9n\u00e9ficieront de masterclass \u00e0 Kribi (Cameroun) et de coachings avec trois (03) intervenants internationaux de l\u2019humour francophone, qui leur fourniront les outils n\u00e9cessaires pour remporter le concours et poursuivre leur carri\u00e8re future. A noter que l\u2019ensemble des spectacles seront diffus\u00e9s sur Canal+ Pop et seront disponibles en replay sur myCanal.<\/p>\n\n\n\n<p class=\"wp-block-paragraph\"><strong>Avec Carole A. (In CHRONIQUE DE LA SEMAINE n\u00b0732 du 06 F\u00e9vrier 2025)<\/strong><\/p>\n\n\n\n<p class=\"wp-block-paragraph\"><a><strong><em>@macite.tg&nbsp;&nbsp;&nbsp;&nbsp;&nbsp;&nbsp;&nbsp;&nbsp;<\/em><\/strong><\/a><\/p>\n\n\n\n<p class=\"wp-block-paragraph\"><strong><em>E-mail&nbsp;: <\/em><\/strong><a href=\"mailto:maciteinfo@gmail.com\"><strong><em>maciteinfo@gmail.com<\/em><\/strong><\/a><strong><em>; <\/em><\/strong><a href=\"mailto:bawela1@gmail.com\"><strong><em>bawela1@gmail.com<\/em><\/strong><\/a><strong><em><\/em><\/strong><\/p>\n\n\n\n<p class=\"wp-block-paragraph\"><strong><em>Pour vos annonces, (publi)reportages, etc., joignez-nous au (00228)91515309\/<strong>79872224 <\/strong>www.macite.tg, L\u2019information, la bonne&nbsp;!<\/em><\/strong><\/p>\n","protected":false},"excerpt":{"rendered":"<p class=\"text-justify mb-2\" >C\u2019est d\u00e9j\u00e0 la saison 5 du concours humoristique \u00ab Mon Premier Montreux \u00bb. Cette initiative de GF Productions, avec pour sponsor Castel Beer, a pass\u00e9 une nouvelle \u00e9tape le 29 janvier 2025. C\u2019\u00e9tait le jour de la d\u00e9tection de nouvelles p\u00e9pites pour la suite de [&hellip;]<\/p>\n","protected":false},"author":2,"featured_media":20105,"comment_status":"open","ping_status":"open","sticky":false,"template":"","format":"standard","meta":{"footnotes":""},"categories":[20,18],"tags":[],"class_list":["post-20103","post","type-post","status-publish","format-standard","has-post-thumbnail","hentry","category-actualite","category-culture"],"yoast_head":"<!-- This site is optimized with the Yoast SEO plugin v28.4 - https:\/\/yoast.com\/product\/yoast-seo-wordpress\/ -->\n<title>\u2018\u2019MON PREMIER MONTREUX 2025\u2019\u2019\u00a0: 12 Togolais retenus au casting pour la saison 5 -<\/title>\n<meta name=\"robots\" content=\"index, follow, max-snippet:-1, max-image-preview:large, max-video-preview:-1\" \/>\n<link rel=\"canonical\" href=\"https:\/\/macite.tg\/?p=20103\" \/>\n<meta property=\"og:locale\" content=\"fr_FR\" \/>\n<meta property=\"og:type\" content=\"article\" \/>\n<meta property=\"og:title\" content=\"\u2018\u2019MON PREMIER MONTREUX 2025\u2019\u2019\u00a0: 12 Togolais retenus au casting pour la saison 5 -\" \/>\n<meta property=\"og:description\" content=\"C\u2019est d\u00e9j\u00e0 la saison 5 du concours humoristique \u00ab Mon Premier Montreux \u00bb. Cette initiative de GF Productions, avec pour sponsor Castel Beer, a pass\u00e9 une nouvelle \u00e9tape le 29 janvier 2025. C\u2019\u00e9tait le jour de la d\u00e9tection de nouvelles p\u00e9pites pour la suite de [&hellip;]\" \/>\n<meta property=\"og:url\" content=\"https:\/\/macite.tg\/?p=20103\" \/>\n<meta property=\"article:published_time\" content=\"2025-02-12T16:03:39+00:00\" \/>\n<meta property=\"article:modified_time\" content=\"2025-02-12T16:05:15+00:00\" \/>\n<meta property=\"og:image\" content=\"https:\/\/macite.tg\/wp-content\/uploads\/2025\/02\/image-29.png\" \/>\n\t<meta property=\"og:image:width\" content=\"598\" \/>\n\t<meta property=\"og:image:height\" content=\"338\" \/>\n\t<meta property=\"og:image:type\" content=\"image\/png\" \/>\n<meta name=\"author\" content=\"Jean Pierre BAWELA\" \/>\n<meta name=\"twitter:card\" content=\"summary_large_image\" \/>\n<meta name=\"twitter:label1\" content=\"\u00c9crit par\" \/>\n\t<meta name=\"twitter:data1\" content=\"Jean Pierre BAWELA\" \/>\n\t<meta name=\"twitter:label2\" content=\"Dur\u00e9e de lecture estim\u00e9e\" \/>\n\t<meta name=\"twitter:data2\" content=\"3 minutes\" \/>\n<script type=\"application\/ld+json\" class=\"yoast-schema-graph\">{\"@context\":\"https:\\\/\\\/schema.org\",\"@graph\":[{\"@type\":\"Article\",\"@id\":\"https:\\\/\\\/macite.tg\\\/?p=20103#article\",\"isPartOf\":{\"@id\":\"https:\\\/\\\/macite.tg\\\/?p=20103\"},\"author\":{\"name\":\"Jean Pierre BAWELA\",\"@id\":\"https:\\\/\\\/macite.tg\\\/#\\\/schema\\\/person\\\/e9f2de7e5dbbe7770a9402c7ce82f5c2\"},\"headline\":\"\u2018\u2019MON PREMIER MONTREUX 2025\u2019\u2019\u00a0: 12 Togolais retenus au casting pour la saison 5\",\"datePublished\":\"2025-02-12T16:03:39+00:00\",\"dateModified\":\"2025-02-12T16:05:15+00:00\",\"mainEntityOfPage\":{\"@id\":\"https:\\\/\\\/macite.tg\\\/?p=20103\"},\"wordCount\":575,\"commentCount\":0,\"image\":{\"@id\":\"https:\\\/\\\/macite.tg\\\/?p=20103#primaryimage\"},\"thumbnailUrl\":\"https:\\\/\\\/macite.tg\\\/wp-content\\\/uploads\\\/2025\\\/02\\\/image-29.png\",\"articleSection\":[\"ACTUALITE\",\"CULTURE\"],\"inLanguage\":\"fr-FR\",\"potentialAction\":[{\"@type\":\"CommentAction\",\"name\":\"Comment\",\"target\":[\"https:\\\/\\\/macite.tg\\\/?p=20103#respond\"]}]},{\"@type\":\"WebPage\",\"@id\":\"https:\\\/\\\/macite.tg\\\/?p=20103\",\"url\":\"https:\\\/\\\/macite.tg\\\/?p=20103\",\"name\":\"\u2018\u2019MON PREMIER MONTREUX 2025\u2019\u2019\u00a0: 12 Togolais retenus au casting pour la saison 5 -\",\"isPartOf\":{\"@id\":\"https:\\\/\\\/macite.tg\\\/#website\"},\"primaryImageOfPage\":{\"@id\":\"https:\\\/\\\/macite.tg\\\/?p=20103#primaryimage\"},\"image\":{\"@id\":\"https:\\\/\\\/macite.tg\\\/?p=20103#primaryimage\"},\"thumbnailUrl\":\"https:\\\/\\\/macite.tg\\\/wp-content\\\/uploads\\\/2025\\\/02\\\/image-29.png\",\"datePublished\":\"2025-02-12T16:03:39+00:00\",\"dateModified\":\"2025-02-12T16:05:15+00:00\",\"author\":{\"@id\":\"https:\\\/\\\/macite.tg\\\/#\\\/schema\\\/person\\\/e9f2de7e5dbbe7770a9402c7ce82f5c2\"},\"breadcrumb\":{\"@id\":\"https:\\\/\\\/macite.tg\\\/?p=20103#breadcrumb\"},\"inLanguage\":\"fr-FR\",\"potentialAction\":[{\"@type\":\"ReadAction\",\"target\":[\"https:\\\/\\\/macite.tg\\\/?p=20103\"]}]},{\"@type\":\"ImageObject\",\"inLanguage\":\"fr-FR\",\"@id\":\"https:\\\/\\\/macite.tg\\\/?p=20103#primaryimage\",\"url\":\"https:\\\/\\\/macite.tg\\\/wp-content\\\/uploads\\\/2025\\\/02\\\/image-29.png\",\"contentUrl\":\"https:\\\/\\\/macite.tg\\\/wp-content\\\/uploads\\\/2025\\\/02\\\/image-29.png\",\"width\":598,\"height\":338,\"caption\":\"Photo de famille\"},{\"@type\":\"BreadcrumbList\",\"@id\":\"https:\\\/\\\/macite.tg\\\/?p=20103#breadcrumb\",\"itemListElement\":[{\"@type\":\"ListItem\",\"position\":1,\"name\":\"Accueil\",\"item\":\"https:\\\/\\\/macite.tg\\\/\"},{\"@type\":\"ListItem\",\"position\":2,\"name\":\"\u2018\u2019MON PREMIER MONTREUX 2025\u2019\u2019\u00a0: 12 Togolais retenus au casting pour la saison 5\"}]},{\"@type\":\"WebSite\",\"@id\":\"https:\\\/\\\/macite.tg\\\/#website\",\"url\":\"https:\\\/\\\/macite.tg\\\/\",\"name\":\"\",\"description\":\"L&#039;information, la bonne!!!\",\"potentialAction\":[{\"@type\":\"SearchAction\",\"target\":{\"@type\":\"EntryPoint\",\"urlTemplate\":\"https:\\\/\\\/macite.tg\\\/?s={search_term_string}\"},\"query-input\":{\"@type\":\"PropertyValueSpecification\",\"valueRequired\":true,\"valueName\":\"search_term_string\"}}],\"inLanguage\":\"fr-FR\"},{\"@type\":\"Person\",\"@id\":\"https:\\\/\\\/macite.tg\\\/#\\\/schema\\\/person\\\/e9f2de7e5dbbe7770a9402c7ce82f5c2\",\"name\":\"Jean Pierre BAWELA\",\"image\":{\"@type\":\"ImageObject\",\"inLanguage\":\"fr-FR\",\"@id\":\"https:\\\/\\\/macite.tg\\\/wp-content\\\/uploads\\\/2023\\\/09\\\/WhatsApp-Image-2023-09-19-at-14.44.41-122x122.jpeg\",\"url\":\"https:\\\/\\\/macite.tg\\\/wp-content\\\/uploads\\\/2023\\\/09\\\/WhatsApp-Image-2023-09-19-at-14.44.41-122x122.jpeg\",\"contentUrl\":\"https:\\\/\\\/macite.tg\\\/wp-content\\\/uploads\\\/2023\\\/09\\\/WhatsApp-Image-2023-09-19-at-14.44.41-122x122.jpeg\",\"caption\":\"Jean Pierre BAWELA\"},\"url\":\"https:\\\/\\\/macite.tg\\\/?author=2\"}]}<\/script>\n<!-- \/ Yoast SEO plugin. -->","yoast_head_json":{"title":"\u2018\u2019MON PREMIER MONTREUX 2025\u2019\u2019\u00a0: 12 Togolais retenus au casting pour la saison 5 -","robots":{"index":"index","follow":"follow","max-snippet":"max-snippet:-1","max-image-preview":"max-image-preview:large","max-video-preview":"max-video-preview:-1"},"canonical":"https:\/\/macite.tg\/?p=20103","og_locale":"fr_FR","og_type":"article","og_title":"\u2018\u2019MON PREMIER MONTREUX 2025\u2019\u2019\u00a0: 12 Togolais retenus au casting pour la saison 5 -","og_description":"C\u2019est d\u00e9j\u00e0 la saison 5 du concours humoristique \u00ab Mon Premier Montreux \u00bb. Cette initiative de GF Productions, avec pour sponsor Castel Beer, a pass\u00e9 une nouvelle \u00e9tape le 29 janvier 2025. C\u2019\u00e9tait le jour de la d\u00e9tection de nouvelles p\u00e9pites pour la suite de [&hellip;]","og_url":"https:\/\/macite.tg\/?p=20103","article_published_time":"2025-02-12T16:03:39+00:00","article_modified_time":"2025-02-12T16:05:15+00:00","og_image":[{"width":598,"height":338,"url":"https:\/\/macite.tg\/wp-content\/uploads\/2025\/02\/image-29.png","type":"image\/png"}],"author":"Jean Pierre BAWELA","twitter_card":"summary_large_image","twitter_misc":{"\u00c9crit par":"Jean Pierre BAWELA","Dur\u00e9e de lecture estim\u00e9e":"3 minutes"},"schema":{"@context":"https:\/\/schema.org","@graph":[{"@type":"Article","@id":"https:\/\/macite.tg\/?p=20103#article","isPartOf":{"@id":"https:\/\/macite.tg\/?p=20103"},"author":{"name":"Jean Pierre BAWELA","@id":"https:\/\/macite.tg\/#\/schema\/person\/e9f2de7e5dbbe7770a9402c7ce82f5c2"},"headline":"\u2018\u2019MON PREMIER MONTREUX 2025\u2019\u2019\u00a0: 12 Togolais retenus au casting pour la saison 5","datePublished":"2025-02-12T16:03:39+00:00","dateModified":"2025-02-12T16:05:15+00:00","mainEntityOfPage":{"@id":"https:\/\/macite.tg\/?p=20103"},"wordCount":575,"commentCount":0,"image":{"@id":"https:\/\/macite.tg\/?p=20103#primaryimage"},"thumbnailUrl":"https:\/\/macite.tg\/wp-content\/uploads\/2025\/02\/image-29.png","articleSection":["ACTUALITE","CULTURE"],"inLanguage":"fr-FR","potentialAction":[{"@type":"CommentAction","name":"Comment","target":["https:\/\/macite.tg\/?p=20103#respond"]}]},{"@type":"WebPage","@id":"https:\/\/macite.tg\/?p=20103","url":"https:\/\/macite.tg\/?p=20103","name":"\u2018\u2019MON PREMIER MONTREUX 2025\u2019\u2019\u00a0: 12 Togolais retenus au casting pour la saison 5 -","isPartOf":{"@id":"https:\/\/macite.tg\/#website"},"primaryImageOfPage":{"@id":"https:\/\/macite.tg\/?p=20103#primaryimage"},"image":{"@id":"https:\/\/macite.tg\/?p=20103#primaryimage"},"thumbnailUrl":"https:\/\/macite.tg\/wp-content\/uploads\/2025\/02\/image-29.png","datePublished":"2025-02-12T16:03:39+00:00","dateModified":"2025-02-12T16:05:15+00:00","author":{"@id":"https:\/\/macite.tg\/#\/schema\/person\/e9f2de7e5dbbe7770a9402c7ce82f5c2"},"breadcrumb":{"@id":"https:\/\/macite.tg\/?p=20103#breadcrumb"},"inLanguage":"fr-FR","potentialAction":[{"@type":"ReadAction","target":["https:\/\/macite.tg\/?p=20103"]}]},{"@type":"ImageObject","inLanguage":"fr-FR","@id":"https:\/\/macite.tg\/?p=20103#primaryimage","url":"https:\/\/macite.tg\/wp-content\/uploads\/2025\/02\/image-29.png","contentUrl":"https:\/\/macite.tg\/wp-content\/uploads\/2025\/02\/image-29.png","width":598,"height":338,"caption":"Photo de famille"},{"@type":"BreadcrumbList","@id":"https:\/\/macite.tg\/?p=20103#breadcrumb","itemListElement":[{"@type":"ListItem","position":1,"name":"Accueil","item":"https:\/\/macite.tg\/"},{"@type":"ListItem","position":2,"name":"\u2018\u2019MON PREMIER MONTREUX 2025\u2019\u2019\u00a0: 12 Togolais retenus au casting pour la saison 5"}]},{"@type":"WebSite","@id":"https:\/\/macite.tg\/#website","url":"https:\/\/macite.tg\/","name":"","description":"L&#039;information, la bonne!!!","potentialAction":[{"@type":"SearchAction","target":{"@type":"EntryPoint","urlTemplate":"https:\/\/macite.tg\/?s={search_term_string}"},"query-input":{"@type":"PropertyValueSpecification","valueRequired":true,"valueName":"search_term_string"}}],"inLanguage":"fr-FR"},{"@type":"Person","@id":"https:\/\/macite.tg\/#\/schema\/person\/e9f2de7e5dbbe7770a9402c7ce82f5c2","name":"Jean Pierre BAWELA","image":{"@type":"ImageObject","inLanguage":"fr-FR","@id":"https:\/\/macite.tg\/wp-content\/uploads\/2023\/09\/WhatsApp-Image-2023-09-19-at-14.44.41-122x122.jpeg","url":"https:\/\/macite.tg\/wp-content\/uploads\/2023\/09\/WhatsApp-Image-2023-09-19-at-14.44.41-122x122.jpeg","contentUrl":"https:\/\/macite.tg\/wp-content\/uploads\/2023\/09\/WhatsApp-Image-2023-09-19-at-14.44.41-122x122.jpeg","caption":"Jean Pierre BAWELA"},"url":"https:\/\/macite.tg\/?author=2"}]}},"_links":{"self":[{"href":"https:\/\/macite.tg\/index.php?rest_route=\/wp\/v2\/posts\/20103","targetHints":{"allow":["GET"]}}],"collection":[{"href":"https:\/\/macite.tg\/index.php?rest_route=\/wp\/v2\/posts"}],"about":[{"href":"https:\/\/macite.tg\/index.php?rest_route=\/wp\/v2\/types\/post"}],"author":[{"embeddable":true,"href":"https:\/\/macite.tg\/index.php?rest_route=\/wp\/v2\/users\/2"}],"replies":[{"embeddable":true,"href":"https:\/\/macite.tg\/index.php?rest_route=%2Fwp%2Fv2%2Fcomments&post=20103"}],"version-history":[{"count":0,"href":"https:\/\/macite.tg\/index.php?rest_route=\/wp\/v2\/posts\/20103\/revisions"}],"wp:featuredmedia":[{"embeddable":true,"href":"https:\/\/macite.tg\/index.php?rest_route=\/wp\/v2\/media\/20105"}],"wp:attachment":[{"href":"https:\/\/macite.tg\/index.php?rest_route=%2Fwp%2Fv2%2Fmedia&parent=20103"}],"wp:term":[{"taxonomy":"category","embeddable":true,"href":"https:\/\/macite.tg\/index.php?rest_route=%2Fwp%2Fv2%2Fcategories&post=20103"},{"taxonomy":"post_tag","embeddable":true,"href":"https:\/\/macite.tg\/index.php?rest_route=%2Fwp%2Fv2%2Ftags&post=20103"}],"curies":[{"name":"wp","href":"https:\/\/api.w.org\/{rel}","templated":true}]}}