{"id":20100,"date":"2025-02-12T13:04:12","date_gmt":"2025-02-12T13:04:12","guid":{"rendered":"https:\/\/macite.tg\/?p=20100"},"modified":"2025-02-12T13:04:20","modified_gmt":"2025-02-12T13:04:20","slug":"gaza-le-hamas-deja-sous-pression-trump-lance-un-ultimatum-pour-la-liberation-des-otages","status":"publish","type":"post","link":"https:\/\/macite.tg\/?p=20100","title":{"rendered":"GAZA\/LE HAMAS DEJA SOUS PRESSION\u00a0: Trump lance un ultimatum pour la liberation des otages"},"content":{"rendered":"\n<p class=\"wp-block-paragraph\"><strong><em>Le pr\u00e9sident am\u00e9ricain Donald Trump a averti le groupe terroriste Hamas de lib\u00e9rer tous les otages restants d\u2019ici \u00e0 samedi midi, sinon il permettrait \u00e0 Isra\u00ebl d\u2019annuler le cessez-le-feu en cours et de \u00ab laisser l\u2019enfer \u00e9clater \u00bb au Moyen-Orient.<\/em><\/strong><\/p>\n\n\n\n<p class=\"wp-block-paragraph\"><em>\u00ab En ce qui me concerne, si tous les otages ne sont pas rendus d\u2019ici samedi \u00e0 midi \u2013 je pense que c\u2019est le moment appropri\u00e9 \u2013 je dirais qu\u2019il faut annuler, et tous les paris sont ouverts et que l\u2019enfer \u00e9clate \u00bb,<\/em> a d\u00e9clar\u00e9 le pr\u00e9sident aux journalistes lundi soir dans le bureau ovale, sans pr\u00e9ciser \u00e0 quel fuseau horaire s\u2019appliquerait la date limite.<\/p>\n\n\n\n<p class=\"wp-block-paragraph\"><em>\u00ab Je dirais qu\u2019ils devraient \u00eatre rendus avant midi samedi. Et s\u2019ils ne sont pas tous rendus, pas au compte-gouttes, pas deux, un, trois, quatre, deux, avant midi samedi. Et apr\u00e8s cela, je dirais que l\u2019enfer va \u00e9clater. \u00bb<\/em><\/p>\n\n\n<div class=\"wp-block-image\">\n<figure class=\"aligncenter size-full\"><img loading=\"lazy\" decoding=\"async\" width=\"851\" height=\"315\" src=\"https:\/\/macite.tg\/wp-content\/uploads\/2025\/02\/OTR_Ferer-pour-batir.jpg\" alt=\"\" class=\"wp-image-19934\" srcset=\"https:\/\/macite.tg\/wp-content\/uploads\/2025\/02\/OTR_Ferer-pour-batir.jpg 851w, https:\/\/macite.tg\/wp-content\/uploads\/2025\/02\/OTR_Ferer-pour-batir-300x111.jpg 300w, https:\/\/macite.tg\/wp-content\/uploads\/2025\/02\/OTR_Ferer-pour-batir-768x284.jpg 768w\" sizes=\"auto, (max-width: 851px) 100vw, 851px\" \/><\/figure>\n<\/div>\n\n\n<p class=\"wp-block-paragraph\">Trump n\u2019a pas exclu d\u2019envoyer des troupes am\u00e9ricaines dans la r\u00e9gion \u2013 d\u00e9clarant aux journalistes : \u00ab Nous verrons ce qui se passera \u00bb \u2013 et n\u2019a pas pr\u00e9cis\u00e9 ce qu\u2019il entendait par <em>\u00ab l\u2019enfer va \u00e9clater \u00bb.<\/em><\/p>\n\n\n\n<p class=\"wp-block-paragraph\"><em>\u00ab Vous le saurez, et eux aussi. Le Hamas comprendra ce que je veux dire \u00bb,<\/em> a-t-il dit, sans pr\u00e9ciser s\u2019il faisait r\u00e9f\u00e9rence \u00e0 la force militaire isra\u00e9lienne ou am\u00e9ricaine.<\/p>\n\n\n\n<p class=\"wp-block-paragraph\">Trump a d\u00e9clar\u00e9 plus tard qu\u2019il parlait <em>\u00ab en mon nom \u00bb<\/em> et a soulign\u00e9 qu\u2019Isra\u00ebl avait le droit de <em>\u00ab passer outre \u00bb<\/em> toute d\u00e9claration qu\u2019il ferait.<\/p>\n\n\n\n<p class=\"wp-block-paragraph\"><em>\u00ab Mais de ma part, samedi \u00e0 12 heures, et s\u2019ils ne sont pas l\u00e0, ils ne sont pas l\u00e0, l\u2019enfer va \u00e9clater \u00bb,<\/em> a r\u00e9it\u00e9r\u00e9 le pr\u00e9sident.<\/p>\n\n\n<div class=\"wp-block-image\">\n<figure class=\"aligncenter size-full is-resized\"><img loading=\"lazy\" decoding=\"async\" width=\"690\" height=\"170\" src=\"https:\/\/macite.tg\/wp-content\/uploads\/2025\/02\/IMG-20240313-WA0013.jpg\" alt=\"\" class=\"wp-image-19882\" style=\"width:840px;height:auto\" srcset=\"https:\/\/macite.tg\/wp-content\/uploads\/2025\/02\/IMG-20240313-WA0013.jpg 690w, https:\/\/macite.tg\/wp-content\/uploads\/2025\/02\/IMG-20240313-WA0013-300x74.jpg 300w\" sizes=\"auto, (max-width: 690px) 100vw, 690px\" \/><\/figure>\n<\/div>\n\n\n<p class=\"wp-block-paragraph\">Trump a d\u00e9clar\u00e9 craindre que de nombreux, voire tous, des dizaines d\u2019otages restants soient morts et a accus\u00e9 le Hamas de maltraiter ceux qui avaient \u00e9t\u00e9 lib\u00e9r\u00e9s.<\/p>\n\n\n\n<p class=\"wp-block-paragraph\">Eli Sharabi, Ohad Ben Ami et Or Levy \u2013 trois Isra\u00e9liens lib\u00e9r\u00e9s par le Hamas samedi \u2013 souffraient de malnutrition s\u00e9v\u00e8re et avaient perdu beaucoup de poids pendant leur captivit\u00e9 au cours des 16 derniers mois.<\/p>\n\n\n\n<p class=\"wp-block-paragraph\"><em>\u00ab D\u2019apr\u00e8s ce que j\u2019ai vu ces derniers jours, ils ne seront pas en vie tr\u00e8s longtemps \u00bb, <\/em>a d\u00e9clar\u00e9 M. Trump, apr\u00e8s avoir compar\u00e9 l\u2019\u00e9tat de sant\u00e9 des hommes lib\u00e9r\u00e9s \u00e0 celui des <em>\u00ab victimes de l\u2019Holocauste \u00bb.<\/em><\/p>\n\n\n\n<p class=\"wp-block-paragraph\">Le Hamas a annonc\u00e9 lundi qu\u2019il annulait la lib\u00e9ration d\u2019otages pr\u00e9vue pour ce week-end, arguant qu\u2019Isra\u00ebl n\u2019avait pas respect\u00e9 sa part du contrat.<\/p>\n\n\n<div class=\"wp-block-image\">\n<figure class=\"aligncenter size-full\"><img loading=\"lazy\" decoding=\"async\" width=\"512\" height=\"720\" src=\"https:\/\/macite.tg\/wp-content\/uploads\/2025\/02\/image-17.png\" alt=\"\" class=\"wp-image-20026\" srcset=\"https:\/\/macite.tg\/wp-content\/uploads\/2025\/02\/image-17.png 512w, https:\/\/macite.tg\/wp-content\/uploads\/2025\/02\/image-17-213x300.png 213w\" sizes=\"auto, (max-width: 512px) 100vw, 512px\" \/><\/figure>\n<\/div>\n\n\n<p class=\"wp-block-paragraph\">Abu Obeida, porte-parole de la section militaire du Hamas, a d\u00e9clar\u00e9 que le groupe terroriste voulait quelque chose en \u00e9change de la pr\u00e9tendue rupture par Isra\u00ebl de son accord de cessez-le-feu.<\/p>\n\n\n\n<p class=\"wp-block-paragraph\"><em>\u00ab Les otages qui devaient \u00eatre lib\u00e9r\u00e9s samedi prochain\u2026 seront report\u00e9s jusqu\u2019\u00e0 nouvel ordre, et jusqu\u2019\u00e0 ce que l\u2019occupation s\u2019engage \u00e0 respecter et \u00e0 compenser r\u00e9troactivement les droits des derni\u00e8res semaines \u00bb,<\/em> a \u00e9crit Obeida sur X.<\/p>\n\n\n\n<p class=\"wp-block-paragraph\"><strong>MSN<\/strong><\/p>\n\n\n\n<p class=\"wp-block-paragraph\"><strong><em>@macite.tg&nbsp;&nbsp;&nbsp;&nbsp;&nbsp;&nbsp;&nbsp;&nbsp;<\/em><\/strong><\/p>\n\n\n\n<p class=\"wp-block-paragraph\"><strong><em>E-mail&nbsp;: <\/em><\/strong><a href=\"mailto:maciteinfo@gmail.com\"><strong><em>maciteinfo@gmail.com<\/em><\/strong><\/a><strong><em>; <\/em><\/strong><a href=\"mailto:bawela1@gmail.com\"><strong><em>bawela1@gmail.com<\/em><\/strong><\/a><strong><em><\/em><\/strong><\/p>\n\n\n\n<p class=\"wp-block-paragraph\"><strong><em>Pour vos annonces, (publi)reportages, etc., joignez-nous au (00228)91515309\/<strong>79872224 <\/strong>www.macite.tg, L\u2019information, la bonne&nbsp;!<\/em><\/strong><\/p>\n","protected":false},"excerpt":{"rendered":"<p class=\"text-justify mb-2\" >Le pr\u00e9sident am\u00e9ricain Donald Trump a averti le groupe terroriste Hamas de lib\u00e9rer tous les otages restants d\u2019ici \u00e0 samedi midi, sinon il permettrait \u00e0 Isra\u00ebl d\u2019annuler le cessez-le-feu en cours et de \u00ab laisser l\u2019enfer \u00e9clater \u00bb au Moyen-Orient. \u00ab En ce qui me [&hellip;]<\/p>\n","protected":false},"author":2,"featured_media":20101,"comment_status":"open","ping_status":"open","sticky":false,"template":"","format":"standard","meta":{"footnotes":""},"categories":[20,8],"tags":[],"class_list":["post-20100","post","type-post","status-publish","format-standard","has-post-thumbnail","hentry","category-actualite","category-diplomatie"],"yoast_head":"<!-- This site is optimized with the Yoast SEO plugin v28.4 - https:\/\/yoast.com\/product\/yoast-seo-wordpress\/ -->\n<title>GAZA\/LE HAMAS DEJA SOUS PRESSION\u00a0: Trump lance un ultimatum pour la liberation des otages -<\/title>\n<meta name=\"robots\" content=\"index, follow, max-snippet:-1, max-image-preview:large, max-video-preview:-1\" \/>\n<link rel=\"canonical\" href=\"https:\/\/macite.tg\/?p=20100\" \/>\n<meta property=\"og:locale\" content=\"fr_FR\" \/>\n<meta property=\"og:type\" content=\"article\" \/>\n<meta property=\"og:title\" content=\"GAZA\/LE HAMAS DEJA SOUS PRESSION\u00a0: Trump lance un ultimatum pour la liberation des otages -\" \/>\n<meta property=\"og:description\" content=\"Le pr\u00e9sident am\u00e9ricain Donald Trump a averti le groupe terroriste Hamas de lib\u00e9rer tous les otages restants d\u2019ici \u00e0 samedi midi, sinon il permettrait \u00e0 Isra\u00ebl d\u2019annuler le cessez-le-feu en cours et de \u00ab laisser l\u2019enfer \u00e9clater \u00bb au Moyen-Orient. \u00ab En ce qui me [&hellip;]\" \/>\n<meta property=\"og:url\" content=\"https:\/\/macite.tg\/?p=20100\" \/>\n<meta property=\"article:published_time\" content=\"2025-02-12T13:04:12+00:00\" \/>\n<meta property=\"article:modified_time\" content=\"2025-02-12T13:04:20+00:00\" \/>\n<meta property=\"og:image\" content=\"https:\/\/macite.tg\/wp-content\/uploads\/2025\/02\/image-28.png\" \/>\n\t<meta property=\"og:image:width\" content=\"300\" \/>\n\t<meta property=\"og:image:height\" content=\"169\" \/>\n\t<meta property=\"og:image:type\" content=\"image\/png\" \/>\n<meta name=\"author\" content=\"Jean Pierre BAWELA\" \/>\n<meta name=\"twitter:card\" content=\"summary_large_image\" \/>\n<meta name=\"twitter:label1\" content=\"\u00c9crit par\" \/>\n\t<meta name=\"twitter:data1\" content=\"Jean Pierre BAWELA\" \/>\n\t<meta name=\"twitter:label2\" content=\"Dur\u00e9e de lecture estim\u00e9e\" \/>\n\t<meta name=\"twitter:data2\" content=\"3 minutes\" \/>\n<script type=\"application\/ld+json\" class=\"yoast-schema-graph\">{\"@context\":\"https:\\\/\\\/schema.org\",\"@graph\":[{\"@type\":\"Article\",\"@id\":\"https:\\\/\\\/macite.tg\\\/?p=20100#article\",\"isPartOf\":{\"@id\":\"https:\\\/\\\/macite.tg\\\/?p=20100\"},\"author\":{\"name\":\"Jean Pierre BAWELA\",\"@id\":\"https:\\\/\\\/macite.tg\\\/#\\\/schema\\\/person\\\/e9f2de7e5dbbe7770a9402c7ce82f5c2\"},\"headline\":\"GAZA\\\/LE HAMAS DEJA SOUS PRESSION\u00a0: Trump lance un ultimatum pour la liberation des otages\",\"datePublished\":\"2025-02-12T13:04:12+00:00\",\"dateModified\":\"2025-02-12T13:04:20+00:00\",\"mainEntityOfPage\":{\"@id\":\"https:\\\/\\\/macite.tg\\\/?p=20100\"},\"wordCount\":550,\"commentCount\":0,\"image\":{\"@id\":\"https:\\\/\\\/macite.tg\\\/?p=20100#primaryimage\"},\"thumbnailUrl\":\"https:\\\/\\\/macite.tg\\\/wp-content\\\/uploads\\\/2025\\\/02\\\/image-28.png\",\"articleSection\":[\"ACTUALITE\",\"DIPLOMATIE\"],\"inLanguage\":\"fr-FR\",\"potentialAction\":[{\"@type\":\"CommentAction\",\"name\":\"Comment\",\"target\":[\"https:\\\/\\\/macite.tg\\\/?p=20100#respond\"]}]},{\"@type\":\"WebPage\",\"@id\":\"https:\\\/\\\/macite.tg\\\/?p=20100\",\"url\":\"https:\\\/\\\/macite.tg\\\/?p=20100\",\"name\":\"GAZA\\\/LE HAMAS DEJA SOUS PRESSION\u00a0: Trump lance un ultimatum pour la liberation des otages -\",\"isPartOf\":{\"@id\":\"https:\\\/\\\/macite.tg\\\/#website\"},\"primaryImageOfPage\":{\"@id\":\"https:\\\/\\\/macite.tg\\\/?p=20100#primaryimage\"},\"image\":{\"@id\":\"https:\\\/\\\/macite.tg\\\/?p=20100#primaryimage\"},\"thumbnailUrl\":\"https:\\\/\\\/macite.tg\\\/wp-content\\\/uploads\\\/2025\\\/02\\\/image-28.png\",\"datePublished\":\"2025-02-12T13:04:12+00:00\",\"dateModified\":\"2025-02-12T13:04:20+00:00\",\"author\":{\"@id\":\"https:\\\/\\\/macite.tg\\\/#\\\/schema\\\/person\\\/e9f2de7e5dbbe7770a9402c7ce82f5c2\"},\"breadcrumb\":{\"@id\":\"https:\\\/\\\/macite.tg\\\/?p=20100#breadcrumb\"},\"inLanguage\":\"fr-FR\",\"potentialAction\":[{\"@type\":\"ReadAction\",\"target\":[\"https:\\\/\\\/macite.tg\\\/?p=20100\"]}]},{\"@type\":\"ImageObject\",\"inLanguage\":\"fr-FR\",\"@id\":\"https:\\\/\\\/macite.tg\\\/?p=20100#primaryimage\",\"url\":\"https:\\\/\\\/macite.tg\\\/wp-content\\\/uploads\\\/2025\\\/02\\\/image-28.png\",\"contentUrl\":\"https:\\\/\\\/macite.tg\\\/wp-content\\\/uploads\\\/2025\\\/02\\\/image-28.png\",\"width\":300,\"height\":169},{\"@type\":\"BreadcrumbList\",\"@id\":\"https:\\\/\\\/macite.tg\\\/?p=20100#breadcrumb\",\"itemListElement\":[{\"@type\":\"ListItem\",\"position\":1,\"name\":\"Accueil\",\"item\":\"https:\\\/\\\/macite.tg\\\/\"},{\"@type\":\"ListItem\",\"position\":2,\"name\":\"GAZA\\\/LE HAMAS DEJA SOUS PRESSION\u00a0: Trump lance un ultimatum pour la liberation des otages\"}]},{\"@type\":\"WebSite\",\"@id\":\"https:\\\/\\\/macite.tg\\\/#website\",\"url\":\"https:\\\/\\\/macite.tg\\\/\",\"name\":\"\",\"description\":\"L&#039;information, la bonne!!!\",\"potentialAction\":[{\"@type\":\"SearchAction\",\"target\":{\"@type\":\"EntryPoint\",\"urlTemplate\":\"https:\\\/\\\/macite.tg\\\/?s={search_term_string}\"},\"query-input\":{\"@type\":\"PropertyValueSpecification\",\"valueRequired\":true,\"valueName\":\"search_term_string\"}}],\"inLanguage\":\"fr-FR\"},{\"@type\":\"Person\",\"@id\":\"https:\\\/\\\/macite.tg\\\/#\\\/schema\\\/person\\\/e9f2de7e5dbbe7770a9402c7ce82f5c2\",\"name\":\"Jean Pierre BAWELA\",\"image\":{\"@type\":\"ImageObject\",\"inLanguage\":\"fr-FR\",\"@id\":\"https:\\\/\\\/macite.tg\\\/wp-content\\\/uploads\\\/2023\\\/09\\\/WhatsApp-Image-2023-09-19-at-14.44.41-122x122.jpeg\",\"url\":\"https:\\\/\\\/macite.tg\\\/wp-content\\\/uploads\\\/2023\\\/09\\\/WhatsApp-Image-2023-09-19-at-14.44.41-122x122.jpeg\",\"contentUrl\":\"https:\\\/\\\/macite.tg\\\/wp-content\\\/uploads\\\/2023\\\/09\\\/WhatsApp-Image-2023-09-19-at-14.44.41-122x122.jpeg\",\"caption\":\"Jean Pierre BAWELA\"},\"url\":\"https:\\\/\\\/macite.tg\\\/?author=2\"}]}<\/script>\n<!-- \/ Yoast SEO plugin. -->","yoast_head_json":{"title":"GAZA\/LE HAMAS DEJA SOUS PRESSION\u00a0: Trump lance un ultimatum pour la liberation des otages -","robots":{"index":"index","follow":"follow","max-snippet":"max-snippet:-1","max-image-preview":"max-image-preview:large","max-video-preview":"max-video-preview:-1"},"canonical":"https:\/\/macite.tg\/?p=20100","og_locale":"fr_FR","og_type":"article","og_title":"GAZA\/LE HAMAS DEJA SOUS PRESSION\u00a0: Trump lance un ultimatum pour la liberation des otages -","og_description":"Le pr\u00e9sident am\u00e9ricain Donald Trump a averti le groupe terroriste Hamas de lib\u00e9rer tous les otages restants d\u2019ici \u00e0 samedi midi, sinon il permettrait \u00e0 Isra\u00ebl d\u2019annuler le cessez-le-feu en cours et de \u00ab laisser l\u2019enfer \u00e9clater \u00bb au Moyen-Orient. \u00ab En ce qui me [&hellip;]","og_url":"https:\/\/macite.tg\/?p=20100","article_published_time":"2025-02-12T13:04:12+00:00","article_modified_time":"2025-02-12T13:04:20+00:00","og_image":[{"width":300,"height":169,"url":"https:\/\/macite.tg\/wp-content\/uploads\/2025\/02\/image-28.png","type":"image\/png"}],"author":"Jean Pierre BAWELA","twitter_card":"summary_large_image","twitter_misc":{"\u00c9crit par":"Jean Pierre BAWELA","Dur\u00e9e de lecture estim\u00e9e":"3 minutes"},"schema":{"@context":"https:\/\/schema.org","@graph":[{"@type":"Article","@id":"https:\/\/macite.tg\/?p=20100#article","isPartOf":{"@id":"https:\/\/macite.tg\/?p=20100"},"author":{"name":"Jean Pierre BAWELA","@id":"https:\/\/macite.tg\/#\/schema\/person\/e9f2de7e5dbbe7770a9402c7ce82f5c2"},"headline":"GAZA\/LE HAMAS DEJA SOUS PRESSION\u00a0: Trump lance un ultimatum pour la liberation des otages","datePublished":"2025-02-12T13:04:12+00:00","dateModified":"2025-02-12T13:04:20+00:00","mainEntityOfPage":{"@id":"https:\/\/macite.tg\/?p=20100"},"wordCount":550,"commentCount":0,"image":{"@id":"https:\/\/macite.tg\/?p=20100#primaryimage"},"thumbnailUrl":"https:\/\/macite.tg\/wp-content\/uploads\/2025\/02\/image-28.png","articleSection":["ACTUALITE","DIPLOMATIE"],"inLanguage":"fr-FR","potentialAction":[{"@type":"CommentAction","name":"Comment","target":["https:\/\/macite.tg\/?p=20100#respond"]}]},{"@type":"WebPage","@id":"https:\/\/macite.tg\/?p=20100","url":"https:\/\/macite.tg\/?p=20100","name":"GAZA\/LE HAMAS DEJA SOUS PRESSION\u00a0: Trump lance un ultimatum pour la liberation des otages -","isPartOf":{"@id":"https:\/\/macite.tg\/#website"},"primaryImageOfPage":{"@id":"https:\/\/macite.tg\/?p=20100#primaryimage"},"image":{"@id":"https:\/\/macite.tg\/?p=20100#primaryimage"},"thumbnailUrl":"https:\/\/macite.tg\/wp-content\/uploads\/2025\/02\/image-28.png","datePublished":"2025-02-12T13:04:12+00:00","dateModified":"2025-02-12T13:04:20+00:00","author":{"@id":"https:\/\/macite.tg\/#\/schema\/person\/e9f2de7e5dbbe7770a9402c7ce82f5c2"},"breadcrumb":{"@id":"https:\/\/macite.tg\/?p=20100#breadcrumb"},"inLanguage":"fr-FR","potentialAction":[{"@type":"ReadAction","target":["https:\/\/macite.tg\/?p=20100"]}]},{"@type":"ImageObject","inLanguage":"fr-FR","@id":"https:\/\/macite.tg\/?p=20100#primaryimage","url":"https:\/\/macite.tg\/wp-content\/uploads\/2025\/02\/image-28.png","contentUrl":"https:\/\/macite.tg\/wp-content\/uploads\/2025\/02\/image-28.png","width":300,"height":169},{"@type":"BreadcrumbList","@id":"https:\/\/macite.tg\/?p=20100#breadcrumb","itemListElement":[{"@type":"ListItem","position":1,"name":"Accueil","item":"https:\/\/macite.tg\/"},{"@type":"ListItem","position":2,"name":"GAZA\/LE HAMAS DEJA SOUS PRESSION\u00a0: Trump lance un ultimatum pour la liberation des otages"}]},{"@type":"WebSite","@id":"https:\/\/macite.tg\/#website","url":"https:\/\/macite.tg\/","name":"","description":"L&#039;information, la bonne!!!","potentialAction":[{"@type":"SearchAction","target":{"@type":"EntryPoint","urlTemplate":"https:\/\/macite.tg\/?s={search_term_string}"},"query-input":{"@type":"PropertyValueSpecification","valueRequired":true,"valueName":"search_term_string"}}],"inLanguage":"fr-FR"},{"@type":"Person","@id":"https:\/\/macite.tg\/#\/schema\/person\/e9f2de7e5dbbe7770a9402c7ce82f5c2","name":"Jean Pierre BAWELA","image":{"@type":"ImageObject","inLanguage":"fr-FR","@id":"https:\/\/macite.tg\/wp-content\/uploads\/2023\/09\/WhatsApp-Image-2023-09-19-at-14.44.41-122x122.jpeg","url":"https:\/\/macite.tg\/wp-content\/uploads\/2023\/09\/WhatsApp-Image-2023-09-19-at-14.44.41-122x122.jpeg","contentUrl":"https:\/\/macite.tg\/wp-content\/uploads\/2023\/09\/WhatsApp-Image-2023-09-19-at-14.44.41-122x122.jpeg","caption":"Jean Pierre BAWELA"},"url":"https:\/\/macite.tg\/?author=2"}]}},"_links":{"self":[{"href":"https:\/\/macite.tg\/index.php?rest_route=\/wp\/v2\/posts\/20100","targetHints":{"allow":["GET"]}}],"collection":[{"href":"https:\/\/macite.tg\/index.php?rest_route=\/wp\/v2\/posts"}],"about":[{"href":"https:\/\/macite.tg\/index.php?rest_route=\/wp\/v2\/types\/post"}],"author":[{"embeddable":true,"href":"https:\/\/macite.tg\/index.php?rest_route=\/wp\/v2\/users\/2"}],"replies":[{"embeddable":true,"href":"https:\/\/macite.tg\/index.php?rest_route=%2Fwp%2Fv2%2Fcomments&post=20100"}],"version-history":[{"count":0,"href":"https:\/\/macite.tg\/index.php?rest_route=\/wp\/v2\/posts\/20100\/revisions"}],"wp:featuredmedia":[{"embeddable":true,"href":"https:\/\/macite.tg\/index.php?rest_route=\/wp\/v2\/media\/20101"}],"wp:attachment":[{"href":"https:\/\/macite.tg\/index.php?rest_route=%2Fwp%2Fv2%2Fmedia&parent=20100"}],"wp:term":[{"taxonomy":"category","embeddable":true,"href":"https:\/\/macite.tg\/index.php?rest_route=%2Fwp%2Fv2%2Fcategories&post=20100"},{"taxonomy":"post_tag","embeddable":true,"href":"https:\/\/macite.tg\/index.php?rest_route=%2Fwp%2Fv2%2Ftags&post=20100"}],"curies":[{"name":"wp","href":"https:\/\/api.w.org\/{rel}","templated":true}]}}