{"id":20096,"date":"2025-02-12T12:55:19","date_gmt":"2025-02-12T12:55:19","guid":{"rendered":"https:\/\/macite.tg\/?p=20096"},"modified":"2025-02-12T12:55:32","modified_gmt":"2025-02-12T12:55:32","slug":"diplomatie-felix-assielou-tanon-nouveau-diplomate-ivoirien-au-togo","status":"publish","type":"post","link":"https:\/\/macite.tg\/?p=20096","title":{"rendered":"DIPLOMATIE\u00a0: F\u00e9lix Assielou Tanon, nouveau diplomate ivoirien au Togo"},"content":{"rendered":"\n<p class=\"wp-block-paragraph\"><strong><em>M. F\u00e9lix Assi\u00e9lou Tanon, c\u2019est l\u2019Ambassadeur d\u00e9sign\u00e9 de la R\u00e9publique de C\u00f4te d&rsquo;Ivoire au Togo.<\/em><\/strong><\/p>\n\n\n\n<p class=\"wp-block-paragraph\">Le nouveau diplomate ivoirien au Togo, F\u00e9lix Assi\u00e9lou Tanon, a pr\u00e9sent\u00e9 lundi 10 f\u00e9vrier, copie de sa lettre de cr\u00e9ance au chef de la diplomatie togolaise, Prof Robert Dussey. <\/p>\n\n\n<div class=\"wp-block-image\">\n<figure class=\"aligncenter size-full\"><img loading=\"lazy\" decoding=\"async\" width=\"851\" height=\"315\" src=\"https:\/\/macite.tg\/wp-content\/uploads\/2025\/02\/OTR_Renseignements.jpg\" alt=\"\" class=\"wp-image-20090\" srcset=\"https:\/\/macite.tg\/wp-content\/uploads\/2025\/02\/OTR_Renseignements.jpg 851w, https:\/\/macite.tg\/wp-content\/uploads\/2025\/02\/OTR_Renseignements-300x111.jpg 300w, https:\/\/macite.tg\/wp-content\/uploads\/2025\/02\/OTR_Renseignements-768x284.jpg 768w\" sizes=\"auto, (max-width: 851px) 100vw, 851px\" \/><\/figure>\n<\/div>\n\n\n<p class=\"wp-block-paragraph\">Au cours de cet entretien, F\u00e9lix Assi\u00e9lou Tanon a salu\u00e9 <em>\u00ab&nbsp;le leadership et les relations fraternelles qui lient Son Excellence Monsieur Alassane Ouattara, Pr\u00e9sident de la R\u00e9publique de C\u00f4te d\u2019Ivoire, et Son Excellence Monsieur Faure Gnassingb\u00e9, Pr\u00e9sident de la R\u00e9publique Togolaise&nbsp;\u00bb.<\/em><\/p>\n\n\n\n<p class=\"wp-block-paragraph\">Le nouveau responsable de la mission diplomatique ivoirienne aura comme mission la poursuite du renforcement et la diversification des relations d\u2019amiti\u00e9 et de coop\u00e9ration existant entre le Togo et la C\u00f4te d\u2019Ivoire, vieilles de plusieurs d\u00e9cennies d\u00e9j\u00e0.<\/p>\n\n\n<div class=\"wp-block-image\">\n<figure class=\"aligncenter size-full\"><img loading=\"lazy\" decoding=\"async\" width=\"512\" height=\"720\" src=\"https:\/\/macite.tg\/wp-content\/uploads\/2025\/02\/image-17.png\" alt=\"\" class=\"wp-image-20026\" srcset=\"https:\/\/macite.tg\/wp-content\/uploads\/2025\/02\/image-17.png 512w, https:\/\/macite.tg\/wp-content\/uploads\/2025\/02\/image-17-213x300.png 213w\" sizes=\"auto, (max-width: 512px) 100vw, 512px\" \/><\/figure>\n<\/div>\n\n\n<p class=\"wp-block-paragraph\"><em>\u00ab&nbsp;J\u2019ai pris l\u2019engagement d\u2019\u0153uvrer au renforcement et \u00e0 la diversification de l\u2019excellente qualit\u00e9 des relations d\u2019amiti\u00e9 et de coop\u00e9ration qui existent entre la C\u00f4te d\u2019Ivoire et le Togo<\/em>&nbsp;\u00bb, a indiqu\u00e9 le nouvel ambassadeur ivoirien dans une de ses publications sur sa page Facebook.<\/p>\n\n\n\n<p class=\"wp-block-paragraph\">Nomm\u00e9 mai 2024, M. Tanon est bas\u00e9 \u00e0 Accra au Ghana.<\/p>\n\n\n\n<p class=\"wp-block-paragraph\"><strong>JPB<\/strong><\/p>\n\n\n\n<p class=\"wp-block-paragraph\"><strong><em>@macite.tg&nbsp;&nbsp;&nbsp;&nbsp;&nbsp;&nbsp;&nbsp;&nbsp;<\/em><\/strong><\/p>\n\n\n\n<p class=\"wp-block-paragraph\"><strong><em>E-mail&nbsp;: <\/em><\/strong><a href=\"mailto:maciteinfo@gmail.com\"><strong><em>maciteinfo@gmail.com<\/em><\/strong><\/a><strong><em>; <\/em><\/strong><a href=\"mailto:bawela1@gmail.com\"><strong><em>bawela1@gmail.com<\/em><\/strong><\/a><strong><em><\/em><\/strong><\/p>\n\n\n\n<p class=\"wp-block-paragraph\"><strong><em>Pour vos annonces, (publi)reportages, etc., joignez-nous au (00228)91515309\/<strong>79872224 <\/strong>www.macite.tg, L\u2019information, la bonne&nbsp;!<\/em><\/strong><\/p>\n","protected":false},"excerpt":{"rendered":"<p class=\"text-justify mb-2\" >M. F\u00e9lix Assi\u00e9lou Tanon, c\u2019est l\u2019Ambassadeur d\u00e9sign\u00e9 de la R\u00e9publique de C\u00f4te d&rsquo;Ivoire au Togo. Le nouveau diplomate ivoirien au Togo, F\u00e9lix Assi\u00e9lou Tanon, a pr\u00e9sent\u00e9 lundi 10 f\u00e9vrier, copie de sa lettre de cr\u00e9ance au chef de la diplomatie togolaise, Prof Robert Dussey. Au [&hellip;]<\/p>\n","protected":false},"author":2,"featured_media":20098,"comment_status":"open","ping_status":"open","sticky":false,"template":"","format":"standard","meta":{"footnotes":""},"categories":[20,8],"tags":[],"class_list":["post-20096","post","type-post","status-publish","format-standard","has-post-thumbnail","hentry","category-actualite","category-diplomatie"],"yoast_head":"<!-- This site is optimized with the Yoast SEO plugin v28.4 - https:\/\/yoast.com\/product\/yoast-seo-wordpress\/ -->\n<title>DIPLOMATIE\u00a0: F\u00e9lix Assielou Tanon, nouveau diplomate ivoirien au Togo -<\/title>\n<meta name=\"robots\" content=\"index, follow, max-snippet:-1, max-image-preview:large, max-video-preview:-1\" \/>\n<link rel=\"canonical\" href=\"https:\/\/macite.tg\/?p=20096\" \/>\n<meta property=\"og:locale\" content=\"fr_FR\" \/>\n<meta property=\"og:type\" content=\"article\" \/>\n<meta property=\"og:title\" content=\"DIPLOMATIE\u00a0: F\u00e9lix Assielou Tanon, nouveau diplomate ivoirien au Togo -\" \/>\n<meta property=\"og:description\" content=\"M. F\u00e9lix Assi\u00e9lou Tanon, c\u2019est l\u2019Ambassadeur d\u00e9sign\u00e9 de la R\u00e9publique de C\u00f4te d&rsquo;Ivoire au Togo. Le nouveau diplomate ivoirien au Togo, F\u00e9lix Assi\u00e9lou Tanon, a pr\u00e9sent\u00e9 lundi 10 f\u00e9vrier, copie de sa lettre de cr\u00e9ance au chef de la diplomatie togolaise, Prof Robert Dussey. Au [&hellip;]\" \/>\n<meta property=\"og:url\" content=\"https:\/\/macite.tg\/?p=20096\" \/>\n<meta property=\"article:published_time\" content=\"2025-02-12T12:55:19+00:00\" \/>\n<meta property=\"article:modified_time\" content=\"2025-02-12T12:55:32+00:00\" \/>\n<meta property=\"og:image\" content=\"https:\/\/macite.tg\/wp-content\/uploads\/2025\/02\/image-27.png\" \/>\n\t<meta property=\"og:image:width\" content=\"325\" \/>\n\t<meta property=\"og:image:height\" content=\"270\" \/>\n\t<meta property=\"og:image:type\" content=\"image\/png\" \/>\n<meta name=\"author\" content=\"Jean Pierre BAWELA\" \/>\n<meta name=\"twitter:card\" content=\"summary_large_image\" \/>\n<meta name=\"twitter:label1\" content=\"\u00c9crit par\" \/>\n\t<meta name=\"twitter:data1\" content=\"Jean Pierre BAWELA\" \/>\n\t<meta name=\"twitter:label2\" content=\"Dur\u00e9e de lecture estim\u00e9e\" \/>\n\t<meta name=\"twitter:data2\" content=\"2 minutes\" \/>\n<script type=\"application\/ld+json\" class=\"yoast-schema-graph\">{\"@context\":\"https:\\\/\\\/schema.org\",\"@graph\":[{\"@type\":\"Article\",\"@id\":\"https:\\\/\\\/macite.tg\\\/?p=20096#article\",\"isPartOf\":{\"@id\":\"https:\\\/\\\/macite.tg\\\/?p=20096\"},\"author\":{\"name\":\"Jean Pierre BAWELA\",\"@id\":\"https:\\\/\\\/macite.tg\\\/#\\\/schema\\\/person\\\/e9f2de7e5dbbe7770a9402c7ce82f5c2\"},\"headline\":\"DIPLOMATIE\u00a0: F\u00e9lix Assielou Tanon, nouveau diplomate ivoirien au Togo\",\"datePublished\":\"2025-02-12T12:55:19+00:00\",\"dateModified\":\"2025-02-12T12:55:32+00:00\",\"mainEntityOfPage\":{\"@id\":\"https:\\\/\\\/macite.tg\\\/?p=20096\"},\"wordCount\":256,\"commentCount\":0,\"image\":{\"@id\":\"https:\\\/\\\/macite.tg\\\/?p=20096#primaryimage\"},\"thumbnailUrl\":\"https:\\\/\\\/macite.tg\\\/wp-content\\\/uploads\\\/2025\\\/02\\\/image-27.png\",\"articleSection\":[\"ACTUALITE\",\"DIPLOMATIE\"],\"inLanguage\":\"fr-FR\",\"potentialAction\":[{\"@type\":\"CommentAction\",\"name\":\"Comment\",\"target\":[\"https:\\\/\\\/macite.tg\\\/?p=20096#respond\"]}]},{\"@type\":\"WebPage\",\"@id\":\"https:\\\/\\\/macite.tg\\\/?p=20096\",\"url\":\"https:\\\/\\\/macite.tg\\\/?p=20096\",\"name\":\"DIPLOMATIE\u00a0: F\u00e9lix Assielou Tanon, nouveau diplomate ivoirien au Togo -\",\"isPartOf\":{\"@id\":\"https:\\\/\\\/macite.tg\\\/#website\"},\"primaryImageOfPage\":{\"@id\":\"https:\\\/\\\/macite.tg\\\/?p=20096#primaryimage\"},\"image\":{\"@id\":\"https:\\\/\\\/macite.tg\\\/?p=20096#primaryimage\"},\"thumbnailUrl\":\"https:\\\/\\\/macite.tg\\\/wp-content\\\/uploads\\\/2025\\\/02\\\/image-27.png\",\"datePublished\":\"2025-02-12T12:55:19+00:00\",\"dateModified\":\"2025-02-12T12:55:32+00:00\",\"author\":{\"@id\":\"https:\\\/\\\/macite.tg\\\/#\\\/schema\\\/person\\\/e9f2de7e5dbbe7770a9402c7ce82f5c2\"},\"breadcrumb\":{\"@id\":\"https:\\\/\\\/macite.tg\\\/?p=20096#breadcrumb\"},\"inLanguage\":\"fr-FR\",\"potentialAction\":[{\"@type\":\"ReadAction\",\"target\":[\"https:\\\/\\\/macite.tg\\\/?p=20096\"]}]},{\"@type\":\"ImageObject\",\"inLanguage\":\"fr-FR\",\"@id\":\"https:\\\/\\\/macite.tg\\\/?p=20096#primaryimage\",\"url\":\"https:\\\/\\\/macite.tg\\\/wp-content\\\/uploads\\\/2025\\\/02\\\/image-27.png\",\"contentUrl\":\"https:\\\/\\\/macite.tg\\\/wp-content\\\/uploads\\\/2025\\\/02\\\/image-27.png\",\"width\":325,\"height\":270,\"caption\":\"Les diplomates F\u00e9lix Tanon et Robert Dussey\"},{\"@type\":\"BreadcrumbList\",\"@id\":\"https:\\\/\\\/macite.tg\\\/?p=20096#breadcrumb\",\"itemListElement\":[{\"@type\":\"ListItem\",\"position\":1,\"name\":\"Accueil\",\"item\":\"https:\\\/\\\/macite.tg\\\/\"},{\"@type\":\"ListItem\",\"position\":2,\"name\":\"DIPLOMATIE\u00a0: F\u00e9lix Assielou Tanon, nouveau diplomate ivoirien au Togo\"}]},{\"@type\":\"WebSite\",\"@id\":\"https:\\\/\\\/macite.tg\\\/#website\",\"url\":\"https:\\\/\\\/macite.tg\\\/\",\"name\":\"\",\"description\":\"L&#039;information, la bonne!!!\",\"potentialAction\":[{\"@type\":\"SearchAction\",\"target\":{\"@type\":\"EntryPoint\",\"urlTemplate\":\"https:\\\/\\\/macite.tg\\\/?s={search_term_string}\"},\"query-input\":{\"@type\":\"PropertyValueSpecification\",\"valueRequired\":true,\"valueName\":\"search_term_string\"}}],\"inLanguage\":\"fr-FR\"},{\"@type\":\"Person\",\"@id\":\"https:\\\/\\\/macite.tg\\\/#\\\/schema\\\/person\\\/e9f2de7e5dbbe7770a9402c7ce82f5c2\",\"name\":\"Jean Pierre BAWELA\",\"image\":{\"@type\":\"ImageObject\",\"inLanguage\":\"fr-FR\",\"@id\":\"https:\\\/\\\/macite.tg\\\/wp-content\\\/uploads\\\/2023\\\/09\\\/WhatsApp-Image-2023-09-19-at-14.44.41-122x122.jpeg\",\"url\":\"https:\\\/\\\/macite.tg\\\/wp-content\\\/uploads\\\/2023\\\/09\\\/WhatsApp-Image-2023-09-19-at-14.44.41-122x122.jpeg\",\"contentUrl\":\"https:\\\/\\\/macite.tg\\\/wp-content\\\/uploads\\\/2023\\\/09\\\/WhatsApp-Image-2023-09-19-at-14.44.41-122x122.jpeg\",\"caption\":\"Jean Pierre BAWELA\"},\"url\":\"https:\\\/\\\/macite.tg\\\/?author=2\"}]}<\/script>\n<!-- \/ Yoast SEO plugin. -->","yoast_head_json":{"title":"DIPLOMATIE\u00a0: F\u00e9lix Assielou Tanon, nouveau diplomate ivoirien au Togo -","robots":{"index":"index","follow":"follow","max-snippet":"max-snippet:-1","max-image-preview":"max-image-preview:large","max-video-preview":"max-video-preview:-1"},"canonical":"https:\/\/macite.tg\/?p=20096","og_locale":"fr_FR","og_type":"article","og_title":"DIPLOMATIE\u00a0: F\u00e9lix Assielou Tanon, nouveau diplomate ivoirien au Togo -","og_description":"M. F\u00e9lix Assi\u00e9lou Tanon, c\u2019est l\u2019Ambassadeur d\u00e9sign\u00e9 de la R\u00e9publique de C\u00f4te d&rsquo;Ivoire au Togo. Le nouveau diplomate ivoirien au Togo, F\u00e9lix Assi\u00e9lou Tanon, a pr\u00e9sent\u00e9 lundi 10 f\u00e9vrier, copie de sa lettre de cr\u00e9ance au chef de la diplomatie togolaise, Prof Robert Dussey. Au [&hellip;]","og_url":"https:\/\/macite.tg\/?p=20096","article_published_time":"2025-02-12T12:55:19+00:00","article_modified_time":"2025-02-12T12:55:32+00:00","og_image":[{"width":325,"height":270,"url":"https:\/\/macite.tg\/wp-content\/uploads\/2025\/02\/image-27.png","type":"image\/png"}],"author":"Jean Pierre BAWELA","twitter_card":"summary_large_image","twitter_misc":{"\u00c9crit par":"Jean Pierre BAWELA","Dur\u00e9e de lecture estim\u00e9e":"2 minutes"},"schema":{"@context":"https:\/\/schema.org","@graph":[{"@type":"Article","@id":"https:\/\/macite.tg\/?p=20096#article","isPartOf":{"@id":"https:\/\/macite.tg\/?p=20096"},"author":{"name":"Jean Pierre BAWELA","@id":"https:\/\/macite.tg\/#\/schema\/person\/e9f2de7e5dbbe7770a9402c7ce82f5c2"},"headline":"DIPLOMATIE\u00a0: F\u00e9lix Assielou Tanon, nouveau diplomate ivoirien au Togo","datePublished":"2025-02-12T12:55:19+00:00","dateModified":"2025-02-12T12:55:32+00:00","mainEntityOfPage":{"@id":"https:\/\/macite.tg\/?p=20096"},"wordCount":256,"commentCount":0,"image":{"@id":"https:\/\/macite.tg\/?p=20096#primaryimage"},"thumbnailUrl":"https:\/\/macite.tg\/wp-content\/uploads\/2025\/02\/image-27.png","articleSection":["ACTUALITE","DIPLOMATIE"],"inLanguage":"fr-FR","potentialAction":[{"@type":"CommentAction","name":"Comment","target":["https:\/\/macite.tg\/?p=20096#respond"]}]},{"@type":"WebPage","@id":"https:\/\/macite.tg\/?p=20096","url":"https:\/\/macite.tg\/?p=20096","name":"DIPLOMATIE\u00a0: F\u00e9lix Assielou Tanon, nouveau diplomate ivoirien au Togo -","isPartOf":{"@id":"https:\/\/macite.tg\/#website"},"primaryImageOfPage":{"@id":"https:\/\/macite.tg\/?p=20096#primaryimage"},"image":{"@id":"https:\/\/macite.tg\/?p=20096#primaryimage"},"thumbnailUrl":"https:\/\/macite.tg\/wp-content\/uploads\/2025\/02\/image-27.png","datePublished":"2025-02-12T12:55:19+00:00","dateModified":"2025-02-12T12:55:32+00:00","author":{"@id":"https:\/\/macite.tg\/#\/schema\/person\/e9f2de7e5dbbe7770a9402c7ce82f5c2"},"breadcrumb":{"@id":"https:\/\/macite.tg\/?p=20096#breadcrumb"},"inLanguage":"fr-FR","potentialAction":[{"@type":"ReadAction","target":["https:\/\/macite.tg\/?p=20096"]}]},{"@type":"ImageObject","inLanguage":"fr-FR","@id":"https:\/\/macite.tg\/?p=20096#primaryimage","url":"https:\/\/macite.tg\/wp-content\/uploads\/2025\/02\/image-27.png","contentUrl":"https:\/\/macite.tg\/wp-content\/uploads\/2025\/02\/image-27.png","width":325,"height":270,"caption":"Les diplomates F\u00e9lix Tanon et Robert Dussey"},{"@type":"BreadcrumbList","@id":"https:\/\/macite.tg\/?p=20096#breadcrumb","itemListElement":[{"@type":"ListItem","position":1,"name":"Accueil","item":"https:\/\/macite.tg\/"},{"@type":"ListItem","position":2,"name":"DIPLOMATIE\u00a0: F\u00e9lix Assielou Tanon, nouveau diplomate ivoirien au Togo"}]},{"@type":"WebSite","@id":"https:\/\/macite.tg\/#website","url":"https:\/\/macite.tg\/","name":"","description":"L&#039;information, la bonne!!!","potentialAction":[{"@type":"SearchAction","target":{"@type":"EntryPoint","urlTemplate":"https:\/\/macite.tg\/?s={search_term_string}"},"query-input":{"@type":"PropertyValueSpecification","valueRequired":true,"valueName":"search_term_string"}}],"inLanguage":"fr-FR"},{"@type":"Person","@id":"https:\/\/macite.tg\/#\/schema\/person\/e9f2de7e5dbbe7770a9402c7ce82f5c2","name":"Jean Pierre BAWELA","image":{"@type":"ImageObject","inLanguage":"fr-FR","@id":"https:\/\/macite.tg\/wp-content\/uploads\/2023\/09\/WhatsApp-Image-2023-09-19-at-14.44.41-122x122.jpeg","url":"https:\/\/macite.tg\/wp-content\/uploads\/2023\/09\/WhatsApp-Image-2023-09-19-at-14.44.41-122x122.jpeg","contentUrl":"https:\/\/macite.tg\/wp-content\/uploads\/2023\/09\/WhatsApp-Image-2023-09-19-at-14.44.41-122x122.jpeg","caption":"Jean Pierre BAWELA"},"url":"https:\/\/macite.tg\/?author=2"}]}},"_links":{"self":[{"href":"https:\/\/macite.tg\/index.php?rest_route=\/wp\/v2\/posts\/20096","targetHints":{"allow":["GET"]}}],"collection":[{"href":"https:\/\/macite.tg\/index.php?rest_route=\/wp\/v2\/posts"}],"about":[{"href":"https:\/\/macite.tg\/index.php?rest_route=\/wp\/v2\/types\/post"}],"author":[{"embeddable":true,"href":"https:\/\/macite.tg\/index.php?rest_route=\/wp\/v2\/users\/2"}],"replies":[{"embeddable":true,"href":"https:\/\/macite.tg\/index.php?rest_route=%2Fwp%2Fv2%2Fcomments&post=20096"}],"version-history":[{"count":0,"href":"https:\/\/macite.tg\/index.php?rest_route=\/wp\/v2\/posts\/20096\/revisions"}],"wp:featuredmedia":[{"embeddable":true,"href":"https:\/\/macite.tg\/index.php?rest_route=\/wp\/v2\/media\/20098"}],"wp:attachment":[{"href":"https:\/\/macite.tg\/index.php?rest_route=%2Fwp%2Fv2%2Fmedia&parent=20096"}],"wp:term":[{"taxonomy":"category","embeddable":true,"href":"https:\/\/macite.tg\/index.php?rest_route=%2Fwp%2Fv2%2Fcategories&post=20096"},{"taxonomy":"post_tag","embeddable":true,"href":"https:\/\/macite.tg\/index.php?rest_route=%2Fwp%2Fv2%2Ftags&post=20096"}],"curies":[{"name":"wp","href":"https:\/\/api.w.org\/{rel}","templated":true}]}}