{"id":20084,"date":"2025-02-12T10:19:27","date_gmt":"2025-02-12T10:19:27","guid":{"rendered":"https:\/\/macite.tg\/?p=20084"},"modified":"2025-02-12T10:24:07","modified_gmt":"2025-02-12T10:24:07","slug":"uemoa-le-president-faure-gnassingbe-informe-sur-la-situation-au-sein-de-lunion","status":"publish","type":"post","link":"https:\/\/macite.tg\/?p=20084","title":{"rendered":"UEMOA : Le Pr\u00e9sident Faure Gnassingb\u00e9 f\u00e9licit\u00e9 pour ses contributions pour la mise en \u0153uvre efficace de la vision strat\u00e9gique 2030 de l\u2019Union"},"content":{"rendered":"\n<p class=\"wp-block-paragraph\"><strong><em>Le Pr\u00e9sident de la Commission de l\u2019Union \u00e9conomique et mon\u00e9taire ouest-africaine (UEMOA), Abdoulaye Diop, a \u00e9t\u00e9 re\u00e7u en audience, hier mardi 11 f\u00e9vrier, par le Chef de l\u2019Etat, Faure Gnassingb\u00e9. M. Abdoulaye Diop est all\u00e9 faire le point de la situation de l\u2019organisation, marqu\u00e9e notamment par un dynamisme \u00e9conomique, mais aussi et surtout, remercier le leader togolais pour sa forte contribution et ses orientations dans la mise en \u0153uvre de la vision 2030 de l\u2019Union.<\/em><\/strong><\/p>\n\n\n\n<p class=\"wp-block-paragraph\">Le mardi 11 f\u00e9vrier dernier, le Pr\u00e9sident de la Commission de l\u2019Uemoa a \u00e9t\u00e9 re\u00e7u en audience par le Chef de l\u2019Etat togolais, Faure Gnassingb\u00e9. Le haut responsable de l\u2019Union est all\u00e9, non seulement faire le point de la situation au sein de l\u2019organisation sous r\u00e9gionale, mais \u00e9galement partager avec le leader togolais les derniers d\u00e9veloppements quant \u00e0 la vision cadre et le plan impact 2030 de l\u2019Unemoa.<\/p>\n\n\n\n<figure class=\"wp-block-image size-full\"><img loading=\"lazy\" decoding=\"async\" width=\"851\" height=\"315\" src=\"https:\/\/macite.tg\/wp-content\/uploads\/2025\/02\/OTR_Ferer-pour-batir.jpg\" alt=\"\" class=\"wp-image-19934\" srcset=\"https:\/\/macite.tg\/wp-content\/uploads\/2025\/02\/OTR_Ferer-pour-batir.jpg 851w, https:\/\/macite.tg\/wp-content\/uploads\/2025\/02\/OTR_Ferer-pour-batir-300x111.jpg 300w, https:\/\/macite.tg\/wp-content\/uploads\/2025\/02\/OTR_Ferer-pour-batir-768x284.jpg 768w\" sizes=\"auto, (max-width: 851px) 100vw, 851px\" \/><\/figure>\n\n\n\n<p class=\"wp-block-paragraph\">Tout en remerciant le Pr\u00e9sident togolais pour sa forte contribution dans l\u2019atteinte de ces r\u00e9sultats, Abdoulaye Diop s\u2019est f\u00e9licit\u00e9 de ses orientations pour une mise en \u0153uvre efficace de la vision strat\u00e9gique 2030 de l\u2019organisation r\u00e9gionale.<\/p>\n\n\n\n<p class=\"wp-block-paragraph\"><em>\u00ab J\u2019ai \u00e9t\u00e9 re\u00e7u par le Pr\u00e9sident de la R\u00e9publique pour lui faire le point sur l\u2019\u00e9tat de notre Union. Nous avons aussi partag\u00e9 avec le chef de l\u2019Etat les documents importants que nous avons finalis\u00e9s, \u00e0 savoir la vision cadre et le plan strat\u00e9gique Impact 2030 de notre Union. Ces documents importants devront, \u00e0 moyen et long terme, changer la configuration de notre Union. Les orientations que nous re\u00e7ues nous aideront dans la mise en \u0153uvre efficiente de ces deux strat\u00e9gies majeures \u00bb, <\/em>a expliqu\u00e9 le Pr\u00e9sident de la Commission de l\u2019Union, au sortir de l\u2019audience avec le Pr\u00e9sident Faure Gnassingb\u00e9.<\/p>\n\n\n<div class=\"wp-block-image\">\n<figure class=\"aligncenter size-full is-resized\"><img loading=\"lazy\" decoding=\"async\" width=\"690\" height=\"170\" src=\"https:\/\/macite.tg\/wp-content\/uploads\/2025\/02\/IMG-20240313-WA0013.jpg\" alt=\"\" class=\"wp-image-19882\" style=\"width:840px;height:auto\" srcset=\"https:\/\/macite.tg\/wp-content\/uploads\/2025\/02\/IMG-20240313-WA0013.jpg 690w, https:\/\/macite.tg\/wp-content\/uploads\/2025\/02\/IMG-20240313-WA0013-300x74.jpg 300w\" sizes=\"auto, (max-width: 690px) 100vw, 690px\" \/><\/figure>\n<\/div>\n\n\n<p class=\"wp-block-paragraph\">Le haut responsable de l\u2019Union a saisi l\u2019occasion salu\u00e9 les performances du Togo en termes de r\u00e9silience et de dynamique \u00e9conomique, malgr\u00e9 le contexte mondial difficile. Il faut le rappeler, le Togo affiche un taux de croissance au-del\u00e0 des 6 %, qui conforte la situation globale de l\u2019Union.<\/p>\n\n\n\n<p class=\"wp-block-paragraph\">Notons que Abdoulaye Diop a saisi l\u2019occasion pour rendre hommage \u00e0 l\u2019un des p\u00e8res fondateurs de l\u2019UEMOA, feu Pr\u00e9sident Eyad\u00e9ma, qui sa vie durant, a \u0153uvr\u00e9 pour la consolidation de l\u2019Union.<\/p>\n\n\n\n<p class=\"wp-block-paragraph\"><em>\u00ab Nous sommes au lendemain de la c\u00e9l\u00e9bration du 20\u1d49<\/em><em> anniversaire du rappel \u00e0 Dieu de l\u2019ancien Pr\u00e9sident togolais. C\u2019\u00e9tait l\u2019occasion de rendre hommage \u00e0 ce p\u00e8re fondateur de notre Union, qui a \u00e9t\u00e9 l\u2019un des champions de l\u2019int\u00e9gration \u00e9conomique r\u00e9gionale et des performances que notre Union a connues depuis 1994 \u00bb, <\/em>a-t-il indiqu\u00e9.<\/p>\n\n\n<div class=\"wp-block-image\">\n<figure class=\"aligncenter size-full\"><img loading=\"lazy\" decoding=\"async\" width=\"512\" height=\"720\" src=\"https:\/\/macite.tg\/wp-content\/uploads\/2025\/02\/image-17.png\" alt=\"\" class=\"wp-image-20026\" srcset=\"https:\/\/macite.tg\/wp-content\/uploads\/2025\/02\/image-17.png 512w, https:\/\/macite.tg\/wp-content\/uploads\/2025\/02\/image-17-213x300.png 213w\" sizes=\"auto, (max-width: 512px) 100vw, 512px\" \/><\/figure>\n<\/div>\n\n\n<p class=\"wp-block-paragraph\">Institution sous r\u00e9gionale cr\u00e9\u00e9e en janvier 1994, l\u2019Uemoa se veut d\u2019\u00e9difier un espace \u00e9conomique harmonieux et int\u00e9gr\u00e9, en Afrique de l\u2019Ouest. Cette organisation regroupe huit pas \u00e0 savoir&nbsp;: le B\u00e9nin, le Burkina Faso, la C\u00f4te d\u2019Ivoire, la Guin\u00e9e-Bissau, le Mali, le Niger, le S\u00e9n\u00e9gal et le Togo.<\/p>\n\n\n\n<p class=\"wp-block-paragraph\"><strong>JPB<\/strong><\/p>\n\n\n\n<p class=\"wp-block-paragraph\"><a><strong><em>@macite.tg&nbsp;&nbsp;&nbsp;&nbsp;&nbsp;&nbsp;&nbsp;&nbsp;<\/em><\/strong><\/a><\/p>\n\n\n\n<p class=\"wp-block-paragraph\"><strong><em>E-mail&nbsp;: <\/em><\/strong><a href=\"mailto:maciteinfo@gmail.com\"><strong><em>maciteinfo@gmail.com<\/em><\/strong><\/a><strong><em>; <\/em><\/strong><a href=\"mailto:bawela1@gmail.com\"><strong><em>bawela1@gmail.com<\/em><\/strong><\/a><strong><em><\/em><\/strong><\/p>\n\n\n\n<p class=\"wp-block-paragraph\"><strong><em>Pour vos annonces, (publi)reportages, etc., joignez-nous au (00228)91515309\/<strong>79872224 <\/strong>www.macite.tg, L\u2019information, la bonne&nbsp;!<\/em><\/strong><\/p>\n","protected":false},"excerpt":{"rendered":"<p class=\"text-justify mb-2\" >Le Pr\u00e9sident de la Commission de l\u2019Union \u00e9conomique et mon\u00e9taire ouest-africaine (UEMOA), Abdoulaye Diop, a \u00e9t\u00e9 re\u00e7u en audience, hier mardi 11 f\u00e9vrier, par le Chef de l\u2019Etat, Faure Gnassingb\u00e9. M. Abdoulaye Diop est all\u00e9 faire le point de la situation de l\u2019organisation, marqu\u00e9e notamment [&hellip;]<\/p>\n","protected":false},"author":2,"featured_media":20085,"comment_status":"open","ping_status":"open","sticky":false,"template":"","format":"standard","meta":{"footnotes":""},"categories":[20,3],"tags":[],"class_list":["post-20084","post","type-post","status-publish","format-standard","has-post-thumbnail","hentry","category-actualite","category-economie"],"yoast_head":"<!-- This site is optimized with the Yoast SEO plugin v28.4 - https:\/\/yoast.com\/product\/yoast-seo-wordpress\/ -->\n<title>UEMOA : Le Pr\u00e9sident Faure Gnassingb\u00e9 f\u00e9licit\u00e9 pour ses contributions pour la mise en \u0153uvre efficace de la vision strat\u00e9gique 2030 de l\u2019Union -<\/title>\n<meta name=\"robots\" content=\"index, follow, max-snippet:-1, max-image-preview:large, max-video-preview:-1\" \/>\n<link rel=\"canonical\" href=\"https:\/\/macite.tg\/?p=20084\" \/>\n<meta property=\"og:locale\" content=\"fr_FR\" \/>\n<meta property=\"og:type\" content=\"article\" \/>\n<meta property=\"og:title\" content=\"UEMOA : Le Pr\u00e9sident Faure Gnassingb\u00e9 f\u00e9licit\u00e9 pour ses contributions pour la mise en \u0153uvre efficace de la vision strat\u00e9gique 2030 de l\u2019Union -\" \/>\n<meta property=\"og:description\" content=\"Le Pr\u00e9sident de la Commission de l\u2019Union \u00e9conomique et mon\u00e9taire ouest-africaine (UEMOA), Abdoulaye Diop, a \u00e9t\u00e9 re\u00e7u en audience, hier mardi 11 f\u00e9vrier, par le Chef de l\u2019Etat, Faure Gnassingb\u00e9. M. Abdoulaye Diop est all\u00e9 faire le point de la situation de l\u2019organisation, marqu\u00e9e notamment [&hellip;]\" \/>\n<meta property=\"og:url\" content=\"https:\/\/macite.tg\/?p=20084\" \/>\n<meta property=\"article:published_time\" content=\"2025-02-12T10:19:27+00:00\" \/>\n<meta property=\"article:modified_time\" content=\"2025-02-12T10:24:07+00:00\" \/>\n<meta property=\"og:image\" content=\"https:\/\/macite.tg\/wp-content\/uploads\/2025\/02\/9fd5b058-b782-4bf4-ae67-9c7d68d926cd.jpg\" \/>\n\t<meta property=\"og:image:width\" content=\"500\" \/>\n\t<meta property=\"og:image:height\" content=\"370\" \/>\n\t<meta property=\"og:image:type\" content=\"image\/jpeg\" \/>\n<meta name=\"author\" content=\"Jean Pierre BAWELA\" \/>\n<meta name=\"twitter:card\" content=\"summary_large_image\" \/>\n<meta name=\"twitter:label1\" content=\"\u00c9crit par\" \/>\n\t<meta name=\"twitter:data1\" content=\"Jean Pierre BAWELA\" \/>\n\t<meta name=\"twitter:label2\" content=\"Dur\u00e9e de lecture estim\u00e9e\" \/>\n\t<meta name=\"twitter:data2\" content=\"4 minutes\" \/>\n<script type=\"application\/ld+json\" class=\"yoast-schema-graph\">{\"@context\":\"https:\\\/\\\/schema.org\",\"@graph\":[{\"@type\":\"Article\",\"@id\":\"https:\\\/\\\/macite.tg\\\/?p=20084#article\",\"isPartOf\":{\"@id\":\"https:\\\/\\\/macite.tg\\\/?p=20084\"},\"author\":{\"name\":\"Jean Pierre BAWELA\",\"@id\":\"https:\\\/\\\/macite.tg\\\/#\\\/schema\\\/person\\\/e9f2de7e5dbbe7770a9402c7ce82f5c2\"},\"headline\":\"UEMOA : Le Pr\u00e9sident Faure Gnassingb\u00e9 f\u00e9licit\u00e9 pour ses contributions pour la mise en \u0153uvre efficace de la vision strat\u00e9gique 2030 de l\u2019Union\",\"datePublished\":\"2025-02-12T10:19:27+00:00\",\"dateModified\":\"2025-02-12T10:24:07+00:00\",\"mainEntityOfPage\":{\"@id\":\"https:\\\/\\\/macite.tg\\\/?p=20084\"},\"wordCount\":575,\"commentCount\":0,\"image\":{\"@id\":\"https:\\\/\\\/macite.tg\\\/?p=20084#primaryimage\"},\"thumbnailUrl\":\"https:\\\/\\\/macite.tg\\\/wp-content\\\/uploads\\\/2025\\\/02\\\/9fd5b058-b782-4bf4-ae67-9c7d68d926cd.jpg\",\"articleSection\":[\"ACTUALITE\",\"ECONOMIE\"],\"inLanguage\":\"fr-FR\",\"potentialAction\":[{\"@type\":\"CommentAction\",\"name\":\"Comment\",\"target\":[\"https:\\\/\\\/macite.tg\\\/?p=20084#respond\"]}]},{\"@type\":\"WebPage\",\"@id\":\"https:\\\/\\\/macite.tg\\\/?p=20084\",\"url\":\"https:\\\/\\\/macite.tg\\\/?p=20084\",\"name\":\"UEMOA : Le Pr\u00e9sident Faure Gnassingb\u00e9 f\u00e9licit\u00e9 pour ses contributions pour la mise en \u0153uvre efficace de la vision strat\u00e9gique 2030 de l\u2019Union -\",\"isPartOf\":{\"@id\":\"https:\\\/\\\/macite.tg\\\/#website\"},\"primaryImageOfPage\":{\"@id\":\"https:\\\/\\\/macite.tg\\\/?p=20084#primaryimage\"},\"image\":{\"@id\":\"https:\\\/\\\/macite.tg\\\/?p=20084#primaryimage\"},\"thumbnailUrl\":\"https:\\\/\\\/macite.tg\\\/wp-content\\\/uploads\\\/2025\\\/02\\\/9fd5b058-b782-4bf4-ae67-9c7d68d926cd.jpg\",\"datePublished\":\"2025-02-12T10:19:27+00:00\",\"dateModified\":\"2025-02-12T10:24:07+00:00\",\"author\":{\"@id\":\"https:\\\/\\\/macite.tg\\\/#\\\/schema\\\/person\\\/e9f2de7e5dbbe7770a9402c7ce82f5c2\"},\"breadcrumb\":{\"@id\":\"https:\\\/\\\/macite.tg\\\/?p=20084#breadcrumb\"},\"inLanguage\":\"fr-FR\",\"potentialAction\":[{\"@type\":\"ReadAction\",\"target\":[\"https:\\\/\\\/macite.tg\\\/?p=20084\"]}]},{\"@type\":\"ImageObject\",\"inLanguage\":\"fr-FR\",\"@id\":\"https:\\\/\\\/macite.tg\\\/?p=20084#primaryimage\",\"url\":\"https:\\\/\\\/macite.tg\\\/wp-content\\\/uploads\\\/2025\\\/02\\\/9fd5b058-b782-4bf4-ae67-9c7d68d926cd.jpg\",\"contentUrl\":\"https:\\\/\\\/macite.tg\\\/wp-content\\\/uploads\\\/2025\\\/02\\\/9fd5b058-b782-4bf4-ae67-9c7d68d926cd.jpg\",\"width\":500,\"height\":370},{\"@type\":\"BreadcrumbList\",\"@id\":\"https:\\\/\\\/macite.tg\\\/?p=20084#breadcrumb\",\"itemListElement\":[{\"@type\":\"ListItem\",\"position\":1,\"name\":\"Accueil\",\"item\":\"https:\\\/\\\/macite.tg\\\/\"},{\"@type\":\"ListItem\",\"position\":2,\"name\":\"UEMOA : Le Pr\u00e9sident Faure Gnassingb\u00e9 f\u00e9licit\u00e9 pour ses contributions pour la mise en \u0153uvre efficace de la vision strat\u00e9gique 2030 de l\u2019Union\"}]},{\"@type\":\"WebSite\",\"@id\":\"https:\\\/\\\/macite.tg\\\/#website\",\"url\":\"https:\\\/\\\/macite.tg\\\/\",\"name\":\"\",\"description\":\"L&#039;information, la bonne!!!\",\"potentialAction\":[{\"@type\":\"SearchAction\",\"target\":{\"@type\":\"EntryPoint\",\"urlTemplate\":\"https:\\\/\\\/macite.tg\\\/?s={search_term_string}\"},\"query-input\":{\"@type\":\"PropertyValueSpecification\",\"valueRequired\":true,\"valueName\":\"search_term_string\"}}],\"inLanguage\":\"fr-FR\"},{\"@type\":\"Person\",\"@id\":\"https:\\\/\\\/macite.tg\\\/#\\\/schema\\\/person\\\/e9f2de7e5dbbe7770a9402c7ce82f5c2\",\"name\":\"Jean Pierre BAWELA\",\"image\":{\"@type\":\"ImageObject\",\"inLanguage\":\"fr-FR\",\"@id\":\"https:\\\/\\\/macite.tg\\\/wp-content\\\/uploads\\\/2023\\\/09\\\/WhatsApp-Image-2023-09-19-at-14.44.41-122x122.jpeg\",\"url\":\"https:\\\/\\\/macite.tg\\\/wp-content\\\/uploads\\\/2023\\\/09\\\/WhatsApp-Image-2023-09-19-at-14.44.41-122x122.jpeg\",\"contentUrl\":\"https:\\\/\\\/macite.tg\\\/wp-content\\\/uploads\\\/2023\\\/09\\\/WhatsApp-Image-2023-09-19-at-14.44.41-122x122.jpeg\",\"caption\":\"Jean Pierre BAWELA\"},\"url\":\"https:\\\/\\\/macite.tg\\\/?author=2\"}]}<\/script>\n<!-- \/ Yoast SEO plugin. -->","yoast_head_json":{"title":"UEMOA : Le Pr\u00e9sident Faure Gnassingb\u00e9 f\u00e9licit\u00e9 pour ses contributions pour la mise en \u0153uvre efficace de la vision strat\u00e9gique 2030 de l\u2019Union -","robots":{"index":"index","follow":"follow","max-snippet":"max-snippet:-1","max-image-preview":"max-image-preview:large","max-video-preview":"max-video-preview:-1"},"canonical":"https:\/\/macite.tg\/?p=20084","og_locale":"fr_FR","og_type":"article","og_title":"UEMOA : Le Pr\u00e9sident Faure Gnassingb\u00e9 f\u00e9licit\u00e9 pour ses contributions pour la mise en \u0153uvre efficace de la vision strat\u00e9gique 2030 de l\u2019Union -","og_description":"Le Pr\u00e9sident de la Commission de l\u2019Union \u00e9conomique et mon\u00e9taire ouest-africaine (UEMOA), Abdoulaye Diop, a \u00e9t\u00e9 re\u00e7u en audience, hier mardi 11 f\u00e9vrier, par le Chef de l\u2019Etat, Faure Gnassingb\u00e9. M. Abdoulaye Diop est all\u00e9 faire le point de la situation de l\u2019organisation, marqu\u00e9e notamment [&hellip;]","og_url":"https:\/\/macite.tg\/?p=20084","article_published_time":"2025-02-12T10:19:27+00:00","article_modified_time":"2025-02-12T10:24:07+00:00","og_image":[{"width":500,"height":370,"url":"https:\/\/macite.tg\/wp-content\/uploads\/2025\/02\/9fd5b058-b782-4bf4-ae67-9c7d68d926cd.jpg","type":"image\/jpeg"}],"author":"Jean Pierre BAWELA","twitter_card":"summary_large_image","twitter_misc":{"\u00c9crit par":"Jean Pierre BAWELA","Dur\u00e9e de lecture estim\u00e9e":"4 minutes"},"schema":{"@context":"https:\/\/schema.org","@graph":[{"@type":"Article","@id":"https:\/\/macite.tg\/?p=20084#article","isPartOf":{"@id":"https:\/\/macite.tg\/?p=20084"},"author":{"name":"Jean Pierre BAWELA","@id":"https:\/\/macite.tg\/#\/schema\/person\/e9f2de7e5dbbe7770a9402c7ce82f5c2"},"headline":"UEMOA : Le Pr\u00e9sident Faure Gnassingb\u00e9 f\u00e9licit\u00e9 pour ses contributions pour la mise en \u0153uvre efficace de la vision strat\u00e9gique 2030 de l\u2019Union","datePublished":"2025-02-12T10:19:27+00:00","dateModified":"2025-02-12T10:24:07+00:00","mainEntityOfPage":{"@id":"https:\/\/macite.tg\/?p=20084"},"wordCount":575,"commentCount":0,"image":{"@id":"https:\/\/macite.tg\/?p=20084#primaryimage"},"thumbnailUrl":"https:\/\/macite.tg\/wp-content\/uploads\/2025\/02\/9fd5b058-b782-4bf4-ae67-9c7d68d926cd.jpg","articleSection":["ACTUALITE","ECONOMIE"],"inLanguage":"fr-FR","potentialAction":[{"@type":"CommentAction","name":"Comment","target":["https:\/\/macite.tg\/?p=20084#respond"]}]},{"@type":"WebPage","@id":"https:\/\/macite.tg\/?p=20084","url":"https:\/\/macite.tg\/?p=20084","name":"UEMOA : Le Pr\u00e9sident Faure Gnassingb\u00e9 f\u00e9licit\u00e9 pour ses contributions pour la mise en \u0153uvre efficace de la vision strat\u00e9gique 2030 de l\u2019Union -","isPartOf":{"@id":"https:\/\/macite.tg\/#website"},"primaryImageOfPage":{"@id":"https:\/\/macite.tg\/?p=20084#primaryimage"},"image":{"@id":"https:\/\/macite.tg\/?p=20084#primaryimage"},"thumbnailUrl":"https:\/\/macite.tg\/wp-content\/uploads\/2025\/02\/9fd5b058-b782-4bf4-ae67-9c7d68d926cd.jpg","datePublished":"2025-02-12T10:19:27+00:00","dateModified":"2025-02-12T10:24:07+00:00","author":{"@id":"https:\/\/macite.tg\/#\/schema\/person\/e9f2de7e5dbbe7770a9402c7ce82f5c2"},"breadcrumb":{"@id":"https:\/\/macite.tg\/?p=20084#breadcrumb"},"inLanguage":"fr-FR","potentialAction":[{"@type":"ReadAction","target":["https:\/\/macite.tg\/?p=20084"]}]},{"@type":"ImageObject","inLanguage":"fr-FR","@id":"https:\/\/macite.tg\/?p=20084#primaryimage","url":"https:\/\/macite.tg\/wp-content\/uploads\/2025\/02\/9fd5b058-b782-4bf4-ae67-9c7d68d926cd.jpg","contentUrl":"https:\/\/macite.tg\/wp-content\/uploads\/2025\/02\/9fd5b058-b782-4bf4-ae67-9c7d68d926cd.jpg","width":500,"height":370},{"@type":"BreadcrumbList","@id":"https:\/\/macite.tg\/?p=20084#breadcrumb","itemListElement":[{"@type":"ListItem","position":1,"name":"Accueil","item":"https:\/\/macite.tg\/"},{"@type":"ListItem","position":2,"name":"UEMOA : Le Pr\u00e9sident Faure Gnassingb\u00e9 f\u00e9licit\u00e9 pour ses contributions pour la mise en \u0153uvre efficace de la vision strat\u00e9gique 2030 de l\u2019Union"}]},{"@type":"WebSite","@id":"https:\/\/macite.tg\/#website","url":"https:\/\/macite.tg\/","name":"","description":"L&#039;information, la bonne!!!","potentialAction":[{"@type":"SearchAction","target":{"@type":"EntryPoint","urlTemplate":"https:\/\/macite.tg\/?s={search_term_string}"},"query-input":{"@type":"PropertyValueSpecification","valueRequired":true,"valueName":"search_term_string"}}],"inLanguage":"fr-FR"},{"@type":"Person","@id":"https:\/\/macite.tg\/#\/schema\/person\/e9f2de7e5dbbe7770a9402c7ce82f5c2","name":"Jean Pierre BAWELA","image":{"@type":"ImageObject","inLanguage":"fr-FR","@id":"https:\/\/macite.tg\/wp-content\/uploads\/2023\/09\/WhatsApp-Image-2023-09-19-at-14.44.41-122x122.jpeg","url":"https:\/\/macite.tg\/wp-content\/uploads\/2023\/09\/WhatsApp-Image-2023-09-19-at-14.44.41-122x122.jpeg","contentUrl":"https:\/\/macite.tg\/wp-content\/uploads\/2023\/09\/WhatsApp-Image-2023-09-19-at-14.44.41-122x122.jpeg","caption":"Jean Pierre BAWELA"},"url":"https:\/\/macite.tg\/?author=2"}]}},"_links":{"self":[{"href":"https:\/\/macite.tg\/index.php?rest_route=\/wp\/v2\/posts\/20084","targetHints":{"allow":["GET"]}}],"collection":[{"href":"https:\/\/macite.tg\/index.php?rest_route=\/wp\/v2\/posts"}],"about":[{"href":"https:\/\/macite.tg\/index.php?rest_route=\/wp\/v2\/types\/post"}],"author":[{"embeddable":true,"href":"https:\/\/macite.tg\/index.php?rest_route=\/wp\/v2\/users\/2"}],"replies":[{"embeddable":true,"href":"https:\/\/macite.tg\/index.php?rest_route=%2Fwp%2Fv2%2Fcomments&post=20084"}],"version-history":[{"count":0,"href":"https:\/\/macite.tg\/index.php?rest_route=\/wp\/v2\/posts\/20084\/revisions"}],"wp:featuredmedia":[{"embeddable":true,"href":"https:\/\/macite.tg\/index.php?rest_route=\/wp\/v2\/media\/20085"}],"wp:attachment":[{"href":"https:\/\/macite.tg\/index.php?rest_route=%2Fwp%2Fv2%2Fmedia&parent=20084"}],"wp:term":[{"taxonomy":"category","embeddable":true,"href":"https:\/\/macite.tg\/index.php?rest_route=%2Fwp%2Fv2%2Fcategories&post=20084"},{"taxonomy":"post_tag","embeddable":true,"href":"https:\/\/macite.tg\/index.php?rest_route=%2Fwp%2Fv2%2Ftags&post=20084"}],"curies":[{"name":"wp","href":"https:\/\/api.w.org\/{rel}","templated":true}]}}