{"id":20079,"date":"2025-02-11T19:59:12","date_gmt":"2025-02-11T19:59:12","guid":{"rendered":"https:\/\/macite.tg\/?p=20079"},"modified":"2025-02-11T19:59:24","modified_gmt":"2025-02-11T19:59:24","slug":"ousmane-sonko-perd-lune-de-ses-armes-apres-mures-reflexions-je-quitte-le-pastef-oumou-diallo","status":"publish","type":"post","link":"https:\/\/macite.tg\/?p=20079","title":{"rendered":"Ousmane Sonko perd l\u2019une de ses armes\u00a0: \u00ab Apr\u00e8s mures r\u00e9flexions, je quitte le PASTEF \u00bb (Oumou Diallo)"},"content":{"rendered":"\n<p class=\"wp-block-paragraph\"><strong><em>Coup de tonnerre au sein du PASTEF ! Oumou Diallo, figure influente du parti, a annonc\u00e9 son d\u00e9part, marquant un tournant dans sa carri\u00e8re politique.<\/em><\/strong><\/p>\n\n\n\n<p class=\"wp-block-paragraph\"><em>\u00ab Apr\u00e8s m\u00fbres r\u00e9flexions, j\u2019ai d\u00e9cid\u00e9 de quitter le parti&nbsp;<a href=\"https:\/\/www.senenews.com\/premium\/dossier-ndingler-pourquoi-laudience-entre-ousmane-sonko-et-babacar-ngom-derange-meme-au-pastef_526668.html\">PASTEF<\/a><\/em><em>. Je remercie les militants et les responsables pour les moments partag\u00e9s ainsi que pour les exp\u00e9riences v\u00e9cues ensemble. Je reste engag\u00e9e envers le S\u00e9n\u00e9gal et continuerai \u00e0 \u0153uvrer pour le bien-\u00eatre de notre nation, mais sous d\u2019autres horizons \u00bb<\/em>, a-t-elle d\u00e9clar\u00e9.<\/p>\n\n\n<div class=\"wp-block-image\">\n<figure class=\"aligncenter size-full\"><img loading=\"lazy\" decoding=\"async\" width=\"851\" height=\"315\" src=\"https:\/\/macite.tg\/wp-content\/uploads\/2025\/02\/OTR_Ferer-pour-batir.jpg\" alt=\"\" class=\"wp-image-19934\" srcset=\"https:\/\/macite.tg\/wp-content\/uploads\/2025\/02\/OTR_Ferer-pour-batir.jpg 851w, https:\/\/macite.tg\/wp-content\/uploads\/2025\/02\/OTR_Ferer-pour-batir-300x111.jpg 300w, https:\/\/macite.tg\/wp-content\/uploads\/2025\/02\/OTR_Ferer-pour-batir-768x284.jpg 768w\" sizes=\"auto, (max-width: 851px) 100vw, 851px\" \/><\/figure>\n<\/div>\n\n\n<p class=\"wp-block-paragraph\">Cette d\u00e9cision est un coup dur pour Ousmane Sonko, car Oumou Diallo s\u2019est illustr\u00e9e comme une militante d\u00e9termin\u00e9e. C\u2019est notamment elle qui a orchestr\u00e9 la p\u00e9tition ayant conduit \u00e0 l\u2019exclusion de l\u2019ancien pr\u00e9sident Macky Sall de la Conf\u00e9rence Africaine de Columbia.<\/p>\n\n\n<div class=\"wp-block-image\">\n<figure class=\"aligncenter size-full\"><img loading=\"lazy\" decoding=\"async\" width=\"512\" height=\"720\" src=\"https:\/\/macite.tg\/wp-content\/uploads\/2025\/02\/image-17.png\" alt=\"\" class=\"wp-image-20026\" srcset=\"https:\/\/macite.tg\/wp-content\/uploads\/2025\/02\/image-17.png 512w, https:\/\/macite.tg\/wp-content\/uploads\/2025\/02\/image-17-213x300.png 213w\" sizes=\"auto, (max-width: 512px) 100vw, 512px\" \/><\/figure>\n<\/div>\n\n\n<p class=\"wp-block-paragraph\">Cette initiative avait mobilis\u00e9 de nombreux S\u00e9n\u00e9galais contre la pr\u00e9sence de Macky Sall \u00e0 cet \u00e9v\u00e9nement.<\/p>\n\n\n\n<p class=\"wp-block-paragraph\"><strong>SeneNews<\/strong><\/p>\n\n\n\n<p class=\"wp-block-paragraph\"><a><strong><em>@macite.tg&nbsp;&nbsp;&nbsp;&nbsp;&nbsp;&nbsp;&nbsp;&nbsp;<\/em><\/strong><\/a><\/p>\n\n\n\n<p class=\"wp-block-paragraph\"><strong><em>E-mail&nbsp;: <\/em><\/strong><a href=\"mailto:maciteinfo@gmail.com\"><strong><em>maciteinfo@gmail.com<\/em><\/strong><\/a><strong><em>; <\/em><\/strong><a href=\"mailto:bawela1@gmail.com\"><strong><em>bawela1@gmail.com<\/em><\/strong><\/a><strong><em><\/em><\/strong><\/p>\n\n\n\n<p class=\"wp-block-paragraph\"><strong><em>Pour vos annonces, (publi)reportages, etc., joignez-nous au (00228)91515309\/<strong>79872224 <\/strong>www.macite.tg, L\u2019information, la bonne&nbsp;!<\/em><\/strong><\/p>\n","protected":false},"excerpt":{"rendered":"<p class=\"text-justify mb-2\" >Coup de tonnerre au sein du PASTEF ! Oumou Diallo, figure influente du parti, a annonc\u00e9 son d\u00e9part, marquant un tournant dans sa carri\u00e8re politique. \u00ab Apr\u00e8s m\u00fbres r\u00e9flexions, j\u2019ai d\u00e9cid\u00e9 de quitter le parti&nbsp;PASTEF. Je remercie les militants et les responsables pour les moments [&hellip;]<\/p>\n","protected":false},"author":2,"featured_media":20080,"comment_status":"open","ping_status":"open","sticky":false,"template":"","format":"standard","meta":{"footnotes":""},"categories":[20,1],"tags":[],"class_list":["post-20079","post","type-post","status-publish","format-standard","has-post-thumbnail","hentry","category-actualite","category-politique"],"yoast_head":"<!-- This site is optimized with the Yoast SEO plugin v28.4 - https:\/\/yoast.com\/product\/yoast-seo-wordpress\/ -->\n<title>Ousmane Sonko perd l\u2019une de ses armes\u00a0: \u00ab Apr\u00e8s mures r\u00e9flexions, je quitte le PASTEF \u00bb (Oumou Diallo) -<\/title>\n<meta name=\"robots\" content=\"index, follow, max-snippet:-1, max-image-preview:large, max-video-preview:-1\" \/>\n<link rel=\"canonical\" href=\"https:\/\/macite.tg\/?p=20079\" \/>\n<meta property=\"og:locale\" content=\"fr_FR\" \/>\n<meta property=\"og:type\" content=\"article\" \/>\n<meta property=\"og:title\" content=\"Ousmane Sonko perd l\u2019une de ses armes\u00a0: \u00ab Apr\u00e8s mures r\u00e9flexions, je quitte le PASTEF \u00bb (Oumou Diallo) -\" \/>\n<meta property=\"og:description\" content=\"Coup de tonnerre au sein du PASTEF ! Oumou Diallo, figure influente du parti, a annonc\u00e9 son d\u00e9part, marquant un tournant dans sa carri\u00e8re politique. \u00ab Apr\u00e8s m\u00fbres r\u00e9flexions, j\u2019ai d\u00e9cid\u00e9 de quitter le parti&nbsp;PASTEF. Je remercie les militants et les responsables pour les moments [&hellip;]\" \/>\n<meta property=\"og:url\" content=\"https:\/\/macite.tg\/?p=20079\" \/>\n<meta property=\"article:published_time\" content=\"2025-02-11T19:59:12+00:00\" \/>\n<meta property=\"article:modified_time\" content=\"2025-02-11T19:59:24+00:00\" \/>\n<meta property=\"og:image\" content=\"https:\/\/macite.tg\/wp-content\/uploads\/2025\/02\/PASTEF.jpg\" \/>\n\t<meta property=\"og:image:width\" content=\"500\" \/>\n\t<meta property=\"og:image:height\" content=\"147\" \/>\n\t<meta property=\"og:image:type\" content=\"image\/jpeg\" \/>\n<meta name=\"author\" content=\"Jean Pierre BAWELA\" \/>\n<meta name=\"twitter:card\" content=\"summary_large_image\" \/>\n<meta name=\"twitter:label1\" content=\"\u00c9crit par\" \/>\n\t<meta name=\"twitter:data1\" content=\"Jean Pierre BAWELA\" \/>\n\t<meta name=\"twitter:label2\" content=\"Dur\u00e9e de lecture estim\u00e9e\" \/>\n\t<meta name=\"twitter:data2\" content=\"2 minutes\" \/>\n<script type=\"application\/ld+json\" class=\"yoast-schema-graph\">{\"@context\":\"https:\\\/\\\/schema.org\",\"@graph\":[{\"@type\":\"Article\",\"@id\":\"https:\\\/\\\/macite.tg\\\/?p=20079#article\",\"isPartOf\":{\"@id\":\"https:\\\/\\\/macite.tg\\\/?p=20079\"},\"author\":{\"name\":\"Jean Pierre BAWELA\",\"@id\":\"https:\\\/\\\/macite.tg\\\/#\\\/schema\\\/person\\\/e9f2de7e5dbbe7770a9402c7ce82f5c2\"},\"headline\":\"Ousmane Sonko perd l\u2019une de ses armes\u00a0: \u00ab Apr\u00e8s mures r\u00e9flexions, je quitte le PASTEF \u00bb (Oumou Diallo)\",\"datePublished\":\"2025-02-11T19:59:12+00:00\",\"dateModified\":\"2025-02-11T19:59:24+00:00\",\"mainEntityOfPage\":{\"@id\":\"https:\\\/\\\/macite.tg\\\/?p=20079\"},\"wordCount\":214,\"commentCount\":0,\"image\":{\"@id\":\"https:\\\/\\\/macite.tg\\\/?p=20079#primaryimage\"},\"thumbnailUrl\":\"https:\\\/\\\/macite.tg\\\/wp-content\\\/uploads\\\/2025\\\/02\\\/PASTEF.jpg\",\"articleSection\":[\"ACTUALITE\",\"POLITIQUE\"],\"inLanguage\":\"fr-FR\",\"potentialAction\":[{\"@type\":\"CommentAction\",\"name\":\"Comment\",\"target\":[\"https:\\\/\\\/macite.tg\\\/?p=20079#respond\"]}]},{\"@type\":\"WebPage\",\"@id\":\"https:\\\/\\\/macite.tg\\\/?p=20079\",\"url\":\"https:\\\/\\\/macite.tg\\\/?p=20079\",\"name\":\"Ousmane Sonko perd l\u2019une de ses armes\u00a0: \u00ab Apr\u00e8s mures r\u00e9flexions, je quitte le PASTEF \u00bb (Oumou Diallo) -\",\"isPartOf\":{\"@id\":\"https:\\\/\\\/macite.tg\\\/#website\"},\"primaryImageOfPage\":{\"@id\":\"https:\\\/\\\/macite.tg\\\/?p=20079#primaryimage\"},\"image\":{\"@id\":\"https:\\\/\\\/macite.tg\\\/?p=20079#primaryimage\"},\"thumbnailUrl\":\"https:\\\/\\\/macite.tg\\\/wp-content\\\/uploads\\\/2025\\\/02\\\/PASTEF.jpg\",\"datePublished\":\"2025-02-11T19:59:12+00:00\",\"dateModified\":\"2025-02-11T19:59:24+00:00\",\"author\":{\"@id\":\"https:\\\/\\\/macite.tg\\\/#\\\/schema\\\/person\\\/e9f2de7e5dbbe7770a9402c7ce82f5c2\"},\"breadcrumb\":{\"@id\":\"https:\\\/\\\/macite.tg\\\/?p=20079#breadcrumb\"},\"inLanguage\":\"fr-FR\",\"potentialAction\":[{\"@type\":\"ReadAction\",\"target\":[\"https:\\\/\\\/macite.tg\\\/?p=20079\"]}]},{\"@type\":\"ImageObject\",\"inLanguage\":\"fr-FR\",\"@id\":\"https:\\\/\\\/macite.tg\\\/?p=20079#primaryimage\",\"url\":\"https:\\\/\\\/macite.tg\\\/wp-content\\\/uploads\\\/2025\\\/02\\\/PASTEF.jpg\",\"contentUrl\":\"https:\\\/\\\/macite.tg\\\/wp-content\\\/uploads\\\/2025\\\/02\\\/PASTEF.jpg\",\"width\":500,\"height\":147},{\"@type\":\"BreadcrumbList\",\"@id\":\"https:\\\/\\\/macite.tg\\\/?p=20079#breadcrumb\",\"itemListElement\":[{\"@type\":\"ListItem\",\"position\":1,\"name\":\"Accueil\",\"item\":\"https:\\\/\\\/macite.tg\\\/\"},{\"@type\":\"ListItem\",\"position\":2,\"name\":\"Ousmane Sonko perd l\u2019une de ses armes\u00a0: \u00ab Apr\u00e8s mures r\u00e9flexions, je quitte le PASTEF \u00bb (Oumou Diallo)\"}]},{\"@type\":\"WebSite\",\"@id\":\"https:\\\/\\\/macite.tg\\\/#website\",\"url\":\"https:\\\/\\\/macite.tg\\\/\",\"name\":\"\",\"description\":\"L&#039;information, la bonne!!!\",\"potentialAction\":[{\"@type\":\"SearchAction\",\"target\":{\"@type\":\"EntryPoint\",\"urlTemplate\":\"https:\\\/\\\/macite.tg\\\/?s={search_term_string}\"},\"query-input\":{\"@type\":\"PropertyValueSpecification\",\"valueRequired\":true,\"valueName\":\"search_term_string\"}}],\"inLanguage\":\"fr-FR\"},{\"@type\":\"Person\",\"@id\":\"https:\\\/\\\/macite.tg\\\/#\\\/schema\\\/person\\\/e9f2de7e5dbbe7770a9402c7ce82f5c2\",\"name\":\"Jean Pierre BAWELA\",\"image\":{\"@type\":\"ImageObject\",\"inLanguage\":\"fr-FR\",\"@id\":\"https:\\\/\\\/macite.tg\\\/wp-content\\\/uploads\\\/2023\\\/09\\\/WhatsApp-Image-2023-09-19-at-14.44.41-122x122.jpeg\",\"url\":\"https:\\\/\\\/macite.tg\\\/wp-content\\\/uploads\\\/2023\\\/09\\\/WhatsApp-Image-2023-09-19-at-14.44.41-122x122.jpeg\",\"contentUrl\":\"https:\\\/\\\/macite.tg\\\/wp-content\\\/uploads\\\/2023\\\/09\\\/WhatsApp-Image-2023-09-19-at-14.44.41-122x122.jpeg\",\"caption\":\"Jean Pierre BAWELA\"},\"url\":\"https:\\\/\\\/macite.tg\\\/?author=2\"}]}<\/script>\n<!-- \/ Yoast SEO plugin. -->","yoast_head_json":{"title":"Ousmane Sonko perd l\u2019une de ses armes\u00a0: \u00ab Apr\u00e8s mures r\u00e9flexions, je quitte le PASTEF \u00bb (Oumou Diallo) -","robots":{"index":"index","follow":"follow","max-snippet":"max-snippet:-1","max-image-preview":"max-image-preview:large","max-video-preview":"max-video-preview:-1"},"canonical":"https:\/\/macite.tg\/?p=20079","og_locale":"fr_FR","og_type":"article","og_title":"Ousmane Sonko perd l\u2019une de ses armes\u00a0: \u00ab Apr\u00e8s mures r\u00e9flexions, je quitte le PASTEF \u00bb (Oumou Diallo) -","og_description":"Coup de tonnerre au sein du PASTEF ! Oumou Diallo, figure influente du parti, a annonc\u00e9 son d\u00e9part, marquant un tournant dans sa carri\u00e8re politique. \u00ab Apr\u00e8s m\u00fbres r\u00e9flexions, j\u2019ai d\u00e9cid\u00e9 de quitter le parti&nbsp;PASTEF. Je remercie les militants et les responsables pour les moments [&hellip;]","og_url":"https:\/\/macite.tg\/?p=20079","article_published_time":"2025-02-11T19:59:12+00:00","article_modified_time":"2025-02-11T19:59:24+00:00","og_image":[{"width":500,"height":147,"url":"https:\/\/macite.tg\/wp-content\/uploads\/2025\/02\/PASTEF.jpg","type":"image\/jpeg"}],"author":"Jean Pierre BAWELA","twitter_card":"summary_large_image","twitter_misc":{"\u00c9crit par":"Jean Pierre BAWELA","Dur\u00e9e de lecture estim\u00e9e":"2 minutes"},"schema":{"@context":"https:\/\/schema.org","@graph":[{"@type":"Article","@id":"https:\/\/macite.tg\/?p=20079#article","isPartOf":{"@id":"https:\/\/macite.tg\/?p=20079"},"author":{"name":"Jean Pierre BAWELA","@id":"https:\/\/macite.tg\/#\/schema\/person\/e9f2de7e5dbbe7770a9402c7ce82f5c2"},"headline":"Ousmane Sonko perd l\u2019une de ses armes\u00a0: \u00ab Apr\u00e8s mures r\u00e9flexions, je quitte le PASTEF \u00bb (Oumou Diallo)","datePublished":"2025-02-11T19:59:12+00:00","dateModified":"2025-02-11T19:59:24+00:00","mainEntityOfPage":{"@id":"https:\/\/macite.tg\/?p=20079"},"wordCount":214,"commentCount":0,"image":{"@id":"https:\/\/macite.tg\/?p=20079#primaryimage"},"thumbnailUrl":"https:\/\/macite.tg\/wp-content\/uploads\/2025\/02\/PASTEF.jpg","articleSection":["ACTUALITE","POLITIQUE"],"inLanguage":"fr-FR","potentialAction":[{"@type":"CommentAction","name":"Comment","target":["https:\/\/macite.tg\/?p=20079#respond"]}]},{"@type":"WebPage","@id":"https:\/\/macite.tg\/?p=20079","url":"https:\/\/macite.tg\/?p=20079","name":"Ousmane Sonko perd l\u2019une de ses armes\u00a0: \u00ab Apr\u00e8s mures r\u00e9flexions, je quitte le PASTEF \u00bb (Oumou Diallo) -","isPartOf":{"@id":"https:\/\/macite.tg\/#website"},"primaryImageOfPage":{"@id":"https:\/\/macite.tg\/?p=20079#primaryimage"},"image":{"@id":"https:\/\/macite.tg\/?p=20079#primaryimage"},"thumbnailUrl":"https:\/\/macite.tg\/wp-content\/uploads\/2025\/02\/PASTEF.jpg","datePublished":"2025-02-11T19:59:12+00:00","dateModified":"2025-02-11T19:59:24+00:00","author":{"@id":"https:\/\/macite.tg\/#\/schema\/person\/e9f2de7e5dbbe7770a9402c7ce82f5c2"},"breadcrumb":{"@id":"https:\/\/macite.tg\/?p=20079#breadcrumb"},"inLanguage":"fr-FR","potentialAction":[{"@type":"ReadAction","target":["https:\/\/macite.tg\/?p=20079"]}]},{"@type":"ImageObject","inLanguage":"fr-FR","@id":"https:\/\/macite.tg\/?p=20079#primaryimage","url":"https:\/\/macite.tg\/wp-content\/uploads\/2025\/02\/PASTEF.jpg","contentUrl":"https:\/\/macite.tg\/wp-content\/uploads\/2025\/02\/PASTEF.jpg","width":500,"height":147},{"@type":"BreadcrumbList","@id":"https:\/\/macite.tg\/?p=20079#breadcrumb","itemListElement":[{"@type":"ListItem","position":1,"name":"Accueil","item":"https:\/\/macite.tg\/"},{"@type":"ListItem","position":2,"name":"Ousmane Sonko perd l\u2019une de ses armes\u00a0: \u00ab Apr\u00e8s mures r\u00e9flexions, je quitte le PASTEF \u00bb (Oumou Diallo)"}]},{"@type":"WebSite","@id":"https:\/\/macite.tg\/#website","url":"https:\/\/macite.tg\/","name":"","description":"L&#039;information, la bonne!!!","potentialAction":[{"@type":"SearchAction","target":{"@type":"EntryPoint","urlTemplate":"https:\/\/macite.tg\/?s={search_term_string}"},"query-input":{"@type":"PropertyValueSpecification","valueRequired":true,"valueName":"search_term_string"}}],"inLanguage":"fr-FR"},{"@type":"Person","@id":"https:\/\/macite.tg\/#\/schema\/person\/e9f2de7e5dbbe7770a9402c7ce82f5c2","name":"Jean Pierre BAWELA","image":{"@type":"ImageObject","inLanguage":"fr-FR","@id":"https:\/\/macite.tg\/wp-content\/uploads\/2023\/09\/WhatsApp-Image-2023-09-19-at-14.44.41-122x122.jpeg","url":"https:\/\/macite.tg\/wp-content\/uploads\/2023\/09\/WhatsApp-Image-2023-09-19-at-14.44.41-122x122.jpeg","contentUrl":"https:\/\/macite.tg\/wp-content\/uploads\/2023\/09\/WhatsApp-Image-2023-09-19-at-14.44.41-122x122.jpeg","caption":"Jean Pierre BAWELA"},"url":"https:\/\/macite.tg\/?author=2"}]}},"_links":{"self":[{"href":"https:\/\/macite.tg\/index.php?rest_route=\/wp\/v2\/posts\/20079","targetHints":{"allow":["GET"]}}],"collection":[{"href":"https:\/\/macite.tg\/index.php?rest_route=\/wp\/v2\/posts"}],"about":[{"href":"https:\/\/macite.tg\/index.php?rest_route=\/wp\/v2\/types\/post"}],"author":[{"embeddable":true,"href":"https:\/\/macite.tg\/index.php?rest_route=\/wp\/v2\/users\/2"}],"replies":[{"embeddable":true,"href":"https:\/\/macite.tg\/index.php?rest_route=%2Fwp%2Fv2%2Fcomments&post=20079"}],"version-history":[{"count":0,"href":"https:\/\/macite.tg\/index.php?rest_route=\/wp\/v2\/posts\/20079\/revisions"}],"wp:featuredmedia":[{"embeddable":true,"href":"https:\/\/macite.tg\/index.php?rest_route=\/wp\/v2\/media\/20080"}],"wp:attachment":[{"href":"https:\/\/macite.tg\/index.php?rest_route=%2Fwp%2Fv2%2Fmedia&parent=20079"}],"wp:term":[{"taxonomy":"category","embeddable":true,"href":"https:\/\/macite.tg\/index.php?rest_route=%2Fwp%2Fv2%2Fcategories&post=20079"},{"taxonomy":"post_tag","embeddable":true,"href":"https:\/\/macite.tg\/index.php?rest_route=%2Fwp%2Fv2%2Ftags&post=20079"}],"curies":[{"name":"wp","href":"https:\/\/api.w.org\/{rel}","templated":true}]}}